{"id":60643,"date":"2026-07-29T11:00:43","date_gmt":"2026-07-29T11:00:43","guid":{"rendered":"https:\/\/www.portugalresidencyadvisors.com\/cartao-azul-ue-em-portugal-guia-completo-para-profissionais-qualificados\/"},"modified":"2026-07-30T12:57:36","modified_gmt":"2026-07-30T12:57:36","slug":"cartao-azul-ue-em-portugal-guia-completo-para-profissionais-qualificados","status":"publish","type":"post","link":"https:\/\/www.portugalresidencyadvisors.com\/pt-br\/cartao-azul-ue-em-portugal-guia-completo-para-profissionais-qualificados\/","title":{"rendered":"Cart\u00e3o Azul UE em Portugal: Guia Completo para Profissionais Qualificados"},"content":{"rendered":"\t\t<div data-elementor-type=\"wp-post\" data-elementor-id=\"60643\" class=\"elementor elementor-60643 elementor-59863\" data-elementor-post-type=\"post\">\n\t\t\t\t<div class=\"elementor-element elementor-element-a17c56c e-flex e-con-boxed e-con e-parent\" data-id=\"a17c56c\" data-element_type=\"container\" data-e-type=\"container\">\n\t\t\t\t\t<div class=\"e-con-inner\">\n\t\t\t\t<div class=\"elementor-element elementor-element-6b593eb elementor-widget elementor-widget-text-editor\" data-id=\"6b593eb\" data-element_type=\"widget\" data-e-type=\"widget\" data-widget_type=\"text-editor.default\">\n\t\t\t\t\t\t\t\t\t<p data-id=\"rMQMER\" data-pm-slice=\"1 1 []\">Portugal \u00e9 um dos destinos mais atrativos da Europa para talentos globais. O pa\u00eds tornou-se um destino cada vez mais interessante para profissionais altamente qualificados que procuram oportunidades dentro da Uni\u00e3o Europeia, com forte procura em setores como tecnologia, engenharia, sa\u00fade, finan\u00e7as e investiga\u00e7\u00e3o. <\/p><p data-id=\"xf9nSw\">Com a implementa\u00e7\u00e3o da Diretiva do Cart\u00e3o Azul UE (2021\/1883), as novas regras do Cart\u00e3o Azul UE em Portugal tornaram esta via de imigra\u00e7\u00e3o muito mais atrativa.<\/p><p data-id=\"atg1xX\">Para muitos profissionais de fora da UE, o Cart\u00e3o Azul UE em Portugal oferece agora uma das rotas mais r\u00e1pidas e flex\u00edveis para viver e trabalhar na Europa, ao mesmo tempo que cria um caminho para a resid\u00eancia permanente e, eventualmente, para a cidadania portuguesa.<\/p>\t\t\t\t\t\t\t\t<\/div>\n\t\t\t\t\t<\/div>\n\t\t\t\t<\/div>\n\t\t<div class=\"elementor-element elementor-element-2bdd6b7 e-flex e-con-boxed e-con e-parent\" data-id=\"2bdd6b7\" data-element_type=\"container\" data-e-type=\"container\">\n\t\t\t\t\t<div class=\"e-con-inner\">\n\t\t\t\t<div class=\"elementor-element elementor-element-4d539c1 elementor-widget elementor-widget-heading\" data-id=\"4d539c1\" data-element_type=\"widget\" data-e-type=\"widget\" data-widget_type=\"heading.default\">\n\t\t\t\t\t<h2 class=\"elementor-heading-title elementor-size-default\">O que \u00e9 o Cart\u00e3o Azul UE em Portugal?<\/h2>\t\t\t\t<\/div>\n\t\t\t\t<div class=\"elementor-element elementor-element-cde6d7e elementor-widget elementor-widget-text-editor\" data-id=\"cde6d7e\" data-element_type=\"widget\" data-e-type=\"widget\" data-widget_type=\"text-editor.default\">\n\t\t\t\t\t\t\t\t\t<p data-id=\"VpdkHg\" data-pm-slice=\"1 1 []\">O Cart\u00e3o Azul UE em Portugal \u00e9 uma autoriza\u00e7\u00e3o de resid\u00eancia para nacionais de pa\u00edses terceiros que obtiveram um emprego altamente qualificado em Portugal.<\/p><p data-id=\"BWp1QH\">O Cart\u00e3o Azul oferece, em compara\u00e7\u00e3o com uma autoriza\u00e7\u00e3o de trabalho padr\u00e3o:<\/p><ul><li>Direitos refor\u00e7ados de mobilidade dentro da UE.<\/li><li data-id=\"2OuIBd\">Processos de reagrupamento familiar mais r\u00e1pidos.<\/li><li data-id=\"nTrF0H\">Maior flexibilidade de emprego.<\/li><li data-id=\"TuV4a3\">Acesso a direitos de resid\u00eancia de longa dura\u00e7\u00e3o na UE.<\/li><li data-id=\"fFj363\">Uma rota clara para a cidadania portuguesa.<\/li><\/ul><p>O objetivo do programa \u00e9 simples: atrair talentos internacionais para setores onde a Europa enfrenta escassez de profissionais qualificados.<\/p>\t\t\t\t\t\t\t\t<\/div>\n\t\t\t\t\t<\/div>\n\t\t\t\t<\/div>\n\t\t<div class=\"elementor-element elementor-element-3c9621a e-flex e-con-boxed e-con e-parent\" data-id=\"3c9621a\" data-element_type=\"container\" data-e-type=\"container\">\n\t\t\t\t\t<div class=\"e-con-inner\">\n\t\t\t\t<div class=\"elementor-element elementor-element-b789ec3 elementor-widget elementor-widget-heading\" data-id=\"b789ec3\" data-element_type=\"widget\" data-e-type=\"widget\" data-widget_type=\"heading.default\">\n\t\t\t\t\t<h2 class=\"elementor-heading-title elementor-size-default\">Quem pode solicitar o Cart\u00e3o Azul UE em Portugal?<\/h2>\t\t\t\t<\/div>\n\t\t\t\t<div class=\"elementor-element elementor-element-53a6057 elementor-widget elementor-widget-text-editor\" data-id=\"53a6057\" data-element_type=\"widget\" data-e-type=\"widget\" data-widget_type=\"text-editor.default\">\n\t\t\t\t\t\t\t\t\t<p data-id=\"A3WkV2\" data-pm-slice=\"1 1 []\">O Cart\u00e3o Azul UE em Portugal destina-se a nacionais de fora da UE, fora do EEE e n\u00e3o su\u00ed\u00e7os que:<\/p><ul><li>Sejam residentes legais em Portugal com um visto ou autoriza\u00e7\u00e3o de resid\u00eancia v\u00e1lidos.<\/li><li data-id=\"L7dIOx\">Tenham encontrado um emprego numa profiss\u00e3o altamente qualificada.<\/li><li data-id=\"4UUMaI\">Cumpram os requisitos salariais m\u00ednimos.<\/li><li data-id=\"peN0R0\">Possuam as qualifica\u00e7\u00f5es ou a experi\u00eancia profissional necess\u00e1ria para o cargo.<\/li><\/ul><p>Candidatos que j\u00e1 possuam um Cart\u00e3o Azul UE emitido por outro Estado-Membro da UE tamb\u00e9m podem transferir o seu estatuto para Portugal ap\u00f3s completarem dois anos de resid\u00eancia legal nesse Estado-Membro.<\/p><p>Isto cria uma vantagem de mobilidade importante para profissionais j\u00e1 estabelecidos noutras partes da Europa.<\/p>\t\t\t\t\t\t\t\t<\/div>\n\t\t\t\t<div class=\"elementor-element elementor-element-8ee44a7 elementor-widget elementor-widget-image\" data-id=\"8ee44a7\" data-element_type=\"widget\" data-e-type=\"widget\" data-widget_type=\"image.default\">\n\t\t\t\t\t\t\t\t\t\t\t\t\t\t\t<img fetchpriority=\"high\" decoding=\"async\" width=\"800\" height=\"534\" src=\"https:\/\/www.portugalresidencyadvisors.com\/wp-content\/uploads\/2023\/04\/man-entrepreneur-working-portugal-residency-advisors-1024x683.jpg\" class=\"attachment-large size-large wp-image-20011\" alt=\"man entrepreneur working portugal residency advisors\" srcset=\"https:\/\/www.portugalresidencyadvisors.com\/wp-content\/uploads\/2023\/04\/man-entrepreneur-working-portugal-residency-advisors-1024x683.jpg 1024w, https:\/\/www.portugalresidencyadvisors.com\/wp-content\/uploads\/2023\/04\/man-entrepreneur-working-portugal-residency-advisors-300x200.jpg 300w, https:\/\/www.portugalresidencyadvisors.com\/wp-content\/uploads\/2023\/04\/man-entrepreneur-working-portugal-residency-advisors-768x512.jpg 768w, https:\/\/www.portugalresidencyadvisors.com\/wp-content\/uploads\/2023\/04\/man-entrepreneur-working-portugal-residency-advisors-1536x1024.jpg 1536w, https:\/\/www.portugalresidencyadvisors.com\/wp-content\/uploads\/2023\/04\/man-entrepreneur-working-portugal-residency-advisors.jpg 1920w\" sizes=\"(max-width: 800px) 100vw, 800px\" \/>\t\t\t\t\t\t\t\t\t\t\t\t\t\t\t<\/div>\n\t\t\t\t\t<\/div>\n\t\t\t\t<\/div>\n\t\t<div class=\"elementor-element elementor-element-dfef312 e-flex e-con-boxed e-con e-parent\" data-id=\"dfef312\" data-element_type=\"container\" data-e-type=\"container\">\n\t\t\t\t\t<div class=\"e-con-inner\">\n\t\t\t\t<div class=\"elementor-element elementor-element-f398200 elementor-widget elementor-widget-heading\" data-id=\"f398200\" data-element_type=\"widget\" data-e-type=\"widget\" data-widget_type=\"heading.default\">\n\t\t\t\t\t<h2 class=\"elementor-heading-title elementor-size-default\">O que se qualifica como uma profiss\u00e3o altamente qualificada?<\/h2>\t\t\t\t<\/div>\n\t\t\t\t<div class=\"elementor-element elementor-element-1eef89b elementor-widget elementor-widget-text-editor\" data-id=\"1eef89b\" data-element_type=\"widget\" data-e-type=\"widget\" data-widget_type=\"text-editor.default\">\n\t\t\t\t\t\t\t\t\t<p data-id=\"vJCrQ4\" data-pm-slice=\"1 1 []\">Atividade altamente qualificada \u00e9 geralmente entendida como as atividades de pessoas envolvidas em ocupa\u00e7\u00f5es que exigem conhecimentos t\u00e9cnicos avan\u00e7ados, forma\u00e7\u00e3o universit\u00e1ria ou experi\u00eancia profissional consider\u00e1vel.<\/p><p data-id=\"5zilFY\">Alguns exemplos t\u00edpicos s\u00e3o:<\/p><ul><li>Profissionais de TI e desenvolvedores de software.<\/li><li data-id=\"C4v1fK\">Engenheiros.<\/li><li data-id=\"6cMLH3\">M\u00e9dicos e profissionais de sa\u00fade.<\/li><li data-id=\"gzgXTN\">Investigadores e acad\u00e9micos.<\/li><li data-id=\"T2Og83\">Analistas financeiros.<\/li><li data-id=\"oiH2pm\">Arquitetos.<\/li><li data-id=\"SzR4rc\">Gestores seniores e executivos.<\/li><li data-id=\"BAwWjQ\">Cientistas de dados e especialistas em IA.<\/li><\/ul><p>O crescente ecossistema tecnol\u00f3gico de Portugal e o setor de neg\u00f3cios internacionais tornaram o Cart\u00e3o Azul UE cada vez mais popular entre profissionais que se mudam da <a href=\"https:\/\/www.portugalresidencyadvisors.com\/pt-br\/mudar-para-portugal-desde-eua\/\" target=\"_blank\" rel=\"noopener\">Am\u00e9rica do Norte<\/a>, do <a href=\"https:\/\/www.portugalresidencyadvisors.com\/pt-br\/mudar-para-portugal-desde-reino-unido\/\" target=\"_blank\" rel=\"noopener\">Reino Unido<\/a>, da \u00c1frica do Sul, da Turquia e da \u00c1sia.<\/p>\t\t\t\t\t\t\t\t<\/div>\n\t\t\t\t\t<\/div>\n\t\t\t\t<\/div>\n\t\t<div class=\"elementor-element elementor-element-6b811ce e-flex e-con-boxed e-con e-parent\" data-id=\"6b811ce\" data-element_type=\"container\" data-e-type=\"container\">\n\t\t\t\t\t<div class=\"e-con-inner\">\n\t\t\t\t<div class=\"elementor-element elementor-element-a52724c elementor-widget elementor-widget-heading\" data-id=\"a52724c\" data-element_type=\"widget\" data-e-type=\"widget\" data-widget_type=\"heading.default\">\n\t\t\t\t\t<h2 class=\"elementor-heading-title elementor-size-default\">Requisitos Salariais M\u00ednimos para o Cart\u00e3o Azul UE em Portugal<\/h2>\t\t\t\t<\/div>\n\t\t\t\t<div class=\"elementor-element elementor-element-b469116 elementor-widget elementor-widget-text-editor\" data-id=\"b469116\" data-element_type=\"widget\" data-e-type=\"widget\" data-widget_type=\"text-editor.default\">\n\t\t\t\t\t\t\t\t\t<p data-id=\"qWbv52\" data-pm-slice=\"1 1 []\">Um dos principais requisitos para obter o Cart\u00e3o Azul UE em Portugal \u00e9 o limiar salarial.<\/p><p data-id=\"3Gp0nL\">O contrato de trabalho deve, geralmente, prever um sal\u00e1rio bruto anual equivalente a, pelo menos:<\/p><ul><li data-id=\"mQCONS\">1,5 vezes o sal\u00e1rio bruto anual m\u00e9dio portugu\u00eas.<\/li><\/ul><p data-id=\"MLuaLC\">No entanto, para profiss\u00f5es oficialmente reconhecidas como sofrendo de escassez de m\u00e3o de obra, o limiar pode ser reduzido para:<\/p><ul><li data-id=\"o2jMcj\">1,2 vezes o sal\u00e1rio bruto anual m\u00e9dio portugu\u00eas.<\/li><\/ul><p data-id=\"v0QAHM\">Estas ocupa\u00e7\u00f5es com escassez s\u00e3o revistas periodicamente e incluem frequentemente profissionais de sa\u00fade, engenheiros e certas fun\u00e7\u00f5es tecnol\u00f3gicas.<\/p><p data-id=\"mClXGh\">Como o sal\u00e1rio m\u00e9dio muda anualmente, os candidatos devem confirmar o limiar aplic\u00e1vel antes de submeterem o pedido.<\/p>\t\t\t\t\t\t\t\t<\/div>\n\t\t\t\t\t<\/div>\n\t\t\t\t<\/div>\n\t\t<div class=\"elementor-element elementor-element-2607c73 e-flex e-con-boxed e-con e-parent\" data-id=\"2607c73\" data-element_type=\"container\" data-e-type=\"container\">\n\t\t\t\t\t<div class=\"e-con-inner\">\n\t\t\t\t<div class=\"elementor-element elementor-element-59c9e9c elementor-widget elementor-widget-heading\" data-id=\"59c9e9c\" data-element_type=\"widget\" data-e-type=\"widget\" data-widget_type=\"heading.default\">\n\t\t\t\t\t<h2 class=\"elementor-heading-title elementor-size-default\">Requisitos do Contrato de Trabalho<\/h2>\t\t\t\t<\/div>\n\t\t\t\t<div class=\"elementor-element elementor-element-5a763e1 elementor-widget elementor-widget-text-editor\" data-id=\"5a763e1\" data-element_type=\"widget\" data-e-type=\"widget\" data-widget_type=\"text-editor.default\">\n\t\t\t\t\t\t\t\t\t<p data-id=\"ui1vu1\" data-pm-slice=\"1 1 []\">O contrato de trabalho que suporta o pedido de Cart\u00e3o Azul UE deve:<\/p><ul><li data-id=\"8sOF4N\">Abranger uma atividade altamente qualificada.<\/li><li data-id=\"kaTPsB\">Ter uma dura\u00e7\u00e3o m\u00ednima de seis meses.<\/li><li data-id=\"zrmPfB\">Cumprir a legisla\u00e7\u00e3o laboral portuguesa.<\/li><li data-id=\"2xpvHS\">Cumprir o limiar salarial aplic\u00e1vel.<\/li><\/ul><p data-id=\"L5b2ix\">Ao contr\u00e1rio de algumas categorias tradicionais de autoriza\u00e7\u00e3o de trabalho, o regime do Cart\u00e3o Azul foca-se fortemente na qualidade e no n\u00edvel do emprego, em vez de simplesmente na exist\u00eancia de uma oferta de trabalho.<\/p>\t\t\t\t\t\t\t\t<\/div>\n\t\t\t\t\t<\/div>\n\t\t\t\t<\/div>\n\t\t<div class=\"elementor-element elementor-element-2102c2f e-flex e-con-boxed e-con e-parent\" data-id=\"2102c2f\" data-element_type=\"container\" data-e-type=\"container\">\n\t\t\t\t\t<div class=\"e-con-inner\">\n\t\t\t\t<div class=\"elementor-element elementor-element-53c6e94 elementor-widget elementor-widget-heading\" data-id=\"53c6e94\" data-element_type=\"widget\" data-e-type=\"widget\" data-widget_type=\"heading.default\">\n\t\t\t\t\t<h2 class=\"elementor-heading-title elementor-size-default\">Qualifica\u00e7\u00f5es Acad\u00e9micas e Experi\u00eancia Profissional<\/h2>\t\t\t\t<\/div>\n\t\t\t\t<div class=\"elementor-element elementor-element-b2dea12 elementor-widget elementor-widget-text-editor\" data-id=\"b2dea12\" data-element_type=\"widget\" data-e-type=\"widget\" data-widget_type=\"text-editor.default\">\n\t\t\t\t\t\t\t\t\t<p data-id=\"uqQn7o\" data-pm-slice=\"1 1 []\">A legisla\u00e7\u00e3o atualizada introduziu uma maior flexibilidade em rela\u00e7\u00e3o \u00e0s qualifica\u00e7\u00f5es.<\/p><p data-id=\"u8sgo0\">Um diploma universit\u00e1rio j\u00e1 n\u00e3o \u00e9 obrigat\u00f3rio em todos os casos.<\/p><p data-id=\"bncTrl\">Dependendo da profiss\u00e3o, os candidatos podem qualificar-se com base em:<\/p><ul><li>Ensino superior.<\/li><li data-id=\"EJ4GXq\">Qualifica\u00e7\u00f5es profissionais.<\/li><li data-id=\"rGFFRs\">Experi\u00eancia numa ind\u00fastria relevante.<\/li><li data-id=\"HxSs2s\">Compet\u00eancias t\u00e9cnicas.<\/li><\/ul><p>No entanto, profiss\u00f5es regulamentadas como medicina, direito, enfermagem ou arquitetura podem ainda exigir o reconhecimento de qualifica\u00e7\u00f5es estrangeiras e o registo na respetiva ordem profissional portuguesa.<\/p>\t\t\t\t\t\t\t\t<\/div>\n\t\t\t\t\t<\/div>\n\t\t\t\t<\/div>\n\t\t<div class=\"elementor-element elementor-element-667a324 e-flex e-con-boxed e-con e-parent\" data-id=\"667a324\" data-element_type=\"container\" data-e-type=\"container\">\n\t\t\t\t\t<div class=\"e-con-inner\">\n\t\t\t\t<div class=\"elementor-element elementor-element-94898c9 elementor-widget elementor-widget-heading\" data-id=\"94898c9\" data-element_type=\"widget\" data-e-type=\"widget\" data-widget_type=\"heading.default\">\n\t\t\t\t\t<h2 class=\"elementor-heading-title elementor-size-default\">Os atuais residentes de Portugal podem mudar para um Cart\u00e3o Azul UE?<\/h2>\t\t\t\t<\/div>\n\t\t\t\t<div class=\"elementor-element elementor-element-4ec4f38 elementor-widget elementor-widget-text-editor\" data-id=\"4ec4f38\" data-element_type=\"widget\" data-e-type=\"widget\" data-widget_type=\"text-editor.default\">\n\t\t\t\t\t\t\t\t\t<p data-id=\"TF2Jdc\" data-pm-slice=\"1 1 []\">Sim. Se \u00e9 um cidad\u00e3o estrangeiro que vive em Portugal noutra categoria de imigra\u00e7\u00e3o e tem um emprego eleg\u00edvel, poder\u00e1 mudar para o Cart\u00e3o Azul UE em Portugal. <\/p><p data-id=\"lXHeYg\">Isto pode ser especialmente verdade para quem det\u00e9m atualmente:<\/p><ul><li>Autoriza\u00e7\u00f5es de resid\u00eancia para estudantes.<\/li><li data-id=\"D3rfXo\">Autoriza\u00e7\u00f5es de investiga\u00e7\u00e3o.<\/li><li data-id=\"LrCtVL\">Outras autoriza\u00e7\u00f5es de resid\u00eancia relacionadas com o trabalho.<\/li><\/ul><p>Como em todos os assuntos de imigra\u00e7\u00e3o, a elegibilidade depende fortemente das circunst\u00e2ncias individuais e do estatuto legal do candidato.<\/p>\t\t\t\t\t\t\t\t<\/div>\n\t\t\t\t\t<\/div>\n\t\t\t\t<\/div>\n\t\t<div class=\"elementor-element elementor-element-086c21e e-flex e-con-boxed e-con e-parent\" data-id=\"086c21e\" data-element_type=\"container\" data-e-type=\"container\">\n\t\t\t\t\t<div class=\"e-con-inner\">\n\t\t\t\t<div class=\"elementor-element elementor-element-5b7e38d elementor-widget elementor-widget-heading\" data-id=\"5b7e38d\" data-element_type=\"widget\" data-e-type=\"widget\" data-widget_type=\"heading.default\">\n\t\t\t\t\t<h2 class=\"elementor-heading-title elementor-size-default\">Benef\u00edcios do Reagrupamento Familiar<\/h2>\t\t\t\t<\/div>\n\t\t\t\t<div class=\"elementor-element elementor-element-48cbac6 elementor-widget elementor-widget-text-editor\" data-id=\"48cbac6\" data-element_type=\"widget\" data-e-type=\"widget\" data-widget_type=\"text-editor.default\">\n\t\t\t\t\t\t\t\t\t<p data-id=\"ZDW0eJ\" data-pm-slice=\"1 1 []\">Uma das maiores vantagens do Cart\u00e3o Azul UE \u00e9 o seu quadro favor\u00e1vel de <a href=\"https:\/\/www.portugalresidencyadvisors.com\/pt-br\/visto-reagrupamento-familiar-portugal\/\" target=\"_blank\" rel=\"noopener\">reagrupamento familiar<\/a>.<\/p><p data-id=\"imENdT\">Os membros da fam\u00edlia eleg\u00edveis incluem:<\/p><ul><li data-id=\"ktuUXf\">C\u00f4njuges.<\/li><li data-id=\"khIBck\">Parceiros registados.<\/li><li data-id=\"TOMQGf\">Filhos dependentes.<\/li><li data-id=\"YTrEa5\">Situa\u00e7\u00f5es relacionadas com pais dependentes.<\/li><\/ul><p data-id=\"CRoL6I\">Benef\u00edcios familiares:<\/p><ul><li>Acesso total \u00e0 educa\u00e7\u00e3o.<\/li><li data-id=\"jqfBn8\">Acesso a cuidados de sa\u00fade.<\/li><li data-id=\"RFYkpD\">O direito ao trabalho.<\/li><li data-id=\"7IgGAa\">Acesso aos servi\u00e7os sociais portugueses.<\/li><\/ul><p>Em compara\u00e7\u00e3o com algumas rotas de imigra\u00e7\u00e3o tradicionais, o processo \u00e9 geralmente mais r\u00e1pido e direto.<\/p>\t\t\t\t\t\t\t\t<\/div>\n\t\t\t\t\t<\/div>\n\t\t\t\t<\/div>\n\t\t<div class=\"elementor-element elementor-element-dc8ffcd e-flex e-con-boxed e-con e-parent\" data-id=\"dc8ffcd\" data-element_type=\"container\" data-e-type=\"container\">\n\t\t\t\t\t<div class=\"e-con-inner\">\n\t\t\t\t<div class=\"elementor-element elementor-element-8e73fa3 elementor-widget elementor-widget-heading\" data-id=\"8e73fa3\" data-element_type=\"widget\" data-e-type=\"widget\" data-widget_type=\"heading.default\">\n\t\t\t\t\t<h2 class=\"elementor-heading-title elementor-size-default\">Direitos de Mobilidade dentro da Uni\u00e3o Europeia<\/h2>\t\t\t\t<\/div>\n\t\t\t\t<div class=\"elementor-element elementor-element-0c716d5 elementor-widget elementor-widget-text-editor\" data-id=\"0c716d5\" data-element_type=\"widget\" data-e-type=\"widget\" data-widget_type=\"text-editor.default\">\n\t\t\t\t\t\t\t\t\t<p data-id=\"Z6D30z\" data-pm-slice=\"1 1 []\">O Cart\u00e3o Azul UE foi concebido como um instrumento de imigra\u00e7\u00e3o europeu, em vez de ser apenas uma autoriza\u00e7\u00e3o de resid\u00eancia nacional.<\/p><p data-id=\"5IGqT8\">Ap\u00f3s completar 12 meses de resid\u00eancia legal em Portugal, os titulares do Cart\u00e3o Azul podem mudar-se para outro Estado-Membro da UE e solicitar um novo Cart\u00e3o Azul nesse pa\u00eds sob procedimentos simplificados.<\/p><p data-id=\"v5Fq6d\">Esta flexibilidade \u00e9 particularmente atrativa para profissionais multinacionais cujas carreiras possam envolver movimenta\u00e7\u00e3o entre v\u00e1rias jurisdi\u00e7\u00f5es europeias.<\/p>\t\t\t\t\t\t\t\t<\/div>\n\t\t\t\t\t<\/div>\n\t\t\t\t<\/div>\n\t\t<div class=\"elementor-element elementor-element-2ffc163 e-flex e-con-boxed e-con e-parent\" data-id=\"2ffc163\" data-element_type=\"container\" data-e-type=\"container\">\n\t\t\t\t\t<div class=\"e-con-inner\">\n\t\t\t\t<div class=\"elementor-element elementor-element-6743761 elementor-widget elementor-widget-heading\" data-id=\"6743761\" data-element_type=\"widget\" data-e-type=\"widget\" data-widget_type=\"heading.default\">\n\t\t\t\t\t<h2 class=\"elementor-heading-title elementor-size-default\">Validade e Renova\u00e7\u00e3o do Cart\u00e3o Azul UE em Portugal<\/h2>\t\t\t\t<\/div>\n\t\t\t\t<div class=\"elementor-element elementor-element-9c7b0e6 elementor-widget elementor-widget-text-editor\" data-id=\"9c7b0e6\" data-element_type=\"widget\" data-e-type=\"widget\" data-widget_type=\"text-editor.default\">\n\t\t\t\t\t\t\t\t\t<p data-id=\"iBM6tP\" data-pm-slice=\"1 1 []\">O Cart\u00e3o Azul UE portugu\u00eas inicial \u00e9 geralmente emitido por dois anos. As renova\u00e7\u00f5es subsequentes s\u00e3o tipicamente concedidas por per\u00edodos de tr\u00eas anos. <\/p><p data-id=\"ReSTcK\">Nos casos em que o contrato de trabalho \u00e9 inferior a dois anos, a autoriza\u00e7\u00e3o de resid\u00eancia \u00e9 normalmente emitida pela dura\u00e7\u00e3o do contrato acrescida de tr\u00eas meses adicionais.<\/p><p data-id=\"QS2EGj\">Os pedidos de renova\u00e7\u00e3o devem ser submetidos pelo menos 30 dias antes do vencimento.<\/p>\t\t\t\t\t\t\t\t<\/div>\n\t\t\t\t\t<\/div>\n\t\t\t\t<\/div>\n\t\t<div class=\"elementor-element elementor-element-c514615 e-flex e-con-boxed e-con e-parent\" data-id=\"c514615\" data-element_type=\"container\" data-e-type=\"container\">\n\t\t\t\t\t<div class=\"e-con-inner\">\n\t\t\t\t<div class=\"elementor-element elementor-element-5e8cada elementor-widget elementor-widget-heading\" data-id=\"5e8cada\" data-element_type=\"widget\" data-e-type=\"widget\" data-widget_type=\"heading.default\">\n\t\t\t\t\t<h2 class=\"elementor-heading-title elementor-size-default\">Os titulares do Cart\u00e3o Azul podem mudar de empregador?<\/h2>\t\t\t\t<\/div>\n\t\t\t\t<div class=\"elementor-element elementor-element-68bc4e7 elementor-widget elementor-widget-text-editor\" data-id=\"68bc4e7\" data-element_type=\"widget\" data-e-type=\"widget\" data-widget_type=\"text-editor.default\">\n\t\t\t\t\t\t\t\t\t<p data-id=\"ZhURXA\" data-pm-slice=\"1 1 []\">Durante os primeiros 12 meses, espera-se que o titular permane\u00e7a empregado na atividade e com o empregador que suportou o pedido original.<\/p><p data-id=\"iCXjDz\">Ap\u00f3s este per\u00edodo, mudar de empregador torna-se significativamente mais f\u00e1cil, desde que a nova posi\u00e7\u00e3o continue a qualificar-se como uma atividade altamente qualificada.<\/p><p data-id=\"xOWvF2\">Isto cria uma maior flexibilidade no mercado de trabalho do que muitas autoriza\u00e7\u00f5es de trabalho tradicionais em toda a Europa.<\/p>\t\t\t\t\t\t\t\t<\/div>\n\t\t\t\t\t<\/div>\n\t\t\t\t<\/div>\n\t\t<div class=\"elementor-element elementor-element-51b59a65 banner e-flex e-con-boxed e-con e-parent\" data-id=\"51b59a65\" data-element_type=\"container\" data-e-type=\"container\" data-settings=\"{&quot;background_background&quot;:&quot;classic&quot;}\">\n\t\t\t\t\t<div class=\"e-con-inner\">\n\t\t\t\t<div class=\"elementor-element elementor-element-1fb96b78 hwhite elementor-widget elementor-widget-heading\" data-id=\"1fb96b78\" data-element_type=\"widget\" data-e-type=\"widget\" data-settings=\"{&quot;_animation&quot;:&quot;none&quot;,&quot;_animation_delay&quot;:900}\" data-widget_type=\"heading.default\">\n\t\t\t\t\t<h2 class=\"elementor-heading-title elementor-size-default\">Entre em contato com um especialista em imigra\u00e7\u00e3o para Portugal<\/h2>\t\t\t\t<\/div>\n\t\t\t\t<div class=\"elementor-element elementor-element-58b33931 elementor-widget elementor-widget-text-editor\" data-id=\"58b33931\" data-element_type=\"widget\" data-e-type=\"widget\" data-widget_type=\"text-editor.default\">\n\t\t\t\t\t\t\t\t\t<p data-pm-slice=\"1 1 []\">A Portugal Residency Advisors\u00ae tem auxiliado in\u00fameras fam\u00edlias internacionais na realoca\u00e7\u00e3o bem-sucedida para Portugal e na obten\u00e7\u00e3o de resid\u00eancia. Descubra como nossa solu\u00e7\u00e3o confi\u00e1vel e completa torna sua mudan\u00e7a simples e bem-sucedida. <\/p>\t\t\t\t\t\t\t\t<\/div>\n\t\t\t\t<div class=\"elementor-element elementor-element-297a0e1a elementor-align-center button-link-black elementor-widget elementor-widget-button\" data-id=\"297a0e1a\" data-element_type=\"widget\" data-e-type=\"widget\" data-widget_type=\"button.default\">\n\t\t\t\t\t\t\t\t\t\t<a class=\"elementor-button elementor-button-link elementor-size-md\" href=\"#onpage-contact-form\">\n\t\t\t\t\t\t<span class=\"elementor-button-content-wrapper\">\n\t\t\t\t\t\t\t\t\t<span class=\"elementor-button-text\">Comece agora<\/span>\n\t\t\t\t\t<\/span>\n\t\t\t\t\t<\/a>\n\t\t\t\t\t\t\t\t<\/div>\n\t\t\t\t\t<\/div>\n\t\t\t\t<\/div>\n\t\t<div class=\"elementor-element elementor-element-73e2439 e-flex e-con-boxed e-con e-parent\" data-id=\"73e2439\" data-element_type=\"container\" data-e-type=\"container\">\n\t\t\t\t\t<div class=\"e-con-inner\">\n\t\t\t\t<div class=\"elementor-element elementor-element-33b7ae7 elementor-widget elementor-widget-heading\" data-id=\"33b7ae7\" data-element_type=\"widget\" data-e-type=\"widget\" data-widget_type=\"heading.default\">\n\t\t\t\t\t<h2 class=\"elementor-heading-title elementor-size-default\">Direitos dos Titulares do Cart\u00e3o Azul UE em Portugal<\/h2>\t\t\t\t<\/div>\n\t\t\t\t<div class=\"elementor-element elementor-element-0b88c45 elementor-widget elementor-widget-text-editor\" data-id=\"0b88c45\" data-element_type=\"widget\" data-e-type=\"widget\" data-widget_type=\"text-editor.default\">\n\t\t\t\t\t\t\t\t\t<p data-id=\"uc8sIG\" data-pm-slice=\"1 1 []\">Os titulares do Cart\u00e3o Azul UE gozam de igualdade de tratamento com os nacionais portugueses em v\u00e1rias \u00e1reas importantes.<\/p><p data-id=\"V8IvMj\">Estes incluem:<\/p><ul><li data-id=\"4j4t5m\">Condi\u00e7\u00f5es de trabalho.<\/li><li data-id=\"A9efQm\">Prote\u00e7\u00f5es salariais.<\/li><li data-id=\"YbAIXn\">F\u00e9rias anuais.<\/li><li data-id=\"9No2zh\">Sa\u00fade e seguran\u00e7a no trabalho.<\/li><li data-id=\"AOUTAN\">Acesso a cuidados de sa\u00fade.<\/li><li data-id=\"KOptxf\">Educa\u00e7\u00e3o p\u00fablica.<\/li><li data-id=\"2LGRwu\">Forma\u00e7\u00e3o profissional.<\/li><li data-id=\"Ga5YKI\">Direitos \u00e0 habita\u00e7\u00e3o.<\/li><li data-id=\"vvCW8w\">Benef\u00edcios da Seguran\u00e7a Social.<\/li><\/ul><p data-id=\"XcBjRJ\">Os titulares do Cart\u00e3o Azul tamb\u00e9m beneficiam de viagens isentas de visto em todo o Espa\u00e7o Schengen.<\/p>\t\t\t\t\t\t\t\t<\/div>\n\t\t\t\t\t<\/div>\n\t\t\t\t<\/div>\n\t\t<div class=\"elementor-element elementor-element-018f080 e-flex e-con-boxed e-con e-parent\" data-id=\"018f080\" data-element_type=\"container\" data-e-type=\"container\">\n\t\t\t\t\t<div class=\"e-con-inner\">\n\t\t\t\t<div class=\"elementor-element elementor-element-1bd0be8 elementor-widget elementor-widget-heading\" data-id=\"1bd0be8\" data-element_type=\"widget\" data-e-type=\"widget\" data-widget_type=\"heading.default\">\n\t\t\t\t\t<h2 class=\"elementor-heading-title elementor-size-default\">O Cart\u00e3o Azul UE leva \u00e0 resid\u00eancia permanente?<\/h2>\t\t\t\t<\/div>\n\t\t\t\t<div class=\"elementor-element elementor-element-1f5a044 elementor-widget elementor-widget-text-editor\" data-id=\"1f5a044\" data-element_type=\"widget\" data-e-type=\"widget\" data-widget_type=\"text-editor.default\">\n\t\t\t\t\t\t\t\t\t<p data-id=\"SdvE5D\" data-pm-slice=\"1 1 []\">Sim. O tempo passado com o Cart\u00e3o Azul UE em Portugal conta para: o estatuto de resid\u00eancia de longa dura\u00e7\u00e3o na UE. <\/p><ul><li data-id=\"zb8yCK\">Autoriza\u00e7\u00e3o de resid\u00eancia portuguesa.<\/li><li data-id=\"FJCdKn\">Tempos de processamento da cidadania portuguesa.<\/li><\/ul><p data-id=\"x5M8Wf\">No momento do pedido, os requisitos legais gerais que se aplicam nessa altura, incluindo os requisitos de integra\u00e7\u00e3o e <a href=\"https:\/\/www.portugalresidencyadvisors.com\/pt-br\/cidadania-portuguesa-teste-ciple\/\" target=\"_blank\" rel=\"noopener\">conhecimento da l\u00edngua<\/a>, devem ainda ser cumpridos pelos candidatos.<\/p><p data-id=\"wvsYr9\">A recente altera\u00e7\u00e3o na lei da nacionalidade portuguesa tornou o planeamento da imigra\u00e7\u00e3o a longo prazo ainda mais importante para profissionais altamente qualificados que se est\u00e3o a <a href=\"https:\/\/www.portugalresidencyadvisors.com\/pt-br\/mudar-para-portugal\/\" target=\"_blank\" rel=\"noopener\">mudar para Portugal<\/a>.<\/p>\t\t\t\t\t\t\t\t<\/div>\n\t\t\t\t\t<\/div>\n\t\t\t\t<\/div>\n\t\t<div class=\"elementor-element elementor-element-8a9b50b e-flex e-con-boxed e-con e-parent\" data-id=\"8a9b50b\" data-element_type=\"container\" data-e-type=\"container\">\n\t\t\t\t\t<div class=\"e-con-inner\">\n\t\t\t\t<div class=\"elementor-element elementor-element-d9ca017 elementor-widget elementor-widget-heading\" data-id=\"d9ca017\" data-element_type=\"widget\" data-e-type=\"widget\" data-widget_type=\"heading.default\">\n\t\t\t\t\t<h2 class=\"elementor-heading-title elementor-size-default\">O Cart\u00e3o Azul UE em Portugal \u00e9 melhor do que o Visto D3?<\/h2>\t\t\t\t<\/div>\n\t\t\t\t<div class=\"elementor-element elementor-element-e003777 elementor-widget elementor-widget-text-editor\" data-id=\"e003777\" data-element_type=\"widget\" data-e-type=\"widget\" data-widget_type=\"text-editor.default\">\n\t\t\t\t\t\t\t\t\t<p data-id=\"7WJ8rp\" data-pm-slice=\"1 1 []\">Depende dos objetivos do candidato. Em muitos casos, o Visto D3 de Portugal continua a ser o mecanismo de entrada utilizado por profissionais altamente qualificados que se candidatam do estrangeiro, enquanto a autoriza\u00e7\u00e3o de resid\u00eancia emitida ap\u00f3s a chegada pode assumir a forma de um Cart\u00e3o Azul UE se todos os requisitos forem cumpridos. <\/p><p data-id=\"VWasi0\">O Cart\u00e3o Azul oferece geralmente direitos de mobilidade superiores na UE e vantagens mais fortes a longo prazo.<\/p><p data-id=\"PMo9cp\">Por esta raz\u00e3o, os candidatos que consideram um emprego altamente qualificado em Portugal devem analisar ambas as vias cuidadosamente.<\/p><p data-id=\"t34npp\">Poder\u00e1 tamb\u00e9m considerar \u00fateis os nossos guias sobre o <a href=\"https:\/\/www.portugalresidencyadvisors.com\/pt-br\/visto-d3-portugal\/\" target=\"_blank\" rel=\"noopener\">Visto D3 de Portugal<\/a>, o <a href=\"https:\/\/www.portugalresidencyadvisors.com\/pt-br\/visto-nomade-digital-portugal-d8\/\" target=\"_blank\" rel=\"noopener\">Visto de N\u00f3mada Digital de Portugal (D8)<\/a> e a <a href=\"https:\/\/www.portugalresidencyadvisors.com\/pt-br\/residencia-permanente-portugal\/\" target=\"_blank\" rel=\"noopener\">Autoriza\u00e7\u00e3o de Resid\u00eancia Permanente em Portugal<\/a> ao avaliar a rota de imigra\u00e7\u00e3o mais adequada.<\/p>\t\t\t\t\t\t\t\t<\/div>\n\t\t\t\t\t<\/div>\n\t\t\t\t<\/div>\n\t\t<div class=\"elementor-element elementor-element-6d4e3af e-flex e-con-boxed e-con e-parent\" data-id=\"6d4e3af\" data-element_type=\"container\" data-e-type=\"container\">\n\t\t\t\t\t<div class=\"e-con-inner\">\n\t\t\t\t<div class=\"elementor-element elementor-element-480ee30 elementor-widget elementor-widget-heading\" data-id=\"480ee30\" data-element_type=\"widget\" data-e-type=\"widget\" data-widget_type=\"heading.default\">\n\t\t\t\t\t<h2 class=\"elementor-heading-title elementor-size-default\">Como podemos ajudar<\/h2>\t\t\t\t<\/div>\n\t\t\t\t<div class=\"elementor-element elementor-element-607d93e elementor-widget elementor-widget-text-editor\" data-id=\"607d93e\" data-element_type=\"widget\" data-e-type=\"widget\" data-widget_type=\"text-editor.default\">\n\t\t\t\t\t\t\t\t\t<h4 class=\"p1\">Expertise local<\/h4><p class=\"p1\">Conhecemos Portugal como ningu\u00e9m. Ao focar exclusivamente em um \u00fanico pa\u00eds, oferecemos orienta\u00e7\u00f5es claras e pr\u00e1ticas, baseadas em profundo conhecimento local. <\/p><h4 class=\"p1\">Orienta\u00e7\u00e3o honesta<\/h4><p class=\"p1\">Recomendamos o que realmente \u00e9 melhor para voc\u00ea. Nossa orienta\u00e7\u00e3o \u00e9 baseada em experi\u00eancia real, ajudando clientes a economizar tempo e dinheiro com pre\u00e7os transparentes e justos. <\/p><h4 class=\"p1\">Solu\u00e7\u00e3o completa<\/h4><p class=\"p1\">Um \u00fanico ponto de contato para toda a sua realoca\u00e7\u00e3o. Da escolha do visto certo \u00e0 busca do seu novo lar e \u00e0 adapta\u00e7\u00e3o em Portugal, apoiamos voc\u00ea em cada etapa. <\/p><h4 class=\"p1\">Processo cont\u00ednuo<\/h4><p class=\"p1\">A tecnologia nos ajuda a simplificar o processo e reduzir a burocracia para nossos clientes. Como clientes tamb\u00e9m, entendemos como oferecer uma experi\u00eancia tranquila e eficiente. <\/p><p class=\"p1\"><span class=\"s1\"><a href=\"https:\/\/www.portugalresidencyadvisors.com\/relocation-to-portugal\/\">Descubra 10 Raz\u00f5es para Nos Escolher para a Sua Mudan\u00e7a para Portugal<\/a><\/span><\/p>\t\t\t\t\t\t\t\t<\/div>\n\t\t\t\t\t<\/div>\n\t\t\t\t<\/div>\n\t\t<div class=\"elementor-element elementor-element-6954002c e-flex e-con-boxed e-con e-parent\" data-id=\"6954002c\" data-element_type=\"container\" data-e-type=\"container\">\n\t\t\t\t\t<div class=\"e-con-inner\">\n\t\t\t\t<div class=\"elementor-element elementor-element-2fb8827a elementor-view-default elementor-widget elementor-widget-icon\" data-id=\"2fb8827a\" data-element_type=\"widget\" data-e-type=\"widget\" data-widget_type=\"icon.default\">\n\t\t\t\t\t\t\t<div class=\"elementor-icon-wrapper\">\n\t\t\t<div class=\"elementor-icon\">\n\t\t\t<svg xmlns=\"http:\/\/www.w3.org\/2000\/svg\" id=\"uuid-bbaa4b9d-eacc-4da7-8f1d-9d529f2f4582\" viewBox=\"0 0 171.03 171.16\"><g id=\"uuid-262094c7-4038-4617-8b78-fa7c3c7887c3\"><path d=\"m95.36,171.16h-19.82v-46.1c0-16.3-13.26-29.57-29.57-29.57H0v-19.82h45.98c27.23,0,49.39,22.15,49.39,49.39v46.1Z\"><\/path><path d=\"m75.67,0h19.82v46.1c0,16.3,13.26,29.57,29.57,29.57h45.98v19.82h-45.98c-27.23,0-49.39-22.15-49.39-49.39V0Z\"><\/path><path d=\"m24.1,161.01l-14.01-14.01,28.94-28.94c3.87-3.87,10.14-3.87,14.01,0h0c3.87,3.87,3.87,10.14,0,14.01l-28.94,28.94Z\"><\/path><path d=\"m146.94,10.15l14.01,14.01-28.94,28.94c-3.87,3.87-10.14,3.87-14.01,0h0c-3.87-3.87-3.87-10.14,0-14.01l28.94-28.94Z\"><\/path><path d=\"m160.95,147l-14.01,14.01-28.94-28.94c-3.87-3.87-3.87-10.14,0-14.01h0c3.87-3.87,10.14-3.87,14.01,0l28.94,28.94Z\"><\/path><path d=\"m10.08,24.16l14.01-14.01,28.94,28.94c3.87,3.87,3.87,10.14,0,14.01h0c-3.87,3.87-10.14,3.87-14.01,0L10.08,24.16Z\"><\/path><\/g><\/svg>\t\t\t<\/div>\n\t\t<\/div>\n\t\t\t\t\t\t<\/div>\n\t\t\t\t<div class=\"elementor-element elementor-element-6a9fec89 elementor-widget elementor-widget-heading\" data-id=\"6a9fec89\" data-element_type=\"widget\" data-e-type=\"widget\" data-widget_type=\"heading.default\">\n\t\t\t\t\t<h2 class=\"elementor-heading-title elementor-size-default\">Suas perguntas respondidas<\/h2>\t\t\t\t<\/div>\n\t\t\t\t<div class=\"elementor-element elementor-element-39193fea faq-content elementor-widget elementor-widget-n-accordion\" data-id=\"39193fea\" data-element_type=\"widget\" data-e-type=\"widget\" data-settings=\"{&quot;default_state&quot;:&quot;all_collapsed&quot;,&quot;max_items_expended&quot;:&quot;one&quot;,&quot;n_accordion_animation_duration&quot;:{&quot;unit&quot;:&quot;ms&quot;,&quot;size&quot;:400,&quot;sizes&quot;:[]}}\" data-widget_type=\"nested-accordion.default\">\n\t\t\t\t\t\t\t<div class=\"e-n-accordion\" aria-label=\"Accordion. Open links with Enter or Space, close with Escape, and navigate with Arrow Keys\">\n\t\t\t\t\t\t<details id=\"e-n-accordion-item-9570\" class=\"e-n-accordion-item\" >\n\t\t\t\t<summary class=\"e-n-accordion-item-title\" data-accordion-index=\"1\" tabindex=\"0\" aria-expanded=\"false\" aria-controls=\"e-n-accordion-item-9570\" >\n\t\t\t\t\t<span class='e-n-accordion-item-title-header'><div class=\"e-n-accordion-item-title-text\"> O Cart\u00e3o Azul UE em Portugal est\u00e1 dispon\u00edvel para trabalhadores remotos? <\/div><\/span>\n\t\t\t\t\t\t\t<span class='e-n-accordion-item-title-icon'>\n\t\t\t<span class='e-opened' ><svg aria-hidden=\"true\" class=\"e-font-icon-svg e-fas-times\" viewBox=\"0 0 352 512\" xmlns=\"http:\/\/www.w3.org\/2000\/svg\"><path d=\"M242.72 256l100.07-100.07c12.28-12.28 12.28-32.19 0-44.48l-22.24-22.24c-12.28-12.28-32.19-12.28-44.48 0L176 189.28 75.93 89.21c-12.28-12.28-32.19-12.28-44.48 0L9.21 111.45c-12.28 12.28-12.28 32.19 0 44.48L109.28 256 9.21 356.07c-12.28 12.28-12.28 32.19 0 44.48l22.24 22.24c12.28 12.28 32.2 12.28 44.48 0L176 322.72l100.07 100.07c12.28 12.28 32.2 12.28 44.48 0l22.24-22.24c12.28-12.28 12.28-32.19 0-44.48L242.72 256z\"><\/path><\/svg><\/span>\n\t\t\t<span class='e-closed'><svg aria-hidden=\"true\" class=\"e-font-icon-svg e-fas-caret-down\" viewBox=\"0 0 320 512\" xmlns=\"http:\/\/www.w3.org\/2000\/svg\"><path d=\"M31.3 192h257.3c17.8 0 26.7 21.5 14.1 34.1L174.1 354.8c-7.8 7.8-20.5 7.8-28.3 0L17.2 226.1C4.6 213.5 13.5 192 31.3 192z\"><\/path><\/svg><\/span>\n\t\t<\/span>\n\n\t\t\t\t\t\t<\/summary>\n\t\t\t\t<div role=\"region\" aria-labelledby=\"e-n-accordion-item-9570\" class=\"elementor-element elementor-element-697dc424 e-con-full e-flex e-con e-child\" data-id=\"697dc424\" data-element_type=\"container\" data-e-type=\"container\">\n\t\t\t\t<div class=\"elementor-element elementor-element-2234a353 elementor-widget elementor-widget-text-editor\" data-id=\"2234a353\" data-element_type=\"widget\" data-e-type=\"widget\" data-widget_type=\"text-editor.default\">\n\t\t\t\t\t\t\t\t\t<p data-id=\"mOd77m\" data-pm-slice=\"1 1 []\">Geralmente n\u00e3o. O Cart\u00e3o Azul exige uma rela\u00e7\u00e3o de emprego eleg\u00edvel com um empregador que ofere\u00e7a trabalho altamente qualificado em Portugal. Alternativamente, os arranjos de trabalho remoto podem ser abrangidos pelas regras do Visto de N\u00f3mada Digital D8.  <\/p>\t\t\t\t\t\t\t\t<\/div>\n\t\t\t\t<\/div>\n\t\t\t\t\t<\/details>\n\t\t\t\t\t\t<details id=\"e-n-accordion-item-9571\" class=\"e-n-accordion-item\" >\n\t\t\t\t<summary class=\"e-n-accordion-item-title\" data-accordion-index=\"2\" tabindex=\"-1\" aria-expanded=\"false\" aria-controls=\"e-n-accordion-item-9571\" >\n\t\t\t\t\t<span class='e-n-accordion-item-title-header'><div class=\"e-n-accordion-item-title-text\"> Qual \u00e9 a dura\u00e7\u00e3o m\u00ednima do contrato para um Cart\u00e3o Azul UE? <\/div><\/span>\n\t\t\t\t\t\t\t<span class='e-n-accordion-item-title-icon'>\n\t\t\t<span class='e-opened' ><svg aria-hidden=\"true\" class=\"e-font-icon-svg e-fas-times\" viewBox=\"0 0 352 512\" xmlns=\"http:\/\/www.w3.org\/2000\/svg\"><path d=\"M242.72 256l100.07-100.07c12.28-12.28 12.28-32.19 0-44.48l-22.24-22.24c-12.28-12.28-32.19-12.28-44.48 0L176 189.28 75.93 89.21c-12.28-12.28-32.19-12.28-44.48 0L9.21 111.45c-12.28 12.28-12.28 32.19 0 44.48L109.28 256 9.21 356.07c-12.28 12.28-12.28 32.19 0 44.48l22.24 22.24c12.28 12.28 32.2 12.28 44.48 0L176 322.72l100.07 100.07c12.28 12.28 32.2 12.28 44.48 0l22.24-22.24c12.28-12.28 12.28-32.19 0-44.48L242.72 256z\"><\/path><\/svg><\/span>\n\t\t\t<span class='e-closed'><svg aria-hidden=\"true\" class=\"e-font-icon-svg e-fas-caret-down\" viewBox=\"0 0 320 512\" xmlns=\"http:\/\/www.w3.org\/2000\/svg\"><path d=\"M31.3 192h257.3c17.8 0 26.7 21.5 14.1 34.1L174.1 354.8c-7.8 7.8-20.5 7.8-28.3 0L17.2 226.1C4.6 213.5 13.5 192 31.3 192z\"><\/path><\/svg><\/span>\n\t\t<\/span>\n\n\t\t\t\t\t\t<\/summary>\n\t\t\t\t<div role=\"region\" aria-labelledby=\"e-n-accordion-item-9571\" class=\"elementor-element elementor-element-25358f4c e-con-full e-flex e-con e-child\" data-id=\"25358f4c\" data-element_type=\"container\" data-e-type=\"container\">\n\t\t\t\t<div class=\"elementor-element elementor-element-65413d13 elementor-widget elementor-widget-text-editor\" data-id=\"65413d13\" data-element_type=\"widget\" data-e-type=\"widget\" data-widget_type=\"text-editor.default\">\n\t\t\t\t\t\t\t\t\t<p data-id=\"2LanpX\" data-pm-slice=\"1 1 []\">O contrato de trabalho deve normalmente ter uma dura\u00e7\u00e3o m\u00ednima de seis meses e satisfazer o limiar salarial aplic\u00e1vel.<\/p>\t\t\t\t\t\t\t\t<\/div>\n\t\t\t\t<\/div>\n\t\t\t\t\t<\/details>\n\t\t\t\t\t\t<details id=\"e-n-accordion-item-9572\" class=\"e-n-accordion-item\" >\n\t\t\t\t<summary class=\"e-n-accordion-item-title\" data-accordion-index=\"3\" tabindex=\"-1\" aria-expanded=\"false\" aria-controls=\"e-n-accordion-item-9572\" >\n\t\t\t\t\t<span class='e-n-accordion-item-title-header'><div class=\"e-n-accordion-item-title-text\"> Os membros da fam\u00edlia podem trabalhar em Portugal sob o reagrupamento familiar? <\/div><\/span>\n\t\t\t\t\t\t\t<span class='e-n-accordion-item-title-icon'>\n\t\t\t<span class='e-opened' ><svg aria-hidden=\"true\" class=\"e-font-icon-svg e-fas-times\" viewBox=\"0 0 352 512\" xmlns=\"http:\/\/www.w3.org\/2000\/svg\"><path d=\"M242.72 256l100.07-100.07c12.28-12.28 12.28-32.19 0-44.48l-22.24-22.24c-12.28-12.28-32.19-12.28-44.48 0L176 189.28 75.93 89.21c-12.28-12.28-32.19-12.28-44.48 0L9.21 111.45c-12.28 12.28-12.28 32.19 0 44.48L109.28 256 9.21 356.07c-12.28 12.28-12.28 32.19 0 44.48l22.24 22.24c12.28 12.28 32.2 12.28 44.48 0L176 322.72l100.07 100.07c12.28 12.28 32.2 12.28 44.48 0l22.24-22.24c12.28-12.28 12.28-32.19 0-44.48L242.72 256z\"><\/path><\/svg><\/span>\n\t\t\t<span class='e-closed'><svg aria-hidden=\"true\" class=\"e-font-icon-svg e-fas-caret-down\" viewBox=\"0 0 320 512\" xmlns=\"http:\/\/www.w3.org\/2000\/svg\"><path d=\"M31.3 192h257.3c17.8 0 26.7 21.5 14.1 34.1L174.1 354.8c-7.8 7.8-20.5 7.8-28.3 0L17.2 226.1C4.6 213.5 13.5 192 31.3 192z\"><\/path><\/svg><\/span>\n\t\t<\/span>\n\n\t\t\t\t\t\t<\/summary>\n\t\t\t\t<div role=\"region\" aria-labelledby=\"e-n-accordion-item-9572\" class=\"elementor-element elementor-element-11ee1538 e-con-full e-flex e-con e-child\" data-id=\"11ee1538\" data-element_type=\"container\" data-e-type=\"container\">\n\t\t\t\t<div class=\"elementor-element elementor-element-7a11c9b3 elementor-widget elementor-widget-text-editor\" data-id=\"7a11c9b3\" data-element_type=\"widget\" data-e-type=\"widget\" data-widget_type=\"text-editor.default\">\n\t\t\t\t\t\t\t\t\t<p data-id=\"X46rJl\" data-pm-slice=\"1 1 []\">Sim. Os c\u00f4njuges e dependentes eleg\u00edveis t\u00eam acesso total ao mercado de trabalho portugu\u00eas, sem necessidade de uma autoriza\u00e7\u00e3o de trabalho separada. <\/p>\t\t\t\t\t\t\t\t<\/div>\n\t\t\t\t<\/div>\n\t\t\t\t\t<\/details>\n\t\t\t\t\t\t<details id=\"e-n-accordion-item-9573\" class=\"e-n-accordion-item\" >\n\t\t\t\t<summary class=\"e-n-accordion-item-title\" data-accordion-index=\"4\" tabindex=\"-1\" aria-expanded=\"false\" aria-controls=\"e-n-accordion-item-9573\" >\n\t\t\t\t\t<span class='e-n-accordion-item-title-header'><div class=\"e-n-accordion-item-title-text\"> Posso viajar para outro pa\u00eds da UE com o meu Cart\u00e3o Azul UE portugu\u00eas? <\/div><\/span>\n\t\t\t\t\t\t\t<span class='e-n-accordion-item-title-icon'>\n\t\t\t<span class='e-opened' ><svg aria-hidden=\"true\" class=\"e-font-icon-svg e-fas-times\" viewBox=\"0 0 352 512\" xmlns=\"http:\/\/www.w3.org\/2000\/svg\"><path d=\"M242.72 256l100.07-100.07c12.28-12.28 12.28-32.19 0-44.48l-22.24-22.24c-12.28-12.28-32.19-12.28-44.48 0L176 189.28 75.93 89.21c-12.28-12.28-32.19-12.28-44.48 0L9.21 111.45c-12.28 12.28-12.28 32.19 0 44.48L109.28 256 9.21 356.07c-12.28 12.28-12.28 32.19 0 44.48l22.24 22.24c12.28 12.28 32.2 12.28 44.48 0L176 322.72l100.07 100.07c12.28 12.28 32.2 12.28 44.48 0l22.24-22.24c12.28-12.28 12.28-32.19 0-44.48L242.72 256z\"><\/path><\/svg><\/span>\n\t\t\t<span class='e-closed'><svg aria-hidden=\"true\" class=\"e-font-icon-svg e-fas-caret-down\" viewBox=\"0 0 320 512\" xmlns=\"http:\/\/www.w3.org\/2000\/svg\"><path d=\"M31.3 192h257.3c17.8 0 26.7 21.5 14.1 34.1L174.1 354.8c-7.8 7.8-20.5 7.8-28.3 0L17.2 226.1C4.6 213.5 13.5 192 31.3 192z\"><\/path><\/svg><\/span>\n\t\t<\/span>\n\n\t\t\t\t\t\t<\/summary>\n\t\t\t\t<div role=\"region\" aria-labelledby=\"e-n-accordion-item-9573\" class=\"elementor-element elementor-element-66402893 e-con-full e-flex e-con e-child\" data-id=\"66402893\" data-element_type=\"container\" data-e-type=\"container\">\n\t\t\t\t<div class=\"elementor-element elementor-element-7e33a3b0 elementor-widget elementor-widget-text-editor\" data-id=\"7e33a3b0\" data-element_type=\"widget\" data-e-type=\"widget\" data-widget_type=\"text-editor.default\">\n\t\t\t\t\t\t\t\t\t<p data-id=\"mPiUEN\" data-pm-slice=\"1 1 []\">Sim. Ap\u00f3s completar 12 meses de resid\u00eancia legal em Portugal, os titulares do Cart\u00e3o Azul podem mudar-se para outro Estado-Membro da UE participante sob regras simplificadas. <\/p>\t\t\t\t\t\t\t\t<\/div>\n\t\t\t\t<\/div>\n\t\t\t\t\t<\/details>\n\t\t\t\t\t\t<details id=\"e-n-accordion-item-9574\" class=\"e-n-accordion-item\" >\n\t\t\t\t<summary class=\"e-n-accordion-item-title\" data-accordion-index=\"5\" tabindex=\"-1\" aria-expanded=\"false\" aria-controls=\"e-n-accordion-item-9574\" >\n\t\t\t\t\t<span class='e-n-accordion-item-title-header'><div class=\"e-n-accordion-item-title-text\"> O tempo sob o Cart\u00e3o Azul UE conta para a cidadania portuguesa? <\/div><\/span>\n\t\t\t\t\t\t\t<span class='e-n-accordion-item-title-icon'>\n\t\t\t<span class='e-opened' ><svg aria-hidden=\"true\" class=\"e-font-icon-svg e-fas-times\" viewBox=\"0 0 352 512\" xmlns=\"http:\/\/www.w3.org\/2000\/svg\"><path d=\"M242.72 256l100.07-100.07c12.28-12.28 12.28-32.19 0-44.48l-22.24-22.24c-12.28-12.28-32.19-12.28-44.48 0L176 189.28 75.93 89.21c-12.28-12.28-32.19-12.28-44.48 0L9.21 111.45c-12.28 12.28-12.28 32.19 0 44.48L109.28 256 9.21 356.07c-12.28 12.28-12.28 32.19 0 44.48l22.24 22.24c12.28 12.28 32.2 12.28 44.48 0L176 322.72l100.07 100.07c12.28 12.28 32.2 12.28 44.48 0l22.24-22.24c12.28-12.28 12.28-32.19 0-44.48L242.72 256z\"><\/path><\/svg><\/span>\n\t\t\t<span class='e-closed'><svg aria-hidden=\"true\" class=\"e-font-icon-svg e-fas-caret-down\" viewBox=\"0 0 320 512\" xmlns=\"http:\/\/www.w3.org\/2000\/svg\"><path d=\"M31.3 192h257.3c17.8 0 26.7 21.5 14.1 34.1L174.1 354.8c-7.8 7.8-20.5 7.8-28.3 0L17.2 226.1C4.6 213.5 13.5 192 31.3 192z\"><\/path><\/svg><\/span>\n\t\t<\/span>\n\n\t\t\t\t\t\t<\/summary>\n\t\t\t\t<div role=\"region\" aria-labelledby=\"e-n-accordion-item-9574\" class=\"elementor-element elementor-element-4d50e7a2 e-con-full e-flex e-con e-child\" data-id=\"4d50e7a2\" data-element_type=\"container\" data-e-type=\"container\">\n\t\t\t\t<div class=\"elementor-element elementor-element-3809be51 elementor-widget elementor-widget-text-editor\" data-id=\"3809be51\" data-element_type=\"widget\" data-e-type=\"widget\" data-widget_type=\"text-editor.default\">\n\t\t\t\t\t\t\t\t\t<p data-id=\"ZkiJFG\" data-pm-slice=\"1 1 []\">Sim. A resid\u00eancia legal sob o Cart\u00e3o Azul UE conta como resid\u00eancia para o requisito de resid\u00eancia para pedidos de resid\u00eancia permanente e de cidadania portuguesa. <\/p>\t\t\t\t\t\t\t\t<\/div>\n\t\t\t\t<\/div>\n\t\t\t\t\t<\/details>\n\t\t\t\t\t<\/div>\n\t\t\t\t\t<script type=\"application\/ld+json\">{\"@context\":\"https:\\\/\\\/schema.org\",\"@type\":\"FAQPage\",\"mainEntity\":[{\"@type\":\"Question\",\"name\":\"O Cart\\u00e3o Azul UE em Portugal est\\u00e1 dispon\\u00edvel para trabalhadores remotos?\",\"acceptedAnswer\":{\"@type\":\"Answer\",\"text\":\"Geralmente n\\u00e3o. O Cart\\u00e3o Azul exige uma rela\\u00e7\\u00e3o de emprego eleg\\u00edvel com um empregador que ofere\\u00e7a trabalho altamente qualificado em Portugal. Alternativamente, os arranjos de trabalho remoto podem ser abrangidos pelas regras do Visto de N\\u00f3mada Digital D8.\"}},{\"@type\":\"Question\",\"name\":\"Qual \\u00e9 a dura\\u00e7\\u00e3o m\\u00ednima do contrato para um Cart\\u00e3o Azul UE?\",\"acceptedAnswer\":{\"@type\":\"Answer\",\"text\":\"O contrato de trabalho deve normalmente ter uma dura\\u00e7\\u00e3o m\\u00ednima de seis meses e satisfazer o limiar salarial aplic\\u00e1vel.\"}},{\"@type\":\"Question\",\"name\":\"Os membros da fam\\u00edlia podem trabalhar em Portugal sob o reagrupamento familiar?\",\"acceptedAnswer\":{\"@type\":\"Answer\",\"text\":\"Sim. Os c\\u00f4njuges e dependentes eleg\\u00edveis t\\u00eam acesso total ao mercado de trabalho portugu\\u00eas, sem necessidade de uma autoriza\\u00e7\\u00e3o de trabalho separada.\"}},{\"@type\":\"Question\",\"name\":\"Posso viajar para outro pa\\u00eds da UE com o meu Cart\\u00e3o Azul UE portugu\\u00eas?\",\"acceptedAnswer\":{\"@type\":\"Answer\",\"text\":\"Sim. Ap\\u00f3s completar 12 meses de resid\\u00eancia legal em Portugal, os titulares do Cart\\u00e3o Azul podem mudar-se para outro Estado-Membro da UE participante sob regras simplificadas.\"}},{\"@type\":\"Question\",\"name\":\"O tempo sob o Cart\\u00e3o Azul UE conta para a cidadania portuguesa?\",\"acceptedAnswer\":{\"@type\":\"Answer\",\"text\":\"Sim. A resid\\u00eancia legal sob o Cart\\u00e3o Azul UE conta como resid\\u00eancia para o requisito de resid\\u00eancia para pedidos de resid\\u00eancia permanente e de cidadania portuguesa.\"}}]}<\/script>\n\t\t\t\t\t\t\t<\/div>\n\t\t\t\t\t<\/div>\n\t\t\t\t<\/div>\n\t\t\t\t<\/div>\n\t\t","protected":false},"excerpt":{"rendered":"<p>Portugal \u00e9 um dos destinos mais atrativos da Europa para talentos globais. O pa\u00eds tornou-se um destino cada vez mais interessante para profissionais altamente qualificados que procuram oportunidades dentro da Uni\u00e3o Europeia, com forte procura em setores como tecnologia, engenharia, sa\u00fade, finan\u00e7as e investiga\u00e7\u00e3o. Com a implementa\u00e7\u00e3o da Diretiva do Cart\u00e3o Azul UE (2021\/1883), as [&hellip;]<\/p>\n","protected":false},"author":20,"featured_media":59865,"comment_status":"closed","ping_status":"open","sticky":false,"template":"","format":"standard","meta":{"_angie_page":false,"_jet_sm_ready_style":"","_jet_sm_style":"","_jet_sm_controls_values":"","_jet_sm_fonts_collection":"","_jet_sm_fonts_links":"","page_builder":"","footnotes":""},"categories":[83,252],"tags":[],"class_list":["post-60643","post","type-post","status-publish","format-standard","has-post-thumbnail","hentry","category-residencia","category-outros-vistos"],"yoast_head":"<!-- This site is optimized with the Yoast SEO plugin v28.3 - https:\/\/yoast.com\/product\/yoast-seo-wordpress\/ -->\n<title>Cart\u00e3o Azul UE em Portugal: Guia Completo para Profissionais Qualificados<\/title>\n<meta name=\"description\" content=\"Descubra como funciona o Cart\u00e3o Azul UE em Portugal, as regras de elegibilidade, os requisitos salariais, os direitos da fam\u00edlia e o caminho para a resid\u00eancia permanente.\" \/>\n<meta name=\"robots\" content=\"index, follow, max-snippet:-1, max-image-preview:large, max-video-preview:-1\" \/>\n<link rel=\"canonical\" href=\"https:\/\/www.portugalresidencyadvisors.com\/pt-br\/cartao-azul-ue-em-portugal-guia-completo-para-profissionais-qualificados\/\" \/>\n<meta property=\"og:locale\" content=\"pt_BR\" \/>\n<meta property=\"og:type\" content=\"article\" \/>\n<meta property=\"og:title\" content=\"Cart\u00e3o Azul UE em Portugal: Guia Completo para Profissionais Qualificados\" \/>\n<meta property=\"og:description\" content=\"Descubra como funciona o Cart\u00e3o Azul UE em Portugal, as regras de elegibilidade, os requisitos salariais, os direitos da fam\u00edlia e o caminho para a resid\u00eancia permanente.\" \/>\n<meta property=\"og:url\" content=\"https:\/\/www.portugalresidencyadvisors.com\/pt-br\/cartao-azul-ue-em-portugal-guia-completo-para-profissionais-qualificados\/\" \/>\n<meta property=\"og:site_name\" content=\"Portugal Residency Advisors\" \/>\n<meta property=\"article:publisher\" content=\"https:\/\/www.facebook.com\/portugalresidencyadvisors\" \/>\n<meta property=\"article:published_time\" content=\"2026-07-29T11:00:43+00:00\" \/>\n<meta property=\"article:modified_time\" content=\"2026-07-30T12:57:36+00:00\" \/>\n<meta property=\"og:image\" content=\"https:\/\/www.portugalresidencyadvisors.com\/wp-content\/uploads\/2026\/07\/eu-blue-card-portugal-residency-advisors.webp\" \/>\n\t<meta property=\"og:image:width\" content=\"1920\" \/>\n\t<meta property=\"og:image:height\" content=\"1303\" \/>\n\t<meta property=\"og:image:type\" content=\"image\/jpeg\" \/>\n<meta name=\"author\" content=\"Fernanda Souza\" \/>\n<meta name=\"twitter:card\" content=\"summary_large_image\" \/>\n<meta name=\"twitter:creator\" content=\"@ptadvresidency\" \/>\n<meta name=\"twitter:site\" content=\"@ptadvresidency\" \/>\n<meta name=\"twitter:label1\" content=\"Escrito por\" \/>\n\t<meta name=\"twitter:data1\" content=\"Fernanda Souza\" \/>\n\t<meta name=\"twitter:label2\" content=\"Est. tempo de leitura\" \/>\n\t<meta name=\"twitter:data2\" content=\"11 minutos\" \/>\n<script type=\"application\/ld+json\" class=\"yoast-schema-graph\">{\"@context\":\"https:\\\/\\\/schema.org\",\"@graph\":[{\"@type\":\"Article\",\"@id\":\"https:\\\/\\\/www.portugalresidencyadvisors.com\\\/pt-br\\\/cartao-azul-ue-em-portugal-guia-completo-para-profissionais-qualificados\\\/#article\",\"isPartOf\":{\"@id\":\"https:\\\/\\\/www.portugalresidencyadvisors.com\\\/pt-br\\\/cartao-azul-ue-em-portugal-guia-completo-para-profissionais-qualificados\\\/\"},\"author\":{\"name\":\"Fernanda Souza\",\"@id\":\"https:\\\/\\\/www.portugalresidencyadvisors.com\\\/pt-br\\\/#\\\/schema\\\/person\\\/6f057f5c0f02227d7edc6b721277167d\"},\"headline\":\"Cart\u00e3o Azul UE em Portugal: Guia Completo para Profissionais Qualificados\",\"datePublished\":\"2026-07-29T11:00:43+00:00\",\"dateModified\":\"2026-07-30T12:57:36+00:00\",\"mainEntityOfPage\":{\"@id\":\"https:\\\/\\\/www.portugalresidencyadvisors.com\\\/pt-br\\\/cartao-azul-ue-em-portugal-guia-completo-para-profissionais-qualificados\\\/\"},\"wordCount\":2160,\"publisher\":{\"@id\":\"https:\\\/\\\/www.portugalresidencyadvisors.com\\\/pt-br\\\/#organization\"},\"image\":{\"@id\":\"https:\\\/\\\/www.portugalresidencyadvisors.com\\\/pt-br\\\/cartao-azul-ue-em-portugal-guia-completo-para-profissionais-qualificados\\\/#primaryimage\"},\"thumbnailUrl\":\"https:\\\/\\\/www.portugalresidencyadvisors.com\\\/wp-content\\\/uploads\\\/2026\\\/07\\\/eu-blue-card-portugal-residency-advisors.webp\",\"articleSection\":[\"Vistos\",\"Outros vistos\"],\"inLanguage\":\"pt-BR\"},{\"@type\":\"WebPage\",\"@id\":\"https:\\\/\\\/www.portugalresidencyadvisors.com\\\/pt-br\\\/cartao-azul-ue-em-portugal-guia-completo-para-profissionais-qualificados\\\/\",\"url\":\"https:\\\/\\\/www.portugalresidencyadvisors.com\\\/pt-br\\\/cartao-azul-ue-em-portugal-guia-completo-para-profissionais-qualificados\\\/\",\"name\":\"Cart\u00e3o Azul UE em Portugal: Guia Completo para Profissionais Qualificados\",\"isPartOf\":{\"@id\":\"https:\\\/\\\/www.portugalresidencyadvisors.com\\\/pt-br\\\/#website\"},\"primaryImageOfPage\":{\"@id\":\"https:\\\/\\\/www.portugalresidencyadvisors.com\\\/pt-br\\\/cartao-azul-ue-em-portugal-guia-completo-para-profissionais-qualificados\\\/#primaryimage\"},\"image\":{\"@id\":\"https:\\\/\\\/www.portugalresidencyadvisors.com\\\/pt-br\\\/cartao-azul-ue-em-portugal-guia-completo-para-profissionais-qualificados\\\/#primaryimage\"},\"thumbnailUrl\":\"https:\\\/\\\/www.portugalresidencyadvisors.com\\\/wp-content\\\/uploads\\\/2026\\\/07\\\/eu-blue-card-portugal-residency-advisors.webp\",\"datePublished\":\"2026-07-29T11:00:43+00:00\",\"dateModified\":\"2026-07-30T12:57:36+00:00\",\"description\":\"Descubra como funciona o Cart\u00e3o Azul UE em Portugal, as regras de elegibilidade, os requisitos salariais, os direitos da fam\u00edlia e o caminho para a resid\u00eancia permanente.\",\"breadcrumb\":{\"@id\":\"https:\\\/\\\/www.portugalresidencyadvisors.com\\\/pt-br\\\/cartao-azul-ue-em-portugal-guia-completo-para-profissionais-qualificados\\\/#breadcrumb\"},\"inLanguage\":\"pt-BR\",\"potentialAction\":[{\"@type\":\"ReadAction\",\"target\":[\"https:\\\/\\\/www.portugalresidencyadvisors.com\\\/pt-br\\\/cartao-azul-ue-em-portugal-guia-completo-para-profissionais-qualificados\\\/\"]}]},{\"@type\":\"ImageObject\",\"inLanguage\":\"pt-BR\",\"@id\":\"https:\\\/\\\/www.portugalresidencyadvisors.com\\\/pt-br\\\/cartao-azul-ue-em-portugal-guia-completo-para-profissionais-qualificados\\\/#primaryimage\",\"url\":\"https:\\\/\\\/www.portugalresidencyadvisors.com\\\/wp-content\\\/uploads\\\/2026\\\/07\\\/eu-blue-card-portugal-residency-advisors.webp\",\"contentUrl\":\"https:\\\/\\\/www.portugalresidencyadvisors.com\\\/wp-content\\\/uploads\\\/2026\\\/07\\\/eu-blue-card-portugal-residency-advisors.webp\",\"width\":1920,\"height\":1303,\"caption\":\"people\"},{\"@type\":\"BreadcrumbList\",\"@id\":\"https:\\\/\\\/www.portugalresidencyadvisors.com\\\/pt-br\\\/cartao-azul-ue-em-portugal-guia-completo-para-profissionais-qualificados\\\/#breadcrumb\",\"itemListElement\":[{\"@type\":\"ListItem\",\"position\":1,\"name\":\"Home\",\"item\":\"https:\\\/\\\/www.portugalresidencyadvisors.com\\\/pt-br\\\/\"},{\"@type\":\"ListItem\",\"position\":2,\"name\":\"Cart\u00e3o Azul UE em Portugal: Guia Completo para Profissionais Qualificados\"}]},{\"@type\":\"WebSite\",\"@id\":\"https:\\\/\\\/www.portugalresidencyadvisors.com\\\/pt-br\\\/#website\",\"url\":\"https:\\\/\\\/www.portugalresidencyadvisors.com\\\/pt-br\\\/\",\"name\":\"Portugal Residency Advisors\",\"description\":\"We help individuals wishing to work, study, retire, invest or moving to Portugal\",\"publisher\":{\"@id\":\"https:\\\/\\\/www.portugalresidencyadvisors.com\\\/pt-br\\\/#organization\"},\"alternateName\":\"Portugal Residency Made Easy\",\"potentialAction\":[{\"@type\":\"SearchAction\",\"target\":{\"@type\":\"EntryPoint\",\"urlTemplate\":\"https:\\\/\\\/www.portugalresidencyadvisors.com\\\/pt-br\\\/?s={search_term_string}\"},\"query-input\":{\"@type\":\"PropertyValueSpecification\",\"valueRequired\":true,\"valueName\":\"search_term_string\"}}],\"inLanguage\":\"pt-BR\"},{\"@type\":\"Organization\",\"@id\":\"https:\\\/\\\/www.portugalresidencyadvisors.com\\\/pt-br\\\/#organization\",\"name\":\"Consultores de resid\u00eancia em Portugal\",\"alternateName\":\"PTADV - Portugal Residency Advisors Unipessoal, Lda\",\"url\":\"https:\\\/\\\/www.portugalresidencyadvisors.com\\\/pt-br\\\/\",\"logo\":{\"@type\":\"ImageObject\",\"inLanguage\":\"pt-BR\",\"@id\":\"https:\\\/\\\/www.portugalresidencyadvisors.com\\\/pt-br\\\/#\\\/schema\\\/logo\\\/image\\\/\",\"url\":\"https:\\\/\\\/www.portugalresidencyadvisors.com\\\/wp-content\\\/uploads\\\/2023\\\/03\\\/Logotipo-Versao-Principal-01.png\",\"contentUrl\":\"https:\\\/\\\/www.portugalresidencyadvisors.com\\\/wp-content\\\/uploads\\\/2023\\\/03\\\/Logotipo-Versao-Principal-01.png\",\"width\":1772,\"height\":1182,\"caption\":\"Consultores de resid\u00eancia em Portugal\"},\"image\":{\"@id\":\"https:\\\/\\\/www.portugalresidencyadvisors.com\\\/pt-br\\\/#\\\/schema\\\/logo\\\/image\\\/\"},\"sameAs\":[\"https:\\\/\\\/www.facebook.com\\\/portugalresidencyadvisors\",\"https:\\\/\\\/x.com\\\/ptadvresidency\",\"https:\\\/\\\/www.linkedin.com\\\/company\\\/portugal-residency-advisors\\\/\"]},{\"@type\":\"Person\",\"@id\":\"https:\\\/\\\/www.portugalresidencyadvisors.com\\\/pt-br\\\/#\\\/schema\\\/person\\\/6f057f5c0f02227d7edc6b721277167d\",\"name\":\"Fernanda Souza\",\"image\":{\"@type\":\"ImageObject\",\"inLanguage\":\"pt-BR\",\"@id\":\"https:\\\/\\\/secure.gravatar.com\\\/avatar\\\/835409893163fcb2461edd0d16e3799fcf6903ed5dead9a5116fd5186837ec53?s=96&d=mm&r=g\",\"url\":\"https:\\\/\\\/secure.gravatar.com\\\/avatar\\\/835409893163fcb2461edd0d16e3799fcf6903ed5dead9a5116fd5186837ec53?s=96&d=mm&r=g\",\"contentUrl\":\"https:\\\/\\\/secure.gravatar.com\\\/avatar\\\/835409893163fcb2461edd0d16e3799fcf6903ed5dead9a5116fd5186837ec53?s=96&d=mm&r=g\",\"caption\":\"Fernanda Souza\"},\"url\":\"https:\\\/\\\/www.portugalresidencyadvisors.com\\\/pt-br\\\/author\\\/fernanda-souza\\\/\"}]}<\/script>\n<!-- \/ Yoast SEO plugin. -->","yoast_head_json":{"title":"Cart\u00e3o Azul UE em Portugal: Guia Completo para Profissionais Qualificados","description":"Descubra como funciona o Cart\u00e3o Azul UE em Portugal, as regras de elegibilidade, os requisitos salariais, os direitos da fam\u00edlia e o caminho para a resid\u00eancia permanente.","robots":{"index":"index","follow":"follow","max-snippet":"max-snippet:-1","max-image-preview":"max-image-preview:large","max-video-preview":"max-video-preview:-1"},"canonical":"https:\/\/www.portugalresidencyadvisors.com\/pt-br\/cartao-azul-ue-em-portugal-guia-completo-para-profissionais-qualificados\/","og_locale":"pt_BR","og_type":"article","og_title":"Cart\u00e3o Azul UE em Portugal: Guia Completo para Profissionais Qualificados","og_description":"Descubra como funciona o Cart\u00e3o Azul UE em Portugal, as regras de elegibilidade, os requisitos salariais, os direitos da fam\u00edlia e o caminho para a resid\u00eancia permanente.","og_url":"https:\/\/www.portugalresidencyadvisors.com\/pt-br\/cartao-azul-ue-em-portugal-guia-completo-para-profissionais-qualificados\/","og_site_name":"Portugal Residency Advisors","article_publisher":"https:\/\/www.facebook.com\/portugalresidencyadvisors","article_published_time":"2026-07-29T11:00:43+00:00","article_modified_time":"2026-07-30T12:57:36+00:00","og_image":[{"width":1920,"height":1303,"url":"https:\/\/www.portugalresidencyadvisors.com\/wp-content\/uploads\/2026\/07\/eu-blue-card-portugal-residency-advisors.webp","type":"image\/jpeg"}],"author":"Fernanda Souza","twitter_card":"summary_large_image","twitter_creator":"@ptadvresidency","twitter_site":"@ptadvresidency","twitter_misc":{"Escrito por":"Fernanda Souza","Est. tempo de leitura":"11 minutos"},"schema":{"@context":"https:\/\/schema.org","@graph":[{"@type":"Article","@id":"https:\/\/www.portugalresidencyadvisors.com\/pt-br\/cartao-azul-ue-em-portugal-guia-completo-para-profissionais-qualificados\/#article","isPartOf":{"@id":"https:\/\/www.portugalresidencyadvisors.com\/pt-br\/cartao-azul-ue-em-portugal-guia-completo-para-profissionais-qualificados\/"},"author":{"name":"Fernanda Souza","@id":"https:\/\/www.portugalresidencyadvisors.com\/pt-br\/#\/schema\/person\/6f057f5c0f02227d7edc6b721277167d"},"headline":"Cart\u00e3o Azul UE em Portugal: Guia Completo para Profissionais Qualificados","datePublished":"2026-07-29T11:00:43+00:00","dateModified":"2026-07-30T12:57:36+00:00","mainEntityOfPage":{"@id":"https:\/\/www.portugalresidencyadvisors.com\/pt-br\/cartao-azul-ue-em-portugal-guia-completo-para-profissionais-qualificados\/"},"wordCount":2160,"publisher":{"@id":"https:\/\/www.portugalresidencyadvisors.com\/pt-br\/#organization"},"image":{"@id":"https:\/\/www.portugalresidencyadvisors.com\/pt-br\/cartao-azul-ue-em-portugal-guia-completo-para-profissionais-qualificados\/#primaryimage"},"thumbnailUrl":"https:\/\/www.portugalresidencyadvisors.com\/wp-content\/uploads\/2026\/07\/eu-blue-card-portugal-residency-advisors.webp","articleSection":["Vistos","Outros vistos"],"inLanguage":"pt-BR"},{"@type":"WebPage","@id":"https:\/\/www.portugalresidencyadvisors.com\/pt-br\/cartao-azul-ue-em-portugal-guia-completo-para-profissionais-qualificados\/","url":"https:\/\/www.portugalresidencyadvisors.com\/pt-br\/cartao-azul-ue-em-portugal-guia-completo-para-profissionais-qualificados\/","name":"Cart\u00e3o Azul UE em Portugal: Guia Completo para Profissionais Qualificados","isPartOf":{"@id":"https:\/\/www.portugalresidencyadvisors.com\/pt-br\/#website"},"primaryImageOfPage":{"@id":"https:\/\/www.portugalresidencyadvisors.com\/pt-br\/cartao-azul-ue-em-portugal-guia-completo-para-profissionais-qualificados\/#primaryimage"},"image":{"@id":"https:\/\/www.portugalresidencyadvisors.com\/pt-br\/cartao-azul-ue-em-portugal-guia-completo-para-profissionais-qualificados\/#primaryimage"},"thumbnailUrl":"https:\/\/www.portugalresidencyadvisors.com\/wp-content\/uploads\/2026\/07\/eu-blue-card-portugal-residency-advisors.webp","datePublished":"2026-07-29T11:00:43+00:00","dateModified":"2026-07-30T12:57:36+00:00","description":"Descubra como funciona o Cart\u00e3o Azul UE em Portugal, as regras de elegibilidade, os requisitos salariais, os direitos da fam\u00edlia e o caminho para a resid\u00eancia permanente.","breadcrumb":{"@id":"https:\/\/www.portugalresidencyadvisors.com\/pt-br\/cartao-azul-ue-em-portugal-guia-completo-para-profissionais-qualificados\/#breadcrumb"},"inLanguage":"pt-BR","potentialAction":[{"@type":"ReadAction","target":["https:\/\/www.portugalresidencyadvisors.com\/pt-br\/cartao-azul-ue-em-portugal-guia-completo-para-profissionais-qualificados\/"]}]},{"@type":"ImageObject","inLanguage":"pt-BR","@id":"https:\/\/www.portugalresidencyadvisors.com\/pt-br\/cartao-azul-ue-em-portugal-guia-completo-para-profissionais-qualificados\/#primaryimage","url":"https:\/\/www.portugalresidencyadvisors.com\/wp-content\/uploads\/2026\/07\/eu-blue-card-portugal-residency-advisors.webp","contentUrl":"https:\/\/www.portugalresidencyadvisors.com\/wp-content\/uploads\/2026\/07\/eu-blue-card-portugal-residency-advisors.webp","width":1920,"height":1303,"caption":"people"},{"@type":"BreadcrumbList","@id":"https:\/\/www.portugalresidencyadvisors.com\/pt-br\/cartao-azul-ue-em-portugal-guia-completo-para-profissionais-qualificados\/#breadcrumb","itemListElement":[{"@type":"ListItem","position":1,"name":"Home","item":"https:\/\/www.portugalresidencyadvisors.com\/pt-br\/"},{"@type":"ListItem","position":2,"name":"Cart\u00e3o Azul UE em Portugal: Guia Completo para Profissionais Qualificados"}]},{"@type":"WebSite","@id":"https:\/\/www.portugalresidencyadvisors.com\/pt-br\/#website","url":"https:\/\/www.portugalresidencyadvisors.com\/pt-br\/","name":"Portugal Residency Advisors","description":"We help individuals wishing to work, study, retire, invest or moving to Portugal","publisher":{"@id":"https:\/\/www.portugalresidencyadvisors.com\/pt-br\/#organization"},"alternateName":"Portugal Residency Made Easy","potentialAction":[{"@type":"SearchAction","target":{"@type":"EntryPoint","urlTemplate":"https:\/\/www.portugalresidencyadvisors.com\/pt-br\/?s={search_term_string}"},"query-input":{"@type":"PropertyValueSpecification","valueRequired":true,"valueName":"search_term_string"}}],"inLanguage":"pt-BR"},{"@type":"Organization","@id":"https:\/\/www.portugalresidencyadvisors.com\/pt-br\/#organization","name":"Consultores de resid\u00eancia em Portugal","alternateName":"PTADV - Portugal Residency Advisors Unipessoal, Lda","url":"https:\/\/www.portugalresidencyadvisors.com\/pt-br\/","logo":{"@type":"ImageObject","inLanguage":"pt-BR","@id":"https:\/\/www.portugalresidencyadvisors.com\/pt-br\/#\/schema\/logo\/image\/","url":"https:\/\/www.portugalresidencyadvisors.com\/wp-content\/uploads\/2023\/03\/Logotipo-Versao-Principal-01.png","contentUrl":"https:\/\/www.portugalresidencyadvisors.com\/wp-content\/uploads\/2023\/03\/Logotipo-Versao-Principal-01.png","width":1772,"height":1182,"caption":"Consultores de resid\u00eancia em Portugal"},"image":{"@id":"https:\/\/www.portugalresidencyadvisors.com\/pt-br\/#\/schema\/logo\/image\/"},"sameAs":["https:\/\/www.facebook.com\/portugalresidencyadvisors","https:\/\/x.com\/ptadvresidency","https:\/\/www.linkedin.com\/company\/portugal-residency-advisors\/"]},{"@type":"Person","@id":"https:\/\/www.portugalresidencyadvisors.com\/pt-br\/#\/schema\/person\/6f057f5c0f02227d7edc6b721277167d","name":"Fernanda Souza","image":{"@type":"ImageObject","inLanguage":"pt-BR","@id":"https:\/\/secure.gravatar.com\/avatar\/835409893163fcb2461edd0d16e3799fcf6903ed5dead9a5116fd5186837ec53?s=96&d=mm&r=g","url":"https:\/\/secure.gravatar.com\/avatar\/835409893163fcb2461edd0d16e3799fcf6903ed5dead9a5116fd5186837ec53?s=96&d=mm&r=g","contentUrl":"https:\/\/secure.gravatar.com\/avatar\/835409893163fcb2461edd0d16e3799fcf6903ed5dead9a5116fd5186837ec53?s=96&d=mm&r=g","caption":"Fernanda Souza"},"url":"https:\/\/www.portugalresidencyadvisors.com\/pt-br\/author\/fernanda-souza\/"}]}},"_links":{"self":[{"href":"https:\/\/www.portugalresidencyadvisors.com\/pt-br\/wp-json\/wp\/v2\/posts\/60643","targetHints":{"allow":["GET"]}}],"collection":[{"href":"https:\/\/www.portugalresidencyadvisors.com\/pt-br\/wp-json\/wp\/v2\/posts"}],"about":[{"href":"https:\/\/www.portugalresidencyadvisors.com\/pt-br\/wp-json\/wp\/v2\/types\/post"}],"author":[{"embeddable":true,"href":"https:\/\/www.portugalresidencyadvisors.com\/pt-br\/wp-json\/wp\/v2\/users\/20"}],"replies":[{"embeddable":true,"href":"https:\/\/www.portugalresidencyadvisors.com\/pt-br\/wp-json\/wp\/v2\/comments?post=60643"}],"version-history":[{"count":1,"href":"https:\/\/www.portugalresidencyadvisors.com\/pt-br\/wp-json\/wp\/v2\/posts\/60643\/revisions"}],"predecessor-version":[{"id":60644,"href":"https:\/\/www.portugalresidencyadvisors.com\/pt-br\/wp-json\/wp\/v2\/posts\/60643\/revisions\/60644"}],"wp:featuredmedia":[{"embeddable":true,"href":"https:\/\/www.portugalresidencyadvisors.com\/pt-br\/wp-json\/wp\/v2\/media\/59865"}],"wp:attachment":[{"href":"https:\/\/www.portugalresidencyadvisors.com\/pt-br\/wp-json\/wp\/v2\/media?parent=60643"}],"wp:term":[{"taxonomy":"category","embeddable":true,"href":"https:\/\/www.portugalresidencyadvisors.com\/pt-br\/wp-json\/wp\/v2\/categories?post=60643"},{"taxonomy":"post_tag","embeddable":true,"href":"https:\/\/www.portugalresidencyadvisors.com\/pt-br\/wp-json\/wp\/v2\/tags?post=60643"}],"curies":[{"name":"wp","href":"https:\/\/api.w.org\/{rel}","templated":true}]}}