{"id":59434,"date":"2026-06-18T11:00:00","date_gmt":"2026-06-18T11:00:00","guid":{"rendered":"https:\/\/www.portugalresidencyadvisors.com\/guia-do-visto-de-transferencia-intraempresarial-ict-para-portugal-2026\/"},"modified":"2026-07-22T22:52:50","modified_gmt":"2026-07-22T22:52:50","slug":"visto-de-transferencia-intraempresarial-ict-portugal","status":"publish","type":"post","link":"https:\/\/www.portugalresidencyadvisors.com\/pt-br\/visto-de-transferencia-intraempresarial-ict-portugal\/","title":{"rendered":"Guia do Visto de Transfer\u00eancia Intraempresarial (ICT) para Portugal 2026"},"content":{"rendered":"\t\t<div data-elementor-type=\"wp-post\" data-elementor-id=\"59434\" class=\"elementor elementor-59434 elementor-52234\" data-elementor-post-type=\"post\">\n\t\t\t\t<div class=\"elementor-element elementor-element-c0da1c0 e-flex e-con-boxed e-con e-parent\" data-id=\"c0da1c0\" data-element_type=\"container\" data-e-type=\"container\">\n\t\t\t\t\t<div class=\"e-con-inner\">\n\t\t\t\t<div class=\"elementor-element elementor-element-14072e0 elementor-widget elementor-widget-text-editor\" data-id=\"14072e0\" data-element_type=\"widget\" data-e-type=\"widget\" data-widget_type=\"text-editor.default\">\n\t\t\t\t\t\t\t\t\t<p data-id=\"3nJYfK\" data-pm-slice=\"1 1 []\">Portugal tem sido cada vez mais atraente para empresas internacionais que procuram expandir as suas opera\u00e7\u00f5es na Europa. O Visto de Transfer\u00eancia Intraempresarial (ICT) de Portugal oferece uma oportunidade legal para empresas multinacionais transferirem gestores, especialistas e estagi\u00e1rios de uma empresa fora da Uni\u00e3o Europeia para uma sucursal, subsidi\u00e1ria ou empresa afiliada portuguesa. <\/p><p data-id=\"2I3uk6\">O Visto ICT permite que funcion\u00e1rios qualificados vivam e trabalhem em Portugal, mas tamb\u00e9m atendam \u00e0s necessidades operacionais e de desenvolvimento da sua organiza\u00e7\u00e3o. A autoriza\u00e7\u00e3o n\u00e3o s\u00f3 concede acesso ao ambiente de neg\u00f3cios din\u00e2mico de Portugal, como tamb\u00e9m pode abrir caminho para oportunidades de mobilidade dentro de alguns pa\u00edses europeus sob a estrutura ICT da UE. <\/p><p data-id=\"zbogpj\">Este guia abrange os requisitos do Visto ICT de Portugal, os crit\u00e9rios de elegibilidade, o processo de candidatura, os per\u00edodos de validade e os principais benef\u00edcios para empregadores e funcion\u00e1rios transferidos.<\/p>\t\t\t\t\t\t\t\t<\/div>\n\t\t\t\t\t<\/div>\n\t\t\t\t<\/div>\n\t\t<div class=\"elementor-element elementor-element-ea31379 e-flex e-con-boxed e-con e-parent\" data-id=\"ea31379\" data-element_type=\"container\" data-e-type=\"container\">\n\t\t\t\t\t<div class=\"e-con-inner\">\n\t\t\t\t<div class=\"elementor-element elementor-element-6695e1c elementor-widget elementor-widget-heading\" data-id=\"6695e1c\" data-element_type=\"widget\" data-e-type=\"widget\" data-widget_type=\"heading.default\">\n\t\t\t\t\t<h2 class=\"elementor-heading-title elementor-size-default\">Visto ICT de Portugal: Tudo o Que Voc\u00ea Precisa Saber<\/h2>\t\t\t\t<\/div>\n\t\t\t\t<div class=\"elementor-element elementor-element-a1a080d elementor-widget elementor-widget-text-editor\" data-id=\"a1a080d\" data-element_type=\"widget\" data-e-type=\"widget\" data-widget_type=\"text-editor.default\">\n\t\t\t\t\t\t\t\t\t<ul><li><strong>Processo mais simples:<\/strong> Desenvolvido sob as regras ICT da UE para permitir a transfer\u00eancia dentro do mesmo grupo corporativo.<\/li><li><strong>Principais vantagens:<\/strong> viver e trabalhar em Portugal, viajar pelos pa\u00edses Schengen, reagrupamento familiar.<\/li><li><strong>Requisitos Principais:<\/strong> Comprova\u00e7\u00e3o de v\u00ednculo empregat\u00edcio em empresa multinacional, qualifica\u00e7\u00f5es relevantes, seguro sa\u00fade, fundos suficientes e registro criminal limpo.<\/li><li><strong>Op\u00e7\u00f5es Futuras:<\/strong> Pode ser um trampolim para outras autoriza\u00e7\u00f5es de resid\u00eancia portuguesas que tenham op\u00e7\u00f5es de resid\u00eancia de longo prazo.<\/li><li data-id=\"lN9QAT\" data-pm-slice=\"1 1 []\"><strong>Visto de Transfer\u00eancia Corporativa<\/strong>: Esta categoria de visto \u00e9 para gestores, especialistas e estagi\u00e1rios de empresas multinacionais trabalharem em Portugal por at\u00e9 3 anos (1 ano para estagi\u00e1rios).<\/li><\/ul>\t\t\t\t\t\t\t\t<\/div>\n\t\t\t\t\t<\/div>\n\t\t\t\t<\/div>\n\t\t<div class=\"elementor-element elementor-element-f7e0361 e-flex e-con-boxed e-con e-parent\" data-id=\"f7e0361\" data-element_type=\"container\" data-e-type=\"container\">\n\t\t\t\t\t<div class=\"e-con-inner\">\n\t\t\t\t<div class=\"elementor-element elementor-element-2ed1de8 elementor-widget elementor-widget-heading\" data-id=\"2ed1de8\" data-element_type=\"widget\" data-e-type=\"widget\" data-widget_type=\"heading.default\">\n\t\t\t\t\t<h2 class=\"elementor-heading-title elementor-size-default\">O que \u00e9 o Visto ICT de Portugal?<\/h2>\t\t\t\t<\/div>\n\t\t\t\t<div class=\"elementor-element elementor-element-dc18b17 elementor-widget elementor-widget-text-editor\" data-id=\"dc18b17\" data-element_type=\"widget\" data-e-type=\"widget\" data-widget_type=\"text-editor.default\">\n\t\t\t\t\t\t\t\t\t<p data-id=\"0mL4UN\" data-pm-slice=\"1 1 []\">O Visto de Transfer\u00eancia Intraempresarial (ICT) de Portugal \u00e9 um visto de resid\u00eancia para funcion\u00e1rios de empresas multinacionais que est\u00e3o sendo transferidos de uma empresa fora da Uni\u00e3o Europeia para uma sucursal, subsidi\u00e1ria ou empresa associada em Portugal.<\/p><p data-id=\"4Idp0e\">As candidaturas t\u00edpicas incluem:<\/p><ul><li data-id=\"4Idp0e\">Gestores de equipes ou processos de neg\u00f3cios<\/li><li data-id=\"4Idp0e\">Especialistas com conhecimentos t\u00e9cnicos\/propriet\u00e1rios<\/li><li data-id=\"4Idp0e\">Programas de desenvolvimento profissional estruturados para estagi\u00e1rios<\/li><\/ul><p data-id=\"4Idp0e\">O Visto ICT permite que gestores e especialistas residam e trabalhem em Portugal por at\u00e9 tr\u00eas anos, enquanto os estagi\u00e1rios podem permanecer por no m\u00e1ximo um ano. Isso oferece uma solu\u00e7\u00e3o simples para empresas internacionais que precisam transferir pessoal-chave para Portugal temporariamente. <\/p>\t\t\t\t\t\t\t\t<\/div>\n\t\t\t\t<div class=\"elementor-element elementor-element-80dcc12 elementor-widget elementor-widget-image\" data-id=\"80dcc12\" data-element_type=\"widget\" data-e-type=\"widget\" data-widget_type=\"image.default\">\n\t\t\t\t\t\t\t\t\t\t\t\t\t\t\t<img fetchpriority=\"high\" decoding=\"async\" width=\"800\" height=\"534\" src=\"https:\/\/www.portugalresidencyadvisors.com\/wp-content\/uploads\/2026\/05\/ict-visa-portuggal-residency-advisors-1024x683.jpg\" class=\"attachment-large size-large wp-image-52240\" alt=\"business man walking\" srcset=\"https:\/\/www.portugalresidencyadvisors.com\/wp-content\/uploads\/2026\/05\/ict-visa-portuggal-residency-advisors-1024x683.jpg 1024w, https:\/\/www.portugalresidencyadvisors.com\/wp-content\/uploads\/2026\/05\/ict-visa-portuggal-residency-advisors-300x200.jpg 300w, https:\/\/www.portugalresidencyadvisors.com\/wp-content\/uploads\/2026\/05\/ict-visa-portuggal-residency-advisors-768x512.jpg 768w, https:\/\/www.portugalresidencyadvisors.com\/wp-content\/uploads\/2026\/05\/ict-visa-portuggal-residency-advisors-1536x1024.jpg 1536w, https:\/\/www.portugalresidencyadvisors.com\/wp-content\/uploads\/2026\/05\/ict-visa-portuggal-residency-advisors.jpg 1920w\" sizes=\"(max-width: 800px) 100vw, 800px\" \/>\t\t\t\t\t\t\t\t\t\t\t\t\t\t\t<\/div>\n\t\t\t\t\t<\/div>\n\t\t\t\t<\/div>\n\t\t<div class=\"elementor-element elementor-element-5c794c2 e-flex e-con-boxed e-con e-parent\" data-id=\"5c794c2\" data-element_type=\"container\" data-e-type=\"container\">\n\t\t\t\t\t<div class=\"e-con-inner\">\n\t\t\t\t<div class=\"elementor-element elementor-element-734ab08 elementor-widget elementor-widget-heading\" data-id=\"734ab08\" data-element_type=\"widget\" data-e-type=\"widget\" data-widget_type=\"heading.default\">\n\t\t\t\t\t<h2 class=\"elementor-heading-title elementor-size-default\">Visto de Trabalho de Portugal e Visto ICT de Portugal<\/h2>\t\t\t\t<\/div>\n\t\t\t\t<div class=\"elementor-element elementor-element-e852f06 elementor-widget elementor-widget-text-editor\" data-id=\"e852f06\" data-element_type=\"widget\" data-e-type=\"widget\" data-widget_type=\"text-editor.default\">\n\t\t\t\t\t\t\t\t\t<p data-id=\"9EIHed\" data-pm-slice=\"1 1 []\">Ambas as autoriza\u00e7\u00f5es permitem que cidad\u00e3os estrangeiros trabalhem em Portugal, mas para finalidades diferentes.<\/p><p data-id=\"X1vEB4\">O Visto ICT de Portugal destina-se a funcion\u00e1rios que j\u00e1 trabalham para uma empresa multinacional e est\u00e3o sendo transferidos para uma sucursal, subsidi\u00e1ria ou empresa afiliada portuguesa. Em outras palavras, o funcion\u00e1rio permanece no mesmo grupo corporativo e \u00e9 realocado internamente para Portugal. <\/p><p data-id=\"qtvZO1\">Em contrapartida, um <a href=\"https:\/\/www.portugalresidencyadvisors.com\/pt-br\/visto-trabalho-portugal\/\" target=\"_blank\" rel=\"noopener\">Visto de Trabalho Portugu\u00eas<\/a> padr\u00e3o \u00e9 destinado a indiv\u00edduos que receberam uma oferta de emprego diretamente de um empregador portugu\u00eas. A rela\u00e7\u00e3o de trabalho \u00e9 com a empresa portuguesa e n\u00e3o atrav\u00e9s de transfer\u00eancia interna. <\/p><p data-id=\"cH0l0O\">O Visto ICT \u00e9 uma boa op\u00e7\u00e3o para gestores, especialistas e estagi\u00e1rios que est\u00e3o sendo enviados para Portugal por tempo limitado. Ele oferece uma solu\u00e7\u00e3o eficiente para empresas internacionais que precisam transferir pessoal-chave, mas n\u00e3o podem contrat\u00e1-los localmente. <\/p><p data-id=\"iRE3uq\">Para os profissionais que planejam construir uma carreira de longo prazo em Portugal, o Visto de Trabalho regular \u00e9 normalmente a melhor escolha. \u00c9 mais condizente com as inten\u00e7\u00f5es de se estabelecer por um per\u00edodo mais longo e de se envolver no mercado de trabalho portugu\u00eas. <\/p><p data-id=\"SNjuTd\">Em \u00faltima an\u00e1lise, a op\u00e7\u00e3o correta depender\u00e1 das suas circunst\u00e2ncias. Se voc\u00ea estiver sendo transferido dentro do mesmo grupo empresarial, o Visto ICT \u00e9 provavelmente a rota correta. Se voc\u00ea estiver aceitando um novo emprego com um empregador em Portugal, normalmente precisar\u00e1 de um Visto de Trabalho padr\u00e3o.  <\/p>\t\t\t\t\t\t\t\t<\/div>\n\t\t\t\t<div class=\"elementor-element elementor-element-cdea539 elementor-widget elementor-widget-text-editor\" data-id=\"cdea539\" data-element_type=\"widget\" data-e-type=\"widget\" data-widget_type=\"text-editor.default\">\n\t\t\t\t\t\t\t\t\t<table><thead><tr><th>Recurso<\/th><th>Visto ICT<\/th><th>Visto de Trabalho (D1)<\/th><\/tr><\/thead><tbody><tr><td>Objetivo<\/td><td>Transfer\u00eancia dentro da mesma empresa multinacional<\/td><td>Emprego com um empregador portugu\u00eas<\/td><\/tr><tr><td>Rela\u00e7\u00e3o com o Empregador<\/td><td>Funcion\u00e1rio atual de um grupo empresarial<\/td><td>Nova contrata\u00e7\u00e3o por uma empresa portuguesa<\/td><\/tr><tr><td>Oferta de Emprego Necess\u00e1ria<\/td><td>Acordo de transfer\u00eancia interna<\/td><td>Contrato de trabalho portugu\u00eas<\/td><\/tr><tr><td>Candidatos Eleg\u00edveis<\/td><td>Gestores, especialistas e estagi\u00e1rios<\/td><td>Funcion\u00e1rios na maioria das profiss\u00f5es<\/td><\/tr><tr><td>Benef\u00edcios de Mobilidade na UE<\/td><td>Mobilidade limitada sob a estrutura de ICT da UE<\/td><td>Sem direitos espec\u00edficos de mobilidade ICT<\/td><\/tr><tr><td>Caminho para Resid\u00eancia de Longo Prazo<\/td><td>Autoriza\u00e7\u00e3o de designa\u00e7\u00e3o tempor\u00e1ria<\/td><td>Mais adequado para planejamento de resid\u00eancia de longo prazo<\/td><\/tr><tr><td>Dura\u00e7\u00e3o M\u00e1xima<\/td><td>At\u00e9 3 anos (1 ano para estagi\u00e1rios)<\/td><td>Autoriza\u00e7\u00e3o de resid\u00eancia renov\u00e1vel sem limites de ICT<\/td><\/tr><\/tbody><\/table>\t\t\t\t\t\t\t\t<\/div>\n\t\t\t\t\t<\/div>\n\t\t\t\t<\/div>\n\t\t<div class=\"elementor-element elementor-element-ed91777 e-flex e-con-boxed e-con e-parent\" data-id=\"ed91777\" data-element_type=\"container\" data-e-type=\"container\">\n\t\t\t\t\t<div class=\"e-con-inner\">\n\t\t\t\t<div class=\"elementor-element elementor-element-c4234a5 elementor-widget elementor-widget-heading\" data-id=\"c4234a5\" data-element_type=\"widget\" data-e-type=\"widget\" data-widget_type=\"heading.default\">\n\t\t\t\t\t<h2 class=\"elementor-heading-title elementor-size-default\">Requisitos do Visto ICT de Portugal<\/h2>\t\t\t\t<\/div>\n\t\t\t\t<div class=\"elementor-element elementor-element-b734163 elementor-widget elementor-widget-text-editor\" data-id=\"b734163\" data-element_type=\"widget\" data-e-type=\"widget\" data-widget_type=\"text-editor.default\">\n\t\t\t\t\t\t\t\t\t<p data-id=\"F7lhRF\" data-pm-slice=\"1 1 []\">Os requisitos de elegibilidade para o Visto ICT de Portugal s\u00e3o geralmente os seguintes: Trabalhar para uma empresa multinacional fora da UE, EEE ou Su\u00ed\u00e7a.<\/p><ul><li data-id=\"Y330GL\">Ser transferido para uma sucursal, subsidi\u00e1ria ou empresa afiliada portuguesa do mesmo grupo corporativo.<\/li><li data-id=\"Ca8g7W\">Ocupar um cargo como especialista, gestor ou estagi\u00e1rio.<\/li><li data-id=\"9lysbe\">Deve ter pelo menos tr\u00eas meses de emprego anterior na Empresa ou Grupo antes da transfer\u00eancia.<\/li><li data-id=\"SZMzGS\">Fornecer evid\u00eancias das qualifica\u00e7\u00f5es relevantes, experi\u00eancia profissional ou compet\u00eancias especiais que voc\u00ea possui e que s\u00e3o exigidas para o cargo.<\/li><li data-id=\"pUCKLt\">Comprova\u00e7\u00e3o de meios financeiros suficientes para se sustentar durante a estadia em Portugal.<\/li><li data-id=\"VWxQJd\">Ter um <a href=\"https:\/\/www.portugalresidencyadvisors.com\/pt-br\/seguro-viagem-visto-portugal\/\" target=\"_blank\" rel=\"noopener\">seguro sa\u00fade v\u00e1lido<\/a> para custos m\u00e9dicos em Portugal.<\/li><li data-id=\"wwv53R\">Certificado de registro criminal no pa\u00eds de resid\u00eancia ou origem;<\/li><li data-id=\"wwv53R\"><a href=\"https:\/\/www.portugalresidencyadvisors.com\/pt-br\/comprovante-alojamento-visto-portugal\/\" target=\"_blank\" rel=\"noopener\">Comprovante de alojamento em Portugal<\/a> (ex: contrato de aluguel, alojamento fornecido pelo empregador).<\/li><\/ul><p data-id=\"UGqGc9\">Estes requisitos s\u00e3o um passo importante para poder solicitar o Visto ICT de Portugal.<\/p>\t\t\t\t\t\t\t\t<\/div>\n\t\t\t\t\t<\/div>\n\t\t\t\t<\/div>\n\t\t<div class=\"elementor-element elementor-element-5024b06 e-flex e-con-boxed e-con e-parent\" data-id=\"5024b06\" data-element_type=\"container\" data-e-type=\"container\">\n\t\t\t\t\t<div class=\"e-con-inner\">\n\t\t\t\t<div class=\"elementor-element elementor-element-c56d364 elementor-widget elementor-widget-heading\" data-id=\"c56d364\" data-element_type=\"widget\" data-e-type=\"widget\" data-widget_type=\"heading.default\">\n\t\t\t\t\t<h2 class=\"elementor-heading-title elementor-size-default\">Formul\u00e1rio de Candidatura ao Visto ICT de Portugal<\/h2>\t\t\t\t<\/div>\n\t\t\t\t<div class=\"elementor-element elementor-element-92aca15 elementor-widget elementor-widget-text-editor\" data-id=\"92aca15\" data-element_type=\"widget\" data-e-type=\"widget\" data-widget_type=\"text-editor.default\">\n\t\t\t\t\t\t\t\t\t<p data-id=\"YY09pt\" data-pm-slice=\"1 1 []\">\u00c9 um processo de candidatura bastante simples e geralmente envolve as seguintes etapas:<\/p>\t\t\t\t\t\t\t\t<\/div>\n\t\t\t\t<div class=\"elementor-element elementor-element-ff8a1b5 elementor-widget elementor-widget-heading\" data-id=\"ff8a1b5\" data-element_type=\"widget\" data-e-type=\"widget\" data-widget_type=\"heading.default\">\n\t\t\t\t\t<h3 class=\"elementor-heading-title elementor-size-default\">1. Re\u00fana os documentos necess\u00e1rios<\/h3>\t\t\t\t<\/div>\n\t\t\t\t<div class=\"elementor-element elementor-element-8ed2fa6 elementor-widget elementor-widget-text-editor\" data-id=\"8ed2fa6\" data-element_type=\"widget\" data-e-type=\"widget\" data-widget_type=\"text-editor.default\">\n\t\t\t\t\t\t\t\t\t<p data-id=\"YY09pt\" data-pm-slice=\"1 1 []\">Tenha todos os seus documentos de suporte prontos antes de enviar a sua candidatura. Documentos que n\u00e3o estejam em ingl\u00eas ou portugu\u00eas podem exigir tradu\u00e7\u00e3o, legaliza\u00e7\u00e3o ou apostilamento. <\/p><p data-id=\"3yOuO6\">Requisitos gerais:<\/p><ul><li>Passaporte v\u00e1lido por pelo menos tr\u00eas meses ap\u00f3s a data prevista de sa\u00edda.<\/li><li data-id=\"ihOJwk\">Candidatura ao Visto ICT de Portugal. Preenchida e assinada. <\/li><li data-id=\"ScNxbn\">Fotografias recentes tipo passe.<\/li><li data-id=\"s70gyR\">Contrato de trabalho ou acordo de transfer\u00eancia intraempresarial declarando o seu cargo, sal\u00e1rio e dura\u00e7\u00e3o da perman\u00eancia em Portugal.<\/li><li data-id=\"lWLVEP\">Comprovante de emprego anterior dentro do grupo da empresa, como contratos de trabalho ou holerites recentes.<\/li><li data-id=\"snQxhz\">Evid\u00eancia de qualifica\u00e7\u00f5es profissionais, compet\u00eancias ou experi\u00eancia de trabalho relevante.<\/li><li data-id=\"UpHDKt\">Certificado de registro criminal do seu pa\u00eds de origem ou nacionalidade.<\/li><li data-id=\"LbXof0\">Comprovante de alojamento em Portugal.<\/li><li data-id=\"sCfTT8\">Seguro sa\u00fade em Portugal que cubra custos m\u00e9dicos de forma eficiente.<\/li><li data-id=\"zfXx0Z\">Comprova\u00e7\u00e3o de fundos, como extratos banc\u00e1rios ou uma declara\u00e7\u00e3o de responsabilidade financeira do seu empregador.<\/li><\/ul><p data-id=\"h9or5S\">Os requisitos de documentos variam de consulado para consulado e voc\u00ea deve verificar a lista exata no Consulado Portugu\u00eas onde far\u00e1 a solicita\u00e7\u00e3o.<\/p>\t\t\t\t\t\t\t\t<\/div>\n\t\t\t\t<div class=\"elementor-element elementor-element-9da1a94 elementor-widget elementor-widget-heading\" data-id=\"9da1a94\" data-element_type=\"widget\" data-e-type=\"widget\" data-widget_type=\"heading.default\">\n\t\t\t\t\t<h3 class=\"elementor-heading-title elementor-size-default\">2. Enviar o Pedido de Visto<\/h3>\t\t\t\t<\/div>\n\t\t\t\t<div class=\"elementor-element elementor-element-e898c61 elementor-widget elementor-widget-text-editor\" data-id=\"e898c61\" data-element_type=\"widget\" data-e-type=\"widget\" data-widget_type=\"text-editor.default\">\n\t\t\t\t\t\t\t\t\t<p data-id=\"6l3Ocz\" data-pm-slice=\"1 1 []\">O pedido \u00e9 normalmente submetido atrav\u00e9s do Consulado ou Embaixada de Portugal respons\u00e1vel pela sua \u00e1rea de resid\u00eancia. Em alguns pa\u00edses, as candidaturas s\u00e3o geridas atrav\u00e9s dos centros de vistos da VFS Global. <\/p>\t\t\t\t\t\t\t\t<\/div>\n\t\t\t\t<div class=\"elementor-element elementor-element-d701333 elementor-widget elementor-widget-heading\" data-id=\"d701333\" data-element_type=\"widget\" data-e-type=\"widget\" data-widget_type=\"heading.default\">\n\t\t\t\t\t<h3 class=\"elementor-heading-title elementor-size-default\">3. Aguarde a decis\u00e3o<\/h3>\t\t\t\t<\/div>\n\t\t\t\t<div class=\"elementor-element elementor-element-baf5d2d elementor-widget elementor-widget-text-editor\" data-id=\"baf5d2d\" data-element_type=\"widget\" data-e-type=\"widget\" data-widget_type=\"text-editor.default\">\n\t\t\t\t\t\t\t\t\t<p class=\"p1\">Os tempos de processamento do seu visto variam, mas a maioria das candidaturas \u00e9 processada entre 30 a 60 dias. Nesta fase, as autoridades de imigra\u00e7\u00e3o portuguesas revisam a transfer\u00eancia e a documenta\u00e7\u00e3o de suporte. <\/p>\t\t\t\t\t\t\t\t<\/div>\n\t\t\t\t<div class=\"elementor-element elementor-element-701b17d elementor-widget elementor-widget-heading\" data-id=\"701b17d\" data-element_type=\"widget\" data-e-type=\"widget\" data-widget_type=\"heading.default\">\n\t\t\t\t\t<h3 class=\"elementor-heading-title elementor-size-default\">4. Explore Portugal<\/h3>\t\t\t\t<\/div>\n\t\t\t\t<div class=\"elementor-element elementor-element-5c5ade0 elementor-widget elementor-widget-text-editor\" data-id=\"5c5ade0\" data-element_type=\"widget\" data-e-type=\"widget\" data-widget_type=\"text-editor.default\">\n\t\t\t\t\t\t\t\t\t<p data-id=\"IngRQb\" data-pm-slice=\"1 1 []\">Se a candidatura for aprovada, ser-lhe-\u00e1 concedido um visto de resid\u00eancia de 4 meses e duas entradas em Portugal.<\/p>\t\t\t\t\t\t\t\t<\/div>\n\t\t\t\t<div class=\"elementor-element elementor-element-fa36397 elementor-widget elementor-widget-heading\" data-id=\"fa36397\" data-element_type=\"widget\" data-e-type=\"widget\" data-widget_type=\"heading.default\">\n\t\t\t\t\t<h3 class=\"elementor-heading-title elementor-size-default\">5. V\u00e1 ao seu agendamento na AIMA<\/h3>\t\t\t\t<\/div>\n\t\t\t\t<div class=\"elementor-element elementor-element-a233dc8 elementor-widget elementor-widget-text-editor\" data-id=\"a233dc8\" data-element_type=\"widget\" data-e-type=\"widget\" data-widget_type=\"text-editor.default\">\n\t\t\t\t\t\t\t\t\t<p data-id=\"TXv0F5\" data-pm-slice=\"1 1 []\">Uma vez em Portugal, voc\u00ea precisa ir a um <a href=\"https:\/\/www.portugalresidencyadvisors.com\/pt-br\/agendamento-biometria-portugal\/\" target=\"_blank\" rel=\"noopener\">agendamento com a AIMA<\/a> para fornecer dados biom\u00e9tricos e apresentar os documentos originais. Ap\u00f3s a aprova\u00e7\u00e3o, a sua autoriza\u00e7\u00e3o de resid\u00eancia ser\u00e1 emitida pela dura\u00e7\u00e3o da designa\u00e7\u00e3o de transfer\u00eancia. <\/p><p data-id=\"wuSTW1\">Geralmente, gestores e especialistas recebem uma autoriza\u00e7\u00e3o v\u00e1lida por um per\u00edodo de at\u00e9 tr\u00eas anos, e estagi\u00e1rios \u2013 at\u00e9 um ano.<\/p>\t\t\t\t\t\t\t\t<\/div>\n\t\t\t\t\t<\/div>\n\t\t\t\t<\/div>\n\t\t<div class=\"elementor-element elementor-element-3176c9b1 banner e-flex e-con-boxed e-con e-parent\" data-id=\"3176c9b1\" data-element_type=\"container\" data-e-type=\"container\" data-settings=\"{&quot;background_background&quot;:&quot;classic&quot;}\">\n\t\t\t\t\t<div class=\"e-con-inner\">\n\t\t\t\t<div class=\"elementor-element elementor-element-72bd86da hwhite elementor-widget elementor-widget-heading\" data-id=\"72bd86da\" data-element_type=\"widget\" data-e-type=\"widget\" data-settings=\"{&quot;_animation&quot;:&quot;none&quot;,&quot;_animation_delay&quot;:900}\" data-widget_type=\"heading.default\">\n\t\t\t\t\t<h2 class=\"elementor-heading-title elementor-size-default\">Entre em contato conosco<\/h2>\t\t\t\t<\/div>\n\t\t\t\t<div class=\"elementor-element elementor-element-4a81b9fa elementor-widget elementor-widget-text-editor\" data-id=\"4a81b9fa\" data-element_type=\"widget\" data-e-type=\"widget\" data-widget_type=\"text-editor.default\">\n\t\t\t\t\t\t\t\t\t<p>A Portugal Residency Advisors\u00ae j\u00e1 ajudou centenas de fam\u00edlias e investidores internacionais a obter resid\u00eancia, cidadania e investimentos em Portugal. Entre em contato com um especialista hoje e descubra como podemos te ajudar a iniciar a tua jornada para Portugal. <\/p>\t\t\t\t\t\t\t\t<\/div>\n\t\t\t\t<div class=\"elementor-element elementor-element-1a8a80da elementor-align-center button-link-black elementor-widget elementor-widget-button\" data-id=\"1a8a80da\" data-element_type=\"widget\" data-e-type=\"widget\" data-widget_type=\"button.default\">\n\t\t\t\t\t\t\t\t\t\t<a class=\"elementor-button elementor-button-link elementor-size-md\" href=\"#onpage-contact-form\">\n\t\t\t\t\t\t<span class=\"elementor-button-content-wrapper\">\n\t\t\t\t\t\t\t\t\t<span class=\"elementor-button-text\">Comece agora<\/span>\n\t\t\t\t\t<\/span>\n\t\t\t\t\t<\/a>\n\t\t\t\t\t\t\t\t<\/div>\n\t\t\t\t\t<\/div>\n\t\t\t\t<\/div>\n\t\t<div class=\"elementor-element elementor-element-fd8d0cb e-flex e-con-boxed e-con e-parent\" data-id=\"fd8d0cb\" data-element_type=\"container\" data-e-type=\"container\">\n\t\t\t\t\t<div class=\"e-con-inner\">\n\t\t\t\t<div class=\"elementor-element elementor-element-b8e6a5f elementor-widget elementor-widget-heading\" data-id=\"b8e6a5f\" data-element_type=\"widget\" data-e-type=\"widget\" data-widget_type=\"heading.default\">\n\t\t\t\t\t<h2 class=\"elementor-heading-title elementor-size-default\">Vantagens do Visto ICT de Portugal<\/h2>\t\t\t\t<\/div>\n\t\t\t\t<div class=\"elementor-element elementor-element-f382adb elementor-widget elementor-widget-text-editor\" data-id=\"f382adb\" data-element_type=\"widget\" data-e-type=\"widget\" data-widget_type=\"text-editor.default\">\n\t\t\t\t\t\t\t\t\t<p data-id=\"jD5hiP\" data-pm-slice=\"1 3 []\">Aqui est\u00e3o alguns dos benef\u00edcios do Visto ICT de Portugal para funcion\u00e1rios e empresas multinacionais: Trabalhar Legalmente em Portugal: Trabalhe em Portugal legalmente durante a sua designa\u00e7\u00e3o sem uma autoriza\u00e7\u00e3o de trabalho separada.<\/p><ul><li data-id=\"Ir76S7\"><strong>Reagrupamento familiar:<\/strong> Voc\u00ea pode trazer o seu c\u00f4njuge e filhos dependentes para Portugal e eles podem ter acesso \u00e0 educa\u00e7\u00e3o e sa\u00fade.<\/li><li data-id=\"qMDPnc\"><strong>Desenvolvimento de Carreira Internacional<\/strong>: Experi\u00eancia internacional em um dos locais de neg\u00f3cios mais atraentes da Europa.<\/li><li data-id=\"0J9XEq\"><strong>Mobilidade Europeia:<\/strong> Em alguns casos, os titulares de autoriza\u00e7\u00e3o ICT podem ser eleg\u00edveis para assumir designa\u00e7\u00f5es em outros pa\u00edses da UE sob a estrutura ICT da UE.<\/li><li data-id=\"GHpSeV\"><strong>Alta Qualidade de Vida:<\/strong> Desfrute do excelente clima de Portugal, seguran\u00e7a, sistema de sa\u00fade e custo de vida relativamente baixo em compara\u00e7\u00e3o com muitos outros pa\u00edses da Europa Ocidental.<\/li><li data-id=\"smLvje\"><strong>Caminho para Oportunidades Futuras:<\/strong> Dependendo dos seus planos de longo prazo, a experi\u00eancia e o per\u00edodo de resid\u00eancia em Portugal podem abrir portas para outras op\u00e7\u00f5es de autoriza\u00e7\u00e3o de resid\u00eancia no futuro.<\/li><\/ul>\t\t\t\t\t\t\t\t<\/div>\n\t\t\t\t\t<\/div>\n\t\t\t\t<\/div>\n\t\t<div class=\"elementor-element elementor-element-d6a259e e-flex e-con-boxed e-con e-parent\" data-id=\"d6a259e\" data-element_type=\"container\" data-e-type=\"container\">\n\t\t\t\t\t<div class=\"e-con-inner\">\n\t\t\t\t<div class=\"elementor-element elementor-element-c7056fa elementor-widget elementor-widget-heading\" data-id=\"c7056fa\" data-element_type=\"widget\" data-e-type=\"widget\" data-widget_type=\"heading.default\">\n\t\t\t\t\t<h2 class=\"elementor-heading-title elementor-size-default\">Dificuldades Comuns ao Solicitar o Visto ICT de Portugal<\/h2>\t\t\t\t<\/div>\n\t\t\t\t<div class=\"elementor-element elementor-element-0885aef elementor-widget elementor-widget-text-editor\" data-id=\"0885aef\" data-element_type=\"widget\" data-e-type=\"widget\" data-widget_type=\"text-editor.default\">\n\t\t\t\t\t\t\t\t\t<p data-id=\"Wz6gip\" data-pm-slice=\"1 1 []\">O processo do Visto ICT de Portugal \u00e9 geralmente simples, mas existem algumas quest\u00f5es pr\u00e1ticas que voc\u00ea pode enfrentar como requerente.<\/p><h4 data-id=\"PozoV8\">Disponibilidade Limitada para Agendamentos<\/h4><p data-id=\"PozoV8\">Dependendo do pa\u00eds de onde voc\u00ea est\u00e1 solicitando, pode levar tempo para conseguir um agendamento no Consulado Portugu\u00eas ou no centro VFS Global. \u00c9 melhor iniciar o processo bem antes da data da transfer\u00eancia pretendida. <\/p><h4 data-id=\"fcJpfC\">Atrasos no Processamento de Vistos<\/h4><p data-id=\"fcJpfC\">Os consulados podem ter <a href=\"https:\/\/www.portugalresidencyadvisors.com\/pt-br\/atrasos-agendamento-vfs-portugal\/\" target=\"_blank\" rel=\"noopener\">tempos de processamento muito variados<\/a>. Uma candidatura completa e bem preparada ajudar\u00e1 a evitar atrasos desnecess\u00e1rios. <\/p><h4 data-id=\"cu62uG\">Agendamento de consulta na AIMA<\/h4><p data-id=\"c1DBkt\">Em alguns casos, os candidatos recebem o visto antes de obter um agendamento com a AIMA para a autoriza\u00e7\u00e3o de resid\u00eancia. Ap\u00f3s chegar a Portugal, \u00e9 importante monitorar ativamente as comunica\u00e7\u00f5es e fazer o acompanhamento necess\u00e1rio para garantir o seu agendamento. <\/p><h4 data-id=\"MRc9N3\">Limita\u00e7\u00f5es de Viagem Durante o Processo de Autoriza\u00e7\u00e3o de Resid\u00eancia<\/h4><p data-id=\"QqYQxL\">At\u00e9 que o seu cart\u00e3o de autoriza\u00e7\u00e3o de resid\u00eancia seja emitido, viagens internacionais podem ser mais complicadas. Por esse motivo, muitos candidatos optam por limitar viagens n\u00e3o essenciais durante este per\u00edodo. <\/p><p data-id=\"4zdArR\">Um melhor planejamento e a garantia de que toda a documenta\u00e7\u00e3o esteja bem preparada ajudar\u00e3o a reduzir significativamente os atrasos e tornar o processo de realoca\u00e7\u00e3o mais tranquilo.<\/p>\t\t\t\t\t\t\t\t<\/div>\n\t\t\t\t\t<\/div>\n\t\t\t\t<\/div>\n\t\t<div class=\"elementor-element elementor-element-475fafc e-flex e-con-boxed e-con e-parent\" data-id=\"475fafc\" data-element_type=\"container\" data-e-type=\"container\">\n\t\t\t\t\t<div class=\"e-con-inner\">\n\t\t\t\t<div class=\"elementor-element elementor-element-313b74b elementor-widget elementor-widget-heading\" data-id=\"313b74b\" data-element_type=\"widget\" data-e-type=\"widget\" data-widget_type=\"heading.default\">\n\t\t\t\t\t<h2 class=\"elementor-heading-title elementor-size-default\">Custos do Visto ICT de Portugal<\/h2>\t\t\t\t<\/div>\n\t\t\t\t<div class=\"elementor-element elementor-element-69b302f elementor-widget elementor-widget-text-editor\" data-id=\"69b302f\" data-element_type=\"widget\" data-e-type=\"widget\" data-widget_type=\"text-editor.default\">\n\t\t\t\t\t\t\t\t\t<p data-id=\"ZUn0xH\" data-pm-slice=\"1 1 []\">O custo total para obter um Visto ICT de Portugal depender\u00e1 da sua situa\u00e7\u00e3o e em qual pa\u00eds voc\u00ea se candidata. Os custos habituais s\u00e3o: <\/p><ul><li> <strong> Taxa de solicita\u00e7\u00e3o de visto:<\/strong> Normalmente entre 90-120 \u20ac, dependendo do seu Consulado Portugu\u00eas ou centro de vistos.<\/li><li data-id=\"6tcru7\"><strong>Taxa da Autoriza\u00e7\u00e3o de Resid\u00eancia:<\/strong> Geralmente entre 80 \u20ac e 150 \u20ac, pagos \u00e0 AIMA ao solicitar a autoriza\u00e7\u00e3o de resid\u00eancia.<\/li><li data-id=\"lxWUSN\"><strong>Custos de legaliza\u00e7\u00e3o e tradu\u00e7\u00e3o:<\/strong> Os custos dependem do n\u00famero de documentos que devem ser traduzidos, autenticados ou apostilados. O pre\u00e7o varia de 50 a 300 euros. <\/li><li data-id=\"VcbLZZ\"><strong>Ajuda Profissional (Opcional):<\/strong> Consultores de imigra\u00e7\u00e3o ou advogados podem ajudar no processo de candidatura. Eles costumam cobrar entre 1.500 \u20ac e 2.500 \u20ac. <\/li><\/ul><p data-id=\"GpEBeb\">Os requerentes tamb\u00e9m precisam considerar outros custos, como viagem, hotel, seguro sa\u00fade e custos de obten\u00e7\u00e3o de documentos do seu pa\u00eds de origem.<\/p>\t\t\t\t\t\t\t\t<\/div>\n\t\t\t\t\t<\/div>\n\t\t\t\t<\/div>\n\t\t<div class=\"elementor-element elementor-element-835207b e-flex e-con-boxed e-con e-parent\" data-id=\"835207b\" data-element_type=\"container\" data-e-type=\"container\">\n\t\t\t\t\t<div class=\"e-con-inner\">\n\t\t\t\t<div class=\"elementor-element elementor-element-29fc17d elementor-widget elementor-widget-heading\" data-id=\"29fc17d\" data-element_type=\"widget\" data-e-type=\"widget\" data-widget_type=\"heading.default\">\n\t\t\t\t\t<h2 class=\"elementor-heading-title elementor-size-default\">Como podemos ajudar<\/h2>\t\t\t\t<\/div>\n\t\t\t\t<div class=\"elementor-element elementor-element-36da934 elementor-widget elementor-widget-text-editor\" data-id=\"36da934\" data-element_type=\"widget\" data-e-type=\"widget\" data-widget_type=\"text-editor.default\">\n\t\t\t\t\t\t\t\t\t<h4 class=\"p1\">Expertise local<\/h4><p class=\"p1\">Conhecemos Portugal como ningu\u00e9m. Ao focar exclusivamente em um \u00fanico pa\u00eds, oferecemos orienta\u00e7\u00f5es claras e pr\u00e1ticas, baseadas em profundo conhecimento local. <\/p><h4 class=\"p1\">Orienta\u00e7\u00e3o honesta<\/h4><p class=\"p1\">Recomendamos o que realmente \u00e9 melhor para voc\u00ea. Nossa orienta\u00e7\u00e3o \u00e9 baseada em experi\u00eancia real, ajudando clientes a economizar tempo e dinheiro com pre\u00e7os transparentes e justos. <\/p><h4 class=\"p1\">Solu\u00e7\u00e3o completa<\/h4><p class=\"p1\">Um \u00fanico ponto de contato para toda a sua realoca\u00e7\u00e3o. Da escolha do visto certo \u00e0 busca do seu novo lar e \u00e0 adapta\u00e7\u00e3o em Portugal, apoiamos voc\u00ea em cada etapa. <\/p><h4 class=\"p1\">Processo cont\u00ednuo<\/h4><p class=\"p1\">A tecnologia nos ajuda a simplificar o processo e reduzir a burocracia para nossos clientes. Como clientes tamb\u00e9m, entendemos como oferecer uma experi\u00eancia tranquila e eficiente. <\/p><p class=\"p1\"><span class=\"s1\"><a href=\"https:\/\/www.portugalresidencyadvisors.com\/relocation-to-portugal\/\">Descubra 10 Raz\u00f5es para Nos Escolher para a Sua Mudan\u00e7a para Portugal<\/a><\/span><\/p>\t\t\t\t\t\t\t\t<\/div>\n\t\t\t\t\t<\/div>\n\t\t\t\t<\/div>\n\t\t<div class=\"elementor-element elementor-element-507a4aa4 e-flex e-con-boxed e-con e-parent\" data-id=\"507a4aa4\" data-element_type=\"container\" data-e-type=\"container\">\n\t\t\t\t\t<div class=\"e-con-inner\">\n\t\t\t\t<div class=\"elementor-element elementor-element-7b16c2d5 elementor-view-default elementor-widget elementor-widget-icon\" data-id=\"7b16c2d5\" data-element_type=\"widget\" data-e-type=\"widget\" data-widget_type=\"icon.default\">\n\t\t\t\t\t\t\t<div class=\"elementor-icon-wrapper\">\n\t\t\t<div class=\"elementor-icon\">\n\t\t\t<svg xmlns=\"http:\/\/www.w3.org\/2000\/svg\" id=\"uuid-bbaa4b9d-eacc-4da7-8f1d-9d529f2f4582\" viewBox=\"0 0 171.03 171.16\"><g id=\"uuid-262094c7-4038-4617-8b78-fa7c3c7887c3\"><path d=\"m95.36,171.16h-19.82v-46.1c0-16.3-13.26-29.57-29.57-29.57H0v-19.82h45.98c27.23,0,49.39,22.15,49.39,49.39v46.1Z\"><\/path><path d=\"m75.67,0h19.82v46.1c0,16.3,13.26,29.57,29.57,29.57h45.98v19.82h-45.98c-27.23,0-49.39-22.15-49.39-49.39V0Z\"><\/path><path d=\"m24.1,161.01l-14.01-14.01,28.94-28.94c3.87-3.87,10.14-3.87,14.01,0h0c3.87,3.87,3.87,10.14,0,14.01l-28.94,28.94Z\"><\/path><path d=\"m146.94,10.15l14.01,14.01-28.94,28.94c-3.87,3.87-10.14,3.87-14.01,0h0c-3.87-3.87-3.87-10.14,0-14.01l28.94-28.94Z\"><\/path><path d=\"m160.95,147l-14.01,14.01-28.94-28.94c-3.87-3.87-3.87-10.14,0-14.01h0c3.87-3.87,10.14-3.87,14.01,0l28.94,28.94Z\"><\/path><path d=\"m10.08,24.16l14.01-14.01,28.94,28.94c3.87,3.87,3.87,10.14,0,14.01h0c-3.87,3.87-10.14,3.87-14.01,0L10.08,24.16Z\"><\/path><\/g><\/svg>\t\t\t<\/div>\n\t\t<\/div>\n\t\t\t\t\t\t<\/div>\n\t\t\t\t<div class=\"elementor-element elementor-element-1f82dd35 elementor-widget elementor-widget-heading\" data-id=\"1f82dd35\" data-element_type=\"widget\" data-e-type=\"widget\" data-widget_type=\"heading.default\">\n\t\t\t\t\t<h2 class=\"elementor-heading-title elementor-size-default\">Suas perguntas respondidas<\/h2>\t\t\t\t<\/div>\n\t\t\t\t<div class=\"elementor-element elementor-element-3239e19f faq-content elementor-widget elementor-widget-n-accordion\" data-id=\"3239e19f\" data-element_type=\"widget\" data-e-type=\"widget\" data-settings=\"{&quot;default_state&quot;:&quot;all_collapsed&quot;,&quot;max_items_expended&quot;:&quot;one&quot;,&quot;n_accordion_animation_duration&quot;:{&quot;unit&quot;:&quot;ms&quot;,&quot;size&quot;:400,&quot;sizes&quot;:[]}}\" data-widget_type=\"nested-accordion.default\">\n\t\t\t\t\t\t\t<div class=\"e-n-accordion\" aria-label=\"Accordion. Open links with Enter or Space, close with Escape, and navigate with Arrow Keys\">\n\t\t\t\t\t\t<details id=\"e-n-accordion-item-8420\" class=\"e-n-accordion-item\" >\n\t\t\t\t<summary class=\"e-n-accordion-item-title\" data-accordion-index=\"1\" tabindex=\"0\" aria-expanded=\"false\" aria-controls=\"e-n-accordion-item-8420\" >\n\t\t\t\t\t<span class='e-n-accordion-item-title-header'><div class=\"e-n-accordion-item-title-text\"> O que \u00e9 o Visto ICT Portugu\u00eas? <\/div><\/span>\n\t\t\t\t\t\t\t<span class='e-n-accordion-item-title-icon'>\n\t\t\t<span class='e-opened' ><svg aria-hidden=\"true\" class=\"e-font-icon-svg e-fas-times\" viewBox=\"0 0 352 512\" xmlns=\"http:\/\/www.w3.org\/2000\/svg\"><path d=\"M242.72 256l100.07-100.07c12.28-12.28 12.28-32.19 0-44.48l-22.24-22.24c-12.28-12.28-32.19-12.28-44.48 0L176 189.28 75.93 89.21c-12.28-12.28-32.19-12.28-44.48 0L9.21 111.45c-12.28 12.28-12.28 32.19 0 44.48L109.28 256 9.21 356.07c-12.28 12.28-12.28 32.19 0 44.48l22.24 22.24c12.28 12.28 32.2 12.28 44.48 0L176 322.72l100.07 100.07c12.28 12.28 32.2 12.28 44.48 0l22.24-22.24c12.28-12.28 12.28-32.19 0-44.48L242.72 256z\"><\/path><\/svg><\/span>\n\t\t\t<span class='e-closed'><svg aria-hidden=\"true\" class=\"e-font-icon-svg e-fas-caret-down\" viewBox=\"0 0 320 512\" xmlns=\"http:\/\/www.w3.org\/2000\/svg\"><path d=\"M31.3 192h257.3c17.8 0 26.7 21.5 14.1 34.1L174.1 354.8c-7.8 7.8-20.5 7.8-28.3 0L17.2 226.1C4.6 213.5 13.5 192 31.3 192z\"><\/path><\/svg><\/span>\n\t\t<\/span>\n\n\t\t\t\t\t\t<\/summary>\n\t\t\t\t<div role=\"region\" aria-labelledby=\"e-n-accordion-item-8420\" class=\"elementor-element elementor-element-4d2b04cd e-con-full e-flex e-con e-child\" data-id=\"4d2b04cd\" data-element_type=\"container\" data-e-type=\"container\">\n\t\t\t\t<div class=\"elementor-element elementor-element-595bbb4 elementor-widget elementor-widget-text-editor\" data-id=\"595bbb4\" data-element_type=\"widget\" data-e-type=\"widget\" data-widget_type=\"text-editor.default\">\n\t\t\t\t\t\t\t\t\t<p data-id=\"PuhpfR\" data-pm-slice=\"1 1 []\">O Visto ICT (Transfer\u00eancia Intraempresarial) de Portugal permite que empresas multinacionais transfiram gestores, especialistas e estagi\u00e1rios de um escrit\u00f3rio fora da UE para uma sucursal, subsidi\u00e1ria ou empresa associada em Portugal. Ele oferece um meio legal para os funcion\u00e1rios viverem e trabalharem em Portugal durante a sua designa\u00e7\u00e3o. <\/p>\t\t\t\t\t\t\t\t<\/div>\n\t\t\t\t<\/div>\n\t\t\t\t\t<\/details>\n\t\t\t\t\t\t<details id=\"e-n-accordion-item-8421\" class=\"e-n-accordion-item\" >\n\t\t\t\t<summary class=\"e-n-accordion-item-title\" data-accordion-index=\"2\" tabindex=\"-1\" aria-expanded=\"false\" aria-controls=\"e-n-accordion-item-8421\" >\n\t\t\t\t\t<span class='e-n-accordion-item-title-header'><div class=\"e-n-accordion-item-title-text\"> Quem pode solicitar um visto ICT? <\/div><\/span>\n\t\t\t\t\t\t\t<span class='e-n-accordion-item-title-icon'>\n\t\t\t<span class='e-opened' ><svg aria-hidden=\"true\" class=\"e-font-icon-svg e-fas-times\" viewBox=\"0 0 352 512\" xmlns=\"http:\/\/www.w3.org\/2000\/svg\"><path d=\"M242.72 256l100.07-100.07c12.28-12.28 12.28-32.19 0-44.48l-22.24-22.24c-12.28-12.28-32.19-12.28-44.48 0L176 189.28 75.93 89.21c-12.28-12.28-32.19-12.28-44.48 0L9.21 111.45c-12.28 12.28-12.28 32.19 0 44.48L109.28 256 9.21 356.07c-12.28 12.28-12.28 32.19 0 44.48l22.24 22.24c12.28 12.28 32.2 12.28 44.48 0L176 322.72l100.07 100.07c12.28 12.28 32.2 12.28 44.48 0l22.24-22.24c12.28-12.28 12.28-32.19 0-44.48L242.72 256z\"><\/path><\/svg><\/span>\n\t\t\t<span class='e-closed'><svg aria-hidden=\"true\" class=\"e-font-icon-svg e-fas-caret-down\" viewBox=\"0 0 320 512\" xmlns=\"http:\/\/www.w3.org\/2000\/svg\"><path d=\"M31.3 192h257.3c17.8 0 26.7 21.5 14.1 34.1L174.1 354.8c-7.8 7.8-20.5 7.8-28.3 0L17.2 226.1C4.6 213.5 13.5 192 31.3 192z\"><\/path><\/svg><\/span>\n\t\t<\/span>\n\n\t\t\t\t\t\t<\/summary>\n\t\t\t\t<div role=\"region\" aria-labelledby=\"e-n-accordion-item-8421\" class=\"elementor-element elementor-element-87b797 e-con-full e-flex e-con e-child\" data-id=\"87b797\" data-element_type=\"container\" data-e-type=\"container\">\n\t\t\t\t<div class=\"elementor-element elementor-element-46b3a2de elementor-widget elementor-widget-text-editor\" data-id=\"46b3a2de\" data-element_type=\"widget\" data-e-type=\"widget\" data-widget_type=\"text-editor.default\">\n\t\t\t\t\t\t\t\t\t<p data-id=\"dTW589\" data-pm-slice=\"1 1 []\">Voc\u00ea deve estar trabalhando para uma multinacional e ser transferido para uma entidade portuguesa dentro do mesmo grupo corporativo. O visto est\u00e1 geralmente dispon\u00edvel para gestores, especialistas com conhecimentos espec\u00edficos e estagi\u00e1rios em programas de treinamento estruturados. <\/p>\t\t\t\t\t\t\t\t<\/div>\n\t\t\t\t<\/div>\n\t\t\t\t\t<\/details>\n\t\t\t\t\t\t<details id=\"e-n-accordion-item-8422\" class=\"e-n-accordion-item\" >\n\t\t\t\t<summary class=\"e-n-accordion-item-title\" data-accordion-index=\"3\" tabindex=\"-1\" aria-expanded=\"false\" aria-controls=\"e-n-accordion-item-8422\" >\n\t\t\t\t\t<span class='e-n-accordion-item-title-header'><div class=\"e-n-accordion-item-title-text\"> Qual a dura\u00e7\u00e3o do visto ICT? <\/div><\/span>\n\t\t\t\t\t\t\t<span class='e-n-accordion-item-title-icon'>\n\t\t\t<span class='e-opened' ><svg aria-hidden=\"true\" class=\"e-font-icon-svg e-fas-times\" viewBox=\"0 0 352 512\" xmlns=\"http:\/\/www.w3.org\/2000\/svg\"><path d=\"M242.72 256l100.07-100.07c12.28-12.28 12.28-32.19 0-44.48l-22.24-22.24c-12.28-12.28-32.19-12.28-44.48 0L176 189.28 75.93 89.21c-12.28-12.28-32.19-12.28-44.48 0L9.21 111.45c-12.28 12.28-12.28 32.19 0 44.48L109.28 256 9.21 356.07c-12.28 12.28-12.28 32.19 0 44.48l22.24 22.24c12.28 12.28 32.2 12.28 44.48 0L176 322.72l100.07 100.07c12.28 12.28 32.2 12.28 44.48 0l22.24-22.24c12.28-12.28 12.28-32.19 0-44.48L242.72 256z\"><\/path><\/svg><\/span>\n\t\t\t<span class='e-closed'><svg aria-hidden=\"true\" class=\"e-font-icon-svg e-fas-caret-down\" viewBox=\"0 0 320 512\" xmlns=\"http:\/\/www.w3.org\/2000\/svg\"><path d=\"M31.3 192h257.3c17.8 0 26.7 21.5 14.1 34.1L174.1 354.8c-7.8 7.8-20.5 7.8-28.3 0L17.2 226.1C4.6 213.5 13.5 192 31.3 192z\"><\/path><\/svg><\/span>\n\t\t<\/span>\n\n\t\t\t\t\t\t<\/summary>\n\t\t\t\t<div role=\"region\" aria-labelledby=\"e-n-accordion-item-8422\" class=\"elementor-element elementor-element-77215fcd e-con-full e-flex e-con e-child\" data-id=\"77215fcd\" data-element_type=\"container\" data-e-type=\"container\">\n\t\t\t\t<div class=\"elementor-element elementor-element-2477fb9d elementor-widget elementor-widget-text-editor\" data-id=\"2477fb9d\" data-element_type=\"widget\" data-e-type=\"widget\" data-widget_type=\"text-editor.default\">\n\t\t\t\t\t\t\t\t\t<p data-id=\"igPwgz\" data-pm-slice=\"1 1 []\">A autoriza\u00e7\u00e3o de resid\u00eancia ICT \u00e9 normalmente concedida pelo per\u00edodo da designa\u00e7\u00e3o. Gestores e especialistas geralmente podem permanecer em Portugal por at\u00e9 tr\u00eas anos e estagi\u00e1rios por at\u00e9 um ano. <\/p>\t\t\t\t\t\t\t\t<\/div>\n\t\t\t\t<\/div>\n\t\t\t\t\t<\/details>\n\t\t\t\t\t\t<details id=\"e-n-accordion-item-8423\" class=\"e-n-accordion-item\" >\n\t\t\t\t<summary class=\"e-n-accordion-item-title\" data-accordion-index=\"4\" tabindex=\"-1\" aria-expanded=\"false\" aria-controls=\"e-n-accordion-item-8423\" >\n\t\t\t\t\t<span class='e-n-accordion-item-title-header'><div class=\"e-n-accordion-item-title-text\"> Os familiares podem se juntar aos titulares do visto ICT? <\/div><\/span>\n\t\t\t\t\t\t\t<span class='e-n-accordion-item-title-icon'>\n\t\t\t<span class='e-opened' ><svg aria-hidden=\"true\" class=\"e-font-icon-svg e-fas-times\" viewBox=\"0 0 352 512\" xmlns=\"http:\/\/www.w3.org\/2000\/svg\"><path d=\"M242.72 256l100.07-100.07c12.28-12.28 12.28-32.19 0-44.48l-22.24-22.24c-12.28-12.28-32.19-12.28-44.48 0L176 189.28 75.93 89.21c-12.28-12.28-32.19-12.28-44.48 0L9.21 111.45c-12.28 12.28-12.28 32.19 0 44.48L109.28 256 9.21 356.07c-12.28 12.28-12.28 32.19 0 44.48l22.24 22.24c12.28 12.28 32.2 12.28 44.48 0L176 322.72l100.07 100.07c12.28 12.28 32.2 12.28 44.48 0l22.24-22.24c12.28-12.28 12.28-32.19 0-44.48L242.72 256z\"><\/path><\/svg><\/span>\n\t\t\t<span class='e-closed'><svg aria-hidden=\"true\" class=\"e-font-icon-svg e-fas-caret-down\" viewBox=\"0 0 320 512\" xmlns=\"http:\/\/www.w3.org\/2000\/svg\"><path d=\"M31.3 192h257.3c17.8 0 26.7 21.5 14.1 34.1L174.1 354.8c-7.8 7.8-20.5 7.8-28.3 0L17.2 226.1C4.6 213.5 13.5 192 31.3 192z\"><\/path><\/svg><\/span>\n\t\t<\/span>\n\n\t\t\t\t\t\t<\/summary>\n\t\t\t\t<div role=\"region\" aria-labelledby=\"e-n-accordion-item-8423\" class=\"elementor-element elementor-element-19bf8d49 e-con-full e-flex e-con e-child\" data-id=\"19bf8d49\" data-element_type=\"container\" data-e-type=\"container\">\n\t\t\t\t<div class=\"elementor-element elementor-element-6840f5ef elementor-widget elementor-widget-text-editor\" data-id=\"6840f5ef\" data-element_type=\"widget\" data-e-type=\"widget\" data-widget_type=\"text-editor.default\">\n\t\t\t\t\t\t\t\t\t<p data-id=\"PPgeuC\" data-pm-slice=\"1 1 []\">Sim. C\u00f4njuges, filhos dependentes e alguns familiares dependentes podem solicitar o reagrupamento familiar. Os familiares podem residir em Portugal com o requerente principal e tamb\u00e9m podem usufruir de direitos de educa\u00e7\u00e3o, sa\u00fade e emprego.  <\/p>\t\t\t\t\t\t\t\t<\/div>\n\t\t\t\t<\/div>\n\t\t\t\t\t<\/details>\n\t\t\t\t\t\t<details id=\"e-n-accordion-item-8424\" class=\"e-n-accordion-item\" >\n\t\t\t\t<summary class=\"e-n-accordion-item-title\" data-accordion-index=\"5\" tabindex=\"-1\" aria-expanded=\"false\" aria-controls=\"e-n-accordion-item-8424\" >\n\t\t\t\t\t<span class='e-n-accordion-item-title-header'><div class=\"e-n-accordion-item-title-text\"> Posso mudar de empregador com um Visto ICT? <\/div><\/span>\n\t\t\t\t\t\t\t<span class='e-n-accordion-item-title-icon'>\n\t\t\t<span class='e-opened' ><svg aria-hidden=\"true\" class=\"e-font-icon-svg e-fas-times\" viewBox=\"0 0 352 512\" xmlns=\"http:\/\/www.w3.org\/2000\/svg\"><path d=\"M242.72 256l100.07-100.07c12.28-12.28 12.28-32.19 0-44.48l-22.24-22.24c-12.28-12.28-32.19-12.28-44.48 0L176 189.28 75.93 89.21c-12.28-12.28-32.19-12.28-44.48 0L9.21 111.45c-12.28 12.28-12.28 32.19 0 44.48L109.28 256 9.21 356.07c-12.28 12.28-12.28 32.19 0 44.48l22.24 22.24c12.28 12.28 32.2 12.28 44.48 0L176 322.72l100.07 100.07c12.28 12.28 32.2 12.28 44.48 0l22.24-22.24c12.28-12.28 12.28-32.19 0-44.48L242.72 256z\"><\/path><\/svg><\/span>\n\t\t\t<span class='e-closed'><svg aria-hidden=\"true\" class=\"e-font-icon-svg e-fas-caret-down\" viewBox=\"0 0 320 512\" xmlns=\"http:\/\/www.w3.org\/2000\/svg\"><path d=\"M31.3 192h257.3c17.8 0 26.7 21.5 14.1 34.1L174.1 354.8c-7.8 7.8-20.5 7.8-28.3 0L17.2 226.1C4.6 213.5 13.5 192 31.3 192z\"><\/path><\/svg><\/span>\n\t\t<\/span>\n\n\t\t\t\t\t\t<\/summary>\n\t\t\t\t<div role=\"region\" aria-labelledby=\"e-n-accordion-item-8424\" class=\"elementor-element elementor-element-2d1b0051 e-con-full e-flex e-con e-child\" data-id=\"2d1b0051\" data-element_type=\"container\" data-e-type=\"container\">\n\t\t\t\t<div class=\"elementor-element elementor-element-36c48dd9 elementor-widget elementor-widget-text-editor\" data-id=\"36c48dd9\" data-element_type=\"widget\" data-e-type=\"widget\" data-widget_type=\"text-editor.default\">\n\t\t\t\t\t\t\t\t\t<p data-id=\"12DUS9\" data-pm-slice=\"1 1 []\">N\u00e3o. O Visto ICT est\u00e1 vinculado \u00e0 empresa multinacional que o transferiu para Portugal. Se desejar trabalhar para um empregador diferente, poder\u00e1 ter de solicitar uma autoriza\u00e7\u00e3o de resid\u00eancia diferente.  <\/p>\t\t\t\t\t\t\t\t<\/div>\n\t\t\t\t<\/div>\n\t\t\t\t\t<\/details>\n\t\t\t\t\t\t<details id=\"e-n-accordion-item-8425\" class=\"e-n-accordion-item\" >\n\t\t\t\t<summary class=\"e-n-accordion-item-title\" data-accordion-index=\"6\" tabindex=\"-1\" aria-expanded=\"false\" aria-controls=\"e-n-accordion-item-8425\" >\n\t\t\t\t\t<span class='e-n-accordion-item-title-header'><div class=\"e-n-accordion-item-title-text\"> Os titulares do Visto ICT podem viajar dentro da Europa? <\/div><\/span>\n\t\t\t\t\t\t\t<span class='e-n-accordion-item-title-icon'>\n\t\t\t<span class='e-opened' ><svg aria-hidden=\"true\" class=\"e-font-icon-svg e-fas-times\" viewBox=\"0 0 352 512\" xmlns=\"http:\/\/www.w3.org\/2000\/svg\"><path d=\"M242.72 256l100.07-100.07c12.28-12.28 12.28-32.19 0-44.48l-22.24-22.24c-12.28-12.28-32.19-12.28-44.48 0L176 189.28 75.93 89.21c-12.28-12.28-32.19-12.28-44.48 0L9.21 111.45c-12.28 12.28-12.28 32.19 0 44.48L109.28 256 9.21 356.07c-12.28 12.28-12.28 32.19 0 44.48l22.24 22.24c12.28 12.28 32.2 12.28 44.48 0L176 322.72l100.07 100.07c12.28 12.28 32.2 12.28 44.48 0l22.24-22.24c12.28-12.28 12.28-32.19 0-44.48L242.72 256z\"><\/path><\/svg><\/span>\n\t\t\t<span class='e-closed'><svg aria-hidden=\"true\" class=\"e-font-icon-svg e-fas-caret-down\" viewBox=\"0 0 320 512\" xmlns=\"http:\/\/www.w3.org\/2000\/svg\"><path d=\"M31.3 192h257.3c17.8 0 26.7 21.5 14.1 34.1L174.1 354.8c-7.8 7.8-20.5 7.8-28.3 0L17.2 226.1C4.6 213.5 13.5 192 31.3 192z\"><\/path><\/svg><\/span>\n\t\t<\/span>\n\n\t\t\t\t\t\t<\/summary>\n\t\t\t\t<div role=\"region\" aria-labelledby=\"e-n-accordion-item-8425\" class=\"elementor-element elementor-element-4b925ed7 e-con-full e-flex e-con e-child\" data-id=\"4b925ed7\" data-element_type=\"container\" data-e-type=\"container\">\n\t\t\t\t<div class=\"elementor-element elementor-element-1c7b856c elementor-widget elementor-widget-text-editor\" data-id=\"1c7b856c\" data-element_type=\"widget\" data-e-type=\"widget\" data-widget_type=\"text-editor.default\">\n\t\t\t\t\t\t\t\t\t<p data-id=\"abMhD1\" data-pm-slice=\"1 1 []\">Sim. Os titulares de um Visto ICT podem viajar na \u00c1rea Schengen para estadias curtas e podem ter alguns direitos de mobilidade na estrutura ICT da UE. <\/p>\t\t\t\t\t\t\t\t<\/div>\n\t\t\t\t<\/div>\n\t\t\t\t\t<\/details>\n\t\t\t\t\t\t<details id=\"e-n-accordion-item-8426\" class=\"e-n-accordion-item\" >\n\t\t\t\t<summary class=\"e-n-accordion-item-title\" data-accordion-index=\"7\" tabindex=\"-1\" aria-expanded=\"false\" aria-controls=\"e-n-accordion-item-8426\" >\n\t\t\t\t\t<span class='e-n-accordion-item-title-header'><div class=\"e-n-accordion-item-title-text\"> Posso obter resid\u00eancia permanente ou cidadania com o Visto ICT de Portugal? <\/div><\/span>\n\t\t\t\t\t\t\t<span class='e-n-accordion-item-title-icon'>\n\t\t\t<span class='e-opened' ><svg aria-hidden=\"true\" class=\"e-font-icon-svg e-fas-times\" viewBox=\"0 0 352 512\" xmlns=\"http:\/\/www.w3.org\/2000\/svg\"><path d=\"M242.72 256l100.07-100.07c12.28-12.28 12.28-32.19 0-44.48l-22.24-22.24c-12.28-12.28-32.19-12.28-44.48 0L176 189.28 75.93 89.21c-12.28-12.28-32.19-12.28-44.48 0L9.21 111.45c-12.28 12.28-12.28 32.19 0 44.48L109.28 256 9.21 356.07c-12.28 12.28-12.28 32.19 0 44.48l22.24 22.24c12.28 12.28 32.2 12.28 44.48 0L176 322.72l100.07 100.07c12.28 12.28 32.2 12.28 44.48 0l22.24-22.24c12.28-12.28 12.28-32.19 0-44.48L242.72 256z\"><\/path><\/svg><\/span>\n\t\t\t<span class='e-closed'><svg aria-hidden=\"true\" class=\"e-font-icon-svg e-fas-caret-down\" viewBox=\"0 0 320 512\" xmlns=\"http:\/\/www.w3.org\/2000\/svg\"><path d=\"M31.3 192h257.3c17.8 0 26.7 21.5 14.1 34.1L174.1 354.8c-7.8 7.8-20.5 7.8-28.3 0L17.2 226.1C4.6 213.5 13.5 192 31.3 192z\"><\/path><\/svg><\/span>\n\t\t<\/span>\n\n\t\t\t\t\t\t<\/summary>\n\t\t\t\t<div role=\"region\" aria-labelledby=\"e-n-accordion-item-8426\" class=\"elementor-element elementor-element-787e69d3 e-con-full e-flex e-con e-child\" data-id=\"787e69d3\" data-element_type=\"container\" data-e-type=\"container\">\n\t\t\t\t<div class=\"elementor-element elementor-element-1467f676 elementor-widget elementor-widget-text-editor\" data-id=\"1467f676\" data-element_type=\"widget\" data-e-type=\"widget\" data-widget_type=\"text-editor.default\">\n\t\t\t\t\t\t\t\t\t<p data-id=\"V4uMqY\" data-pm-slice=\"1 1 []\">A autoriza\u00e7\u00e3o ICT \u00e9 para coloca\u00e7\u00f5es de trabalho tempor\u00e1rias. Mas as pessoas que decidem ficar em Portugal podem solicitar mais tarde outras autoriza\u00e7\u00f5es de resid\u00eancia que podem levar \u00e0 resid\u00eancia de longo prazo e, eventualmente, \u00e0 cidadania portuguesa. <\/p>\t\t\t\t\t\t\t\t<\/div>\n\t\t\t\t<\/div>\n\t\t\t\t\t<\/details>\n\t\t\t\t\t<\/div>\n\t\t\t\t\t<script type=\"application\/ld+json\">{\"@context\":\"https:\\\/\\\/schema.org\",\"@type\":\"FAQPage\",\"mainEntity\":[{\"@type\":\"Question\",\"name\":\"O que \\u00e9 o Visto ICT Portugu\\u00eas?\",\"acceptedAnswer\":{\"@type\":\"Answer\",\"text\":\"O Visto ICT (Transfer\\u00eancia Intraempresarial) de Portugal permite que empresas multinacionais transfiram gestores, especialistas e estagi\\u00e1rios de um escrit\\u00f3rio fora da UE para uma sucursal, subsidi\\u00e1ria ou empresa associada em Portugal. Ele oferece um meio legal para os funcion\\u00e1rios viverem e trabalharem em Portugal durante a sua designa\\u00e7\\u00e3o.\"}},{\"@type\":\"Question\",\"name\":\"Quem pode solicitar um visto ICT?\",\"acceptedAnswer\":{\"@type\":\"Answer\",\"text\":\"Voc\\u00ea deve estar trabalhando para uma multinacional e ser transferido para uma entidade portuguesa dentro do mesmo grupo corporativo. O visto est\\u00e1 geralmente dispon\\u00edvel para gestores, especialistas com conhecimentos espec\\u00edficos e estagi\\u00e1rios em programas de treinamento estruturados.\"}},{\"@type\":\"Question\",\"name\":\"Qual a dura\\u00e7\\u00e3o do visto ICT?\",\"acceptedAnswer\":{\"@type\":\"Answer\",\"text\":\"A autoriza\\u00e7\\u00e3o de resid\\u00eancia ICT \\u00e9 normalmente concedida pelo per\\u00edodo da designa\\u00e7\\u00e3o. Gestores e especialistas geralmente podem permanecer em Portugal por at\\u00e9 tr\\u00eas anos e estagi\\u00e1rios por at\\u00e9 um ano.\"}},{\"@type\":\"Question\",\"name\":\"Os familiares podem se juntar aos titulares do visto ICT?\",\"acceptedAnswer\":{\"@type\":\"Answer\",\"text\":\"Sim. C\\u00f4njuges, filhos dependentes e alguns familiares dependentes podem solicitar o reagrupamento familiar. Os familiares podem residir em Portugal com o requerente principal e tamb\\u00e9m podem usufruir de direitos de educa\\u00e7\\u00e3o, sa\\u00fade e emprego.\"}},{\"@type\":\"Question\",\"name\":\"Posso mudar de empregador com um Visto ICT?\",\"acceptedAnswer\":{\"@type\":\"Answer\",\"text\":\"N\\u00e3o. O Visto ICT est\\u00e1 vinculado \\u00e0 empresa multinacional que o transferiu para Portugal. Se desejar trabalhar para um empregador diferente, poder\\u00e1 ter de solicitar uma autoriza\\u00e7\\u00e3o de resid\\u00eancia diferente.\"}},{\"@type\":\"Question\",\"name\":\"Os titulares do Visto ICT podem viajar dentro da Europa?\",\"acceptedAnswer\":{\"@type\":\"Answer\",\"text\":\"Sim. Os titulares de um Visto ICT podem viajar na \\u00c1rea Schengen para estadias curtas e podem ter alguns direitos de mobilidade na estrutura ICT da UE.\"}},{\"@type\":\"Question\",\"name\":\"Posso obter resid\\u00eancia permanente ou cidadania com o Visto ICT de Portugal?\",\"acceptedAnswer\":{\"@type\":\"Answer\",\"text\":\"A autoriza\\u00e7\\u00e3o ICT \\u00e9 para coloca\\u00e7\\u00f5es de trabalho tempor\\u00e1rias. Mas as pessoas que decidem ficar em Portugal podem solicitar mais tarde outras autoriza\\u00e7\\u00f5es de resid\\u00eancia que podem levar \\u00e0 resid\\u00eancia de longo prazo e, eventualmente, \\u00e0 cidadania portuguesa.\"}}]}<\/script>\n\t\t\t\t\t\t\t<\/div>\n\t\t\t\t\t<\/div>\n\t\t\t\t<\/div>\n\t\t\t\t<\/div>\n\t\t","protected":false},"excerpt":{"rendered":"<p>Portugal tem sido cada vez mais atraente para empresas internacionais que procuram expandir as suas opera\u00e7\u00f5es na Europa. O Visto de Transfer\u00eancia Intraempresarial (ICT) de Portugal oferece uma oportunidade legal para empresas multinacionais transferirem gestores, especialistas e estagi\u00e1rios de uma empresa fora da Uni\u00e3o Europeia para uma sucursal, subsidi\u00e1ria ou empresa afiliada portuguesa. O Visto [&hellip;]<\/p>\n","protected":false},"author":20,"featured_media":59317,"comment_status":"closed","ping_status":"open","sticky":false,"template":"","format":"standard","meta":{"_angie_page":false,"_jet_sm_ready_style":"","_jet_sm_style":"","_jet_sm_controls_values":"","_jet_sm_fonts_collection":"","_jet_sm_fonts_links":"","page_builder":"","footnotes":""},"categories":[83,252],"tags":[],"class_list":["post-59434","post","type-post","status-publish","format-standard","has-post-thumbnail","hentry","category-residencia","category-outros-vistos"],"yoast_head":"<!-- This site is optimized with the Yoast SEO plugin v28.3 - https:\/\/yoast.com\/product\/yoast-seo-wordpress\/ -->\n<title>Guia do Visto de Transfer\u00eancia Intraempresarial (ICT) para Portugal 2026<\/title>\n<meta name=\"description\" content=\"Saiba como funciona o Visto de Transfer\u00eancia Intraempresarial (ICT) para Portugal, os requisitos de elegibilidade, o processo de candidatura, a dura\u00e7\u00e3o e os direitos de resid\u00eancia.\" \/>\n<meta name=\"robots\" content=\"index, follow, max-snippet:-1, max-image-preview:large, max-video-preview:-1\" \/>\n<link rel=\"canonical\" href=\"https:\/\/www.portugalresidencyadvisors.com\/pt-br\/visto-de-transferencia-intraempresarial-ict-portugal\/\" \/>\n<meta property=\"og:locale\" content=\"pt_BR\" \/>\n<meta property=\"og:type\" content=\"article\" \/>\n<meta property=\"og:title\" content=\"Guia do Visto de Transfer\u00eancia Intraempresarial (ICT) para Portugal 2026\" \/>\n<meta property=\"og:description\" content=\"Saiba como funciona o Visto de Transfer\u00eancia Intraempresarial (ICT) para Portugal, os requisitos de elegibilidade, o processo de candidatura, a dura\u00e7\u00e3o e os direitos de resid\u00eancia.\" \/>\n<meta property=\"og:url\" content=\"https:\/\/www.portugalresidencyadvisors.com\/pt-br\/visto-de-transferencia-intraempresarial-ict-portugal\/\" \/>\n<meta property=\"og:site_name\" content=\"Portugal Residency Advisors\" \/>\n<meta property=\"article:publisher\" content=\"https:\/\/www.facebook.com\/portugalresidencyadvisors\" \/>\n<meta property=\"article:published_time\" content=\"2026-06-18T11:00:00+00:00\" \/>\n<meta property=\"article:modified_time\" content=\"2026-07-22T22:52:50+00:00\" \/>\n<meta property=\"og:image\" content=\"https:\/\/www.portugalresidencyadvisors.com\/wp-content\/uploads\/2026\/06\/corporate-transfer-portugal-resiency-advisors.webp\" \/>\n\t<meta property=\"og:image:width\" content=\"1920\" \/>\n\t<meta property=\"og:image:height\" content=\"1280\" \/>\n\t<meta property=\"og:image:type\" content=\"image\/jpeg\" \/>\n<meta name=\"author\" content=\"Fernanda Souza\" \/>\n<meta name=\"twitter:card\" content=\"summary_large_image\" \/>\n<meta name=\"twitter:creator\" content=\"@ptadvresidency\" \/>\n<meta name=\"twitter:site\" content=\"@ptadvresidency\" \/>\n<meta name=\"twitter:label1\" content=\"Escrito por\" \/>\n\t<meta name=\"twitter:data1\" content=\"Fernanda Souza\" \/>\n\t<meta name=\"twitter:label2\" content=\"Est. tempo de leitura\" \/>\n\t<meta name=\"twitter:data2\" content=\"13 minutos\" \/>\n<script type=\"application\/ld+json\" class=\"yoast-schema-graph\">{\"@context\":\"https:\\\/\\\/schema.org\",\"@graph\":[{\"@type\":\"Article\",\"@id\":\"https:\\\/\\\/www.portugalresidencyadvisors.com\\\/pt-br\\\/visto-de-transferencia-intraempresarial-ict-portugal\\\/#article\",\"isPartOf\":{\"@id\":\"https:\\\/\\\/www.portugalresidencyadvisors.com\\\/pt-br\\\/visto-de-transferencia-intraempresarial-ict-portugal\\\/\"},\"author\":{\"name\":\"Fernanda Souza\",\"@id\":\"https:\\\/\\\/www.portugalresidencyadvisors.com\\\/pt-br\\\/#\\\/schema\\\/person\\\/6f057f5c0f02227d7edc6b721277167d\"},\"headline\":\"Guia do Visto de Transfer\u00eancia Intraempresarial (ICT) para Portugal 2026\",\"datePublished\":\"2026-06-18T11:00:00+00:00\",\"dateModified\":\"2026-07-22T22:52:50+00:00\",\"mainEntityOfPage\":{\"@id\":\"https:\\\/\\\/www.portugalresidencyadvisors.com\\\/pt-br\\\/visto-de-transferencia-intraempresarial-ict-portugal\\\/\"},\"wordCount\":2723,\"publisher\":{\"@id\":\"https:\\\/\\\/www.portugalresidencyadvisors.com\\\/pt-br\\\/#organization\"},\"image\":{\"@id\":\"https:\\\/\\\/www.portugalresidencyadvisors.com\\\/pt-br\\\/visto-de-transferencia-intraempresarial-ict-portugal\\\/#primaryimage\"},\"thumbnailUrl\":\"https:\\\/\\\/www.portugalresidencyadvisors.com\\\/wp-content\\\/uploads\\\/2026\\\/06\\\/corporate-transfer-portugal-resiency-advisors.webp\",\"articleSection\":[\"Vistos\",\"Outros vistos\"],\"inLanguage\":\"pt-BR\"},{\"@type\":\"WebPage\",\"@id\":\"https:\\\/\\\/www.portugalresidencyadvisors.com\\\/pt-br\\\/visto-de-transferencia-intraempresarial-ict-portugal\\\/\",\"url\":\"https:\\\/\\\/www.portugalresidencyadvisors.com\\\/pt-br\\\/visto-de-transferencia-intraempresarial-ict-portugal\\\/\",\"name\":\"Guia do Visto de Transfer\u00eancia Intraempresarial (ICT) para Portugal 2026\",\"isPartOf\":{\"@id\":\"https:\\\/\\\/www.portugalresidencyadvisors.com\\\/pt-br\\\/#website\"},\"primaryImageOfPage\":{\"@id\":\"https:\\\/\\\/www.portugalresidencyadvisors.com\\\/pt-br\\\/visto-de-transferencia-intraempresarial-ict-portugal\\\/#primaryimage\"},\"image\":{\"@id\":\"https:\\\/\\\/www.portugalresidencyadvisors.com\\\/pt-br\\\/visto-de-transferencia-intraempresarial-ict-portugal\\\/#primaryimage\"},\"thumbnailUrl\":\"https:\\\/\\\/www.portugalresidencyadvisors.com\\\/wp-content\\\/uploads\\\/2026\\\/06\\\/corporate-transfer-portugal-resiency-advisors.webp\",\"datePublished\":\"2026-06-18T11:00:00+00:00\",\"dateModified\":\"2026-07-22T22:52:50+00:00\",\"description\":\"Saiba como funciona o Visto de Transfer\u00eancia Intraempresarial (ICT) para Portugal, os requisitos de elegibilidade, o processo de candidatura, a dura\u00e7\u00e3o e os direitos de resid\u00eancia.\",\"breadcrumb\":{\"@id\":\"https:\\\/\\\/www.portugalresidencyadvisors.com\\\/pt-br\\\/visto-de-transferencia-intraempresarial-ict-portugal\\\/#breadcrumb\"},\"inLanguage\":\"pt-BR\",\"potentialAction\":[{\"@type\":\"ReadAction\",\"target\":[\"https:\\\/\\\/www.portugalresidencyadvisors.com\\\/pt-br\\\/visto-de-transferencia-intraempresarial-ict-portugal\\\/\"]}]},{\"@type\":\"ImageObject\",\"inLanguage\":\"pt-BR\",\"@id\":\"https:\\\/\\\/www.portugalresidencyadvisors.com\\\/pt-br\\\/visto-de-transferencia-intraempresarial-ict-portugal\\\/#primaryimage\",\"url\":\"https:\\\/\\\/www.portugalresidencyadvisors.com\\\/wp-content\\\/uploads\\\/2026\\\/06\\\/corporate-transfer-portugal-resiency-advisors.webp\",\"contentUrl\":\"https:\\\/\\\/www.portugalresidencyadvisors.com\\\/wp-content\\\/uploads\\\/2026\\\/06\\\/corporate-transfer-portugal-resiency-advisors.webp\",\"width\":1920,\"height\":1280,\"caption\":\"corporate transfer\"},{\"@type\":\"BreadcrumbList\",\"@id\":\"https:\\\/\\\/www.portugalresidencyadvisors.com\\\/pt-br\\\/visto-de-transferencia-intraempresarial-ict-portugal\\\/#breadcrumb\",\"itemListElement\":[{\"@type\":\"ListItem\",\"position\":1,\"name\":\"Home\",\"item\":\"https:\\\/\\\/www.portugalresidencyadvisors.com\\\/pt-br\\\/\"},{\"@type\":\"ListItem\",\"position\":2,\"name\":\"Guia do Visto de Transfer\u00eancia Intraempresarial (ICT) para Portugal 2026\"}]},{\"@type\":\"WebSite\",\"@id\":\"https:\\\/\\\/www.portugalresidencyadvisors.com\\\/pt-br\\\/#website\",\"url\":\"https:\\\/\\\/www.portugalresidencyadvisors.com\\\/pt-br\\\/\",\"name\":\"Portugal Residency Advisors\",\"description\":\"We help individuals wishing to work, study, retire, invest or moving to Portugal\",\"publisher\":{\"@id\":\"https:\\\/\\\/www.portugalresidencyadvisors.com\\\/pt-br\\\/#organization\"},\"alternateName\":\"Portugal Residency Made Easy\",\"potentialAction\":[{\"@type\":\"SearchAction\",\"target\":{\"@type\":\"EntryPoint\",\"urlTemplate\":\"https:\\\/\\\/www.portugalresidencyadvisors.com\\\/pt-br\\\/?s={search_term_string}\"},\"query-input\":{\"@type\":\"PropertyValueSpecification\",\"valueRequired\":true,\"valueName\":\"search_term_string\"}}],\"inLanguage\":\"pt-BR\"},{\"@type\":\"Organization\",\"@id\":\"https:\\\/\\\/www.portugalresidencyadvisors.com\\\/pt-br\\\/#organization\",\"name\":\"Consultores de resid\u00eancia em Portugal\",\"alternateName\":\"PTADV - Portugal Residency Advisors Unipessoal, Lda\",\"url\":\"https:\\\/\\\/www.portugalresidencyadvisors.com\\\/pt-br\\\/\",\"logo\":{\"@type\":\"ImageObject\",\"inLanguage\":\"pt-BR\",\"@id\":\"https:\\\/\\\/www.portugalresidencyadvisors.com\\\/pt-br\\\/#\\\/schema\\\/logo\\\/image\\\/\",\"url\":\"https:\\\/\\\/www.portugalresidencyadvisors.com\\\/wp-content\\\/uploads\\\/2023\\\/03\\\/Logotipo-Versao-Principal-01.png\",\"contentUrl\":\"https:\\\/\\\/www.portugalresidencyadvisors.com\\\/wp-content\\\/uploads\\\/2023\\\/03\\\/Logotipo-Versao-Principal-01.png\",\"width\":1772,\"height\":1182,\"caption\":\"Consultores de resid\u00eancia em Portugal\"},\"image\":{\"@id\":\"https:\\\/\\\/www.portugalresidencyadvisors.com\\\/pt-br\\\/#\\\/schema\\\/logo\\\/image\\\/\"},\"sameAs\":[\"https:\\\/\\\/www.facebook.com\\\/portugalresidencyadvisors\",\"https:\\\/\\\/x.com\\\/ptadvresidency\",\"https:\\\/\\\/www.linkedin.com\\\/company\\\/portugal-residency-advisors\\\/\"]},{\"@type\":\"Person\",\"@id\":\"https:\\\/\\\/www.portugalresidencyadvisors.com\\\/pt-br\\\/#\\\/schema\\\/person\\\/6f057f5c0f02227d7edc6b721277167d\",\"name\":\"Fernanda Souza\",\"image\":{\"@type\":\"ImageObject\",\"inLanguage\":\"pt-BR\",\"@id\":\"https:\\\/\\\/secure.gravatar.com\\\/avatar\\\/835409893163fcb2461edd0d16e3799fcf6903ed5dead9a5116fd5186837ec53?s=96&d=mm&r=g\",\"url\":\"https:\\\/\\\/secure.gravatar.com\\\/avatar\\\/835409893163fcb2461edd0d16e3799fcf6903ed5dead9a5116fd5186837ec53?s=96&d=mm&r=g\",\"contentUrl\":\"https:\\\/\\\/secure.gravatar.com\\\/avatar\\\/835409893163fcb2461edd0d16e3799fcf6903ed5dead9a5116fd5186837ec53?s=96&d=mm&r=g\",\"caption\":\"Fernanda Souza\"},\"url\":\"https:\\\/\\\/www.portugalresidencyadvisors.com\\\/pt-br\\\/author\\\/fernanda-souza\\\/\"}]}<\/script>\n<!-- \/ Yoast SEO plugin. -->","yoast_head_json":{"title":"Guia do Visto de Transfer\u00eancia Intraempresarial (ICT) para Portugal 2026","description":"Saiba como funciona o Visto de Transfer\u00eancia Intraempresarial (ICT) para Portugal, os requisitos de elegibilidade, o processo de candidatura, a dura\u00e7\u00e3o e os direitos de resid\u00eancia.","robots":{"index":"index","follow":"follow","max-snippet":"max-snippet:-1","max-image-preview":"max-image-preview:large","max-video-preview":"max-video-preview:-1"},"canonical":"https:\/\/www.portugalresidencyadvisors.com\/pt-br\/visto-de-transferencia-intraempresarial-ict-portugal\/","og_locale":"pt_BR","og_type":"article","og_title":"Guia do Visto de Transfer\u00eancia Intraempresarial (ICT) para Portugal 2026","og_description":"Saiba como funciona o Visto de Transfer\u00eancia Intraempresarial (ICT) para Portugal, os requisitos de elegibilidade, o processo de candidatura, a dura\u00e7\u00e3o e os direitos de resid\u00eancia.","og_url":"https:\/\/www.portugalresidencyadvisors.com\/pt-br\/visto-de-transferencia-intraempresarial-ict-portugal\/","og_site_name":"Portugal Residency Advisors","article_publisher":"https:\/\/www.facebook.com\/portugalresidencyadvisors","article_published_time":"2026-06-18T11:00:00+00:00","article_modified_time":"2026-07-22T22:52:50+00:00","og_image":[{"width":1920,"height":1280,"url":"https:\/\/www.portugalresidencyadvisors.com\/wp-content\/uploads\/2026\/06\/corporate-transfer-portugal-resiency-advisors.webp","type":"image\/jpeg"}],"author":"Fernanda Souza","twitter_card":"summary_large_image","twitter_creator":"@ptadvresidency","twitter_site":"@ptadvresidency","twitter_misc":{"Escrito por":"Fernanda Souza","Est. tempo de leitura":"13 minutos"},"schema":{"@context":"https:\/\/schema.org","@graph":[{"@type":"Article","@id":"https:\/\/www.portugalresidencyadvisors.com\/pt-br\/visto-de-transferencia-intraempresarial-ict-portugal\/#article","isPartOf":{"@id":"https:\/\/www.portugalresidencyadvisors.com\/pt-br\/visto-de-transferencia-intraempresarial-ict-portugal\/"},"author":{"name":"Fernanda Souza","@id":"https:\/\/www.portugalresidencyadvisors.com\/pt-br\/#\/schema\/person\/6f057f5c0f02227d7edc6b721277167d"},"headline":"Guia do Visto de Transfer\u00eancia Intraempresarial (ICT) para Portugal 2026","datePublished":"2026-06-18T11:00:00+00:00","dateModified":"2026-07-22T22:52:50+00:00","mainEntityOfPage":{"@id":"https:\/\/www.portugalresidencyadvisors.com\/pt-br\/visto-de-transferencia-intraempresarial-ict-portugal\/"},"wordCount":2723,"publisher":{"@id":"https:\/\/www.portugalresidencyadvisors.com\/pt-br\/#organization"},"image":{"@id":"https:\/\/www.portugalresidencyadvisors.com\/pt-br\/visto-de-transferencia-intraempresarial-ict-portugal\/#primaryimage"},"thumbnailUrl":"https:\/\/www.portugalresidencyadvisors.com\/wp-content\/uploads\/2026\/06\/corporate-transfer-portugal-resiency-advisors.webp","articleSection":["Vistos","Outros vistos"],"inLanguage":"pt-BR"},{"@type":"WebPage","@id":"https:\/\/www.portugalresidencyadvisors.com\/pt-br\/visto-de-transferencia-intraempresarial-ict-portugal\/","url":"https:\/\/www.portugalresidencyadvisors.com\/pt-br\/visto-de-transferencia-intraempresarial-ict-portugal\/","name":"Guia do Visto de Transfer\u00eancia Intraempresarial (ICT) para Portugal 2026","isPartOf":{"@id":"https:\/\/www.portugalresidencyadvisors.com\/pt-br\/#website"},"primaryImageOfPage":{"@id":"https:\/\/www.portugalresidencyadvisors.com\/pt-br\/visto-de-transferencia-intraempresarial-ict-portugal\/#primaryimage"},"image":{"@id":"https:\/\/www.portugalresidencyadvisors.com\/pt-br\/visto-de-transferencia-intraempresarial-ict-portugal\/#primaryimage"},"thumbnailUrl":"https:\/\/www.portugalresidencyadvisors.com\/wp-content\/uploads\/2026\/06\/corporate-transfer-portugal-resiency-advisors.webp","datePublished":"2026-06-18T11:00:00+00:00","dateModified":"2026-07-22T22:52:50+00:00","description":"Saiba como funciona o Visto de Transfer\u00eancia Intraempresarial (ICT) para Portugal, os requisitos de elegibilidade, o processo de candidatura, a dura\u00e7\u00e3o e os direitos de resid\u00eancia.","breadcrumb":{"@id":"https:\/\/www.portugalresidencyadvisors.com\/pt-br\/visto-de-transferencia-intraempresarial-ict-portugal\/#breadcrumb"},"inLanguage":"pt-BR","potentialAction":[{"@type":"ReadAction","target":["https:\/\/www.portugalresidencyadvisors.com\/pt-br\/visto-de-transferencia-intraempresarial-ict-portugal\/"]}]},{"@type":"ImageObject","inLanguage":"pt-BR","@id":"https:\/\/www.portugalresidencyadvisors.com\/pt-br\/visto-de-transferencia-intraempresarial-ict-portugal\/#primaryimage","url":"https:\/\/www.portugalresidencyadvisors.com\/wp-content\/uploads\/2026\/06\/corporate-transfer-portugal-resiency-advisors.webp","contentUrl":"https:\/\/www.portugalresidencyadvisors.com\/wp-content\/uploads\/2026\/06\/corporate-transfer-portugal-resiency-advisors.webp","width":1920,"height":1280,"caption":"corporate transfer"},{"@type":"BreadcrumbList","@id":"https:\/\/www.portugalresidencyadvisors.com\/pt-br\/visto-de-transferencia-intraempresarial-ict-portugal\/#breadcrumb","itemListElement":[{"@type":"ListItem","position":1,"name":"Home","item":"https:\/\/www.portugalresidencyadvisors.com\/pt-br\/"},{"@type":"ListItem","position":2,"name":"Guia do Visto de Transfer\u00eancia Intraempresarial (ICT) para Portugal 2026"}]},{"@type":"WebSite","@id":"https:\/\/www.portugalresidencyadvisors.com\/pt-br\/#website","url":"https:\/\/www.portugalresidencyadvisors.com\/pt-br\/","name":"Portugal Residency Advisors","description":"We help individuals wishing to work, study, retire, invest or moving to Portugal","publisher":{"@id":"https:\/\/www.portugalresidencyadvisors.com\/pt-br\/#organization"},"alternateName":"Portugal Residency Made Easy","potentialAction":[{"@type":"SearchAction","target":{"@type":"EntryPoint","urlTemplate":"https:\/\/www.portugalresidencyadvisors.com\/pt-br\/?s={search_term_string}"},"query-input":{"@type":"PropertyValueSpecification","valueRequired":true,"valueName":"search_term_string"}}],"inLanguage":"pt-BR"},{"@type":"Organization","@id":"https:\/\/www.portugalresidencyadvisors.com\/pt-br\/#organization","name":"Consultores de resid\u00eancia em Portugal","alternateName":"PTADV - Portugal Residency Advisors Unipessoal, Lda","url":"https:\/\/www.portugalresidencyadvisors.com\/pt-br\/","logo":{"@type":"ImageObject","inLanguage":"pt-BR","@id":"https:\/\/www.portugalresidencyadvisors.com\/pt-br\/#\/schema\/logo\/image\/","url":"https:\/\/www.portugalresidencyadvisors.com\/wp-content\/uploads\/2023\/03\/Logotipo-Versao-Principal-01.png","contentUrl":"https:\/\/www.portugalresidencyadvisors.com\/wp-content\/uploads\/2023\/03\/Logotipo-Versao-Principal-01.png","width":1772,"height":1182,"caption":"Consultores de resid\u00eancia em Portugal"},"image":{"@id":"https:\/\/www.portugalresidencyadvisors.com\/pt-br\/#\/schema\/logo\/image\/"},"sameAs":["https:\/\/www.facebook.com\/portugalresidencyadvisors","https:\/\/x.com\/ptadvresidency","https:\/\/www.linkedin.com\/company\/portugal-residency-advisors\/"]},{"@type":"Person","@id":"https:\/\/www.portugalresidencyadvisors.com\/pt-br\/#\/schema\/person\/6f057f5c0f02227d7edc6b721277167d","name":"Fernanda Souza","image":{"@type":"ImageObject","inLanguage":"pt-BR","@id":"https:\/\/secure.gravatar.com\/avatar\/835409893163fcb2461edd0d16e3799fcf6903ed5dead9a5116fd5186837ec53?s=96&d=mm&r=g","url":"https:\/\/secure.gravatar.com\/avatar\/835409893163fcb2461edd0d16e3799fcf6903ed5dead9a5116fd5186837ec53?s=96&d=mm&r=g","contentUrl":"https:\/\/secure.gravatar.com\/avatar\/835409893163fcb2461edd0d16e3799fcf6903ed5dead9a5116fd5186837ec53?s=96&d=mm&r=g","caption":"Fernanda Souza"},"url":"https:\/\/www.portugalresidencyadvisors.com\/pt-br\/author\/fernanda-souza\/"}]}},"_links":{"self":[{"href":"https:\/\/www.portugalresidencyadvisors.com\/pt-br\/wp-json\/wp\/v2\/posts\/59434","targetHints":{"allow":["GET"]}}],"collection":[{"href":"https:\/\/www.portugalresidencyadvisors.com\/pt-br\/wp-json\/wp\/v2\/posts"}],"about":[{"href":"https:\/\/www.portugalresidencyadvisors.com\/pt-br\/wp-json\/wp\/v2\/types\/post"}],"author":[{"embeddable":true,"href":"https:\/\/www.portugalresidencyadvisors.com\/pt-br\/wp-json\/wp\/v2\/users\/20"}],"replies":[{"embeddable":true,"href":"https:\/\/www.portugalresidencyadvisors.com\/pt-br\/wp-json\/wp\/v2\/comments?post=59434"}],"version-history":[{"count":1,"href":"https:\/\/www.portugalresidencyadvisors.com\/pt-br\/wp-json\/wp\/v2\/posts\/59434\/revisions"}],"predecessor-version":[{"id":60057,"href":"https:\/\/www.portugalresidencyadvisors.com\/pt-br\/wp-json\/wp\/v2\/posts\/59434\/revisions\/60057"}],"wp:featuredmedia":[{"embeddable":true,"href":"https:\/\/www.portugalresidencyadvisors.com\/pt-br\/wp-json\/wp\/v2\/media\/59317"}],"wp:attachment":[{"href":"https:\/\/www.portugalresidencyadvisors.com\/pt-br\/wp-json\/wp\/v2\/media?parent=59434"}],"wp:term":[{"taxonomy":"category","embeddable":true,"href":"https:\/\/www.portugalresidencyadvisors.com\/pt-br\/wp-json\/wp\/v2\/categories?post=59434"},{"taxonomy":"post_tag","embeddable":true,"href":"https:\/\/www.portugalresidencyadvisors.com\/pt-br\/wp-json\/wp\/v2\/tags?post=59434"}],"curies":[{"name":"wp","href":"https:\/\/api.w.org\/{rel}","templated":true}]}}