{"id":59415,"date":"2026-06-17T11:00:00","date_gmt":"2026-06-17T11:00:00","guid":{"rendered":"https:\/\/www.portugalresidencyadvisors.com\/algarve-vs-costa-de-prata-qual-regiao-e-melhor-em-2026\/"},"modified":"2026-06-18T12:29:45","modified_gmt":"2026-06-18T12:29:45","slug":"algarve-vs-costa-de-prata","status":"publish","type":"post","link":"https:\/\/www.portugalresidencyadvisors.com\/pt-br\/algarve-vs-costa-de-prata\/","title":{"rendered":"Algarve vs. Costa de Prata: Qual regi\u00e3o \u00e9 melhor em 2026?"},"content":{"rendered":"\t\t<div data-elementor-type=\"wp-post\" data-elementor-id=\"59415\" class=\"elementor elementor-59415 elementor-50290\" data-elementor-post-type=\"post\">\n\t\t\t\t<div class=\"elementor-element elementor-element-373f682 e-flex e-con-boxed e-con e-parent\" data-id=\"373f682\" data-element_type=\"container\" data-e-type=\"container\">\n\t\t\t\t\t<div class=\"e-con-inner\">\n\t\t\t\t<div class=\"elementor-element elementor-element-438f798 elementor-widget elementor-widget-text-editor\" data-id=\"438f798\" data-element_type=\"widget\" data-e-type=\"widget\" data-widget_type=\"text-editor.default\">\n\t\t\t\t\t\t\t\t\t<p>Portugal, um pa\u00eds com uma popula\u00e7\u00e3o total de bem mais de <a href=\"https:\/\/www.ine.pt\/xportal\/xmain?xpgid=ine_main&#038;xpid=INE\">10 milh\u00f5es<\/a>, continua a atrair a aten\u00e7\u00e3o de pessoas que buscam um estilo de vida melhor, custo de vida acess\u00edvel e belas paisagens. Dois nomes se destacam no mapa: o Algarve, no sul, e a Costa de Prata, ao longo da costa centro-oeste. <\/p><p>Ambos abrigam cidades charmosas, \u00f3tima gastronomia e um clima convidativo. No entanto, cada um oferece algo diferente. Quer voc\u00ea esteja se aposentando, procurando investir em im\u00f3veis ou apenas queira desfrutar de um ritmo de vida mais lento, escolher entre essas duas regi\u00f5es \u00e9 um dos dilemas mais comuns para estrangeiros que se mudam para Portugal.  <\/p><p>Vamos percorrer tudo o que importa, como localiza\u00e7\u00e3o, custo, propriedades, seguran\u00e7a, vida cotidiana e muito mais. Dessa forma, voc\u00ea poder\u00e1 descobrir qual costa se adapta melhor a voc\u00ea. <\/p><p data-start=\"1122\" data-end=\"1286\">Nossos guias sobre os <a href=\"https:\/\/www.portugalresidencyadvisors.com\/pt-br\/melhores-lugares-para-morar-portugal-algarve\/\" target=\"_blank\" rel=\"noopener\">Melhores Lugares para Viver no Algarve<\/a> e os <a href=\"https:\/\/www.portugalresidencyadvisors.com\/pt-br\/melhores-lugares-para-morar-portugal-costa-prata\/\" target=\"_blank\" rel=\"noopener\">Melhores Lugares para Viver na Costa de Prata de Portugal<\/a> exploram ambas as regi\u00f5es em maiores detalhes.<\/p>\t\t\t\t\t\t\t\t<\/div>\n\t\t\t\t\t<\/div>\n\t\t\t\t<\/div>\n\t\t<div class=\"elementor-element elementor-element-e6774f2 e-flex e-con-boxed e-con e-parent\" data-id=\"e6774f2\" data-element_type=\"container\" data-e-type=\"container\">\n\t\t\t\t\t<div class=\"e-con-inner\">\n\t\t\t\t<div class=\"elementor-element elementor-element-eb6c872 elementor-widget elementor-widget-heading\" data-id=\"eb6c872\" data-element_type=\"widget\" data-e-type=\"widget\" data-widget_type=\"heading.default\">\n\t\t\t\t\t<h2 class=\"elementor-heading-title elementor-size-default\">Onde ficam o Algarve e a Costa de Prata?<\/h2>\t\t\t\t<\/div>\n\t\t\t\t<div class=\"elementor-element elementor-element-7a4495b elementor-widget elementor-widget-text-editor\" data-id=\"7a4495b\" data-element_type=\"widget\" data-e-type=\"widget\" data-widget_type=\"text-editor.default\">\n\t\t\t\t\t\t\t\t\t<p>O Algarve \u00e9 a regi\u00e3o mais ao sul de Portugal, estendendo-se desde a fronteira espanhola at\u00e9 o Cabo de S\u00e3o Vicente. \u00c9 facilmente acess\u00edvel pelo Aeroporto Internacional de Faro e, agora, com <a href=\"https:\/\/www.portugalresident.com\/united-airlines-links-faro-to-newark-new-york-in-may-2025\/\">voos diretos<\/a> anunciados pela United Airlines de Faro para Newark, Nova York, a partir de maio de 2025, viajar dos EUA nunca foi t\u00e3o conveniente. <\/p><p>Por outro lado, a Costa de Prata estende-se aproximadamente de Peniche at\u00e9 a Figueira da Foz. O aeroporto principal mais pr\u00f3ximo \u00e9 o de Lisboa, que possui boas conex\u00f5es com a maior parte da Europa e da Am\u00e9rica do Norte. Embora n\u00e3o possua um aeroporto dedicado como Faro, a Costa de Prata beneficia-se do acesso r\u00e1pido \u00e0 vida urbana de Lisboa, grandes hospitais e escolas internacionais.  <\/p><p>Em resumo:<\/p><ul><li><strong>Algarve<\/strong> = acesso mais f\u00e1cil se voc\u00ea estiver voando do exterior, particularmente dos EUA ou do Reino Unido.<\/li><li><strong>Costa de Prata<\/strong> = alcance mais r\u00e1pido a Lisboa, ideal se voc\u00ea deseja o equil\u00edbrio entre a vida na praia e a vida na cidade por perto.<\/li><\/ul>\t\t\t\t\t\t\t\t<\/div>\n\t\t\t\t\t<\/div>\n\t\t\t\t<\/div>\n\t\t<div class=\"elementor-element elementor-element-e60b4a4 e-flex e-con-boxed e-con e-parent\" data-id=\"e60b4a4\" data-element_type=\"container\" data-e-type=\"container\">\n\t\t\t\t\t<div class=\"e-con-inner\">\n\t\t\t\t<div class=\"elementor-element elementor-element-c338862 elementor-widget elementor-widget-heading\" data-id=\"c338862\" data-element_type=\"widget\" data-e-type=\"widget\" data-widget_type=\"heading.default\">\n\t\t\t\t\t<h2 class=\"elementor-heading-title elementor-size-default\">Algarve vs. Costa de Prata: Compara\u00e7\u00e3o R\u00e1pida<\/h2>\t\t\t\t<\/div>\n\t\t\t\t<div class=\"elementor-element elementor-element-3c98036 elementor-widget elementor-widget-text-editor\" data-id=\"3c98036\" data-element_type=\"widget\" data-e-type=\"widget\" data-widget_type=\"text-editor.default\">\n\t\t\t\t\t\t\t\t\t<table>\n<thead>\n<tr>\n<th>Fator<\/th>\n<th>Algarve<\/th>\n<th>Costa de Prata<\/th>\n<\/tr>\n<\/thead>\n<tbody>\n<tr>\n<td>Pre\u00e7os de im\u00f3veis<\/td>\n<td>Mais altos<\/td>\n<td>Mais baixos<\/td>\n<\/tr>\n<tr>\n<td>Clima<\/td>\n<td>Mais quente e ensolarado<\/td>\n<td>Mais fresco e verde<\/td>\n<\/tr>\n<tr>\n<td>Comunidade de Expatriados<\/td>\n<td>Grande e estabelecida<\/td>\n<td>Menor, mas em crescimento<\/td>\n<\/tr>\n<tr>\n<td>Turismo<\/td>\n<td>Muito forte<\/td>\n<td>Moderado<\/td>\n<\/tr>\n<tr>\n<td>Escolas Internacionais<\/td>\n<td>Mais op\u00e7\u00f5es<\/td>\n<td>Menos op\u00e7\u00f5es<\/td>\n<\/tr>\n<tr>\n<td>Acesso ao Aeroporto<\/td>\n<td>Aeroporto de Faro<\/td>\n<td>Aeroporto de Lisboa<\/td>\n<\/tr>\n<tr>\n<td>Estilo de Vida<\/td>\n<td>Orientado a resorts<\/td>\n<td>Mais local e residencial<\/td>\n<\/tr>\n<tr>\n<td>Infraestrutura de Golfe<\/td>\n<td>Excelente<\/td>\n<td>Limitada<\/td>\n<\/tr>\n<tr>\n<td>Acesso a Lisboa<\/td>\n<td>Mais distante<\/td>\n<td>Muito mais pr\u00f3ximo<\/td>\n<\/tr>\n<tr>\n<td>Melhor Para<\/td>\n<td>Aposentados e compradores por estilo de vida<\/td>\n<td>Fam\u00edlias e vida de longo prazo<\/td>\n<\/tr>\n<\/tbody>\n<\/table>\t\t\t\t\t\t\t\t<\/div>\n\t\t\t\t\t<\/div>\n\t\t\t\t<\/div>\n\t\t<div class=\"elementor-element elementor-element-1d26d5d e-flex e-con-boxed e-con e-parent\" data-id=\"1d26d5d\" data-element_type=\"container\" data-e-type=\"container\">\n\t\t\t\t\t<div class=\"e-con-inner\">\n\t\t\t\t<div class=\"elementor-element elementor-element-b257922 elementor-widget elementor-widget-heading\" data-id=\"b257922\" data-element_type=\"widget\" data-e-type=\"widget\" data-widget_type=\"heading.default\">\n\t\t\t\t\t<h2 class=\"elementor-heading-title elementor-size-default\">Custo de Vida: Algarve vs. Costa de Prata\n<\/h2>\t\t\t\t<\/div>\n\t\t\t\t<div class=\"elementor-element elementor-element-34fe7a0 elementor-widget elementor-widget-text-editor\" data-id=\"34fe7a0\" data-element_type=\"widget\" data-e-type=\"widget\" data-widget_type=\"text-editor.default\">\n\t\t\t\t\t\t\t\t\t<p>Quando se trata de despesas di\u00e1rias, o Algarve e a Costa de Prata ainda s\u00e3o mais baratos do que a maior parte da Europa Ocidental. Mas se voc\u00ea se aprofundar, encontrar\u00e1 algumas diferen\u00e7as importantes que podem impactar seu or\u00e7amento mensal, especialmente se planeja ficar a longo prazo. <\/p><p>O Algarve, sendo uma das regi\u00f5es mais visitadas de Portugal, tende a ter um custo ligeiramente superior nas despesas do dia a dia em cidades populares. \u00c1reas como Lagos, Vilamoura e Albufeira apresentam aumentos de pre\u00e7os not\u00e1veis no ver\u00e3o.  <\/p><p>Isso inclui restaurantes, alugu\u00e9is e at\u00e9 servi\u00e7os como t\u00e1xis. No entanto, se voc\u00ea for um pouco para o interior \u2014 para cidades como Silves ou S\u00e3o Br\u00e1s de Alportel \u2014 notar\u00e1 uma grande queda nos pre\u00e7os, e o custo-benef\u00edcio melhora significativamente. <\/p><p>A Costa de Prata, por sua vez, ainda est\u00e1 crescendo em nome e reputa\u00e7\u00e3o. Isso significa que voc\u00ea encontrar\u00e1 restaurantes, mercados e moradias mais acess\u00edveis, especialmente em \u00e1reas como Caldas da Rainha, Foz do Arelho ou Nazar\u00e9. O ritmo tamb\u00e9m \u00e9 mais lento, o que atrai muitas pessoas que buscam evitar a agita\u00e7\u00e3o sazonal do turismo.  <\/p><p>Quanto \u00e0s compras de supermercado, ambas as regi\u00f5es s\u00e3o bastante semelhantes, especialmente se voc\u00ea comprar em mercados locais ou em redes de desconto como Continente ou Pingo Doce. Servi\u00e7os p\u00fablicos e transporte tamb\u00e9m s\u00e3o pr\u00f3ximos, embora algumas partes remotas da Costa de Prata possam exigir um carro com mais frequ\u00eancia do que as cidades maiores do Algarve. <\/p><p>Em resumo:<\/p><ul><li><strong>Supermercado<\/strong>: Praticamente o mesmo em ambas as regi\u00f5es<\/li><li><strong>Aluguel<\/strong>: Mais baixo na Costa de Prata, a menos que voc\u00ea esteja no interior profundo do Algarve<\/li><li><strong>Servi\u00e7os p\u00fablicos e transporte<\/strong>: Semelhantes, com algumas flutua\u00e7\u00f5es dependendo da localiza\u00e7\u00e3o<\/li><\/ul>\t\t\t\t\t\t\t\t<\/div>\n\t\t\t\t<div class=\"elementor-element elementor-element-707054a elementor-widget elementor-widget-image\" data-id=\"707054a\" data-element_type=\"widget\" data-e-type=\"widget\" data-widget_type=\"image.default\">\n\t\t\t\t\t\t\t\t\t\t\t\t\t\t\t<img fetchpriority=\"high\" decoding=\"async\" width=\"800\" height=\"534\" src=\"https:\/\/www.portugalresidencyadvisors.com\/wp-content\/uploads\/2024\/03\/algarve-new-zealand2-portugal-residency-advisors-1024x683.jpg\" class=\"attachment-large size-large wp-image-20589\" alt=\"\" srcset=\"https:\/\/www.portugalresidencyadvisors.com\/wp-content\/uploads\/2024\/03\/algarve-new-zealand2-portugal-residency-advisors-1024x683.jpg 1024w, https:\/\/www.portugalresidencyadvisors.com\/wp-content\/uploads\/2024\/03\/algarve-new-zealand2-portugal-residency-advisors-300x200.jpg 300w, https:\/\/www.portugalresidencyadvisors.com\/wp-content\/uploads\/2024\/03\/algarve-new-zealand2-portugal-residency-advisors-768x512.jpg 768w, https:\/\/www.portugalresidencyadvisors.com\/wp-content\/uploads\/2024\/03\/algarve-new-zealand2-portugal-residency-advisors-1536x1024.jpg 1536w, https:\/\/www.portugalresidencyadvisors.com\/wp-content\/uploads\/2024\/03\/algarve-new-zealand2-portugal-residency-advisors.jpg 1920w\" sizes=\"(max-width: 800px) 100vw, 800px\" \/>\t\t\t\t\t\t\t\t\t\t\t\t\t\t\t<\/div>\n\t\t\t\t\t<\/div>\n\t\t\t\t<\/div>\n\t\t<div class=\"elementor-element elementor-element-b5a3b2d e-flex e-con-boxed e-con e-parent\" data-id=\"b5a3b2d\" data-element_type=\"container\" data-e-type=\"container\">\n\t\t\t\t\t<div class=\"e-con-inner\">\n\t\t\t\t<div class=\"elementor-element elementor-element-5f7f3c3 elementor-widget elementor-widget-heading\" data-id=\"5f7f3c3\" data-element_type=\"widget\" data-e-type=\"widget\" data-widget_type=\"heading.default\">\n\t\t\t\t\t<h2 class=\"elementor-heading-title elementor-size-default\">Comprar Im\u00f3veis em Portugal\n<\/h2>\t\t\t\t<\/div>\n\t\t\t\t<div class=\"elementor-element elementor-element-d5ce606 elementor-widget elementor-widget-text-editor\" data-id=\"d5ce606\" data-element_type=\"widget\" data-e-type=\"widget\" data-widget_type=\"text-editor.default\">\n\t\t\t\t\t\t\t\t\t<p>Escolher entre o Algarve e a Costa de Prata para investimento imobili\u00e1rio ou aluguel depende do seu or\u00e7amento, prefer\u00eancias de estilo de vida e do que voc\u00ea procura em termos de comunidade e comodidades.<\/p><p data-start=\"5751\" data-end=\"5952\">Nosso <a href=\"https:\/\/www.portugalresidencyadvisors.com\/pt-br\/comprar-imovel-portugal\/\" target=\"_blank\" rel=\"noopener\">Guia Definitivo para Estrangeiros sobre a Compra de Im\u00f3veis em Portugal<\/a> explica muitas das considera\u00e7\u00f5es legais e financeiras que os compradores internacionais devem entender antes de investir no mercado imobili\u00e1rio portugu\u00eas.<\/p>\t\t\t\t\t\t\t\t<\/div>\n\t\t\t\t\t<\/div>\n\t\t\t\t<\/div>\n\t\t<div class=\"elementor-element elementor-element-1014e5d e-flex e-con-boxed e-con e-parent\" data-id=\"1014e5d\" data-element_type=\"container\" data-e-type=\"container\">\n\t\t\t\t\t<div class=\"e-con-inner\">\n\t\t\t\t<div class=\"elementor-element elementor-element-1bf414e elementor-widget elementor-widget-heading\" data-id=\"1bf414e\" data-element_type=\"widget\" data-e-type=\"widget\" data-widget_type=\"heading.default\">\n\t\t\t\t\t<h3 class=\"elementor-heading-title elementor-size-default\">Im\u00f3veis no Algarve: Op\u00e7\u00f5es de Elite<\/h3>\t\t\t\t<\/div>\n\t\t\t\t<div class=\"elementor-element elementor-element-f02f9d3 elementor-widget elementor-widget-text-editor\" data-id=\"f02f9d3\" data-element_type=\"widget\" data-e-type=\"widget\" data-widget_type=\"text-editor.default\">\n\t\t\t\t\t\t\t\t\t<p>O <strong>Algarve<\/strong>, especialmente popular em centros costeiros como <strong>Albufeira<\/strong>, <strong>Lagos<\/strong>, <strong>Vilamoura<\/strong> e <strong>Quinta do Lago<\/strong>, \u00e9 conhecido por sua vibrante cena de expatriados e empreendimentos de luxo. No entanto, tamb\u00e9m oferece op\u00e7\u00f5es mais acess\u00edveis no interior. <\/p><ul><li><strong>Albufeira<\/strong>: Uma mistura animada de apartamentos e casas geminadas perto de praias e da vida noturna.<\/li><li><strong>Aljezur<\/strong>: Um ambiente mais tranquilo com casas tradicionais e arredores naturais deslumbrantes.<\/li><li><strong>Alcoutim<\/strong>: Pequenas aldeias no interior que oferecem os pre\u00e7os mais baixos da regi\u00e3o.<\/li><\/ul>\t\t\t\t\t\t\t\t<\/div>\n\t\t\t\t<div class=\"elementor-element elementor-element-4827775 elementor-widget elementor-widget-text-editor\" data-id=\"4827775\" data-element_type=\"widget\" data-e-type=\"widget\" data-widget_type=\"text-editor.default\">\n\t\t\t\t\t\t\t\t\t<table width=\"318\"><tbody><tr><td width=\"159\"><strong>Localiza\u00e7\u00e3o<\/strong><\/td><td width=\"159\"><strong>Pre\u00e7o M\u00e9dio (\u20ac\/m\u00b2)<\/strong><\/td><\/tr><tr><td>Albufeira<\/td><td> 4.176 \u20ac<\/td><\/tr><tr><td>Aljezur<\/td><td> 4.302 \u20ac<\/td><\/tr><tr><td>Castro Marim<\/td><td> 5.263 \u20ac<\/td><\/tr><tr><td>Faro<\/td><td> 3.701 \u20ac<\/td><\/tr><tr><td>Lagoa<\/td><td> 4.995 \u20ac<\/td><\/tr><tr><td>Lagos<\/td><td> 5.066 \u20ac<\/td><\/tr><tr><td>Monchique<\/td><td> 2.381 \u20ac<\/td><\/tr><tr><td>Silves<\/td><td> 3.600 \u20ac<\/td><\/tr><tr><td>Tavira<\/td><td> 3.660 \u20ac<\/td><\/tr><tr><td>Vila do Bispo<\/td><td> 4.127 \u20ac<\/td><\/tr><\/tbody><\/table>\t\t\t\t\t\t\t\t<\/div>\n\t\t\t\t<div class=\"elementor-element elementor-element-1a0962c elementor-widget elementor-widget-heading\" data-id=\"1a0962c\" data-element_type=\"widget\" data-e-type=\"widget\" data-widget_type=\"heading.default\">\n\t\t\t\t\t<h3 class=\"elementor-heading-title elementor-size-default\">Im\u00f3veis na Costa de Prata: Econ\u00f4micos\n<\/h3>\t\t\t\t<\/div>\n\t\t\t\t<div class=\"elementor-element elementor-element-5c817b4 elementor-widget elementor-widget-text-editor\" data-id=\"5c817b4\" data-element_type=\"widget\" data-e-type=\"widget\" data-widget_type=\"text-editor.default\">\n\t\t\t\t\t\t\t\t\t<p>A <strong>Costa de Prata<\/strong> oferece uma vibra\u00e7\u00e3o portuguesa mais aut\u00eantica, com cidades costeiras como <strong>Nazar\u00e9<\/strong> e a voltada para o surfe <strong>Ericeira<\/strong>, bem como centros comerciais como <strong>Caldas da Rainha<\/strong> e <strong>Figueira da Foz<\/strong>.<\/p><ul><li><strong>Ericeira<\/strong>: Forte presen\u00e7a de expatriados e cultura do surfe.<\/li><li><strong>Nazar\u00e9<\/strong> &#038; <strong>Peniche<\/strong>: Conhecidas por paisagens costeiras dram\u00e1ticas e arquitetura tradicional.<\/li><li><strong>\u00d3bidos<\/strong>: Cidade medieval pitoresca com casas de alto padr\u00e3o.<\/li><li><strong>Caldas da Rainha<\/strong> &#038; <strong>Figueira da Foz<\/strong>: \u00d3timo custo-benef\u00edcio para a vida em apartamentos modernos<\/li><\/ul>\t\t\t\t\t\t\t\t<\/div>\n\t\t\t\t<div class=\"elementor-element elementor-element-932d3aa elementor-widget elementor-widget-text-editor\" data-id=\"932d3aa\" data-element_type=\"widget\" data-e-type=\"widget\" data-widget_type=\"text-editor.default\">\n\t\t\t\t\t\t\t\t\t<table width=\"318\"><tbody><tr><td width=\"159\"><strong>Localiza\u00e7\u00e3o<\/strong><\/td><td width=\"159\"><strong>Pre\u00e7o M\u00e9dio (\u20ac\/m\u00b2)<\/strong><\/td><\/tr><tr><td>Caldas da Rainha<\/td><td> 2.299 \u20ac<\/td><\/tr><tr><td>Figueira da Foz<\/td><td> 2.332 \u20ac<\/td><\/tr><tr><td>Nazar\u00e9<\/td><td> 2.956 \u20ac<\/td><\/tr><tr><td>\u00d3bidos<\/td><td> 3.657 \u20ac<\/td><\/tr><tr><td>Peniche<\/td><td> 2.642 \u20ac<\/td><\/tr><tr><td>Costa de Prata<\/td><td> 2.300 \u20ac &#8211; 3.900 \u20ac <\/td> <\/tr><\/tbody><\/table>\t\t\t\t\t\t\t\t<\/div>\n\t\t\t\t<div class=\"elementor-element elementor-element-6a2b773 elementor-widget elementor-widget-text-editor\" data-id=\"6a2b773\" data-element_type=\"widget\" data-e-type=\"widget\" data-widget_type=\"text-editor.default\">\n\t\t\t\t\t\t\t\t\t<div class=\"elementor-element elementor-element-ed80af6 elementor-widget elementor-widget-text-editor\" data-id=\"ed80af6\" data-element_type=\"widget\" data-e-type=\"widget\" data-widget_type=\"text-editor.default\"><p>Esses n\u00fameros mostram a m\u00e9dia mais alta do Algarve (cerca de 4.385 \u20ac\/m\u00b2) em compara\u00e7\u00e3o com a faixa mais acess\u00edvel da Costa de Prata, entre 2.300 \u20ac e 3.900 \u20ac\/m\u00b2.<\/p><\/div><div class=\"elementor-element elementor-element-2c4f666 elementor-widget elementor-widget-text-editor\" data-id=\"2c4f666\" data-element_type=\"widget\" data-e-type=\"widget\" data-widget_type=\"text-editor.default\"><p>Se o seu or\u00e7amento permitir e voc\u00ea desejar vida social + renda de turismo, o <strong>Algarve<\/strong> oferece uma vida de alto padr\u00e3o e infraestrutura estabelecida. Se a acessibilidade, a autenticidade e arredores mais tranquilos lhe atraem mais, escolha a <strong>Costa de Prata<\/strong>. Ambas as regi\u00f5es s\u00e3o promissoras, mas de formas diferentes, dependendo das suas prioridades.  <\/p><\/div>\t\t\t\t\t\t\t\t<\/div>\n\t\t\t\t\t<\/div>\n\t\t\t\t<\/div>\n\t\t<div class=\"elementor-element elementor-element-ee9e3d1 e-flex e-con-boxed e-con e-parent\" data-id=\"ee9e3d1\" data-element_type=\"container\" data-e-type=\"container\">\n\t\t\t\t\t<div class=\"e-con-inner\">\n\t\t\t\t<div class=\"elementor-element elementor-element-5050542 elementor-widget elementor-widget-heading\" data-id=\"5050542\" data-element_type=\"widget\" data-e-type=\"widget\" data-widget_type=\"heading.default\">\n\t\t\t\t\t<h2 class=\"elementor-heading-title elementor-size-default\">Aluguel no Algarve vs. Costa de Prata\n<\/h2>\t\t\t\t<\/div>\n\t\t\t\t<div class=\"elementor-element elementor-element-a633bd4 elementor-widget elementor-widget-text-editor\" data-id=\"a633bd4\" data-element_type=\"widget\" data-e-type=\"widget\" data-widget_type=\"text-editor.default\">\n\t\t\t\t\t\t\t\t\t<ul><li><strong>Alugu\u00e9is no Algarve<\/strong>: Alta demanda em pontos tur\u00edsticos como Vilamoura e Lagos; os alugu\u00e9is podem ser caros na alta temporada, mas lucrativos para loca\u00e7\u00e3o de curto prazo.<\/li><li><strong>Alugu\u00e9is na Costa de Prata<\/strong>: Custos de aluguel mais modestos e popularidade crescente, especialmente entre surfistas e trabalhadores remotos. Os rendimentos de aluguel variam de 5 a 7%, impulsionados pelo interesse durante todo o ano. <\/li><\/ul>\t\t\t\t\t\t\t\t<\/div>\n\t\t\t\t\t<\/div>\n\t\t\t\t<\/div>\n\t\t<div class=\"elementor-element elementor-element-b8261f8 e-flex e-con-boxed e-con e-parent\" data-id=\"b8261f8\" data-element_type=\"container\" data-e-type=\"container\">\n\t\t\t\t\t<div class=\"e-con-inner\">\n\t\t\t\t<div class=\"elementor-element elementor-element-7a870d1 elementor-widget elementor-widget-heading\" data-id=\"7a870d1\" data-element_type=\"widget\" data-e-type=\"widget\" data-widget_type=\"heading.default\">\n\t\t\t\t\t<h2 class=\"elementor-heading-title elementor-size-default\">Clima em Portugal: Sol vs. Brisa Marinha\n<\/h2>\t\t\t\t<\/div>\n\t\t\t\t<div class=\"elementor-element elementor-element-94f2b24 elementor-widget elementor-widget-text-editor\" data-id=\"94f2b24\" data-element_type=\"widget\" data-e-type=\"widget\" data-widget_type=\"text-editor.default\">\n\t\t\t\t\t\t\t\t\t<p>O Algarve \u00e9 conhecido por seus invernos suaves e ver\u00f5es longos, com mais de 300 dias de sol por ano. Os ver\u00f5es s\u00e3o quentes, mas secos, tornando-o a escolha ideal para banhistas e golfistas. Os invernos s\u00e3o frescos, mas agrad\u00e1veis \u2014 raramente caindo abaixo de 10 \u00b0C.  <\/p><p>A Costa de Prata, por outro lado, apresenta um pouco mais de varia\u00e7\u00e3o. \u00c9 mais fresca no ver\u00e3o gra\u00e7as \u00e0 brisa do Atl\u00e2ntico, e os invernos s\u00e3o um pouco mais \u00famidos. Mas para quem gosta de um clima mais fresco e menos intenso, \u00e9 muito confort\u00e1vel.  <\/p><p>Conclus\u00e3o:<\/p><ul><li><strong>Algarve<\/strong> = melhor para amantes do sol e pessoas que querem clima quente quase o ano todo<\/li><li><strong>Costa de Prata<\/strong> = melhor se voc\u00ea prefere ver\u00f5es mais amenos e n\u00e3o se importa com alguns dias de chuva<\/li><\/ul>\t\t\t\t\t\t\t\t<\/div>\n\t\t\t\t\t<\/div>\n\t\t\t\t<\/div>\n\t\t<div class=\"elementor-element elementor-element-3f351522 banner e-flex e-con-boxed e-con e-parent\" data-id=\"3f351522\" data-element_type=\"container\" data-e-type=\"container\" data-settings=\"{&quot;background_background&quot;:&quot;classic&quot;}\">\n\t\t\t\t\t<div class=\"e-con-inner\">\n\t\t\t\t<div class=\"elementor-element elementor-element-4d3509e hwhite elementor-widget elementor-widget-heading\" data-id=\"4d3509e\" data-element_type=\"widget\" data-e-type=\"widget\" data-settings=\"{&quot;_animation&quot;:&quot;none&quot;,&quot;_animation_delay&quot;:900}\" data-widget_type=\"heading.default\">\n\t\t\t\t\t<h2 class=\"elementor-heading-title elementor-size-default\">Entre em contato conosco<\/h2>\t\t\t\t<\/div>\n\t\t\t\t<div class=\"elementor-element elementor-element-41192e16 elementor-widget elementor-widget-text-editor\" data-id=\"41192e16\" data-element_type=\"widget\" data-e-type=\"widget\" data-widget_type=\"text-editor.default\">\n\t\t\t\t\t\t\t\t\t<p>A Portugal Residency Advisors\u00ae j\u00e1 ajudou centenas de fam\u00edlias e investidores internacionais a obter resid\u00eancia, cidadania e investimentos em Portugal. Entre em contato com um especialista hoje e descubra como podemos te ajudar a iniciar a tua jornada para Portugal. <\/p>\t\t\t\t\t\t\t\t<\/div>\n\t\t\t\t<div class=\"elementor-element elementor-element-53afea07 elementor-align-center button-link-black elementor-widget elementor-widget-button\" data-id=\"53afea07\" data-element_type=\"widget\" data-e-type=\"widget\" data-widget_type=\"button.default\">\n\t\t\t\t\t\t\t\t\t\t<a class=\"elementor-button elementor-button-link elementor-size-md\" href=\"#onpage-contact-form\">\n\t\t\t\t\t\t<span class=\"elementor-button-content-wrapper\">\n\t\t\t\t\t\t\t\t\t<span class=\"elementor-button-text\">Comece agora<\/span>\n\t\t\t\t\t<\/span>\n\t\t\t\t\t<\/a>\n\t\t\t\t\t\t\t\t<\/div>\n\t\t\t\t\t<\/div>\n\t\t\t\t<\/div>\n\t\t<div class=\"elementor-element elementor-element-db09ad3 e-flex e-con-boxed e-con e-parent\" data-id=\"db09ad3\" data-element_type=\"container\" data-e-type=\"container\">\n\t\t\t\t\t<div class=\"e-con-inner\">\n\t\t\t\t<div class=\"elementor-element elementor-element-e15dd05 elementor-widget elementor-widget-heading\" data-id=\"e15dd05\" data-element_type=\"widget\" data-e-type=\"widget\" data-widget_type=\"heading.default\">\n\t\t\t\t\t<h2 class=\"elementor-heading-title elementor-size-default\">Portugal \u00e9 seguro?\n<\/h2>\t\t\t\t<\/div>\n\t\t\t\t<div class=\"elementor-element elementor-element-d7d7d00 elementor-widget elementor-widget-text-editor\" data-id=\"d7d7d00\" data-element_type=\"widget\" data-e-type=\"widget\" data-widget_type=\"text-editor.default\">\n\t\t\t\t\t\t\t\t\t<p data-start=\"7989\" data-end=\"8056\">Portugal continua classificado entre os pa\u00edses mais seguros do mundo.<\/p>\n<p data-start=\"8058\" data-end=\"8254\">O pa\u00eds ocupou o 7\u00ba lugar globalmente no <a href=\"https:\/\/www.economicsandpeace.org\/global-peace-index\/\" target=\"_blank\" rel=\"noopener\">\u00cdndice Global da Paz<\/a> e mant\u00e9m uma forte reputa\u00e7\u00e3o internacional de estabilidade pol\u00edtica e baixas taxas de crimes violentos.<\/p>\n<p data-start=\"8256\" data-end=\"8405\">O <a href=\"https:\/\/www.numbeo.com\/crime\/rankings_by_country.jsp?displayColumn=1\" target=\"_blank\" rel=\"noopener\">\u00cdndice de Seguran\u00e7a da Numbeo de 2026<\/a> tamb\u00e9m coloca Portugal entre os pa\u00edses mais seguros da Europa, com uma pontua\u00e7\u00e3o de seguran\u00e7a pr\u00f3xima a 67.<\/p>\n<p data-start=\"8407\" data-end=\"8552\">Em termos pr\u00e1ticos, tanto o Algarve quanto a Costa de Prata parecem extremamente seguros para a vida cotidiana em compara\u00e7\u00e3o com muitas partes da Europa ou da Am\u00e9rica do Norte.<\/p>\n<p data-start=\"8554\" data-end=\"8670\">Esse senso de seguran\u00e7a \u00e9 um dos principais motivos pelos quais Portugal continua atraindo aposentados e fam\u00edlias internacionais.<\/p>\t\t\t\t\t\t\t\t<\/div>\n\t\t\t\t\t<\/div>\n\t\t\t\t<\/div>\n\t\t<div class=\"elementor-element elementor-element-485aac8 e-flex e-con-boxed e-con e-parent\" data-id=\"485aac8\" data-element_type=\"container\" data-e-type=\"container\">\n\t\t\t\t\t<div class=\"e-con-inner\">\n\t\t\t\t<div class=\"elementor-element elementor-element-02a8baa elementor-widget elementor-widget-heading\" data-id=\"02a8baa\" data-element_type=\"widget\" data-e-type=\"widget\" data-widget_type=\"heading.default\">\n\t\t\t\t\t<h2 class=\"elementor-heading-title elementor-size-default\">Cultura Local e Gastronomia\n<\/h2>\t\t\t\t<\/div>\n\t\t\t\t<div class=\"elementor-element elementor-element-c68c2db elementor-widget elementor-widget-text-editor\" data-id=\"c68c2db\" data-element_type=\"widget\" data-e-type=\"widget\" data-widget_type=\"text-editor.default\">\n\t\t\t\t\t\t\t\t\t<p>Uma das maiores recompensas de viver em Portugal, quer escolha o Algarve ou a Costa de Prata, \u00e9 poder desfrutar de uma vida quotidiana enraizada na cultura, na fam\u00edlia e na boa comida. A cultura portuguesa prospera na simplicidade e na conex\u00e3o. Conversas matinais regadas a caf\u00e9, refei\u00e7\u00f5es familiares de fim de semana e fortes la\u00e7os com a tradi\u00e7\u00e3o definem o ritmo de vida.  <\/p><p>No <strong>Algarve<\/strong>, especialmente em cidades como Tavira ou Loul\u00e9, encontrar\u00e1 frequentemente mercados locais repletos de produtos frescos, marisco e artigos artesanais. A liga\u00e7\u00e3o hist\u00f3rica da regi\u00e3o com o Norte de \u00c1frica tamb\u00e9m confere um toque \u00fanico \u00e0 sua arquitetura e gastronomia. Festivais municipais, concertos ao ar livre e desfiles religiosos s\u00e3o frequentes, dando aos residentes e visitantes a oportunidade de interagir com a comunidade.  <\/p><p>Na <strong>Costa de Prata<\/strong>, ver\u00e1 um sentido mais forte de tradi\u00e7\u00e3o rural. Cidades como \u00d3bidos e Alcoba\u00e7a acolhem feiras sazonais, celebra\u00e7\u00f5es das vindimas e prociss\u00f5es religiosas que remontam a s\u00e9culos. O ritmo \u00e9 um pouco mais lento, mas o orgulho em preservar os costumes locais \u00e9 forte. Existe uma forte influ\u00eancia da pesca e da agricultura, que se reflete tanto na gastronomia como nos valores da comunidade.   <\/p><p>Quanto \u00e0 comida, Portugal \u00e9 o para\u00edso para quem gosta de refei\u00e7\u00f5es fartas e honestas. A <a href=\"https:\/\/www.portugalresident.com\/portuguese-cuisine-among-top-five-in-the-world\/\">gastronomia portuguesa<\/a> foi recentemente classificada como a quarta melhor do mundo pelo TasteAtlas, e \u00e9 f\u00e1cil perceber porqu\u00ea. Quer se trate de sardinhas assadas \u00e0 beira-mar, caldo verde ou past\u00e9is de nata cremosos, h\u00e1 um forte sentido de lugar e identidade em cada prato. <\/p><p>No Algarve, o marisco assume o papel principal \u2013 polvo, am\u00eaijoas e peixe grelhado s\u00e3o servidos com azeite e lim\u00e3o, muitas vezes com vista para o mar. A Costa de Prata oferece marisco igualmente fresco, mas com mais guisados, pratos de forno e ingredientes do interior, como queijo de cabra e carnes curadas. <\/p>\t\t\t\t\t\t\t\t<\/div>\n\t\t\t\t\t<\/div>\n\t\t\t\t<\/div>\n\t\t<div class=\"elementor-element elementor-element-da18bb7 e-flex e-con-boxed e-con e-parent\" data-id=\"da18bb7\" data-element_type=\"container\" data-e-type=\"container\">\n\t\t\t\t\t<div class=\"e-con-inner\">\n\t\t\t\t<div class=\"elementor-element elementor-element-a37dee0 elementor-widget elementor-widget-heading\" data-id=\"a37dee0\" data-element_type=\"widget\" data-e-type=\"widget\" data-widget_type=\"heading.default\">\n\t\t\t\t\t<h2 class=\"elementor-heading-title elementor-size-default\">Sa\u00fade em Portugal: Algarve vs. Costa de Prata<\/h2>\t\t\t\t<\/div>\n\t\t\t\t<div class=\"elementor-element elementor-element-7b2a733 elementor-widget elementor-widget-text-editor\" data-id=\"7b2a733\" data-element_type=\"widget\" data-e-type=\"widget\" data-widget_type=\"text-editor.default\">\n\t\t\t\t\t\t\t\t\t<div class=\"elementor-element elementor-element-f220289 elementor-widget elementor-widget-text-editor\" data-id=\"f220289\" data-element_type=\"widget\" data-e-type=\"widget\" data-widget_type=\"text-editor.default\"><p>O <a href=\"https:\/\/www.portugalresidencyadvisors.com\/pt-br\/sistema-de-saude-portugal\/\" target=\"_blank\" rel=\"noopener\">sistema de sa\u00fade de Portugal<\/a> \u00e9 considerado confi\u00e1vel, com op\u00e7\u00f5es p\u00fablicas e privadas dispon\u00edveis em todo o pa\u00eds. Tanto o Algarve quanto a Costa de Prata t\u00eam acesso a hospitais regionais, cl\u00ednicas e farm\u00e1cias. Os servi\u00e7os de emerg\u00eancia s\u00e3o responsivos e, para cuidados de rotina, muitas cl\u00ednicas oferecem op\u00e7\u00f5es de atendimento sem agendamento.  <\/p><p>A espinha dorsal do sistema p\u00fablico de sa\u00fade \u00e9 o <strong>Servi\u00e7o Nacional de Sa\u00fade (SNS)<\/strong>. Residentes e estrangeiros legais podem aceder a hospitais p\u00fablicos e centros de sa\u00fade com um n\u00famero de utente nacional ou seguro privado para cobrir lacunas no servi\u00e7o. Para muitos expatriados, o atendimento \u00e9 surpreendentemente bom e muito mais acess\u00edvel do que nos seus pa\u00edses de origem.  <\/p><p>O <a href=\"https:\/\/www.sns24.gov.pt\/\">portal SNS24<\/a> \u00e9 um site gerido pelo governo que oferece aconselhamento de sa\u00fade, marca\u00e7\u00e3o de consultas e at\u00e9 teleconsultas. \u00c9 especialmente \u00fatil para quest\u00f5es n\u00e3o urgentes, pois liga os pacientes a profissionais m\u00e9dicos sem a necessidade de desloca\u00e7\u00e3o presencial. Tamb\u00e9m pode encontrar servi\u00e7os locais, n\u00fameros de emerg\u00eancia e farm\u00e1cias pr\u00f3ximas diretamente no site.  <\/p><p>No <strong>Algarve<\/strong>, as principais instala\u00e7\u00f5es est\u00e3o localizadas em Faro, Portim\u00e3o e Lagos. Hospitais privados como o Hospital Particular do Algarve oferecem m\u00e9dicos e especialistas que falam ingl\u00eas. <\/p><p>Na <strong>Costa de Prata<\/strong>, encontrar\u00e1 hospitais de refer\u00eancia em Caldas da Rainha, Leiria e Torres Vedras. Os servi\u00e7os p\u00fablicos s\u00e3o confi\u00e1veis, embora alguns habitantes de aldeias remotas prefiram deslocar-se a Lisboa para cuidados mais avan\u00e7ados. Ainda assim, os cuidados de rotina e preventivos s\u00e3o f\u00e1ceis de aceder.  <\/p><p>O seguro privado \u00e9 popular entre os expatriados, sendo frequentemente utilizado em combina\u00e7\u00e3o com o sistema p\u00fablico. Ajuda a evitar tempos de espera e d\u00e1 acesso a cl\u00ednicas internacionais. <\/p><\/div>\t\t\t\t\t\t\t\t<\/div>\n\t\t\t\t\t<\/div>\n\t\t\t\t<\/div>\n\t\t<div class=\"elementor-element elementor-element-07d138e e-flex e-con-boxed e-con e-parent\" data-id=\"07d138e\" data-element_type=\"container\" data-e-type=\"container\">\n\t\t\t\t\t<div class=\"e-con-inner\">\n\t\t\t\t<div class=\"elementor-element elementor-element-dc2c5ca elementor-widget elementor-widget-heading\" data-id=\"dc2c5ca\" data-element_type=\"widget\" data-e-type=\"widget\" data-widget_type=\"heading.default\">\n\t\t\t\t\t<h2 class=\"elementor-heading-title elementor-size-default\">Golfe, Praias e Entretenimento\n<\/h2>\t\t\t\t<\/div>\n\t\t\t\t<div class=\"elementor-element elementor-element-6a7aa0a elementor-widget elementor-widget-text-editor\" data-id=\"6a7aa0a\" data-element_type=\"widget\" data-e-type=\"widget\" data-widget_type=\"text-editor.default\">\n\t\t\t\t\t\t\t\t\t<p>A costa de Portugal \u00e9 mundialmente famosa pela sua beleza natural, e tanto o Algarve como a Costa de Prata oferecem muito no que diz respeito a divers\u00e3o ao ar livre, relaxamento e desporto.<\/p><p>O <strong>Algarve<\/strong> \u00e9 especialmente popular entre os <a href=\"https:\/\/www.portugalresidencyadvisors.com\/pt-br\/campos-golfe-portugal\/\" target=\"_blank\" rel=\"noopener\">amantes do golfe<\/a>. Abriga alguns dos melhores campos da Europa, incluindo o premiado Quinta do Lago South Course, eleito o melhor campo de golfe da Europa em 2022. A regi\u00e3o est\u00e1 repleta de campos bem cuidados, clubes e resorts que atraem amadores e profissionais durante todo o ano.  <\/p><p>As praias s\u00e3o outro grande atrativo. A Praia da Fal\u00e9sia, no Algarve, foi recentemente coroada a melhor praia do mundo pelos pr\u00e9mios Travellers&#8217; Choice do TripAdvisor. De enseadas escondidas a fal\u00e9sias imponentes, h\u00e1 um lugar para todos.  <\/p><p>O entretenimento no Algarve tamb\u00e9m inclui espet\u00e1culos culturais, festivais de m\u00fasica e at\u00e9 eventos equestres como o <a href=\"https:\/\/www.portugalresident.com\/new-vilamoura-equestrian-centre-to-host-international-show-jumping-circuit-in-2025\/\">Vilamoura International Show Jumping Circuit<\/a> e a <a href=\"https:\/\/www.cm-albufeira.pt\/evento\/gala-equestre\">Gala Equestre em Albufeira<\/a>.<\/p><p>A <strong>Costa de Prata<\/strong> oferece menos resorts de golfe, mas mais praias prop\u00edcias ao surfe e festivais locais. A Nazar\u00e9 \u00e9 famosa pelas suas ondas recordistas, enquanto \u00d3bidos acolhe feiras medievais e eventos vin\u00edcolas. <\/p>\t\t\t\t\t\t\t\t<\/div>\n\t\t\t\t\t<\/div>\n\t\t\t\t<\/div>\n\t\t<div class=\"elementor-element elementor-element-1f87912 e-flex e-con-boxed e-con e-parent\" data-id=\"1f87912\" data-element_type=\"container\" data-e-type=\"container\">\n\t\t\t\t\t<div class=\"e-con-inner\">\n\t\t\t\t<div class=\"elementor-element elementor-element-b570d41 elementor-widget elementor-widget-heading\" data-id=\"b570d41\" data-element_type=\"widget\" data-e-type=\"widget\" data-widget_type=\"heading.default\">\n\t\t\t\t\t<h2 class=\"elementor-heading-title elementor-size-default\">Ent\u00e3o, Algarve ou Costa de Prata?<\/h2>\t\t\t\t<\/div>\n\t\t\t\t<div class=\"elementor-element elementor-element-021c58a elementor-widget elementor-widget-text-editor\" data-id=\"021c58a\" data-element_type=\"widget\" data-e-type=\"widget\" data-widget_type=\"text-editor.default\">\n\t\t\t\t\t\t\t\t\t<p data-start=\"0\" data-end=\"333\">Se a sua ideia de Portugal inclui sol quase todo o ano, campos de golfe, vida na marina, restaurantes internacionais e grandes comunidades de expatriados, o Algarve provavelmente parecer\u00e1 a escolha mais f\u00e1cil desde o in\u00edcio. A infraestrutura est\u00e1 muito consolidada, a vida quotidiana \u00e9 conveniente e muitos estrangeiros sentem-se confort\u00e1veis l\u00e1 rapidamente. <\/p><p data-start=\"335\" data-end=\"401\">A Costa de Prata costuma atrair um tipo diferente de estilo de vida.<\/p><p data-start=\"403\" data-end=\"754\">As pessoas s\u00e3o frequentemente atra\u00eddas para l\u00e1 porque a vida parece mais tranquila, mais local e menos impulsionada pelo turismo. Os im\u00f3veis tendem a ser mais acess\u00edveis, Lisboa est\u00e1 muito mais perto e a atmosfera geralmente parece mais ligada \u00e0 vida quotidiana portuguesa. Para as fam\u00edlias que planeiam uma mudan\u00e7a a longo prazo, muitas tamb\u00e9m apreciam o ritmo mais calmo e o ambiente mais residencial.  <\/p><p data-start=\"756\" data-end=\"851\">Na realidade, muitos expatriados passam algum tempo em ambas as regi\u00f5es antes de decidirem onde se estabelecer permanentemente.<\/p><p data-start=\"853\" data-end=\"1061\" data-is-last-node=\"\" data-is-only-node=\"\">Essa \u00e9 geralmente a melhor abordagem, porque a diferen\u00e7a entre o Algarve e a Costa de Prata \u00e9 algo que se sente muito mais na vida quotidiana do que se pode compreender apenas atrav\u00e9s de fotos ou an\u00fancios de im\u00f3veis.<\/p>\t\t\t\t\t\t\t\t<\/div>\n\t\t\t\t\t<\/div>\n\t\t\t\t<\/div>\n\t\t<div class=\"elementor-element elementor-element-83e0386 e-flex e-con-boxed e-con e-parent\" data-id=\"83e0386\" data-element_type=\"container\" data-e-type=\"container\">\n\t\t\t\t\t<div class=\"e-con-inner\">\n\t\t\t\t<div class=\"elementor-element elementor-element-d0975ef elementor-widget elementor-widget-heading\" data-id=\"d0975ef\" data-element_type=\"widget\" data-e-type=\"widget\" data-widget_type=\"heading.default\">\n\t\t\t\t\t<h2 class=\"elementor-heading-title elementor-size-default\">Como podemos ajudar<\/h2>\t\t\t\t<\/div>\n\t\t\t\t<div class=\"elementor-element elementor-element-4e6b127 elementor-widget elementor-widget-text-editor\" data-id=\"4e6b127\" data-element_type=\"widget\" data-e-type=\"widget\" data-widget_type=\"text-editor.default\">\n\t\t\t\t\t\t\t\t\t<h4 class=\"p1\">Expertise local<\/h4>\n<p class=\"p1\">Conhecemos Portugal como ningu\u00e9m. Ao focar exclusivamente em um \u00fanico pa\u00eds, oferecemos orienta\u00e7\u00f5es claras e pr\u00e1ticas, baseadas em profundo conhecimento local. <\/p>\n<h4 class=\"p1\">Orienta\u00e7\u00e3o honesta<\/h4>\n<p class=\"p1\">Recomendamos o que realmente \u00e9 melhor para voc\u00ea. Nossa orienta\u00e7\u00e3o \u00e9 baseada em experi\u00eancia real, ajudando clientes a economizar tempo e dinheiro com pre\u00e7os transparentes e justos. <\/p>\n<h4 class=\"p1\">Solu\u00e7\u00e3o completa<\/h4>\n<p class=\"p1\">Um \u00fanico ponto de contato para toda a sua realoca\u00e7\u00e3o. Da escolha do visto certo \u00e0 busca do seu novo lar e \u00e0 adapta\u00e7\u00e3o em Portugal, apoiamos voc\u00ea em cada etapa. <\/p>\n<h4 class=\"p1\">Processo cont\u00ednuo<\/h4>\n<p class=\"p1\">A tecnologia nos ajuda a simplificar o processo e reduzir a burocracia para nossos clientes. Como clientes tamb\u00e9m, entendemos como oferecer uma experi\u00eancia tranquila e eficiente. <\/p>\n<p class=\"p1\"><span class=\"s1\"><a href=\"https:\/\/www.portugalresidencyadvisors.com\/relocation-to-portugal\/\">Descubra 10 Raz\u00f5es para Nos Escolher para a Sua Mudan\u00e7a para Portugal<\/a><\/span><\/p>\t\t\t\t\t\t\t\t<\/div>\n\t\t\t\t\t<\/div>\n\t\t\t\t<\/div>\n\t\t<div class=\"elementor-element elementor-element-7564cd7f e-flex e-con-boxed e-con e-parent\" data-id=\"7564cd7f\" data-element_type=\"container\" data-e-type=\"container\">\n\t\t\t\t\t<div class=\"e-con-inner\">\n\t\t\t\t<div class=\"elementor-element elementor-element-220750b0 elementor-view-default elementor-widget elementor-widget-icon\" data-id=\"220750b0\" data-element_type=\"widget\" data-e-type=\"widget\" data-widget_type=\"icon.default\">\n\t\t\t\t\t\t\t<div class=\"elementor-icon-wrapper\">\n\t\t\t<div class=\"elementor-icon\">\n\t\t\t<svg xmlns=\"http:\/\/www.w3.org\/2000\/svg\" id=\"uuid-bbaa4b9d-eacc-4da7-8f1d-9d529f2f4582\" viewBox=\"0 0 171.03 171.16\"><g id=\"uuid-262094c7-4038-4617-8b78-fa7c3c7887c3\"><path d=\"m95.36,171.16h-19.82v-46.1c0-16.3-13.26-29.57-29.57-29.57H0v-19.82h45.98c27.23,0,49.39,22.15,49.39,49.39v46.1Z\"><\/path><path d=\"m75.67,0h19.82v46.1c0,16.3,13.26,29.57,29.57,29.57h45.98v19.82h-45.98c-27.23,0-49.39-22.15-49.39-49.39V0Z\"><\/path><path d=\"m24.1,161.01l-14.01-14.01,28.94-28.94c3.87-3.87,10.14-3.87,14.01,0h0c3.87,3.87,3.87,10.14,0,14.01l-28.94,28.94Z\"><\/path><path d=\"m146.94,10.15l14.01,14.01-28.94,28.94c-3.87,3.87-10.14,3.87-14.01,0h0c-3.87-3.87-3.87-10.14,0-14.01l28.94-28.94Z\"><\/path><path d=\"m160.95,147l-14.01,14.01-28.94-28.94c-3.87-3.87-3.87-10.14,0-14.01h0c3.87-3.87,10.14-3.87,14.01,0l28.94,28.94Z\"><\/path><path d=\"m10.08,24.16l14.01-14.01,28.94,28.94c3.87,3.87,3.87,10.14,0,14.01h0c-3.87,3.87-10.14,3.87-14.01,0L10.08,24.16Z\"><\/path><\/g><\/svg>\t\t\t<\/div>\n\t\t<\/div>\n\t\t\t\t\t\t<\/div>\n\t\t\t\t<div class=\"elementor-element elementor-element-4ec431cf elementor-widget elementor-widget-heading\" data-id=\"4ec431cf\" data-element_type=\"widget\" data-e-type=\"widget\" data-widget_type=\"heading.default\">\n\t\t\t\t\t<h2 class=\"elementor-heading-title elementor-size-default\">Suas perguntas respondidas<\/h2>\t\t\t\t<\/div>\n\t\t\t\t<div class=\"elementor-element elementor-element-36ef9aa1 faq-content elementor-widget elementor-widget-n-accordion\" data-id=\"36ef9aa1\" data-element_type=\"widget\" data-e-type=\"widget\" data-settings=\"{&quot;default_state&quot;:&quot;all_collapsed&quot;,&quot;max_items_expended&quot;:&quot;one&quot;,&quot;n_accordion_animation_duration&quot;:{&quot;unit&quot;:&quot;ms&quot;,&quot;size&quot;:400,&quot;sizes&quot;:[]}}\" data-widget_type=\"nested-accordion.default\">\n\t\t\t\t\t\t\t<div class=\"e-n-accordion\" aria-label=\"Accordion. Open links with Enter or Space, close with Escape, and navigate with Arrow Keys\">\n\t\t\t\t\t\t<details id=\"e-n-accordion-item-9210\" class=\"e-n-accordion-item\" >\n\t\t\t\t<summary class=\"e-n-accordion-item-title\" data-accordion-index=\"1\" tabindex=\"0\" aria-expanded=\"false\" aria-controls=\"e-n-accordion-item-9210\" >\n\t\t\t\t\t<span class='e-n-accordion-item-title-header'><div class=\"e-n-accordion-item-title-text\"> O Algarve \u00e9 mais caro do que a Costa de Prata? <\/div><\/span>\n\t\t\t\t\t\t\t<span class='e-n-accordion-item-title-icon'>\n\t\t\t<span class='e-opened' ><svg aria-hidden=\"true\" class=\"e-font-icon-svg e-fas-times\" viewBox=\"0 0 352 512\" xmlns=\"http:\/\/www.w3.org\/2000\/svg\"><path d=\"M242.72 256l100.07-100.07c12.28-12.28 12.28-32.19 0-44.48l-22.24-22.24c-12.28-12.28-32.19-12.28-44.48 0L176 189.28 75.93 89.21c-12.28-12.28-32.19-12.28-44.48 0L9.21 111.45c-12.28 12.28-12.28 32.19 0 44.48L109.28 256 9.21 356.07c-12.28 12.28-12.28 32.19 0 44.48l22.24 22.24c12.28 12.28 32.2 12.28 44.48 0L176 322.72l100.07 100.07c12.28 12.28 32.2 12.28 44.48 0l22.24-22.24c12.28-12.28 12.28-32.19 0-44.48L242.72 256z\"><\/path><\/svg><\/span>\n\t\t\t<span class='e-closed'><svg aria-hidden=\"true\" class=\"e-font-icon-svg e-fas-caret-down\" viewBox=\"0 0 320 512\" xmlns=\"http:\/\/www.w3.org\/2000\/svg\"><path d=\"M31.3 192h257.3c17.8 0 26.7 21.5 14.1 34.1L174.1 354.8c-7.8 7.8-20.5 7.8-28.3 0L17.2 226.1C4.6 213.5 13.5 192 31.3 192z\"><\/path><\/svg><\/span>\n\t\t<\/span>\n\n\t\t\t\t\t\t<\/summary>\n\t\t\t\t<div role=\"region\" aria-labelledby=\"e-n-accordion-item-9210\" class=\"elementor-element elementor-element-7397c328 e-con-full e-flex e-con e-child\" data-id=\"7397c328\" data-element_type=\"container\" data-e-type=\"container\">\n\t\t\t\t<div class=\"elementor-element elementor-element-53a18b8c elementor-widget elementor-widget-text-editor\" data-id=\"53a18b8c\" data-element_type=\"widget\" data-e-type=\"widget\" data-widget_type=\"text-editor.default\">\n\t\t\t\t\t\t\t\t\t<p>Sim. Os pre\u00e7os dos im\u00f3veis, alugu\u00e9is e custos relacionados ao turismo s\u00e3o, em geral, significativamente mais altos no Algarve, especialmente em \u00e1reas costeiras de elite. <\/p>\t\t\t\t\t\t\t\t<\/div>\n\t\t\t\t<\/div>\n\t\t\t\t\t<\/details>\n\t\t\t\t\t\t<details id=\"e-n-accordion-item-9211\" class=\"e-n-accordion-item\" >\n\t\t\t\t<summary class=\"e-n-accordion-item-title\" data-accordion-index=\"2\" tabindex=\"-1\" aria-expanded=\"false\" aria-controls=\"e-n-accordion-item-9211\" >\n\t\t\t\t\t<span class='e-n-accordion-item-title-header'><div class=\"e-n-accordion-item-title-text\"> Qual regi\u00e3o tem o melhor clima? <\/div><\/span>\n\t\t\t\t\t\t\t<span class='e-n-accordion-item-title-icon'>\n\t\t\t<span class='e-opened' ><svg aria-hidden=\"true\" class=\"e-font-icon-svg e-fas-times\" viewBox=\"0 0 352 512\" xmlns=\"http:\/\/www.w3.org\/2000\/svg\"><path d=\"M242.72 256l100.07-100.07c12.28-12.28 12.28-32.19 0-44.48l-22.24-22.24c-12.28-12.28-32.19-12.28-44.48 0L176 189.28 75.93 89.21c-12.28-12.28-32.19-12.28-44.48 0L9.21 111.45c-12.28 12.28-12.28 32.19 0 44.48L109.28 256 9.21 356.07c-12.28 12.28-12.28 32.19 0 44.48l22.24 22.24c12.28 12.28 32.2 12.28 44.48 0L176 322.72l100.07 100.07c12.28 12.28 32.2 12.28 44.48 0l22.24-22.24c12.28-12.28 12.28-32.19 0-44.48L242.72 256z\"><\/path><\/svg><\/span>\n\t\t\t<span class='e-closed'><svg aria-hidden=\"true\" class=\"e-font-icon-svg e-fas-caret-down\" viewBox=\"0 0 320 512\" xmlns=\"http:\/\/www.w3.org\/2000\/svg\"><path d=\"M31.3 192h257.3c17.8 0 26.7 21.5 14.1 34.1L174.1 354.8c-7.8 7.8-20.5 7.8-28.3 0L17.2 226.1C4.6 213.5 13.5 192 31.3 192z\"><\/path><\/svg><\/span>\n\t\t<\/span>\n\n\t\t\t\t\t\t<\/summary>\n\t\t\t\t<div role=\"region\" aria-labelledby=\"e-n-accordion-item-9211\" class=\"elementor-element elementor-element-1e9dcfe8 e-con-full e-flex e-con e-child\" data-id=\"1e9dcfe8\" data-element_type=\"container\" data-e-type=\"container\">\n\t\t\t\t<div class=\"elementor-element elementor-element-3fd7dedc elementor-widget elementor-widget-text-editor\" data-id=\"3fd7dedc\" data-element_type=\"widget\" data-e-type=\"widget\" data-widget_type=\"text-editor.default\">\n\t\t\t\t\t\t\t\t\t<p>O Algarve \u00e9 mais quente, ensolarado e seco durante todo o ano. A Costa de Prata \u00e9 mais fresca e verde devido \u00e0 forte influ\u00eancia do Atl\u00e2ntico. <\/p>\t\t\t\t\t\t\t\t<\/div>\n\t\t\t\t<\/div>\n\t\t\t\t\t<\/details>\n\t\t\t\t\t\t<details id=\"e-n-accordion-item-9212\" class=\"e-n-accordion-item\" >\n\t\t\t\t<summary class=\"e-n-accordion-item-title\" data-accordion-index=\"3\" tabindex=\"-1\" aria-expanded=\"false\" aria-controls=\"e-n-accordion-item-9212\" >\n\t\t\t\t\t<span class='e-n-accordion-item-title-header'><div class=\"e-n-accordion-item-title-text\"> A Costa de Prata \u00e9 um bom lugar para expatriados? <\/div><\/span>\n\t\t\t\t\t\t\t<span class='e-n-accordion-item-title-icon'>\n\t\t\t<span class='e-opened' ><svg aria-hidden=\"true\" class=\"e-font-icon-svg e-fas-times\" viewBox=\"0 0 352 512\" xmlns=\"http:\/\/www.w3.org\/2000\/svg\"><path d=\"M242.72 256l100.07-100.07c12.28-12.28 12.28-32.19 0-44.48l-22.24-22.24c-12.28-12.28-32.19-12.28-44.48 0L176 189.28 75.93 89.21c-12.28-12.28-32.19-12.28-44.48 0L9.21 111.45c-12.28 12.28-12.28 32.19 0 44.48L109.28 256 9.21 356.07c-12.28 12.28-12.28 32.19 0 44.48l22.24 22.24c12.28 12.28 32.2 12.28 44.48 0L176 322.72l100.07 100.07c12.28 12.28 32.2 12.28 44.48 0l22.24-22.24c12.28-12.28 12.28-32.19 0-44.48L242.72 256z\"><\/path><\/svg><\/span>\n\t\t\t<span class='e-closed'><svg aria-hidden=\"true\" class=\"e-font-icon-svg e-fas-caret-down\" viewBox=\"0 0 320 512\" xmlns=\"http:\/\/www.w3.org\/2000\/svg\"><path d=\"M31.3 192h257.3c17.8 0 26.7 21.5 14.1 34.1L174.1 354.8c-7.8 7.8-20.5 7.8-28.3 0L17.2 226.1C4.6 213.5 13.5 192 31.3 192z\"><\/path><\/svg><\/span>\n\t\t<\/span>\n\n\t\t\t\t\t\t<\/summary>\n\t\t\t\t<div role=\"region\" aria-labelledby=\"e-n-accordion-item-9212\" class=\"elementor-element elementor-element-40900f3b e-con-full e-flex e-con e-child\" data-id=\"40900f3b\" data-element_type=\"container\" data-e-type=\"container\">\n\t\t\t\t<div class=\"elementor-element elementor-element-3ada159c elementor-widget elementor-widget-text-editor\" data-id=\"3ada159c\" data-element_type=\"widget\" data-e-type=\"widget\" data-widget_type=\"text-editor.default\">\n\t\t\t\t\t\t\t\t\t<p>Sim. A Costa de Prata \u00e9 cada vez mais popular entre os expatriados que procuram acessibilidade, autenticidade e proximidade com Lisboa. <\/p>\t\t\t\t\t\t\t\t<\/div>\n\t\t\t\t<\/div>\n\t\t\t\t\t<\/details>\n\t\t\t\t\t\t<details id=\"e-n-accordion-item-9213\" class=\"e-n-accordion-item\" >\n\t\t\t\t<summary class=\"e-n-accordion-item-title\" data-accordion-index=\"4\" tabindex=\"-1\" aria-expanded=\"false\" aria-controls=\"e-n-accordion-item-9213\" >\n\t\t\t\t\t<span class='e-n-accordion-item-title-header'><div class=\"e-n-accordion-item-title-text\"> Qual regi\u00e3o \u00e9 melhor para aposentados? <\/div><\/span>\n\t\t\t\t\t\t\t<span class='e-n-accordion-item-title-icon'>\n\t\t\t<span class='e-opened' ><svg aria-hidden=\"true\" class=\"e-font-icon-svg e-fas-times\" viewBox=\"0 0 352 512\" xmlns=\"http:\/\/www.w3.org\/2000\/svg\"><path d=\"M242.72 256l100.07-100.07c12.28-12.28 12.28-32.19 0-44.48l-22.24-22.24c-12.28-12.28-32.19-12.28-44.48 0L176 189.28 75.93 89.21c-12.28-12.28-32.19-12.28-44.48 0L9.21 111.45c-12.28 12.28-12.28 32.19 0 44.48L109.28 256 9.21 356.07c-12.28 12.28-12.28 32.19 0 44.48l22.24 22.24c12.28 12.28 32.2 12.28 44.48 0L176 322.72l100.07 100.07c12.28 12.28 32.2 12.28 44.48 0l22.24-22.24c12.28-12.28 12.28-32.19 0-44.48L242.72 256z\"><\/path><\/svg><\/span>\n\t\t\t<span class='e-closed'><svg aria-hidden=\"true\" class=\"e-font-icon-svg e-fas-caret-down\" viewBox=\"0 0 320 512\" xmlns=\"http:\/\/www.w3.org\/2000\/svg\"><path d=\"M31.3 192h257.3c17.8 0 26.7 21.5 14.1 34.1L174.1 354.8c-7.8 7.8-20.5 7.8-28.3 0L17.2 226.1C4.6 213.5 13.5 192 31.3 192z\"><\/path><\/svg><\/span>\n\t\t<\/span>\n\n\t\t\t\t\t\t<\/summary>\n\t\t\t\t<div role=\"region\" aria-labelledby=\"e-n-accordion-item-9213\" class=\"elementor-element elementor-element-4db0b3ca e-con-full e-flex e-con e-child\" data-id=\"4db0b3ca\" data-element_type=\"container\" data-e-type=\"container\">\n\t\t\t\t<div class=\"elementor-element elementor-element-729b46e8 elementor-widget elementor-widget-text-editor\" data-id=\"729b46e8\" data-element_type=\"widget\" data-e-type=\"widget\" data-widget_type=\"text-editor.default\">\n\t\t\t\t\t\t\t\t\t<p>O Algarve continua a ser mais popular entre os aposentados devido ao seu clima, infraestrutura de golfe e comunidades internacionais estabelecidas.<\/p>\t\t\t\t\t\t\t\t<\/div>\n\t\t\t\t<\/div>\n\t\t\t\t\t<\/details>\n\t\t\t\t\t\t<details id=\"e-n-accordion-item-9214\" class=\"e-n-accordion-item\" >\n\t\t\t\t<summary class=\"e-n-accordion-item-title\" data-accordion-index=\"5\" tabindex=\"-1\" aria-expanded=\"false\" aria-controls=\"e-n-accordion-item-9214\" >\n\t\t\t\t\t<span class='e-n-accordion-item-title-header'><div class=\"e-n-accordion-item-title-text\"> A sa\u00fade \u00e9 boa em ambas as regi\u00f5es? <\/div><\/span>\n\t\t\t\t\t\t\t<span class='e-n-accordion-item-title-icon'>\n\t\t\t<span class='e-opened' ><svg aria-hidden=\"true\" class=\"e-font-icon-svg e-fas-times\" viewBox=\"0 0 352 512\" xmlns=\"http:\/\/www.w3.org\/2000\/svg\"><path d=\"M242.72 256l100.07-100.07c12.28-12.28 12.28-32.19 0-44.48l-22.24-22.24c-12.28-12.28-32.19-12.28-44.48 0L176 189.28 75.93 89.21c-12.28-12.28-32.19-12.28-44.48 0L9.21 111.45c-12.28 12.28-12.28 32.19 0 44.48L109.28 256 9.21 356.07c-12.28 12.28-12.28 32.19 0 44.48l22.24 22.24c12.28 12.28 32.2 12.28 44.48 0L176 322.72l100.07 100.07c12.28 12.28 32.2 12.28 44.48 0l22.24-22.24c12.28-12.28 12.28-32.19 0-44.48L242.72 256z\"><\/path><\/svg><\/span>\n\t\t\t<span class='e-closed'><svg aria-hidden=\"true\" class=\"e-font-icon-svg e-fas-caret-down\" viewBox=\"0 0 320 512\" xmlns=\"http:\/\/www.w3.org\/2000\/svg\"><path d=\"M31.3 192h257.3c17.8 0 26.7 21.5 14.1 34.1L174.1 354.8c-7.8 7.8-20.5 7.8-28.3 0L17.2 226.1C4.6 213.5 13.5 192 31.3 192z\"><\/path><\/svg><\/span>\n\t\t<\/span>\n\n\t\t\t\t\t\t<\/summary>\n\t\t\t\t<div role=\"region\" aria-labelledby=\"e-n-accordion-item-9214\" class=\"elementor-element elementor-element-53ec178e e-con-full e-flex e-con e-child\" data-id=\"53ec178e\" data-element_type=\"container\" data-e-type=\"container\">\n\t\t\t\t<div class=\"elementor-element elementor-element-4453576 elementor-widget elementor-widget-text-editor\" data-id=\"4453576\" data-element_type=\"widget\" data-e-type=\"widget\" data-widget_type=\"text-editor.default\">\n\t\t\t\t\t\t\t\t\t<p>Sim. Ambas as regi\u00f5es t\u00eam acesso aos sistemas de sa\u00fade p\u00fablico e privado de Portugal, embora o Algarve geralmente tenha mais cl\u00ednicas privadas voltadas para residentes estrangeiros. <\/p>\t\t\t\t\t\t\t\t<\/div>\n\t\t\t\t<\/div>\n\t\t\t\t\t<\/details>\n\t\t\t\t\t<\/div>\n\t\t\t\t\t<script type=\"application\/ld+json\">{\"@context\":\"https:\\\/\\\/schema.org\",\"@type\":\"FAQPage\",\"mainEntity\":[{\"@type\":\"Question\",\"name\":\"O Algarve \\u00e9 mais caro do que a Costa de Prata?\",\"acceptedAnswer\":{\"@type\":\"Answer\",\"text\":\"Sim. Os pre\\u00e7os dos im\\u00f3veis, alugu\\u00e9is e custos relacionados ao turismo s\\u00e3o, em geral, significativamente mais altos no Algarve, especialmente em \\u00e1reas costeiras de elite.\"}},{\"@type\":\"Question\",\"name\":\"Qual regi\\u00e3o tem o melhor clima?\",\"acceptedAnswer\":{\"@type\":\"Answer\",\"text\":\"O Algarve \\u00e9 mais quente, ensolarado e seco durante todo o ano. A Costa de Prata \\u00e9 mais fresca e verde devido \\u00e0 forte influ\\u00eancia do Atl\\u00e2ntico.\"}},{\"@type\":\"Question\",\"name\":\"A Costa de Prata \\u00e9 um bom lugar para expatriados?\",\"acceptedAnswer\":{\"@type\":\"Answer\",\"text\":\"Sim. A Costa de Prata \\u00e9 cada vez mais popular entre os expatriados que procuram acessibilidade, autenticidade e proximidade com Lisboa.\"}},{\"@type\":\"Question\",\"name\":\"Qual regi\\u00e3o \\u00e9 melhor para aposentados?\",\"acceptedAnswer\":{\"@type\":\"Answer\",\"text\":\"O Algarve continua a ser mais popular entre os aposentados devido ao seu clima, infraestrutura de golfe e comunidades internacionais estabelecidas.\"}},{\"@type\":\"Question\",\"name\":\"A sa\\u00fade \\u00e9 boa em ambas as regi\\u00f5es?\",\"acceptedAnswer\":{\"@type\":\"Answer\",\"text\":\"Sim. Ambas as regi\\u00f5es t\\u00eam acesso aos sistemas de sa\\u00fade p\\u00fablico e privado de Portugal, embora o Algarve geralmente tenha mais cl\\u00ednicas privadas voltadas para residentes estrangeiros.\"}}]}<\/script>\n\t\t\t\t\t\t\t<\/div>\n\t\t\t\t\t<\/div>\n\t\t\t\t<\/div>\n\t\t\t\t<\/div>\n\t\t","protected":false},"excerpt":{"rendered":"<p>Portugal, um pa\u00eds com uma popula\u00e7\u00e3o total de bem mais de 10 milh\u00f5es, continua a atrair a aten\u00e7\u00e3o de pessoas que buscam um estilo de vida melhor, custo de vida acess\u00edvel e belas paisagens. Dois nomes se destacam no mapa: o Algarve, no sul, e a Costa de Prata, ao longo da costa centro-oeste. Ambos [&hellip;]<\/p>\n","protected":false},"author":16,"featured_media":50292,"comment_status":"closed","ping_status":"open","sticky":false,"template":"","format":"standard","meta":{"_angie_page":false,"_jet_sm_ready_style":"","_jet_sm_style":"","_jet_sm_controls_values":"","_jet_sm_fonts_collection":"","_jet_sm_fonts_links":"","page_builder":"","footnotes":""},"categories":[124,300],"tags":[],"class_list":["post-59415","post","type-post","status-publish","format-standard","has-post-thumbnail","hentry","category-mudanca","category-lugares-para-morar"],"yoast_head":"<!-- This site is optimized with the Yoast SEO plugin v28.3 - https:\/\/yoast.com\/product\/yoast-seo-wordpress\/ -->\n<title>Algarve vs. Costa de Prata: Qual regi\u00e3o \u00e9 melhor em 2026?<\/title>\n<meta name=\"description\" content=\"Comparando o Algarve vs. Costa de Prata em 2026? Descubra as diferen\u00e7as em pre\u00e7os de im\u00f3veis, clima, estilo de vida, sa\u00fade, escolas e vida de expatriado.\" \/>\n<meta name=\"robots\" content=\"index, follow, max-snippet:-1, max-image-preview:large, max-video-preview:-1\" \/>\n<link rel=\"canonical\" href=\"https:\/\/www.portugalresidencyadvisors.com\/pt-br\/algarve-vs-costa-de-prata\/\" \/>\n<meta property=\"og:locale\" content=\"pt_BR\" \/>\n<meta property=\"og:type\" content=\"article\" \/>\n<meta property=\"og:title\" content=\"Algarve vs. Costa de Prata: Qual regi\u00e3o \u00e9 melhor em 2026?\" \/>\n<meta property=\"og:description\" content=\"Comparando o Algarve vs. Costa de Prata em 2026? Descubra as diferen\u00e7as em pre\u00e7os de im\u00f3veis, clima, estilo de vida, sa\u00fade, escolas e vida de expatriado.\" \/>\n<meta property=\"og:url\" content=\"https:\/\/www.portugalresidencyadvisors.com\/pt-br\/algarve-vs-costa-de-prata\/\" \/>\n<meta property=\"og:site_name\" content=\"Portugal Residency Advisors\" \/>\n<meta property=\"article:publisher\" content=\"https:\/\/www.facebook.com\/portugalresidencyadvisors\" \/>\n<meta property=\"article:published_time\" content=\"2026-06-17T11:00:00+00:00\" \/>\n<meta property=\"article:modified_time\" content=\"2026-06-18T12:29:45+00:00\" \/>\n<meta property=\"og:image\" content=\"https:\/\/www.portugalresidencyadvisors.com\/wp-content\/uploads\/2026\/05\/silver-coast-portugal-investment-properties.webp\" \/>\n\t<meta property=\"og:image:width\" content=\"1601\" \/>\n\t<meta property=\"og:image:height\" content=\"1065\" \/>\n\t<meta property=\"og:image:type\" content=\"image\/jpeg\" \/>\n<meta name=\"author\" content=\"Katarzyna Znyk\" \/>\n<meta name=\"twitter:card\" content=\"summary_large_image\" \/>\n<meta name=\"twitter:creator\" content=\"@ptadvresidency\" \/>\n<meta name=\"twitter:site\" content=\"@ptadvresidency\" \/>\n<meta name=\"twitter:label1\" content=\"Escrito por\" \/>\n\t<meta name=\"twitter:data1\" content=\"Katarzyna Znyk\" \/>\n\t<meta name=\"twitter:label2\" content=\"Est. tempo de leitura\" \/>\n\t<meta name=\"twitter:data2\" content=\"15 minutos\" \/>\n<script type=\"application\/ld+json\" class=\"yoast-schema-graph\">{\"@context\":\"https:\\\/\\\/schema.org\",\"@graph\":[{\"@type\":\"Article\",\"@id\":\"https:\\\/\\\/www.portugalresidencyadvisors.com\\\/pt-br\\\/algarve-vs-costa-de-prata\\\/#article\",\"isPartOf\":{\"@id\":\"https:\\\/\\\/www.portugalresidencyadvisors.com\\\/pt-br\\\/algarve-vs-costa-de-prata\\\/\"},\"author\":{\"name\":\"Katarzyna Znyk\",\"@id\":\"https:\\\/\\\/www.portugalresidencyadvisors.com\\\/pt-br\\\/#\\\/schema\\\/person\\\/fc994ae73aae8a193d408540e7cb7eca\"},\"headline\":\"Algarve vs. Costa de Prata: Qual regi\u00e3o \u00e9 melhor em 2026?\",\"datePublished\":\"2026-06-17T11:00:00+00:00\",\"dateModified\":\"2026-06-18T12:29:45+00:00\",\"mainEntityOfPage\":{\"@id\":\"https:\\\/\\\/www.portugalresidencyadvisors.com\\\/pt-br\\\/algarve-vs-costa-de-prata\\\/\"},\"wordCount\":3057,\"publisher\":{\"@id\":\"https:\\\/\\\/www.portugalresidencyadvisors.com\\\/pt-br\\\/#organization\"},\"image\":{\"@id\":\"https:\\\/\\\/www.portugalresidencyadvisors.com\\\/pt-br\\\/algarve-vs-costa-de-prata\\\/#primaryimage\"},\"thumbnailUrl\":\"https:\\\/\\\/www.portugalresidencyadvisors.com\\\/wp-content\\\/uploads\\\/2026\\\/05\\\/silver-coast-portugal-investment-properties.webp\",\"articleSection\":[\"Mudan\u00e7a\",\"Lugares para morar\"],\"inLanguage\":\"pt-BR\"},{\"@type\":\"WebPage\",\"@id\":\"https:\\\/\\\/www.portugalresidencyadvisors.com\\\/pt-br\\\/algarve-vs-costa-de-prata\\\/\",\"url\":\"https:\\\/\\\/www.portugalresidencyadvisors.com\\\/pt-br\\\/algarve-vs-costa-de-prata\\\/\",\"name\":\"Algarve vs. Costa de Prata: Qual regi\u00e3o \u00e9 melhor em 2026?\",\"isPartOf\":{\"@id\":\"https:\\\/\\\/www.portugalresidencyadvisors.com\\\/pt-br\\\/#website\"},\"primaryImageOfPage\":{\"@id\":\"https:\\\/\\\/www.portugalresidencyadvisors.com\\\/pt-br\\\/algarve-vs-costa-de-prata\\\/#primaryimage\"},\"image\":{\"@id\":\"https:\\\/\\\/www.portugalresidencyadvisors.com\\\/pt-br\\\/algarve-vs-costa-de-prata\\\/#primaryimage\"},\"thumbnailUrl\":\"https:\\\/\\\/www.portugalresidencyadvisors.com\\\/wp-content\\\/uploads\\\/2026\\\/05\\\/silver-coast-portugal-investment-properties.webp\",\"datePublished\":\"2026-06-17T11:00:00+00:00\",\"dateModified\":\"2026-06-18T12:29:45+00:00\",\"description\":\"Comparando o Algarve vs. Costa de Prata em 2026? Descubra as diferen\u00e7as em pre\u00e7os de im\u00f3veis, clima, estilo de vida, sa\u00fade, escolas e vida de expatriado.\",\"breadcrumb\":{\"@id\":\"https:\\\/\\\/www.portugalresidencyadvisors.com\\\/pt-br\\\/algarve-vs-costa-de-prata\\\/#breadcrumb\"},\"inLanguage\":\"pt-BR\",\"potentialAction\":[{\"@type\":\"ReadAction\",\"target\":[\"https:\\\/\\\/www.portugalresidencyadvisors.com\\\/pt-br\\\/algarve-vs-costa-de-prata\\\/\"]}]},{\"@type\":\"ImageObject\",\"inLanguage\":\"pt-BR\",\"@id\":\"https:\\\/\\\/www.portugalresidencyadvisors.com\\\/pt-br\\\/algarve-vs-costa-de-prata\\\/#primaryimage\",\"url\":\"https:\\\/\\\/www.portugalresidencyadvisors.com\\\/wp-content\\\/uploads\\\/2026\\\/05\\\/silver-coast-portugal-investment-properties.webp\",\"contentUrl\":\"https:\\\/\\\/www.portugalresidencyadvisors.com\\\/wp-content\\\/uploads\\\/2026\\\/05\\\/silver-coast-portugal-investment-properties.webp\",\"width\":1601,\"height\":1065,\"caption\":\"silver coast\"},{\"@type\":\"BreadcrumbList\",\"@id\":\"https:\\\/\\\/www.portugalresidencyadvisors.com\\\/pt-br\\\/algarve-vs-costa-de-prata\\\/#breadcrumb\",\"itemListElement\":[{\"@type\":\"ListItem\",\"position\":1,\"name\":\"Home\",\"item\":\"https:\\\/\\\/www.portugalresidencyadvisors.com\\\/pt-br\\\/\"},{\"@type\":\"ListItem\",\"position\":2,\"name\":\"Algarve vs. Costa de Prata: Qual regi\u00e3o \u00e9 melhor em 2026?\"}]},{\"@type\":\"WebSite\",\"@id\":\"https:\\\/\\\/www.portugalresidencyadvisors.com\\\/pt-br\\\/#website\",\"url\":\"https:\\\/\\\/www.portugalresidencyadvisors.com\\\/pt-br\\\/\",\"name\":\"Portugal Residency Advisors\",\"description\":\"We help individuals wishing to work, study, retire, invest or moving to Portugal\",\"publisher\":{\"@id\":\"https:\\\/\\\/www.portugalresidencyadvisors.com\\\/pt-br\\\/#organization\"},\"alternateName\":\"Portugal Residency Made Easy\",\"potentialAction\":[{\"@type\":\"SearchAction\",\"target\":{\"@type\":\"EntryPoint\",\"urlTemplate\":\"https:\\\/\\\/www.portugalresidencyadvisors.com\\\/pt-br\\\/?s={search_term_string}\"},\"query-input\":{\"@type\":\"PropertyValueSpecification\",\"valueRequired\":true,\"valueName\":\"search_term_string\"}}],\"inLanguage\":\"pt-BR\"},{\"@type\":\"Organization\",\"@id\":\"https:\\\/\\\/www.portugalresidencyadvisors.com\\\/pt-br\\\/#organization\",\"name\":\"Consultores de resid\u00eancia em Portugal\",\"alternateName\":\"PTADV - Portugal Residency Advisors Unipessoal, Lda\",\"url\":\"https:\\\/\\\/www.portugalresidencyadvisors.com\\\/pt-br\\\/\",\"logo\":{\"@type\":\"ImageObject\",\"inLanguage\":\"pt-BR\",\"@id\":\"https:\\\/\\\/www.portugalresidencyadvisors.com\\\/pt-br\\\/#\\\/schema\\\/logo\\\/image\\\/\",\"url\":\"https:\\\/\\\/www.portugalresidencyadvisors.com\\\/wp-content\\\/uploads\\\/2023\\\/03\\\/Logotipo-Versao-Principal-01.png\",\"contentUrl\":\"https:\\\/\\\/www.portugalresidencyadvisors.com\\\/wp-content\\\/uploads\\\/2023\\\/03\\\/Logotipo-Versao-Principal-01.png\",\"width\":1772,\"height\":1182,\"caption\":\"Consultores de resid\u00eancia em Portugal\"},\"image\":{\"@id\":\"https:\\\/\\\/www.portugalresidencyadvisors.com\\\/pt-br\\\/#\\\/schema\\\/logo\\\/image\\\/\"},\"sameAs\":[\"https:\\\/\\\/www.facebook.com\\\/portugalresidencyadvisors\",\"https:\\\/\\\/x.com\\\/ptadvresidency\",\"https:\\\/\\\/www.linkedin.com\\\/company\\\/portugal-residency-advisors\\\/\"]},{\"@type\":\"Person\",\"@id\":\"https:\\\/\\\/www.portugalresidencyadvisors.com\\\/pt-br\\\/#\\\/schema\\\/person\\\/fc994ae73aae8a193d408540e7cb7eca\",\"name\":\"Katarzyna Znyk\",\"image\":{\"@type\":\"ImageObject\",\"inLanguage\":\"pt-BR\",\"@id\":\"https:\\\/\\\/secure.gravatar.com\\\/avatar\\\/dfe958e9d5ed84270895fb1c2c6841dc29094217115d3e838a10e39b37f235cb?s=96&d=mm&r=g\",\"url\":\"https:\\\/\\\/secure.gravatar.com\\\/avatar\\\/dfe958e9d5ed84270895fb1c2c6841dc29094217115d3e838a10e39b37f235cb?s=96&d=mm&r=g\",\"contentUrl\":\"https:\\\/\\\/secure.gravatar.com\\\/avatar\\\/dfe958e9d5ed84270895fb1c2c6841dc29094217115d3e838a10e39b37f235cb?s=96&d=mm&r=g\",\"caption\":\"Katarzyna Znyk\"},\"url\":\"https:\\\/\\\/www.portugalresidencyadvisors.com\\\/pt-br\\\/author\\\/katarzyna-znyk\\\/\"}]}<\/script>\n<!-- \/ Yoast SEO plugin. -->","yoast_head_json":{"title":"Algarve vs. Costa de Prata: Qual regi\u00e3o \u00e9 melhor em 2026?","description":"Comparando o Algarve vs. Costa de Prata em 2026? Descubra as diferen\u00e7as em pre\u00e7os de im\u00f3veis, clima, estilo de vida, sa\u00fade, escolas e vida de expatriado.","robots":{"index":"index","follow":"follow","max-snippet":"max-snippet:-1","max-image-preview":"max-image-preview:large","max-video-preview":"max-video-preview:-1"},"canonical":"https:\/\/www.portugalresidencyadvisors.com\/pt-br\/algarve-vs-costa-de-prata\/","og_locale":"pt_BR","og_type":"article","og_title":"Algarve vs. Costa de Prata: Qual regi\u00e3o \u00e9 melhor em 2026?","og_description":"Comparando o Algarve vs. Costa de Prata em 2026? Descubra as diferen\u00e7as em pre\u00e7os de im\u00f3veis, clima, estilo de vida, sa\u00fade, escolas e vida de expatriado.","og_url":"https:\/\/www.portugalresidencyadvisors.com\/pt-br\/algarve-vs-costa-de-prata\/","og_site_name":"Portugal Residency Advisors","article_publisher":"https:\/\/www.facebook.com\/portugalresidencyadvisors","article_published_time":"2026-06-17T11:00:00+00:00","article_modified_time":"2026-06-18T12:29:45+00:00","og_image":[{"width":1601,"height":1065,"url":"https:\/\/www.portugalresidencyadvisors.com\/wp-content\/uploads\/2026\/05\/silver-coast-portugal-investment-properties.webp","type":"image\/jpeg"}],"author":"Katarzyna Znyk","twitter_card":"summary_large_image","twitter_creator":"@ptadvresidency","twitter_site":"@ptadvresidency","twitter_misc":{"Escrito por":"Katarzyna Znyk","Est. tempo de leitura":"15 minutos"},"schema":{"@context":"https:\/\/schema.org","@graph":[{"@type":"Article","@id":"https:\/\/www.portugalresidencyadvisors.com\/pt-br\/algarve-vs-costa-de-prata\/#article","isPartOf":{"@id":"https:\/\/www.portugalresidencyadvisors.com\/pt-br\/algarve-vs-costa-de-prata\/"},"author":{"name":"Katarzyna Znyk","@id":"https:\/\/www.portugalresidencyadvisors.com\/pt-br\/#\/schema\/person\/fc994ae73aae8a193d408540e7cb7eca"},"headline":"Algarve vs. Costa de Prata: Qual regi\u00e3o \u00e9 melhor em 2026?","datePublished":"2026-06-17T11:00:00+00:00","dateModified":"2026-06-18T12:29:45+00:00","mainEntityOfPage":{"@id":"https:\/\/www.portugalresidencyadvisors.com\/pt-br\/algarve-vs-costa-de-prata\/"},"wordCount":3057,"publisher":{"@id":"https:\/\/www.portugalresidencyadvisors.com\/pt-br\/#organization"},"image":{"@id":"https:\/\/www.portugalresidencyadvisors.com\/pt-br\/algarve-vs-costa-de-prata\/#primaryimage"},"thumbnailUrl":"https:\/\/www.portugalresidencyadvisors.com\/wp-content\/uploads\/2026\/05\/silver-coast-portugal-investment-properties.webp","articleSection":["Mudan\u00e7a","Lugares para morar"],"inLanguage":"pt-BR"},{"@type":"WebPage","@id":"https:\/\/www.portugalresidencyadvisors.com\/pt-br\/algarve-vs-costa-de-prata\/","url":"https:\/\/www.portugalresidencyadvisors.com\/pt-br\/algarve-vs-costa-de-prata\/","name":"Algarve vs. Costa de Prata: Qual regi\u00e3o \u00e9 melhor em 2026?","isPartOf":{"@id":"https:\/\/www.portugalresidencyadvisors.com\/pt-br\/#website"},"primaryImageOfPage":{"@id":"https:\/\/www.portugalresidencyadvisors.com\/pt-br\/algarve-vs-costa-de-prata\/#primaryimage"},"image":{"@id":"https:\/\/www.portugalresidencyadvisors.com\/pt-br\/algarve-vs-costa-de-prata\/#primaryimage"},"thumbnailUrl":"https:\/\/www.portugalresidencyadvisors.com\/wp-content\/uploads\/2026\/05\/silver-coast-portugal-investment-properties.webp","datePublished":"2026-06-17T11:00:00+00:00","dateModified":"2026-06-18T12:29:45+00:00","description":"Comparando o Algarve vs. Costa de Prata em 2026? Descubra as diferen\u00e7as em pre\u00e7os de im\u00f3veis, clima, estilo de vida, sa\u00fade, escolas e vida de expatriado.","breadcrumb":{"@id":"https:\/\/www.portugalresidencyadvisors.com\/pt-br\/algarve-vs-costa-de-prata\/#breadcrumb"},"inLanguage":"pt-BR","potentialAction":[{"@type":"ReadAction","target":["https:\/\/www.portugalresidencyadvisors.com\/pt-br\/algarve-vs-costa-de-prata\/"]}]},{"@type":"ImageObject","inLanguage":"pt-BR","@id":"https:\/\/www.portugalresidencyadvisors.com\/pt-br\/algarve-vs-costa-de-prata\/#primaryimage","url":"https:\/\/www.portugalresidencyadvisors.com\/wp-content\/uploads\/2026\/05\/silver-coast-portugal-investment-properties.webp","contentUrl":"https:\/\/www.portugalresidencyadvisors.com\/wp-content\/uploads\/2026\/05\/silver-coast-portugal-investment-properties.webp","width":1601,"height":1065,"caption":"silver coast"},{"@type":"BreadcrumbList","@id":"https:\/\/www.portugalresidencyadvisors.com\/pt-br\/algarve-vs-costa-de-prata\/#breadcrumb","itemListElement":[{"@type":"ListItem","position":1,"name":"Home","item":"https:\/\/www.portugalresidencyadvisors.com\/pt-br\/"},{"@type":"ListItem","position":2,"name":"Algarve vs. Costa de Prata: Qual regi\u00e3o \u00e9 melhor em 2026?"}]},{"@type":"WebSite","@id":"https:\/\/www.portugalresidencyadvisors.com\/pt-br\/#website","url":"https:\/\/www.portugalresidencyadvisors.com\/pt-br\/","name":"Portugal Residency Advisors","description":"We help individuals wishing to work, study, retire, invest or moving to Portugal","publisher":{"@id":"https:\/\/www.portugalresidencyadvisors.com\/pt-br\/#organization"},"alternateName":"Portugal Residency Made Easy","potentialAction":[{"@type":"SearchAction","target":{"@type":"EntryPoint","urlTemplate":"https:\/\/www.portugalresidencyadvisors.com\/pt-br\/?s={search_term_string}"},"query-input":{"@type":"PropertyValueSpecification","valueRequired":true,"valueName":"search_term_string"}}],"inLanguage":"pt-BR"},{"@type":"Organization","@id":"https:\/\/www.portugalresidencyadvisors.com\/pt-br\/#organization","name":"Consultores de resid\u00eancia em Portugal","alternateName":"PTADV - Portugal Residency Advisors Unipessoal, Lda","url":"https:\/\/www.portugalresidencyadvisors.com\/pt-br\/","logo":{"@type":"ImageObject","inLanguage":"pt-BR","@id":"https:\/\/www.portugalresidencyadvisors.com\/pt-br\/#\/schema\/logo\/image\/","url":"https:\/\/www.portugalresidencyadvisors.com\/wp-content\/uploads\/2023\/03\/Logotipo-Versao-Principal-01.png","contentUrl":"https:\/\/www.portugalresidencyadvisors.com\/wp-content\/uploads\/2023\/03\/Logotipo-Versao-Principal-01.png","width":1772,"height":1182,"caption":"Consultores de resid\u00eancia em Portugal"},"image":{"@id":"https:\/\/www.portugalresidencyadvisors.com\/pt-br\/#\/schema\/logo\/image\/"},"sameAs":["https:\/\/www.facebook.com\/portugalresidencyadvisors","https:\/\/x.com\/ptadvresidency","https:\/\/www.linkedin.com\/company\/portugal-residency-advisors\/"]},{"@type":"Person","@id":"https:\/\/www.portugalresidencyadvisors.com\/pt-br\/#\/schema\/person\/fc994ae73aae8a193d408540e7cb7eca","name":"Katarzyna Znyk","image":{"@type":"ImageObject","inLanguage":"pt-BR","@id":"https:\/\/secure.gravatar.com\/avatar\/dfe958e9d5ed84270895fb1c2c6841dc29094217115d3e838a10e39b37f235cb?s=96&d=mm&r=g","url":"https:\/\/secure.gravatar.com\/avatar\/dfe958e9d5ed84270895fb1c2c6841dc29094217115d3e838a10e39b37f235cb?s=96&d=mm&r=g","contentUrl":"https:\/\/secure.gravatar.com\/avatar\/dfe958e9d5ed84270895fb1c2c6841dc29094217115d3e838a10e39b37f235cb?s=96&d=mm&r=g","caption":"Katarzyna Znyk"},"url":"https:\/\/www.portugalresidencyadvisors.com\/pt-br\/author\/katarzyna-znyk\/"}]}},"_links":{"self":[{"href":"https:\/\/www.portugalresidencyadvisors.com\/pt-br\/wp-json\/wp\/v2\/posts\/59415","targetHints":{"allow":["GET"]}}],"collection":[{"href":"https:\/\/www.portugalresidencyadvisors.com\/pt-br\/wp-json\/wp\/v2\/posts"}],"about":[{"href":"https:\/\/www.portugalresidencyadvisors.com\/pt-br\/wp-json\/wp\/v2\/types\/post"}],"author":[{"embeddable":true,"href":"https:\/\/www.portugalresidencyadvisors.com\/pt-br\/wp-json\/wp\/v2\/users\/16"}],"replies":[{"embeddable":true,"href":"https:\/\/www.portugalresidencyadvisors.com\/pt-br\/wp-json\/wp\/v2\/comments?post=59415"}],"version-history":[{"count":0,"href":"https:\/\/www.portugalresidencyadvisors.com\/pt-br\/wp-json\/wp\/v2\/posts\/59415\/revisions"}],"wp:featuredmedia":[{"embeddable":true,"href":"https:\/\/www.portugalresidencyadvisors.com\/pt-br\/wp-json\/wp\/v2\/media\/50292"}],"wp:attachment":[{"href":"https:\/\/www.portugalresidencyadvisors.com\/pt-br\/wp-json\/wp\/v2\/media?parent=59415"}],"wp:term":[{"taxonomy":"category","embeddable":true,"href":"https:\/\/www.portugalresidencyadvisors.com\/pt-br\/wp-json\/wp\/v2\/categories?post=59415"},{"taxonomy":"post_tag","embeddable":true,"href":"https:\/\/www.portugalresidencyadvisors.com\/pt-br\/wp-json\/wp\/v2\/tags?post=59415"}],"curies":[{"name":"wp","href":"https:\/\/api.w.org\/{rel}","templated":true}]}}