{"id":40494,"date":"2026-03-02T22:33:25","date_gmt":"2026-03-02T22:33:25","guid":{"rendered":"https:\/\/www.portugalresidencyadvisors.com\/atrasos-em-agendamentos-na-vfs-para-visto-de-longa-permanencia-em-portugal-em-2026\/"},"modified":"2026-05-13T19:34:10","modified_gmt":"2026-05-13T19:34:10","slug":"atrasos-agendamento-vfs-portugal","status":"publish","type":"post","link":"https:\/\/www.portugalresidencyadvisors.com\/pt-br\/atrasos-agendamento-vfs-portugal\/","title":{"rendered":"Atrasos em agendamentos na VFS para visto de longa perman\u00eancia em Portugal em 2026"},"content":{"rendered":"\t\t<div data-elementor-type=\"wp-post\" data-elementor-id=\"40494\" class=\"elementor elementor-40494 elementor-40485\" data-elementor-post-type=\"post\">\n\t\t\t\t<div class=\"elementor-element elementor-element-afa47b9 e-flex e-con-boxed e-con e-parent\" data-id=\"afa47b9\" data-element_type=\"container\" data-e-type=\"container\">\n\t\t\t\t\t<div class=\"e-con-inner\">\n\t\t\t\t<div class=\"elementor-element elementor-element-4f2718e elementor-widget elementor-widget-text-editor\" data-id=\"4f2718e\" data-element_type=\"widget\" data-e-type=\"widget\" data-widget_type=\"text-editor.default\">\n\t\t\t\t\t\t\t\t\t<p>Os prazos de vistos de longa perman\u00eancia em Portugal em 2026 n\u00e3o s\u00e3o simplesmente \u201cr\u00e1pidos\u201d ou \u201clentos\u201d. Eles dependem muito da localidade, e entender a sua jurisdi\u00e7\u00e3o espec\u00edfica da VFS pode afetar significativamente o seu planejamento de mudan\u00e7a. <\/p><p>Seja para solicitar o visto D7 de Portugal (visto de aposentadoria\/renda passiva), o visto D8 de N\u00f4made Digital ou outro visto de resid\u00eancia de longa perman\u00eancia, os maiores atrasos normalmente se enquadram em duas categorias:<\/p><ol><li>Disponibilidade de agendamento<\/li><li>Tempo de processamento ap\u00f3s a entrega<\/li><\/ol><p>A seguir, h\u00e1 um detalhamento por localidade para ajudar o(a) senhor(a) a planejar de forma realista.<\/p>\t\t\t\t\t\t\t\t<\/div>\n\t\t\t\t\t<\/div>\n\t\t\t\t<\/div>\n\t\t<div class=\"elementor-element elementor-element-5658362 e-flex e-con-boxed e-con e-parent\" data-id=\"5658362\" data-element_type=\"container\" data-e-type=\"container\">\n\t\t\t\t\t<div class=\"e-con-inner\">\n\t\t\t\t<div class=\"elementor-element elementor-element-8bc1702 elementor-widget elementor-widget-heading\" data-id=\"8bc1702\" data-element_type=\"widget\" data-e-type=\"widget\" data-widget_type=\"heading.default\">\n\t\t\t\t\t<h2 class=\"elementor-heading-title elementor-size-default\">Resumo r\u00e1pido: atrasos de visto para Portugal por gargalo<\/h2>\t\t\t\t<\/div>\n\t\t\t\t<div class=\"elementor-element elementor-element-939b8cd elementor-widget elementor-widget-text-editor\" data-id=\"939b8cd\" data-element_type=\"widget\" data-e-type=\"widget\" data-widget_type=\"text-editor.default\">\n\t\t\t\t\t\t\t\t\t<ul><li><strong>Maior dificuldade de agendamento em:<\/strong> Miami, Houston, Washington DC<\/li><li><strong>Atrasos de processamento relatados em:<\/strong> San Francisco<\/li><li><strong>Prazos mais previs\u00edveis:<\/strong> Nova York<\/li><li><strong>Prazo total m\u00e9dio:<\/strong> 2\u20134 meses (dependendo da localidade)<\/li><li><strong>Principal vari\u00e1vel:<\/strong> jurisdi\u00e7\u00e3o da VFS<\/li><\/ul>\t\t\t\t\t\t\t\t<\/div>\n\t\t\t\t<div class=\"elementor-element elementor-element-142f0b1 elementor-widget elementor-widget-image\" data-id=\"142f0b1\" data-element_type=\"widget\" data-e-type=\"widget\" data-widget_type=\"image.default\">\n\t\t\t\t\t\t\t\t\t\t\t\t\t\t\t<img fetchpriority=\"high\" decoding=\"async\" width=\"800\" height=\"531\" src=\"https:\/\/www.portugalresidencyadvisors.com\/wp-content\/uploads\/2025\/12\/place2-portugal-residency-advisors-1024x680.jpg\" class=\"attachment-large size-large wp-image-36786\" alt=\"flight\" srcset=\"https:\/\/www.portugalresidencyadvisors.com\/wp-content\/uploads\/2025\/12\/place2-portugal-residency-advisors-1024x680.jpg 1024w, https:\/\/www.portugalresidencyadvisors.com\/wp-content\/uploads\/2025\/12\/place2-portugal-residency-advisors-300x199.jpg 300w, https:\/\/www.portugalresidencyadvisors.com\/wp-content\/uploads\/2025\/12\/place2-portugal-residency-advisors-768x510.jpg 768w, https:\/\/www.portugalresidencyadvisors.com\/wp-content\/uploads\/2025\/12\/place2-portugal-residency-advisors-1536x1020.jpg 1536w, https:\/\/www.portugalresidencyadvisors.com\/wp-content\/uploads\/2025\/12\/place2-portugal-residency-advisors.jpg 1920w\" sizes=\"(max-width: 800px) 100vw, 800px\" \/>\t\t\t\t\t\t\t\t\t\t\t\t\t\t\t<\/div>\n\t\t\t\t\t<\/div>\n\t\t\t\t<\/div>\n\t\t<div class=\"elementor-element elementor-element-4b1e3e0 e-flex e-con-boxed e-con e-parent\" data-id=\"4b1e3e0\" data-element_type=\"container\" data-e-type=\"container\">\n\t\t\t\t\t<div class=\"e-con-inner\">\n\t\t\t\t<div class=\"elementor-element elementor-element-eb825c2 elementor-widget elementor-widget-heading\" data-id=\"eb825c2\" data-element_type=\"widget\" data-e-type=\"widget\" data-widget_type=\"heading.default\">\n\t\t\t\t\t<h2 class=\"elementor-heading-title elementor-size-default\">Os dois principais gargalos nos vistos de longa perman\u00eancia em Portugal<\/h2>\t\t\t\t<\/div>\n\t\t\t\t<div class=\"elementor-element elementor-element-64272bb elementor-widget elementor-widget-heading\" data-id=\"64272bb\" data-element_type=\"widget\" data-e-type=\"widget\" data-widget_type=\"heading.default\">\n\t\t\t\t\t<h3 class=\"elementor-heading-title elementor-size-default\">1. Disponibilidade de agendamento de visto para Portugal (atrasos na VFS)<\/h3>\t\t\t\t<\/div>\n\t\t\t\t<div class=\"elementor-element elementor-element-e545d76 elementor-widget elementor-widget-text-editor\" data-id=\"e545d76\" data-element_type=\"widget\" data-e-type=\"widget\" data-widget_type=\"text-editor.default\">\n\t\t\t\t\t\t\t\t\t<p>Em v\u00e1rias jurisdi\u00e7\u00f5es dos EUA e do Reino Unido, o principal problema \u00e9 conseguir um agendamento na VFS.<\/p><p>Os solicitantes costumam relatar:<\/p><ul><li>\u201cNenhuma data dispon\u00edvel\u201d<\/li><li>Semanas sem hor\u00e1rios vis\u00edveis<\/li><li>Verifica\u00e7\u00f5es di\u00e1rias repetidas no portal<\/li><li>Libera\u00e7\u00e3o imprevis\u00edvel de hor\u00e1rios<\/li><li>Depend\u00eancia de alertas da comunidade<\/li><\/ul><p>Nesses casos, o problema n\u00e3o \u00e9 o tempo de processamento \u2014 \u00e9 o agendamento em si.<\/p><p>Isso \u00e9 especialmente relevante para:<\/p><ul><li>solicitantes do <a href=\"https:\/\/www.portugalresidencyadvisors.com\/pt-br\/visto-d7-portugal\/\" target=\"_blank\" rel=\"noopener\">visto D7 de Portugal<\/a><\/li><li>n\u00f4mades digitais do <a href=\"https:\/\/www.portugalresidencyadvisors.com\/portugal-digital-nomad-visa\/\" target=\"_blank\" rel=\"noopener\">D8 de Portugal<\/a><\/li><li>solicitantes do visto de aposentadoria em Portugal<\/li><\/ul>\t\t\t\t\t\t\t\t<\/div>\n\t\t\t\t<div class=\"elementor-element elementor-element-539b8ce elementor-widget elementor-widget-heading\" data-id=\"539b8ce\" data-element_type=\"widget\" data-e-type=\"widget\" data-widget_type=\"heading.default\">\n\t\t\t\t\t<h3 class=\"elementor-heading-title elementor-size-default\">2. Tempo de processamento do visto para Portugal ap\u00f3s a entrega<\/h3>\t\t\t\t<\/div>\n\t\t\t\t<div class=\"elementor-element elementor-element-cbf57be elementor-widget elementor-widget-text-editor\" data-id=\"cbf57be\" data-element_type=\"widget\" data-e-type=\"widget\" data-widget_type=\"text-editor.default\">\n\t\t\t\t\t\t\t\t\t<p>Em outros locais, os agendamentos s\u00e3o administr\u00e1veis, mas os tempos de processamento excedem as expectativas ap\u00f3s a entrega.<\/p><p>Os problemas relatados incluem:<\/p><ul><li>Prazos acima das estimativas informadas<\/li><li>Andamento mais lento do processo em compara\u00e7\u00e3o com meses anteriores<\/li><li>Devolu\u00e7\u00e3o atrasada do passaporte<\/li><li>Processos pendentes enquanto casos mais antigos ainda est\u00e3o em an\u00e1lise<\/li><\/ul><p>Aqui, o gargalo muda do agendamento para o processamento ap\u00f3s a entrega.<\/p>\t\t\t\t\t\t\t\t<\/div>\n\t\t\t\t\t<\/div>\n\t\t\t\t<\/div>\n\t\t<div class=\"elementor-element elementor-element-48ffe4b e-flex e-con-boxed e-con e-parent\" data-id=\"48ffe4b\" data-element_type=\"container\" data-e-type=\"container\">\n\t\t\t\t\t<div class=\"e-con-inner\">\n\t\t\t\t<div class=\"elementor-element elementor-element-39075c8 elementor-widget elementor-widget-heading\" data-id=\"39075c8\" data-element_type=\"widget\" data-e-type=\"widget\" data-widget_type=\"heading.default\">\n\t\t\t\t\t<h2 class=\"elementor-heading-title elementor-size-default\">Atrasos de agendamento de visto para Portugal por localidade (tend\u00eancias de 2026)<\/h2>\t\t\t\t<\/div>\n\t\t\t\t<div class=\"elementor-element elementor-element-1aa8fb0 elementor-widget elementor-widget-text-editor\" data-id=\"1aa8fb0\" data-element_type=\"widget\" data-e-type=\"widget\" data-widget_type=\"text-editor.default\">\n\t\t\t\t\t\t\t\t\t<p>Com base em feedback recente de solicitantes, este \u00e9 um padr\u00e3o geral observado em jurisdi\u00e7\u00f5es-chave:<\/p><h3>Washington DC (VFS)<\/h3><ul><li>Alta concorr\u00eancia por agendamentos<\/li><li>Libera\u00e7\u00e3o limitada de hor\u00e1rios vis\u00edveis<\/li><li>Prazos de processamento moderados ap\u00f3s a entrega<\/li><\/ul><h3>Miami (VFS)<\/h3><ul><li>Escassez significativa de agendamentos<\/li><li>Longa anteced\u00eancia para conseguir agendar<\/li><li>Processamento geralmente dentro do esperado ap\u00f3s a entrega<\/li><\/ul><h3>Houston (VFS)<\/h3><ul><li>Semelhante a Miami \u2014 a dificuldade de agendar \u00e9 o principal desafio<\/li><\/ul><h3>San Francisco (VFS)<\/h3><ul><li>Disponibilidade moderada de agendamentos<\/li><li>Mais reclama\u00e7\u00f5es sobre atrasos de processamento ap\u00f3s a entrega<\/li><\/ul><h3>Londres (VFS \/ via consular)<\/h3><ul><li>Concorr\u00eancia por agendamentos<\/li><li>Varia\u00e7\u00e3o conforme a via do visto<\/li><\/ul><h3>Nova York (VFS)<\/h3><ul><li>Fluxo de agendamentos mais est\u00e1vel em compara\u00e7\u00e3o com outras cidades dos EUA<\/li><li>Tempos de processamento relatados:<ul><li>Algumas aprova\u00e7\u00f5es em 7\u20138 semanas<\/li><li>Outras em 2\u20133 meses<\/li><\/ul><\/li><\/ul><p>Isso n\u00e3o significa que Nova York seja \u201cr\u00e1pida\u201d. Significa que os prazos parecem mais previs\u00edveis. <\/p>\t\t\t\t\t\t\t\t<\/div>\n\t\t\t\t\t<\/div>\n\t\t\t\t<\/div>\n\t\t<div class=\"elementor-element elementor-element-339c6149 banner e-flex e-con-boxed e-con e-parent\" data-id=\"339c6149\" data-element_type=\"container\" data-e-type=\"container\" data-settings=\"{&quot;background_background&quot;:&quot;classic&quot;}\">\n\t\t\t\t\t<div class=\"e-con-inner\">\n\t\t\t\t<div class=\"elementor-element elementor-element-6fa84802 hwhite elementor-widget elementor-widget-heading\" data-id=\"6fa84802\" data-element_type=\"widget\" data-e-type=\"widget\" data-settings=\"{&quot;_animation&quot;:&quot;none&quot;,&quot;_animation_delay&quot;:900}\" data-widget_type=\"heading.default\">\n\t\t\t\t\t<h2 class=\"elementor-heading-title elementor-size-default\">Entre em contato com um especialista em imigra\u00e7\u00e3o para Portugal<\/h2>\t\t\t\t<\/div>\n\t\t\t\t<div class=\"elementor-element elementor-element-6c3e26ed elementor-widget elementor-widget-text-editor\" data-id=\"6c3e26ed\" data-element_type=\"widget\" data-e-type=\"widget\" data-widget_type=\"text-editor.default\">\n\t\t\t\t\t\t\t\t\t<p data-pm-slice=\"1 1 []\">A Portugal Residency Advisors\u00ae tem auxiliado in\u00fameras fam\u00edlias internacionais na realoca\u00e7\u00e3o bem-sucedida para Portugal e na obten\u00e7\u00e3o de resid\u00eancia. Descubra como nossa solu\u00e7\u00e3o confi\u00e1vel e completa torna sua mudan\u00e7a simples e bem-sucedida. <\/p>\t\t\t\t\t\t\t\t<\/div>\n\t\t\t\t<div class=\"elementor-element elementor-element-b55f09a elementor-align-center button-link-black elementor-widget elementor-widget-button\" data-id=\"b55f09a\" data-element_type=\"widget\" data-e-type=\"widget\" data-widget_type=\"button.default\">\n\t\t\t\t\t\t\t\t\t\t<a class=\"elementor-button elementor-button-link elementor-size-md\" href=\"#onpage-contact-form\">\n\t\t\t\t\t\t<span class=\"elementor-button-content-wrapper\">\n\t\t\t\t\t\t\t\t\t<span class=\"elementor-button-text\">Comece agora<\/span>\n\t\t\t\t\t<\/span>\n\t\t\t\t\t<\/a>\n\t\t\t\t\t\t\t\t<\/div>\n\t\t\t\t\t<\/div>\n\t\t\t\t<\/div>\n\t\t<div class=\"elementor-element elementor-element-326ad58 e-flex e-con-boxed e-con e-parent\" data-id=\"326ad58\" data-element_type=\"container\" data-e-type=\"container\">\n\t\t\t\t\t<div class=\"e-con-inner\">\n\t\t\t\t<div class=\"elementor-element elementor-element-e58f18e elementor-widget elementor-widget-heading\" data-id=\"e58f18e\" data-element_type=\"widget\" data-e-type=\"widget\" data-widget_type=\"heading.default\">\n\t\t\t\t\t<h2 class=\"elementor-heading-title elementor-size-default\">Tempo de processamento do visto D7 de Portugal em 2026<\/h2>\t\t\t\t<\/div>\n\t\t\t\t<div class=\"elementor-element elementor-element-f637457 elementor-widget elementor-widget-text-editor\" data-id=\"f637457\" data-element_type=\"widget\" data-e-type=\"widget\" data-widget_type=\"text-editor.default\">\n\t\t\t\t\t\t\t\t\t<p>Para a maioria dos solicitantes baseados nos EUA:<\/p><p>O prazo total normalmente varia entre 2 e 4 meses, dependendo de:<\/p><ul><li>Tempo para conseguir agendamento<\/li><li>Processamento ap\u00f3s a entrega<\/li><li>Demanda sazonal<\/li><li>Complexidade individual do processo<\/li><\/ul><p>Exemplo de cen\u00e1rio:<\/p><ul><li>Solicitante em Miami espera 6\u20138 semanas pelo agendamento<\/li><li>O processamento leva 8\u201310 semanas<\/li><li>Prazo total: ~4 meses<\/li><\/ul><p>Solicitante em Nova York:<\/p><ul><li>Agendamento obtido em 2\u20133 semanas<\/li><li>Processamento de 7\u201310 semanas<\/li><li>Prazo total: ~3 meses<\/li><\/ul><p>As premissas de planejamento devem sempre incluir uma margem.<\/p>\t\t\t\t\t\t\t\t<\/div>\n\t\t\t\t\t<\/div>\n\t\t\t\t<\/div>\n\t\t<div class=\"elementor-element elementor-element-dcf10e2 e-flex e-con-boxed e-con e-parent\" data-id=\"dcf10e2\" data-element_type=\"container\" data-e-type=\"container\">\n\t\t\t\t\t<div class=\"e-con-inner\">\n\t\t\t\t<div class=\"elementor-element elementor-element-9ac8ca0 elementor-widget elementor-widget-heading\" data-id=\"9ac8ca0\" data-element_type=\"widget\" data-e-type=\"widget\" data-widget_type=\"heading.default\">\n\t\t\t\t\t<h2 class=\"elementor-heading-title elementor-size-default\">Como planejar com base na sua localidade<\/h2>\t\t\t\t<\/div>\n\t\t\t\t<div class=\"elementor-element elementor-element-69e7296 elementor-widget elementor-widget-text-editor\" data-id=\"69e7296\" data-element_type=\"widget\" data-e-type=\"widget\" data-widget_type=\"text-editor.default\">\n\t\t\t\t\t\t\t\t\t<p>Sua estrat\u00e9gia deve depender de qual gargalo se aplica ao seu caso.<\/p><h3>Se o seu problema for a disponibilidade de agendamento<\/h3><p>Planeje:<\/p><ul><li>Prazo maior antes de conseguir agendar<\/li><li>Monitoramento di\u00e1rio do portal da VFS<\/li><li>Agenda de viagem flex\u00edvel<\/li><li>Documenta\u00e7\u00e3o preparada com anteced\u00eancia<\/li><li>Sem voos n\u00e3o reembols\u00e1veis<\/li><\/ul><p>N\u00e3o presuma que ser\u00e1 poss\u00edvel conseguir um agendamento em 1\u20132 semanas em cidades de alta demanda.<\/p><h3>Se o seu problema for atraso de processamento ap\u00f3s a entrega<\/h3><p>Planeje:<\/p><ul><li>Maior margem para a mudan\u00e7a<\/li><li>Datas de in\u00edcio de contrato de aluguel flex\u00edveis<\/li><li>Voos remarc\u00e1veis<\/li><li>Devolu\u00e7\u00e3o do passaporte mais lenta do que a informada<\/li><\/ul><p>Se as aprova\u00e7\u00f5es m\u00e9dias estiverem tendendo a 10\u201312 semanas, n\u00e3o programe a mudan\u00e7a para a semana 8.<\/p>\t\t\t\t\t\t\t\t<\/div>\n\t\t\t\t\t<\/div>\n\t\t\t\t<\/div>\n\t\t<div class=\"elementor-element elementor-element-a71b557 e-flex e-con-boxed e-con e-parent\" data-id=\"a71b557\" data-element_type=\"container\" data-e-type=\"container\">\n\t\t\t\t\t<div class=\"e-con-inner\">\n\t\t\t\t<div class=\"elementor-element elementor-element-e8e4761 elementor-widget elementor-widget-heading\" data-id=\"e8e4761\" data-element_type=\"widget\" data-e-type=\"widget\" data-widget_type=\"heading.default\">\n\t\t\t\t\t<h2 class=\"elementor-heading-title elementor-size-default\">Por que os prazos de visto para Portugal dependem da localidade<\/h2>\t\t\t\t<\/div>\n\t\t\t\t<div class=\"elementor-element elementor-element-96b745c elementor-widget elementor-widget-text-editor\" data-id=\"96b745c\" data-element_type=\"widget\" data-e-type=\"widget\" data-widget_type=\"text-editor.default\">\n\t\t\t\t\t\t\t\t\t<p>O sistema consular de Portugal opera por meio de centros regionais da VFS. Cada local: <\/p><ul><li>Tem n\u00edveis de demanda diferentes<\/li><li>Libera hor\u00e1rios de agendamento de forma independente<\/li><li>Lida de forma diferente com o volume local de processos<\/li><li>Enfrenta picos sazonais<\/li><\/ul><p>Isso cria varia\u00e7\u00e3o por jurisdi\u00e7\u00e3o \u2014 n\u00e3o um prazo nacional uniforme.<\/p><p>Entender isso evita:<\/p><ul><li>Compra antecipada de passagens<\/li><li>Erros no timing do contrato de aluguel<\/li><li>Estresse no planejamento financeiro<\/li><li>Perda de janelas de mudan\u00e7a<\/li><\/ul>\t\t\t\t\t\t\t\t<\/div>\n\t\t\t\t<div class=\"elementor-element elementor-element-9b3c96c elementor-widget elementor-widget-image\" data-id=\"9b3c96c\" data-element_type=\"widget\" data-e-type=\"widget\" data-widget_type=\"image.default\">\n\t\t\t\t\t\t\t\t\t\t\t\t\t\t\t<img decoding=\"async\" width=\"800\" height=\"534\" src=\"https:\/\/www.portugalresidencyadvisors.com\/wp-content\/uploads\/2025\/11\/permanent-residency-portugal-residency-advisors-1024x683.jpg\" class=\"attachment-large size-large wp-image-32766\" alt=\"woman in Lisbon square\" srcset=\"https:\/\/www.portugalresidencyadvisors.com\/wp-content\/uploads\/2025\/11\/permanent-residency-portugal-residency-advisors-1024x683.jpg 1024w, https:\/\/www.portugalresidencyadvisors.com\/wp-content\/uploads\/2025\/11\/permanent-residency-portugal-residency-advisors-300x200.jpg 300w, https:\/\/www.portugalresidencyadvisors.com\/wp-content\/uploads\/2025\/11\/permanent-residency-portugal-residency-advisors-768x513.jpg 768w, https:\/\/www.portugalresidencyadvisors.com\/wp-content\/uploads\/2025\/11\/permanent-residency-portugal-residency-advisors.jpg 1500w\" sizes=\"(max-width: 800px) 100vw, 800px\" \/>\t\t\t\t\t\t\t\t\t\t\t\t\t\t\t<\/div>\n\t\t\t\t\t<\/div>\n\t\t\t\t<\/div>\n\t\t<div class=\"elementor-element elementor-element-55d215c e-flex e-con-boxed e-con e-parent\" data-id=\"55d215c\" data-element_type=\"container\" data-e-type=\"container\">\n\t\t\t\t\t<div class=\"e-con-inner\">\n\t\t\t\t<div class=\"elementor-element elementor-element-48bb8d9 elementor-widget elementor-widget-heading\" data-id=\"48bb8d9\" data-element_type=\"widget\" data-e-type=\"widget\" data-widget_type=\"heading.default\">\n\t\t\t\t\t<h2 class=\"elementor-heading-title elementor-size-default\">Por que escolher a Portugal Residency Advisors para seu Visto de imigra\u00e7\u00e3o<\/h2>\t\t\t\t<\/div>\n\t\t\t\t<div class=\"elementor-element elementor-element-5439cec elementor-widget elementor-widget-text-editor\" data-id=\"5439cec\" data-element_type=\"widget\" data-e-type=\"widget\" data-widget_type=\"text-editor.default\">\n\t\t\t\t\t\t\t\t\t<h4 class=\"p1\">Expertise local<\/h4><p class=\"p1\">Conhecemos Portugal. Devido ao nosso extenso conhecimento local, acreditamos que concentrar nossos servi\u00e7os em um \u00fanico pa\u00eds de destino \u00e9 a melhor maneira de fornecer a voc\u00ea as informa\u00e7\u00f5es mais completas e \u00fateis. <\/p><h4 class=\"p1\">Orienta\u00e7\u00e3o honesta<\/h4><p class=\"p1\">Recomendamos o que \u00e9 melhor para voc\u00ea com base em uma extensa experi\u00eancia de processo que economiza tempo e dinheiro para os clientes. Nossa precifica\u00e7\u00e3o \u00e9 clara e competitiva, e n\u00e3o vendemos servi\u00e7os que nos rendam mais dinheiro. <\/p><h4 class=\"p1\">Solu\u00e7\u00e3o completa<\/h4><p class=\"p1\">Um \u00fanico canal de comunica\u00e7\u00e3o para todo o processo. Fornecemos um servi\u00e7o abrangente que cobre todos os aspectos de sua mudan\u00e7a, desde a identifica\u00e7\u00e3o do visto de resid\u00eancia ideal at\u00e9 encontrar sua nova casa ou ajud\u00e1-lo a se estabelecer. <\/p><h4 class=\"p1\">Processo cont\u00ednuo<\/h4><p class=\"p1\">A tecnologia desempenha um papel muito importante em nossa empresa. Minimizamos o envolvimento de nossos clientes com a burocracia. Somos clientes n\u00f3s mesmos e sabemos como atend\u00ea-lo.  <\/p>\t\t\t\t\t\t\t\t<\/div>\n\t\t\t\t\t<\/div>\n\t\t\t\t<\/div>\n\t\t<div class=\"elementor-element elementor-element-706af36f e-flex e-con-boxed e-con e-parent\" data-id=\"706af36f\" data-element_type=\"container\" data-e-type=\"container\">\n\t\t\t\t\t<div class=\"e-con-inner\">\n\t\t\t\t<div class=\"elementor-element elementor-element-7b3b4b53 elementor-view-default elementor-widget elementor-widget-icon\" data-id=\"7b3b4b53\" data-element_type=\"widget\" data-e-type=\"widget\" data-widget_type=\"icon.default\">\n\t\t\t\t\t\t\t<div class=\"elementor-icon-wrapper\">\n\t\t\t<div class=\"elementor-icon\">\n\t\t\t<svg xmlns=\"http:\/\/www.w3.org\/2000\/svg\" id=\"uuid-bbaa4b9d-eacc-4da7-8f1d-9d529f2f4582\" viewBox=\"0 0 171.03 171.16\"><g id=\"uuid-262094c7-4038-4617-8b78-fa7c3c7887c3\"><path d=\"m95.36,171.16h-19.82v-46.1c0-16.3-13.26-29.57-29.57-29.57H0v-19.82h45.98c27.23,0,49.39,22.15,49.39,49.39v46.1Z\"><\/path><path d=\"m75.67,0h19.82v46.1c0,16.3,13.26,29.57,29.57,29.57h45.98v19.82h-45.98c-27.23,0-49.39-22.15-49.39-49.39V0Z\"><\/path><path d=\"m24.1,161.01l-14.01-14.01,28.94-28.94c3.87-3.87,10.14-3.87,14.01,0h0c3.87,3.87,3.87,10.14,0,14.01l-28.94,28.94Z\"><\/path><path d=\"m146.94,10.15l14.01,14.01-28.94,28.94c-3.87,3.87-10.14,3.87-14.01,0h0c-3.87-3.87-3.87-10.14,0-14.01l28.94-28.94Z\"><\/path><path d=\"m160.95,147l-14.01,14.01-28.94-28.94c-3.87-3.87-3.87-10.14,0-14.01h0c3.87-3.87,10.14-3.87,14.01,0l28.94,28.94Z\"><\/path><path d=\"m10.08,24.16l14.01-14.01,28.94,28.94c3.87,3.87,3.87,10.14,0,14.01h0c-3.87,3.87-10.14,3.87-14.01,0L10.08,24.16Z\"><\/path><\/g><\/svg>\t\t\t<\/div>\n\t\t<\/div>\n\t\t\t\t\t\t<\/div>\n\t\t\t\t<div class=\"elementor-element elementor-element-69522852 elementor-widget elementor-widget-heading\" data-id=\"69522852\" data-element_type=\"widget\" data-e-type=\"widget\" data-widget_type=\"heading.default\">\n\t\t\t\t\t<h2 class=\"elementor-heading-title elementor-size-default\">Suas perguntas respondidas<\/h2>\t\t\t\t<\/div>\n\t\t\t\t<div class=\"elementor-element elementor-element-1cc5324c faq-content elementor-widget elementor-widget-n-accordion\" data-id=\"1cc5324c\" data-element_type=\"widget\" data-e-type=\"widget\" data-settings=\"{&quot;default_state&quot;:&quot;all_collapsed&quot;,&quot;max_items_expended&quot;:&quot;one&quot;,&quot;n_accordion_animation_duration&quot;:{&quot;unit&quot;:&quot;ms&quot;,&quot;size&quot;:400,&quot;sizes&quot;:[]}}\" data-widget_type=\"nested-accordion.default\">\n\t\t\t\t\t\t\t<div class=\"e-n-accordion\" aria-label=\"Accordion. Open links with Enter or Space, close with Escape, and navigate with Arrow Keys\">\n\t\t\t\t\t\t<details id=\"e-n-accordion-item-4820\" class=\"e-n-accordion-item\" >\n\t\t\t\t<summary class=\"e-n-accordion-item-title\" data-accordion-index=\"1\" tabindex=\"0\" aria-expanded=\"false\" aria-controls=\"e-n-accordion-item-4820\" >\n\t\t\t\t\t<span class='e-n-accordion-item-title-header'><div class=\"e-n-accordion-item-title-text\"> Quanto tempo leva o visto D7 de Portugal em 2026? <\/div><\/span>\n\t\t\t\t\t\t\t<span class='e-n-accordion-item-title-icon'>\n\t\t\t<span class='e-opened' ><svg aria-hidden=\"true\" class=\"e-font-icon-svg e-fas-times\" viewBox=\"0 0 352 512\" xmlns=\"http:\/\/www.w3.org\/2000\/svg\"><path d=\"M242.72 256l100.07-100.07c12.28-12.28 12.28-32.19 0-44.48l-22.24-22.24c-12.28-12.28-32.19-12.28-44.48 0L176 189.28 75.93 89.21c-12.28-12.28-32.19-12.28-44.48 0L9.21 111.45c-12.28 12.28-12.28 32.19 0 44.48L109.28 256 9.21 356.07c-12.28 12.28-12.28 32.19 0 44.48l22.24 22.24c12.28 12.28 32.2 12.28 44.48 0L176 322.72l100.07 100.07c12.28 12.28 32.2 12.28 44.48 0l22.24-22.24c12.28-12.28 12.28-32.19 0-44.48L242.72 256z\"><\/path><\/svg><\/span>\n\t\t\t<span class='e-closed'><svg aria-hidden=\"true\" class=\"e-font-icon-svg e-fas-caret-down\" viewBox=\"0 0 320 512\" xmlns=\"http:\/\/www.w3.org\/2000\/svg\"><path d=\"M31.3 192h257.3c17.8 0 26.7 21.5 14.1 34.1L174.1 354.8c-7.8 7.8-20.5 7.8-28.3 0L17.2 226.1C4.6 213.5 13.5 192 31.3 192z\"><\/path><\/svg><\/span>\n\t\t<\/span>\n\n\t\t\t\t\t\t<\/summary>\n\t\t\t\t<div role=\"region\" aria-labelledby=\"e-n-accordion-item-4820\" class=\"elementor-element elementor-element-2b118d51 e-con-full e-flex e-con e-child\" data-id=\"2b118d51\" data-element_type=\"container\" data-e-type=\"container\">\n\t\t\t\t<div class=\"elementor-element elementor-element-ae11046 elementor-widget elementor-widget-text-editor\" data-id=\"ae11046\" data-element_type=\"widget\" data-e-type=\"widget\" data-widget_type=\"text-editor.default\">\n\t\t\t\t\t\t\t\t\t<p>A maioria dos solicitantes enfrenta um prazo total de 2 a 4 meses, dependendo da disponibilidade de agendamento e da velocidade de processamento em sua jurisdi\u00e7\u00e3o.<\/p>\t\t\t\t\t\t\t\t<\/div>\n\t\t\t\t<\/div>\n\t\t\t\t\t<\/details>\n\t\t\t\t\t\t<details id=\"e-n-accordion-item-4821\" class=\"e-n-accordion-item\" >\n\t\t\t\t<summary class=\"e-n-accordion-item-title\" data-accordion-index=\"2\" tabindex=\"-1\" aria-expanded=\"false\" aria-controls=\"e-n-accordion-item-4821\" >\n\t\t\t\t\t<span class='e-n-accordion-item-title-header'><div class=\"e-n-accordion-item-title-text\"> Por que n\u00e3o h\u00e1 agendamentos dispon\u00edveis na VFS para Portugal? <\/div><\/span>\n\t\t\t\t\t\t\t<span class='e-n-accordion-item-title-icon'>\n\t\t\t<span class='e-opened' ><svg aria-hidden=\"true\" class=\"e-font-icon-svg e-fas-times\" viewBox=\"0 0 352 512\" xmlns=\"http:\/\/www.w3.org\/2000\/svg\"><path d=\"M242.72 256l100.07-100.07c12.28-12.28 12.28-32.19 0-44.48l-22.24-22.24c-12.28-12.28-32.19-12.28-44.48 0L176 189.28 75.93 89.21c-12.28-12.28-32.19-12.28-44.48 0L9.21 111.45c-12.28 12.28-12.28 32.19 0 44.48L109.28 256 9.21 356.07c-12.28 12.28-12.28 32.19 0 44.48l22.24 22.24c12.28 12.28 32.2 12.28 44.48 0L176 322.72l100.07 100.07c12.28 12.28 32.2 12.28 44.48 0l22.24-22.24c12.28-12.28 12.28-32.19 0-44.48L242.72 256z\"><\/path><\/svg><\/span>\n\t\t\t<span class='e-closed'><svg aria-hidden=\"true\" class=\"e-font-icon-svg e-fas-caret-down\" viewBox=\"0 0 320 512\" xmlns=\"http:\/\/www.w3.org\/2000\/svg\"><path d=\"M31.3 192h257.3c17.8 0 26.7 21.5 14.1 34.1L174.1 354.8c-7.8 7.8-20.5 7.8-28.3 0L17.2 226.1C4.6 213.5 13.5 192 31.3 192z\"><\/path><\/svg><\/span>\n\t\t<\/span>\n\n\t\t\t\t\t\t<\/summary>\n\t\t\t\t<div role=\"region\" aria-labelledby=\"e-n-accordion-item-4821\" class=\"elementor-element elementor-element-6514249b e-con-full e-flex e-con e-child\" data-id=\"6514249b\" data-element_type=\"container\" data-e-type=\"container\">\n\t\t\t\t<div class=\"elementor-element elementor-element-42dca358 elementor-widget elementor-widget-text-editor\" data-id=\"42dca358\" data-element_type=\"widget\" data-e-type=\"widget\" data-widget_type=\"text-editor.default\">\n\t\t\t\t\t\t\t\t\t<p>Cidades de alta demanda, como Miami, Houston e Washington DC, frequentemente enfrentam escassez de hor\u00e1rios. As libera\u00e7\u00f5es de agendamento podem ser imprevis\u00edveis e concorridas. <\/p>\t\t\t\t\t\t\t\t<\/div>\n\t\t\t\t<\/div>\n\t\t\t\t\t<\/details>\n\t\t\t\t\t\t<details id=\"e-n-accordion-item-4822\" class=\"e-n-accordion-item\" >\n\t\t\t\t<summary class=\"e-n-accordion-item-title\" data-accordion-index=\"3\" tabindex=\"-1\" aria-expanded=\"false\" aria-controls=\"e-n-accordion-item-4822\" >\n\t\t\t\t\t<span class='e-n-accordion-item-title-header'><div class=\"e-n-accordion-item-title-text\"> O processamento de visto para Portugal \u00e9 o mesmo em todas as cidades dos EUA? <\/div><\/span>\n\t\t\t\t\t\t\t<span class='e-n-accordion-item-title-icon'>\n\t\t\t<span class='e-opened' ><svg aria-hidden=\"true\" class=\"e-font-icon-svg e-fas-times\" viewBox=\"0 0 352 512\" xmlns=\"http:\/\/www.w3.org\/2000\/svg\"><path d=\"M242.72 256l100.07-100.07c12.28-12.28 12.28-32.19 0-44.48l-22.24-22.24c-12.28-12.28-32.19-12.28-44.48 0L176 189.28 75.93 89.21c-12.28-12.28-32.19-12.28-44.48 0L9.21 111.45c-12.28 12.28-12.28 32.19 0 44.48L109.28 256 9.21 356.07c-12.28 12.28-12.28 32.19 0 44.48l22.24 22.24c12.28 12.28 32.2 12.28 44.48 0L176 322.72l100.07 100.07c12.28 12.28 32.2 12.28 44.48 0l22.24-22.24c12.28-12.28 12.28-32.19 0-44.48L242.72 256z\"><\/path><\/svg><\/span>\n\t\t\t<span class='e-closed'><svg aria-hidden=\"true\" class=\"e-font-icon-svg e-fas-caret-down\" viewBox=\"0 0 320 512\" xmlns=\"http:\/\/www.w3.org\/2000\/svg\"><path d=\"M31.3 192h257.3c17.8 0 26.7 21.5 14.1 34.1L174.1 354.8c-7.8 7.8-20.5 7.8-28.3 0L17.2 226.1C4.6 213.5 13.5 192 31.3 192z\"><\/path><\/svg><\/span>\n\t\t<\/span>\n\n\t\t\t\t\t\t<\/summary>\n\t\t\t\t<div role=\"region\" aria-labelledby=\"e-n-accordion-item-4822\" class=\"elementor-element elementor-element-73c9e6fb e-con-full e-flex e-con e-child\" data-id=\"73c9e6fb\" data-element_type=\"container\" data-e-type=\"container\">\n\t\t\t\t<div class=\"elementor-element elementor-element-234a4ef2 elementor-widget elementor-widget-text-editor\" data-id=\"234a4ef2\" data-element_type=\"widget\" data-e-type=\"widget\" data-widget_type=\"text-editor.default\">\n\t\t\t\t\t\t\t\t\t<p>N\u00e3o. Os tempos de processamento e a disponibilidade de agendamento variam significativamente conforme a localidade da VFS.<\/p>\t\t\t\t\t\t\t\t<\/div>\n\t\t\t\t<\/div>\n\t\t\t\t\t<\/details>\n\t\t\t\t\t\t<details id=\"e-n-accordion-item-4823\" class=\"e-n-accordion-item\" >\n\t\t\t\t<summary class=\"e-n-accordion-item-title\" data-accordion-index=\"4\" tabindex=\"-1\" aria-expanded=\"false\" aria-controls=\"e-n-accordion-item-4823\" >\n\t\t\t\t\t<span class='e-n-accordion-item-title-header'><div class=\"e-n-accordion-item-title-text\"> Posso solicitar em um centro da VFS diferente para conseguir um agendamento mais r\u00e1pido? <\/div><\/span>\n\t\t\t\t\t\t\t<span class='e-n-accordion-item-title-icon'>\n\t\t\t<span class='e-opened' ><svg aria-hidden=\"true\" class=\"e-font-icon-svg e-fas-times\" viewBox=\"0 0 352 512\" xmlns=\"http:\/\/www.w3.org\/2000\/svg\"><path d=\"M242.72 256l100.07-100.07c12.28-12.28 12.28-32.19 0-44.48l-22.24-22.24c-12.28-12.28-32.19-12.28-44.48 0L176 189.28 75.93 89.21c-12.28-12.28-32.19-12.28-44.48 0L9.21 111.45c-12.28 12.28-12.28 32.19 0 44.48L109.28 256 9.21 356.07c-12.28 12.28-12.28 32.19 0 44.48l22.24 22.24c12.28 12.28 32.2 12.28 44.48 0L176 322.72l100.07 100.07c12.28 12.28 32.2 12.28 44.48 0l22.24-22.24c12.28-12.28 12.28-32.19 0-44.48L242.72 256z\"><\/path><\/svg><\/span>\n\t\t\t<span class='e-closed'><svg aria-hidden=\"true\" class=\"e-font-icon-svg e-fas-caret-down\" viewBox=\"0 0 320 512\" xmlns=\"http:\/\/www.w3.org\/2000\/svg\"><path d=\"M31.3 192h257.3c17.8 0 26.7 21.5 14.1 34.1L174.1 354.8c-7.8 7.8-20.5 7.8-28.3 0L17.2 226.1C4.6 213.5 13.5 192 31.3 192z\"><\/path><\/svg><\/span>\n\t\t<\/span>\n\n\t\t\t\t\t\t<\/summary>\n\t\t\t\t<div role=\"region\" aria-labelledby=\"e-n-accordion-item-4823\" class=\"elementor-element elementor-element-46ad467c e-con-full e-flex e-con e-child\" data-id=\"46ad467c\" data-element_type=\"container\" data-e-type=\"container\">\n\t\t\t\t<div class=\"elementor-element elementor-element-374ed129 elementor-widget elementor-widget-text-editor\" data-id=\"374ed129\" data-element_type=\"widget\" data-e-type=\"widget\" data-widget_type=\"text-editor.default\">\n\t\t\t\t\t\t\t\t\t<p>O(a) senhor(a) deve solicitar dentro da sua jurisdi\u00e7\u00e3o legal de resid\u00eancia. Alguns pa\u00edses t\u00eam v\u00e1rios centros eleg\u00edveis, mas n\u00e3o \u00e9 permitido mudar de jurisdi\u00e7\u00e3o sem base legal. <\/p>\t\t\t\t\t\t\t\t<\/div>\n\t\t\t\t<\/div>\n\t\t\t\t\t<\/details>\n\t\t\t\t\t\t<details id=\"e-n-accordion-item-4824\" class=\"e-n-accordion-item\" >\n\t\t\t\t<summary class=\"e-n-accordion-item-title\" data-accordion-index=\"5\" tabindex=\"-1\" aria-expanded=\"false\" aria-controls=\"e-n-accordion-item-4824\" >\n\t\t\t\t\t<span class='e-n-accordion-item-title-header'><div class=\"e-n-accordion-item-title-text\"> Quando devo reservar passagens para Portugal? <\/div><\/span>\n\t\t\t\t\t\t\t<span class='e-n-accordion-item-title-icon'>\n\t\t\t<span class='e-opened' ><svg aria-hidden=\"true\" class=\"e-font-icon-svg e-fas-times\" viewBox=\"0 0 352 512\" xmlns=\"http:\/\/www.w3.org\/2000\/svg\"><path d=\"M242.72 256l100.07-100.07c12.28-12.28 12.28-32.19 0-44.48l-22.24-22.24c-12.28-12.28-32.19-12.28-44.48 0L176 189.28 75.93 89.21c-12.28-12.28-32.19-12.28-44.48 0L9.21 111.45c-12.28 12.28-12.28 32.19 0 44.48L109.28 256 9.21 356.07c-12.28 12.28-12.28 32.19 0 44.48l22.24 22.24c12.28 12.28 32.2 12.28 44.48 0L176 322.72l100.07 100.07c12.28 12.28 32.2 12.28 44.48 0l22.24-22.24c12.28-12.28 12.28-32.19 0-44.48L242.72 256z\"><\/path><\/svg><\/span>\n\t\t\t<span class='e-closed'><svg aria-hidden=\"true\" class=\"e-font-icon-svg e-fas-caret-down\" viewBox=\"0 0 320 512\" xmlns=\"http:\/\/www.w3.org\/2000\/svg\"><path d=\"M31.3 192h257.3c17.8 0 26.7 21.5 14.1 34.1L174.1 354.8c-7.8 7.8-20.5 7.8-28.3 0L17.2 226.1C4.6 213.5 13.5 192 31.3 192z\"><\/path><\/svg><\/span>\n\t\t<\/span>\n\n\t\t\t\t\t\t<\/summary>\n\t\t\t\t<div role=\"region\" aria-labelledby=\"e-n-accordion-item-4824\" class=\"elementor-element elementor-element-7935cb78 e-con-full e-flex e-con e-child\" data-id=\"7935cb78\" data-element_type=\"container\" data-e-type=\"container\">\n\t\t\t\t<div class=\"elementor-element elementor-element-29ae65f8 elementor-widget elementor-widget-text-editor\" data-id=\"29ae65f8\" data-element_type=\"widget\" data-e-type=\"widget\" data-widget_type=\"text-editor.default\">\n\t\t\t\t\t\t\t\t\t<p>Somente depois que seu passaporte for devolvido com o visto emitido. Reservar antes cria um risco desnecess\u00e1rio, especialmente em jurisdi\u00e7\u00f5es que relatam atrasos de processamento. <\/p>\t\t\t\t\t\t\t\t<\/div>\n\t\t\t\t<\/div>\n\t\t\t\t\t<\/details>\n\t\t\t\t\t\t<details id=\"e-n-accordion-item-4825\" class=\"e-n-accordion-item\" >\n\t\t\t\t<summary class=\"e-n-accordion-item-title\" data-accordion-index=\"6\" tabindex=\"-1\" aria-expanded=\"false\" aria-controls=\"e-n-accordion-item-4825\" >\n\t\t\t\t\t<span class='e-n-accordion-item-title-header'><div class=\"e-n-accordion-item-title-text\"> A VFS ret\u00e9m o passaporte durante o processamento? <\/div><\/span>\n\t\t\t\t\t\t\t<span class='e-n-accordion-item-title-icon'>\n\t\t\t<span class='e-opened' ><svg aria-hidden=\"true\" class=\"e-font-icon-svg e-fas-times\" viewBox=\"0 0 352 512\" xmlns=\"http:\/\/www.w3.org\/2000\/svg\"><path d=\"M242.72 256l100.07-100.07c12.28-12.28 12.28-32.19 0-44.48l-22.24-22.24c-12.28-12.28-32.19-12.28-44.48 0L176 189.28 75.93 89.21c-12.28-12.28-32.19-12.28-44.48 0L9.21 111.45c-12.28 12.28-12.28 32.19 0 44.48L109.28 256 9.21 356.07c-12.28 12.28-12.28 32.19 0 44.48l22.24 22.24c12.28 12.28 32.2 12.28 44.48 0L176 322.72l100.07 100.07c12.28 12.28 32.2 12.28 44.48 0l22.24-22.24c12.28-12.28 12.28-32.19 0-44.48L242.72 256z\"><\/path><\/svg><\/span>\n\t\t\t<span class='e-closed'><svg aria-hidden=\"true\" class=\"e-font-icon-svg e-fas-caret-down\" viewBox=\"0 0 320 512\" xmlns=\"http:\/\/www.w3.org\/2000\/svg\"><path d=\"M31.3 192h257.3c17.8 0 26.7 21.5 14.1 34.1L174.1 354.8c-7.8 7.8-20.5 7.8-28.3 0L17.2 226.1C4.6 213.5 13.5 192 31.3 192z\"><\/path><\/svg><\/span>\n\t\t<\/span>\n\n\t\t\t\t\t\t<\/summary>\n\t\t\t\t<div role=\"region\" aria-labelledby=\"e-n-accordion-item-4825\" class=\"elementor-element elementor-element-4d994164 e-con-full e-flex e-con e-child\" data-id=\"4d994164\" data-element_type=\"container\" data-e-type=\"container\">\n\t\t\t\t<div class=\"elementor-element elementor-element-471c55 elementor-widget elementor-widget-text-editor\" data-id=\"471c55\" data-element_type=\"widget\" data-e-type=\"widget\" data-widget_type=\"text-editor.default\">\n\t\t\t\t\t\t\t\t\t<p>Sim. Na maioria dos casos, a VFS encaminha seu passaporte ao Consulado de Portugal ap\u00f3s o seu agendamento, e ele fica retido at\u00e9 que uma decis\u00e3o seja tomada. Ele ser\u00e1 devolvido ao(\u00e0) senhor(a) quando o visto for emitido (ou recusado), normalmente por courier ou retirada, dependendo do local. <\/p>\t\t\t\t\t\t\t\t<\/div>\n\t\t\t\t<\/div>\n\t\t\t\t\t<\/details>\n\t\t\t\t\t\t<details id=\"e-n-accordion-item-4826\" class=\"e-n-accordion-item\" >\n\t\t\t\t<summary class=\"e-n-accordion-item-title\" data-accordion-index=\"7\" tabindex=\"-1\" aria-expanded=\"false\" aria-controls=\"e-n-accordion-item-4826\" >\n\t\t\t\t\t<span class='e-n-accordion-item-title-header'><div class=\"e-n-accordion-item-title-text\"> Um agendamento na VFS pode ocorrer online? <\/div><\/span>\n\t\t\t\t\t\t\t<span class='e-n-accordion-item-title-icon'>\n\t\t\t<span class='e-opened' ><svg aria-hidden=\"true\" class=\"e-font-icon-svg e-fas-times\" viewBox=\"0 0 352 512\" xmlns=\"http:\/\/www.w3.org\/2000\/svg\"><path d=\"M242.72 256l100.07-100.07c12.28-12.28 12.28-32.19 0-44.48l-22.24-22.24c-12.28-12.28-32.19-12.28-44.48 0L176 189.28 75.93 89.21c-12.28-12.28-32.19-12.28-44.48 0L9.21 111.45c-12.28 12.28-12.28 32.19 0 44.48L109.28 256 9.21 356.07c-12.28 12.28-12.28 32.19 0 44.48l22.24 22.24c12.28 12.28 32.2 12.28 44.48 0L176 322.72l100.07 100.07c12.28 12.28 32.2 12.28 44.48 0l22.24-22.24c12.28-12.28 12.28-32.19 0-44.48L242.72 256z\"><\/path><\/svg><\/span>\n\t\t\t<span class='e-closed'><svg aria-hidden=\"true\" class=\"e-font-icon-svg e-fas-caret-down\" viewBox=\"0 0 320 512\" xmlns=\"http:\/\/www.w3.org\/2000\/svg\"><path d=\"M31.3 192h257.3c17.8 0 26.7 21.5 14.1 34.1L174.1 354.8c-7.8 7.8-20.5 7.8-28.3 0L17.2 226.1C4.6 213.5 13.5 192 31.3 192z\"><\/path><\/svg><\/span>\n\t\t<\/span>\n\n\t\t\t\t\t\t<\/summary>\n\t\t\t\t<div role=\"region\" aria-labelledby=\"e-n-accordion-item-4826\" class=\"elementor-element elementor-element-271662ab e-con-full e-flex e-con e-child\" data-id=\"271662ab\" data-element_type=\"container\" data-e-type=\"container\">\n\t\t\t\t<div class=\"elementor-element elementor-element-1b8f4114 elementor-widget elementor-widget-text-editor\" data-id=\"1b8f4114\" data-element_type=\"widget\" data-e-type=\"widget\" data-widget_type=\"text-editor.default\">\n\t\t\t\t\t\t\t\t\t<p>N\u00e3o. Embora o agendamento seja feito online, o atendimento deve ser realizado presencialmente. \u00c9 necess\u00e1rio fornecer biometria (impress\u00f5es digitais e foto) e entregar fisicamente os documentos originais no centro da VFS. <\/p>\t\t\t\t\t\t\t\t<\/div>\n\t\t\t\t<\/div>\n\t\t\t\t\t<\/details>\n\t\t\t\t\t\t<details id=\"e-n-accordion-item-4827\" class=\"e-n-accordion-item\" >\n\t\t\t\t<summary class=\"e-n-accordion-item-title\" data-accordion-index=\"8\" tabindex=\"-1\" aria-expanded=\"false\" aria-controls=\"e-n-accordion-item-4827\" >\n\t\t\t\t\t<span class='e-n-accordion-item-title-header'><div class=\"e-n-accordion-item-title-text\"> Posso acelerar minha solicita\u00e7\u00e3o de visto D7 ou D8 de Portugal? <\/div><\/span>\n\t\t\t\t\t\t\t<span class='e-n-accordion-item-title-icon'>\n\t\t\t<span class='e-opened' ><svg aria-hidden=\"true\" class=\"e-font-icon-svg e-fas-times\" viewBox=\"0 0 352 512\" xmlns=\"http:\/\/www.w3.org\/2000\/svg\"><path d=\"M242.72 256l100.07-100.07c12.28-12.28 12.28-32.19 0-44.48l-22.24-22.24c-12.28-12.28-32.19-12.28-44.48 0L176 189.28 75.93 89.21c-12.28-12.28-32.19-12.28-44.48 0L9.21 111.45c-12.28 12.28-12.28 32.19 0 44.48L109.28 256 9.21 356.07c-12.28 12.28-12.28 32.19 0 44.48l22.24 22.24c12.28 12.28 32.2 12.28 44.48 0L176 322.72l100.07 100.07c12.28 12.28 32.2 12.28 44.48 0l22.24-22.24c12.28-12.28 12.28-32.19 0-44.48L242.72 256z\"><\/path><\/svg><\/span>\n\t\t\t<span class='e-closed'><svg aria-hidden=\"true\" class=\"e-font-icon-svg e-fas-caret-down\" viewBox=\"0 0 320 512\" xmlns=\"http:\/\/www.w3.org\/2000\/svg\"><path d=\"M31.3 192h257.3c17.8 0 26.7 21.5 14.1 34.1L174.1 354.8c-7.8 7.8-20.5 7.8-28.3 0L17.2 226.1C4.6 213.5 13.5 192 31.3 192z\"><\/path><\/svg><\/span>\n\t\t<\/span>\n\n\t\t\t\t\t\t<\/summary>\n\t\t\t\t<div role=\"region\" aria-labelledby=\"e-n-accordion-item-4827\" class=\"elementor-element elementor-element-705d7100 e-con-full e-flex e-con e-child\" data-id=\"705d7100\" data-element_type=\"container\" data-e-type=\"container\">\n\t\t\t\t<div class=\"elementor-element elementor-element-5ae16946 elementor-widget elementor-widget-text-editor\" data-id=\"5ae16946\" data-element_type=\"widget\" data-e-type=\"widget\" data-widget_type=\"text-editor.default\">\n\t\t\t\t\t\t\t\t\t<p>N\u00e3o h\u00e1 op\u00e7\u00e3o oficial de processamento acelerado. Os prazos dependem do Consulado espec\u00edfico e da carga de trabalho da VFS. Em geral, n\u00e3o h\u00e1 atendimento priorit\u00e1rio, mesmo em situa\u00e7\u00f5es urgentes.  <\/p>\t\t\t\t\t\t\t\t<\/div>\n\t\t\t\t<\/div>\n\t\t\t\t\t<\/details>\n\t\t\t\t\t\t<details id=\"e-n-accordion-item-4828\" class=\"e-n-accordion-item\" >\n\t\t\t\t<summary class=\"e-n-accordion-item-title\" data-accordion-index=\"9\" tabindex=\"-1\" aria-expanded=\"false\" aria-controls=\"e-n-accordion-item-4828\" >\n\t\t\t\t\t<span class='e-n-accordion-item-title-header'><div class=\"e-n-accordion-item-title-text\"> O que acontece depois que meu visto D7 \u00e9 aprovado? <\/div><\/span>\n\t\t\t\t\t\t\t<span class='e-n-accordion-item-title-icon'>\n\t\t\t<span class='e-opened' ><svg aria-hidden=\"true\" class=\"e-font-icon-svg e-fas-times\" viewBox=\"0 0 352 512\" xmlns=\"http:\/\/www.w3.org\/2000\/svg\"><path d=\"M242.72 256l100.07-100.07c12.28-12.28 12.28-32.19 0-44.48l-22.24-22.24c-12.28-12.28-32.19-12.28-44.48 0L176 189.28 75.93 89.21c-12.28-12.28-32.19-12.28-44.48 0L9.21 111.45c-12.28 12.28-12.28 32.19 0 44.48L109.28 256 9.21 356.07c-12.28 12.28-12.28 32.19 0 44.48l22.24 22.24c12.28 12.28 32.2 12.28 44.48 0L176 322.72l100.07 100.07c12.28 12.28 32.2 12.28 44.48 0l22.24-22.24c12.28-12.28 12.28-32.19 0-44.48L242.72 256z\"><\/path><\/svg><\/span>\n\t\t\t<span class='e-closed'><svg aria-hidden=\"true\" class=\"e-font-icon-svg e-fas-caret-down\" viewBox=\"0 0 320 512\" xmlns=\"http:\/\/www.w3.org\/2000\/svg\"><path d=\"M31.3 192h257.3c17.8 0 26.7 21.5 14.1 34.1L174.1 354.8c-7.8 7.8-20.5 7.8-28.3 0L17.2 226.1C4.6 213.5 13.5 192 31.3 192z\"><\/path><\/svg><\/span>\n\t\t<\/span>\n\n\t\t\t\t\t\t<\/summary>\n\t\t\t\t<div role=\"region\" aria-labelledby=\"e-n-accordion-item-4828\" class=\"elementor-element elementor-element-61a44500 e-con-full e-flex e-con e-child\" data-id=\"61a44500\" data-element_type=\"container\" data-e-type=\"container\">\n\t\t\t\t<div class=\"elementor-element elementor-element-2ad6872d elementor-widget elementor-widget-text-editor\" data-id=\"2ad6872d\" data-element_type=\"widget\" data-e-type=\"widget\" data-widget_type=\"text-editor.default\">\n\t\t\t\t\t\t\t\t\t<p>Ap\u00f3s a aprova\u00e7\u00e3o, o(a) senhor(a) recebe um visto de entrada de 4 meses carimbado no passaporte. Nesse per\u00edodo, deve viajar para Portugal e comparecer ao seu agendamento na AIMA para obter o cart\u00e3o de autoriza\u00e7\u00e3o de resid\u00eancia. <\/p>\t\t\t\t\t\t\t\t<\/div>\n\t\t\t\t<\/div>\n\t\t\t\t\t<\/details>\n\t\t\t\t\t<\/div>\n\t\t\t\t\t<script type=\"application\/ld+json\">{\"@context\":\"https:\\\/\\\/schema.org\",\"@type\":\"FAQPage\",\"mainEntity\":[{\"@type\":\"Question\",\"name\":\"Quanto tempo leva o visto D7 de Portugal em 2026?\",\"acceptedAnswer\":{\"@type\":\"Answer\",\"text\":\"A maioria dos solicitantes enfrenta um prazo total de 2 a 4 meses, dependendo da disponibilidade de agendamento e da velocidade de processamento em sua jurisdi\\u00e7\\u00e3o.\"}},{\"@type\":\"Question\",\"name\":\"Por que n\\u00e3o h\\u00e1 agendamentos dispon\\u00edveis na VFS para Portugal?\",\"acceptedAnswer\":{\"@type\":\"Answer\",\"text\":\"Cidades de alta demanda, como Miami, Houston e Washington DC, frequentemente enfrentam escassez de hor\\u00e1rios. As libera\\u00e7\\u00f5es de agendamento podem ser imprevis\\u00edveis e concorridas.\"}},{\"@type\":\"Question\",\"name\":\"O processamento de visto para Portugal \\u00e9 o mesmo em todas as cidades dos EUA?\",\"acceptedAnswer\":{\"@type\":\"Answer\",\"text\":\"N\\u00e3o. Os tempos de processamento e a disponibilidade de agendamento variam significativamente conforme a localidade da VFS.\"}},{\"@type\":\"Question\",\"name\":\"Posso solicitar em um centro da VFS diferente para conseguir um agendamento mais r\\u00e1pido?\",\"acceptedAnswer\":{\"@type\":\"Answer\",\"text\":\"O(a) senhor(a) deve solicitar dentro da sua jurisdi\\u00e7\\u00e3o legal de resid\\u00eancia. Alguns pa\\u00edses t\\u00eam v\\u00e1rios centros eleg\\u00edveis, mas n\\u00e3o \\u00e9 permitido mudar de jurisdi\\u00e7\\u00e3o sem base legal.\"}},{\"@type\":\"Question\",\"name\":\"Quando devo reservar passagens para Portugal?\",\"acceptedAnswer\":{\"@type\":\"Answer\",\"text\":\"Somente depois que seu passaporte for devolvido com o visto emitido. Reservar antes cria um risco desnecess\\u00e1rio, especialmente em jurisdi\\u00e7\\u00f5es que relatam atrasos de processamento.\"}},{\"@type\":\"Question\",\"name\":\"A VFS ret\\u00e9m o passaporte durante o processamento?\",\"acceptedAnswer\":{\"@type\":\"Answer\",\"text\":\"Sim. Na maioria dos casos, a VFS encaminha seu passaporte ao Consulado de Portugal ap\\u00f3s o seu agendamento, e ele fica retido at\\u00e9 que uma decis\\u00e3o seja tomada. Ele ser\\u00e1 devolvido ao(\\u00e0) senhor(a) quando o visto for emitido (ou recusado), normalmente por courier ou retirada, dependendo do local.\"}},{\"@type\":\"Question\",\"name\":\"Um agendamento na VFS pode ocorrer online?\",\"acceptedAnswer\":{\"@type\":\"Answer\",\"text\":\"N\\u00e3o. Embora o agendamento seja feito online, o atendimento deve ser realizado presencialmente. \\u00c9 necess\\u00e1rio fornecer biometria (impress\\u00f5es digitais e foto) e entregar fisicamente os documentos originais no centro da VFS.\"}},{\"@type\":\"Question\",\"name\":\"Posso acelerar minha solicita\\u00e7\\u00e3o de visto D7 ou D8 de Portugal?\",\"acceptedAnswer\":{\"@type\":\"Answer\",\"text\":\"N\\u00e3o h\\u00e1 op\\u00e7\\u00e3o oficial de processamento acelerado. Os prazos dependem do Consulado espec\\u00edfico e da carga de trabalho da VFS. Em geral, n\\u00e3o h\\u00e1 atendimento priorit\\u00e1rio, mesmo em situa\\u00e7\\u00f5es urgentes.\"}},{\"@type\":\"Question\",\"name\":\"O que acontece depois que meu visto D7 \\u00e9 aprovado?\",\"acceptedAnswer\":{\"@type\":\"Answer\",\"text\":\"Ap\\u00f3s a aprova\\u00e7\\u00e3o, o(a) senhor(a) recebe um visto de entrada de 4 meses carimbado no passaporte. Nesse per\\u00edodo, deve viajar para Portugal e comparecer ao seu agendamento na AIMA para obter o cart\\u00e3o de autoriza\\u00e7\\u00e3o de resid\\u00eancia.\"}}]}<\/script>\n\t\t\t\t\t\t\t<\/div>\n\t\t\t\t\t<\/div>\n\t\t\t\t<\/div>\n\t\t\t\t<\/div>\n\t\t","protected":false},"excerpt":{"rendered":"<p>Os prazos de vistos de longa perman\u00eancia em Portugal em 2026 n\u00e3o s\u00e3o simplesmente \u201cr\u00e1pidos\u201d ou \u201clentos\u201d. Eles dependem muito da localidade, e entender a sua jurisdi\u00e7\u00e3o espec\u00edfica da VFS pode afetar significativamente o seu planejamento de mudan\u00e7a. Seja para solicitar o visto D7 de Portugal (visto de aposentadoria\/renda passiva), o visto D8 de N\u00f4made [&hellip;]<\/p>\n","protected":false},"author":20,"featured_media":40487,"comment_status":"closed","ping_status":"open","sticky":false,"template":"","format":"standard","meta":{"_angie_page":false,"_jet_sm_ready_style":"","_jet_sm_style":"","_jet_sm_controls_values":"","_jet_sm_fonts_collection":"","_jet_sm_fonts_links":"","page_builder":"","footnotes":""},"categories":[83,255],"tags":[],"class_list":["post-40494","post","type-post","status-publish","format-standard","has-post-thumbnail","hentry","category-residencia","category-procedimentos-de-visto"],"yoast_head":"<!-- This site is optimized with the Yoast SEO plugin v28.3 - https:\/\/yoast.com\/product\/yoast-seo-wordpress\/ -->\n<title>Atrasos em agendamentos na VFS para visto de longa perman\u00eancia em Portugal em 2026<\/title>\n<meta name=\"description\" content=\"Os atrasos em agendamentos na VFS para vistos de longa perman\u00eancia em Portugal em 2026 est\u00e3o aumentando. Saiba as causas, os tempos de espera e solu\u00e7\u00f5es pr\u00e1ticas para evitar contratempos.\" \/>\n<meta name=\"robots\" content=\"index, follow, max-snippet:-1, max-image-preview:large, max-video-preview:-1\" \/>\n<link rel=\"canonical\" href=\"https:\/\/www.portugalresidencyadvisors.com\/pt-br\/atrasos-agendamento-vfs-portugal\/\" \/>\n<meta property=\"og:locale\" content=\"pt_BR\" \/>\n<meta property=\"og:type\" content=\"article\" \/>\n<meta property=\"og:title\" content=\"Atrasos em agendamentos na VFS para visto de longa perman\u00eancia em Portugal em 2026\" \/>\n<meta property=\"og:description\" content=\"Os atrasos em agendamentos na VFS para vistos de longa perman\u00eancia em Portugal em 2026 est\u00e3o aumentando. Saiba as causas, os tempos de espera e solu\u00e7\u00f5es pr\u00e1ticas para evitar contratempos.\" \/>\n<meta property=\"og:url\" content=\"https:\/\/www.portugalresidencyadvisors.com\/pt-br\/atrasos-agendamento-vfs-portugal\/\" \/>\n<meta property=\"og:site_name\" content=\"Portugal Residency Advisors\" \/>\n<meta property=\"article:publisher\" content=\"https:\/\/www.facebook.com\/portugalresidencyadvisors\" \/>\n<meta property=\"article:published_time\" content=\"2026-03-02T22:33:25+00:00\" \/>\n<meta property=\"article:modified_time\" content=\"2026-05-13T19:34:10+00:00\" \/>\n<meta property=\"og:image\" content=\"https:\/\/www.portugalresidencyadvisors.com\/wp-content\/uploads\/2026\/03\/vfs-portugal-residency-advisors.webp\" \/>\n\t<meta property=\"og:image:width\" content=\"1500\" \/>\n\t<meta property=\"og:image:height\" content=\"1000\" \/>\n\t<meta property=\"og:image:type\" content=\"image\/jpeg\" \/>\n<meta name=\"author\" content=\"Fernanda Souza\" \/>\n<meta name=\"twitter:card\" content=\"summary_large_image\" \/>\n<meta name=\"twitter:creator\" content=\"@ptadvresidency\" \/>\n<meta name=\"twitter:site\" content=\"@ptadvresidency\" \/>\n<meta name=\"twitter:label1\" content=\"Escrito por\" \/>\n\t<meta name=\"twitter:data1\" content=\"Fernanda Souza\" \/>\n\t<meta name=\"twitter:label2\" content=\"Est. tempo de leitura\" \/>\n\t<meta name=\"twitter:data2\" content=\"8 minutos\" \/>\n<script type=\"application\/ld+json\" class=\"yoast-schema-graph\">{\"@context\":\"https:\\\/\\\/schema.org\",\"@graph\":[{\"@type\":\"Article\",\"@id\":\"https:\\\/\\\/www.portugalresidencyadvisors.com\\\/pt-br\\\/atrasos-agendamento-vfs-portugal\\\/#article\",\"isPartOf\":{\"@id\":\"https:\\\/\\\/www.portugalresidencyadvisors.com\\\/pt-br\\\/atrasos-agendamento-vfs-portugal\\\/\"},\"author\":{\"name\":\"Fernanda Souza\",\"@id\":\"https:\\\/\\\/www.portugalresidencyadvisors.com\\\/pt-br\\\/#\\\/schema\\\/person\\\/6f057f5c0f02227d7edc6b721277167d\"},\"headline\":\"Atrasos em agendamentos na VFS para visto de longa perman\u00eancia em Portugal em 2026\",\"datePublished\":\"2026-03-02T22:33:25+00:00\",\"dateModified\":\"2026-05-13T19:34:10+00:00\",\"mainEntityOfPage\":{\"@id\":\"https:\\\/\\\/www.portugalresidencyadvisors.com\\\/pt-br\\\/atrasos-agendamento-vfs-portugal\\\/\"},\"wordCount\":1759,\"publisher\":{\"@id\":\"https:\\\/\\\/www.portugalresidencyadvisors.com\\\/pt-br\\\/#organization\"},\"image\":{\"@id\":\"https:\\\/\\\/www.portugalresidencyadvisors.com\\\/pt-br\\\/atrasos-agendamento-vfs-portugal\\\/#primaryimage\"},\"thumbnailUrl\":\"https:\\\/\\\/www.portugalresidencyadvisors.com\\\/wp-content\\\/uploads\\\/2026\\\/03\\\/vfs-portugal-residency-advisors.webp\",\"articleSection\":[\"Vistos\",\"Procedimentos de visto\"],\"inLanguage\":\"pt-BR\"},{\"@type\":\"WebPage\",\"@id\":\"https:\\\/\\\/www.portugalresidencyadvisors.com\\\/pt-br\\\/atrasos-agendamento-vfs-portugal\\\/\",\"url\":\"https:\\\/\\\/www.portugalresidencyadvisors.com\\\/pt-br\\\/atrasos-agendamento-vfs-portugal\\\/\",\"name\":\"Atrasos em agendamentos na VFS para visto de longa perman\u00eancia em Portugal em 2026\",\"isPartOf\":{\"@id\":\"https:\\\/\\\/www.portugalresidencyadvisors.com\\\/pt-br\\\/#website\"},\"primaryImageOfPage\":{\"@id\":\"https:\\\/\\\/www.portugalresidencyadvisors.com\\\/pt-br\\\/atrasos-agendamento-vfs-portugal\\\/#primaryimage\"},\"image\":{\"@id\":\"https:\\\/\\\/www.portugalresidencyadvisors.com\\\/pt-br\\\/atrasos-agendamento-vfs-portugal\\\/#primaryimage\"},\"thumbnailUrl\":\"https:\\\/\\\/www.portugalresidencyadvisors.com\\\/wp-content\\\/uploads\\\/2026\\\/03\\\/vfs-portugal-residency-advisors.webp\",\"datePublished\":\"2026-03-02T22:33:25+00:00\",\"dateModified\":\"2026-05-13T19:34:10+00:00\",\"description\":\"Os atrasos em agendamentos na VFS para vistos de longa perman\u00eancia em Portugal em 2026 est\u00e3o aumentando. Saiba as causas, os tempos de espera e solu\u00e7\u00f5es pr\u00e1ticas para evitar contratempos.\",\"breadcrumb\":{\"@id\":\"https:\\\/\\\/www.portugalresidencyadvisors.com\\\/pt-br\\\/atrasos-agendamento-vfs-portugal\\\/#breadcrumb\"},\"inLanguage\":\"pt-BR\",\"potentialAction\":[{\"@type\":\"ReadAction\",\"target\":[\"https:\\\/\\\/www.portugalresidencyadvisors.com\\\/pt-br\\\/atrasos-agendamento-vfs-portugal\\\/\"]}]},{\"@type\":\"ImageObject\",\"inLanguage\":\"pt-BR\",\"@id\":\"https:\\\/\\\/www.portugalresidencyadvisors.com\\\/pt-br\\\/atrasos-agendamento-vfs-portugal\\\/#primaryimage\",\"url\":\"https:\\\/\\\/www.portugalresidencyadvisors.com\\\/wp-content\\\/uploads\\\/2026\\\/03\\\/vfs-portugal-residency-advisors.webp\",\"contentUrl\":\"https:\\\/\\\/www.portugalresidencyadvisors.com\\\/wp-content\\\/uploads\\\/2026\\\/03\\\/vfs-portugal-residency-advisors.webp\",\"width\":1500,\"height\":1000,\"caption\":\"VFS Office\"},{\"@type\":\"BreadcrumbList\",\"@id\":\"https:\\\/\\\/www.portugalresidencyadvisors.com\\\/pt-br\\\/atrasos-agendamento-vfs-portugal\\\/#breadcrumb\",\"itemListElement\":[{\"@type\":\"ListItem\",\"position\":1,\"name\":\"Home\",\"item\":\"https:\\\/\\\/www.portugalresidencyadvisors.com\\\/pt-br\\\/\"},{\"@type\":\"ListItem\",\"position\":2,\"name\":\"Atrasos em agendamentos na VFS para visto de longa perman\u00eancia em Portugal em 2026\"}]},{\"@type\":\"WebSite\",\"@id\":\"https:\\\/\\\/www.portugalresidencyadvisors.com\\\/pt-br\\\/#website\",\"url\":\"https:\\\/\\\/www.portugalresidencyadvisors.com\\\/pt-br\\\/\",\"name\":\"Portugal Residency Advisors\",\"description\":\"We help individuals wishing to work, study, retire, invest or moving to Portugal\",\"publisher\":{\"@id\":\"https:\\\/\\\/www.portugalresidencyadvisors.com\\\/pt-br\\\/#organization\"},\"alternateName\":\"Portugal Residency Made Easy\",\"potentialAction\":[{\"@type\":\"SearchAction\",\"target\":{\"@type\":\"EntryPoint\",\"urlTemplate\":\"https:\\\/\\\/www.portugalresidencyadvisors.com\\\/pt-br\\\/?s={search_term_string}\"},\"query-input\":{\"@type\":\"PropertyValueSpecification\",\"valueRequired\":true,\"valueName\":\"search_term_string\"}}],\"inLanguage\":\"pt-BR\"},{\"@type\":\"Organization\",\"@id\":\"https:\\\/\\\/www.portugalresidencyadvisors.com\\\/pt-br\\\/#organization\",\"name\":\"Consultores de resid\u00eancia em Portugal\",\"alternateName\":\"PTADV - Portugal Residency Advisors Unipessoal, Lda\",\"url\":\"https:\\\/\\\/www.portugalresidencyadvisors.com\\\/pt-br\\\/\",\"logo\":{\"@type\":\"ImageObject\",\"inLanguage\":\"pt-BR\",\"@id\":\"https:\\\/\\\/www.portugalresidencyadvisors.com\\\/pt-br\\\/#\\\/schema\\\/logo\\\/image\\\/\",\"url\":\"https:\\\/\\\/www.portugalresidencyadvisors.com\\\/wp-content\\\/uploads\\\/2023\\\/03\\\/Logotipo-Versao-Principal-01.png\",\"contentUrl\":\"https:\\\/\\\/www.portugalresidencyadvisors.com\\\/wp-content\\\/uploads\\\/2023\\\/03\\\/Logotipo-Versao-Principal-01.png\",\"width\":1772,\"height\":1182,\"caption\":\"Consultores de resid\u00eancia em Portugal\"},\"image\":{\"@id\":\"https:\\\/\\\/www.portugalresidencyadvisors.com\\\/pt-br\\\/#\\\/schema\\\/logo\\\/image\\\/\"},\"sameAs\":[\"https:\\\/\\\/www.facebook.com\\\/portugalresidencyadvisors\",\"https:\\\/\\\/x.com\\\/ptadvresidency\",\"https:\\\/\\\/www.linkedin.com\\\/company\\\/portugal-residency-advisors\\\/\"]},{\"@type\":\"Person\",\"@id\":\"https:\\\/\\\/www.portugalresidencyadvisors.com\\\/pt-br\\\/#\\\/schema\\\/person\\\/6f057f5c0f02227d7edc6b721277167d\",\"name\":\"Fernanda Souza\",\"image\":{\"@type\":\"ImageObject\",\"inLanguage\":\"pt-BR\",\"@id\":\"https:\\\/\\\/secure.gravatar.com\\\/avatar\\\/835409893163fcb2461edd0d16e3799fcf6903ed5dead9a5116fd5186837ec53?s=96&d=mm&r=g\",\"url\":\"https:\\\/\\\/secure.gravatar.com\\\/avatar\\\/835409893163fcb2461edd0d16e3799fcf6903ed5dead9a5116fd5186837ec53?s=96&d=mm&r=g\",\"contentUrl\":\"https:\\\/\\\/secure.gravatar.com\\\/avatar\\\/835409893163fcb2461edd0d16e3799fcf6903ed5dead9a5116fd5186837ec53?s=96&d=mm&r=g\",\"caption\":\"Fernanda Souza\"},\"url\":\"https:\\\/\\\/www.portugalresidencyadvisors.com\\\/pt-br\\\/author\\\/fernanda-souza\\\/\"}]}<\/script>\n<!-- \/ Yoast SEO plugin. -->","yoast_head_json":{"title":"Atrasos em agendamentos na VFS para visto de longa perman\u00eancia em Portugal em 2026","description":"Os atrasos em agendamentos na VFS para vistos de longa perman\u00eancia em Portugal em 2026 est\u00e3o aumentando. Saiba as causas, os tempos de espera e solu\u00e7\u00f5es pr\u00e1ticas para evitar contratempos.","robots":{"index":"index","follow":"follow","max-snippet":"max-snippet:-1","max-image-preview":"max-image-preview:large","max-video-preview":"max-video-preview:-1"},"canonical":"https:\/\/www.portugalresidencyadvisors.com\/pt-br\/atrasos-agendamento-vfs-portugal\/","og_locale":"pt_BR","og_type":"article","og_title":"Atrasos em agendamentos na VFS para visto de longa perman\u00eancia em Portugal em 2026","og_description":"Os atrasos em agendamentos na VFS para vistos de longa perman\u00eancia em Portugal em 2026 est\u00e3o aumentando. Saiba as causas, os tempos de espera e solu\u00e7\u00f5es pr\u00e1ticas para evitar contratempos.","og_url":"https:\/\/www.portugalresidencyadvisors.com\/pt-br\/atrasos-agendamento-vfs-portugal\/","og_site_name":"Portugal Residency Advisors","article_publisher":"https:\/\/www.facebook.com\/portugalresidencyadvisors","article_published_time":"2026-03-02T22:33:25+00:00","article_modified_time":"2026-05-13T19:34:10+00:00","og_image":[{"width":1500,"height":1000,"url":"https:\/\/www.portugalresidencyadvisors.com\/wp-content\/uploads\/2026\/03\/vfs-portugal-residency-advisors.webp","type":"image\/jpeg"}],"author":"Fernanda Souza","twitter_card":"summary_large_image","twitter_creator":"@ptadvresidency","twitter_site":"@ptadvresidency","twitter_misc":{"Escrito por":"Fernanda Souza","Est. tempo de leitura":"8 minutos"},"schema":{"@context":"https:\/\/schema.org","@graph":[{"@type":"Article","@id":"https:\/\/www.portugalresidencyadvisors.com\/pt-br\/atrasos-agendamento-vfs-portugal\/#article","isPartOf":{"@id":"https:\/\/www.portugalresidencyadvisors.com\/pt-br\/atrasos-agendamento-vfs-portugal\/"},"author":{"name":"Fernanda Souza","@id":"https:\/\/www.portugalresidencyadvisors.com\/pt-br\/#\/schema\/person\/6f057f5c0f02227d7edc6b721277167d"},"headline":"Atrasos em agendamentos na VFS para visto de longa perman\u00eancia em Portugal em 2026","datePublished":"2026-03-02T22:33:25+00:00","dateModified":"2026-05-13T19:34:10+00:00","mainEntityOfPage":{"@id":"https:\/\/www.portugalresidencyadvisors.com\/pt-br\/atrasos-agendamento-vfs-portugal\/"},"wordCount":1759,"publisher":{"@id":"https:\/\/www.portugalresidencyadvisors.com\/pt-br\/#organization"},"image":{"@id":"https:\/\/www.portugalresidencyadvisors.com\/pt-br\/atrasos-agendamento-vfs-portugal\/#primaryimage"},"thumbnailUrl":"https:\/\/www.portugalresidencyadvisors.com\/wp-content\/uploads\/2026\/03\/vfs-portugal-residency-advisors.webp","articleSection":["Vistos","Procedimentos de visto"],"inLanguage":"pt-BR"},{"@type":"WebPage","@id":"https:\/\/www.portugalresidencyadvisors.com\/pt-br\/atrasos-agendamento-vfs-portugal\/","url":"https:\/\/www.portugalresidencyadvisors.com\/pt-br\/atrasos-agendamento-vfs-portugal\/","name":"Atrasos em agendamentos na VFS para visto de longa perman\u00eancia em Portugal em 2026","isPartOf":{"@id":"https:\/\/www.portugalresidencyadvisors.com\/pt-br\/#website"},"primaryImageOfPage":{"@id":"https:\/\/www.portugalresidencyadvisors.com\/pt-br\/atrasos-agendamento-vfs-portugal\/#primaryimage"},"image":{"@id":"https:\/\/www.portugalresidencyadvisors.com\/pt-br\/atrasos-agendamento-vfs-portugal\/#primaryimage"},"thumbnailUrl":"https:\/\/www.portugalresidencyadvisors.com\/wp-content\/uploads\/2026\/03\/vfs-portugal-residency-advisors.webp","datePublished":"2026-03-02T22:33:25+00:00","dateModified":"2026-05-13T19:34:10+00:00","description":"Os atrasos em agendamentos na VFS para vistos de longa perman\u00eancia em Portugal em 2026 est\u00e3o aumentando. Saiba as causas, os tempos de espera e solu\u00e7\u00f5es pr\u00e1ticas para evitar contratempos.","breadcrumb":{"@id":"https:\/\/www.portugalresidencyadvisors.com\/pt-br\/atrasos-agendamento-vfs-portugal\/#breadcrumb"},"inLanguage":"pt-BR","potentialAction":[{"@type":"ReadAction","target":["https:\/\/www.portugalresidencyadvisors.com\/pt-br\/atrasos-agendamento-vfs-portugal\/"]}]},{"@type":"ImageObject","inLanguage":"pt-BR","@id":"https:\/\/www.portugalresidencyadvisors.com\/pt-br\/atrasos-agendamento-vfs-portugal\/#primaryimage","url":"https:\/\/www.portugalresidencyadvisors.com\/wp-content\/uploads\/2026\/03\/vfs-portugal-residency-advisors.webp","contentUrl":"https:\/\/www.portugalresidencyadvisors.com\/wp-content\/uploads\/2026\/03\/vfs-portugal-residency-advisors.webp","width":1500,"height":1000,"caption":"VFS Office"},{"@type":"BreadcrumbList","@id":"https:\/\/www.portugalresidencyadvisors.com\/pt-br\/atrasos-agendamento-vfs-portugal\/#breadcrumb","itemListElement":[{"@type":"ListItem","position":1,"name":"Home","item":"https:\/\/www.portugalresidencyadvisors.com\/pt-br\/"},{"@type":"ListItem","position":2,"name":"Atrasos em agendamentos na VFS para visto de longa perman\u00eancia em Portugal em 2026"}]},{"@type":"WebSite","@id":"https:\/\/www.portugalresidencyadvisors.com\/pt-br\/#website","url":"https:\/\/www.portugalresidencyadvisors.com\/pt-br\/","name":"Portugal Residency Advisors","description":"We help individuals wishing to work, study, retire, invest or moving to Portugal","publisher":{"@id":"https:\/\/www.portugalresidencyadvisors.com\/pt-br\/#organization"},"alternateName":"Portugal Residency Made Easy","potentialAction":[{"@type":"SearchAction","target":{"@type":"EntryPoint","urlTemplate":"https:\/\/www.portugalresidencyadvisors.com\/pt-br\/?s={search_term_string}"},"query-input":{"@type":"PropertyValueSpecification","valueRequired":true,"valueName":"search_term_string"}}],"inLanguage":"pt-BR"},{"@type":"Organization","@id":"https:\/\/www.portugalresidencyadvisors.com\/pt-br\/#organization","name":"Consultores de resid\u00eancia em Portugal","alternateName":"PTADV - Portugal Residency Advisors Unipessoal, Lda","url":"https:\/\/www.portugalresidencyadvisors.com\/pt-br\/","logo":{"@type":"ImageObject","inLanguage":"pt-BR","@id":"https:\/\/www.portugalresidencyadvisors.com\/pt-br\/#\/schema\/logo\/image\/","url":"https:\/\/www.portugalresidencyadvisors.com\/wp-content\/uploads\/2023\/03\/Logotipo-Versao-Principal-01.png","contentUrl":"https:\/\/www.portugalresidencyadvisors.com\/wp-content\/uploads\/2023\/03\/Logotipo-Versao-Principal-01.png","width":1772,"height":1182,"caption":"Consultores de resid\u00eancia em Portugal"},"image":{"@id":"https:\/\/www.portugalresidencyadvisors.com\/pt-br\/#\/schema\/logo\/image\/"},"sameAs":["https:\/\/www.facebook.com\/portugalresidencyadvisors","https:\/\/x.com\/ptadvresidency","https:\/\/www.linkedin.com\/company\/portugal-residency-advisors\/"]},{"@type":"Person","@id":"https:\/\/www.portugalresidencyadvisors.com\/pt-br\/#\/schema\/person\/6f057f5c0f02227d7edc6b721277167d","name":"Fernanda Souza","image":{"@type":"ImageObject","inLanguage":"pt-BR","@id":"https:\/\/secure.gravatar.com\/avatar\/835409893163fcb2461edd0d16e3799fcf6903ed5dead9a5116fd5186837ec53?s=96&d=mm&r=g","url":"https:\/\/secure.gravatar.com\/avatar\/835409893163fcb2461edd0d16e3799fcf6903ed5dead9a5116fd5186837ec53?s=96&d=mm&r=g","contentUrl":"https:\/\/secure.gravatar.com\/avatar\/835409893163fcb2461edd0d16e3799fcf6903ed5dead9a5116fd5186837ec53?s=96&d=mm&r=g","caption":"Fernanda Souza"},"url":"https:\/\/www.portugalresidencyadvisors.com\/pt-br\/author\/fernanda-souza\/"}]}},"_links":{"self":[{"href":"https:\/\/www.portugalresidencyadvisors.com\/pt-br\/wp-json\/wp\/v2\/posts\/40494","targetHints":{"allow":["GET"]}}],"collection":[{"href":"https:\/\/www.portugalresidencyadvisors.com\/pt-br\/wp-json\/wp\/v2\/posts"}],"about":[{"href":"https:\/\/www.portugalresidencyadvisors.com\/pt-br\/wp-json\/wp\/v2\/types\/post"}],"author":[{"embeddable":true,"href":"https:\/\/www.portugalresidencyadvisors.com\/pt-br\/wp-json\/wp\/v2\/users\/20"}],"replies":[{"embeddable":true,"href":"https:\/\/www.portugalresidencyadvisors.com\/pt-br\/wp-json\/wp\/v2\/comments?post=40494"}],"version-history":[{"count":0,"href":"https:\/\/www.portugalresidencyadvisors.com\/pt-br\/wp-json\/wp\/v2\/posts\/40494\/revisions"}],"wp:featuredmedia":[{"embeddable":true,"href":"https:\/\/www.portugalresidencyadvisors.com\/pt-br\/wp-json\/wp\/v2\/media\/40487"}],"wp:attachment":[{"href":"https:\/\/www.portugalresidencyadvisors.com\/pt-br\/wp-json\/wp\/v2\/media?parent=40494"}],"wp:term":[{"taxonomy":"category","embeddable":true,"href":"https:\/\/www.portugalresidencyadvisors.com\/pt-br\/wp-json\/wp\/v2\/categories?post=40494"},{"taxonomy":"post_tag","embeddable":true,"href":"https:\/\/www.portugalresidencyadvisors.com\/pt-br\/wp-json\/wp\/v2\/tags?post=40494"}],"curies":[{"name":"wp","href":"https:\/\/api.w.org\/{rel}","templated":true}]}}