{"id":30966,"date":"2025-11-06T18:26:00","date_gmt":"2025-11-06T18:26:00","guid":{"rendered":"https:\/\/www.portugalresidencyadvisors.com\/um-guia-para-comporta-os-hamptons-de-portugal\/"},"modified":"2026-05-28T20:14:12","modified_gmt":"2026-05-28T20:14:12","slug":"morar-em-comporta","status":"publish","type":"post","link":"https:\/\/www.portugalresidencyadvisors.com\/pt-br\/morar-em-comporta\/","title":{"rendered":"Comporta, Portugal: um guia completo para os \u201cHamptons de Portugal\u201d (2026)"},"content":{"rendered":"\t\t<div data-elementor-type=\"wp-post\" data-elementor-id=\"30966\" class=\"elementor elementor-30966 elementor-26064\" data-elementor-post-type=\"post\">\n\t\t\t\t<div class=\"elementor-element elementor-element-c75466b e-flex e-con-boxed e-con e-parent\" data-id=\"c75466b\" data-element_type=\"container\" data-e-type=\"container\">\n\t\t\t\t\t<div class=\"e-con-inner\">\n\t\t\t\t<div class=\"elementor-element elementor-element-5951c11 elementor-widget elementor-widget-text-editor\" data-id=\"5951c11\" data-element_type=\"widget\" data-e-type=\"widget\" data-widget_type=\"text-editor.default\">\n\t\t\t\t\t\t\t\t\t<p data-start=\"532\" data-end=\"617\">A Comporta tornou-se, discretamente, um dos destinos costeiros mais exclusivos da Europa.<\/p><p data-start=\"619\" data-end=\"868\">Frequentemente chamada de \u201cHamptons de Portugal\u201d, esta regi\u00e3o de baixa densidade e voltada para a natureza atrai compradores internacionais, criativos e indiv\u00edduos de alto patrim\u00f4nio l\u00edquido que buscam algo cada vez mais raro: privacidade, espa\u00e7o e luxo discreto.<\/p><p data-start=\"870\" data-end=\"1028\">Localizada a apenas 1,5 hora de Lisboa, a Comporta oferece uma combina\u00e7\u00e3o \u00fanica de paisagens protegidas, longas praias intocadas e um estilo de vida refinado, por\u00e9m relaxado.<\/p><p data-start=\"1030\" data-end=\"1140\">A quest\u00e3o principal \u00e9: a Comporta \u00e9 o lugar certo para voc\u00ea \u2014 seja para morar, investir ou comprar uma segunda resid\u00eancia?<\/p>\t\t\t\t\t\t\t\t<\/div>\n\t\t\t\t\t<\/div>\n\t\t\t\t<\/div>\n\t\t<div class=\"elementor-element elementor-element-e46af0a e-flex e-con-boxed e-con e-parent\" data-id=\"e46af0a\" data-element_type=\"container\" data-e-type=\"container\">\n\t\t\t\t\t<div class=\"e-con-inner\">\n\t\t\t\t<div class=\"elementor-element elementor-element-776c610 elementor-widget elementor-widget-heading\" data-id=\"776c610\" data-element_type=\"widget\" data-e-type=\"widget\" data-widget_type=\"heading.default\">\n\t\t\t\t\t<h2 class=\"elementor-heading-title elementor-size-default\">Comporta em um relance<\/h2>\t\t\t\t<\/div>\n\t\t\t\t<div class=\"elementor-element elementor-element-d528829 elementor-widget elementor-widget-text-editor\" data-id=\"d528829\" data-element_type=\"widget\" data-e-type=\"widget\" data-widget_type=\"text-editor.default\">\n\t\t\t\t\t\t\t\t\t<table><thead><tr><th><strong>Fator<\/strong><\/th><th><strong>Resumo<\/strong><\/th><\/tr><\/thead><tbody><tr><td>Dist\u00e2ncia de Lisboa<\/td><td>~1,5 hora<\/td><\/tr><tr><td>Estilo de vida<\/td><td>Luxo, baixa densidade, focado na natureza<\/td><\/tr><tr><td>Tipo de propriedade<\/td><td>Villas, propriedades, empreendimentos boutique<\/td><\/tr><tr><td>N\u00edvel de pre\u00e7o<\/td><td>Alto e em ascens\u00e3o<\/td><\/tr><tr><td>Ideal para<\/td><td>Segunda resid\u00eancia, investidores, compradores focados em estilo de vida<\/td><\/tr><tr><td>Atmosfera<\/td><td>Exclusiva, mas discreta<\/td><\/tr><\/tbody><\/table>\t\t\t\t\t\t\t\t<\/div>\n\t\t\t\t\t<\/div>\n\t\t\t\t<\/div>\n\t\t<div class=\"elementor-element elementor-element-fbbcda6 e-flex e-con-boxed e-con e-parent\" data-id=\"fbbcda6\" data-element_type=\"container\" data-e-type=\"container\">\n\t\t\t\t\t<div class=\"e-con-inner\">\n\t\t\t\t<div class=\"elementor-element elementor-element-552695d elementor-widget elementor-widget-heading\" data-id=\"552695d\" data-element_type=\"widget\" data-e-type=\"widget\" data-widget_type=\"heading.default\">\n\t\t\t\t\t<h2 class=\"elementor-heading-title elementor-size-default\">Onde fica a Comporta?<\/h2>\t\t\t\t<\/div>\n\t\t\t\t<div class=\"elementor-element elementor-element-2150c27 elementor-widget elementor-widget-text-editor\" data-id=\"2150c27\" data-element_type=\"widget\" data-e-type=\"widget\" data-widget_type=\"text-editor.default\">\n\t\t\t\t\t\t\t\t\t<div class=\"qMYqUG_convSearchResultHighlightRoot\"><section class=\"text-token-text-primary w-full focus:outline-none has-data-writing-block:pointer-events-none [&amp;:has([data-writing-block])&gt;*]:pointer-events-auto [content-visibility:auto] supports-[content-visibility:auto]:[contain-intrinsic-size:auto_100lvh] R6Vx5W_threadScrollVars scroll-mb-[calc(var(--scroll-root-safe-area-inset-bottom,0px)+var(--thread-response-height))] scroll-mt-[calc(var(--header-height)+min(200px,max(70px,20svh)))]\" dir=\"auto\" data-turn-id=\"c58e54fb-ff9c-4637-b615-39e490dafe77\" data-turn-id-container=\"c58e54fb-ff9c-4637-b615-39e490dafe77\" data-testid=\"conversation-turn-100\" data-scroll-anchor=\"false\" data-turn=\"assistant\"><div class=\"text-base my-auto mx-auto pb-10 [--thread-content-margin:var(--thread-content-margin-xs,calc(var(--spacing)*4))] @w-sm\/main:[--thread-content-margin:var(--thread-content-margin-sm,calc(var(--spacing)*6))] @w-lg\/main:[--thread-content-margin:var(--thread-content-margin-lg,calc(var(--spacing)*16))] px-(--thread-content-margin)\"><div class=\"[--thread-content-max-width:40rem] @w-lg\/main:[--thread-content-max-width:48rem] mx-auto max-w-(--thread-content-max-width) flex-1 group\/turn-messages focus-visible:outline-hidden relative flex w-full min-w-0 flex-col agent-turn\"><div class=\"flex max-w-full flex-col gap-4 grow\"><div class=\"min-h-8 text-message relative flex w-full flex-col items-end gap-2 text-start break-words whitespace-normal outline-none keyboard-focused:focus-ring [.text-message+&amp;]:mt-1\" dir=\"auto\" tabindex=\"0\" data-message-author-role=\"assistant\" data-message-id=\"c58e54fb-ff9c-4637-b615-39e490dafe77\" data-turn-start-message=\"true\" data-message-model-slug=\"gpt-5-5\"><div class=\"flex w-full flex-col gap-1 empty:hidden\"><div class=\"markdown prose dark:prose-invert wrap-break-word w-full light markdown-new-styling\"><p data-start=\"23\" data-end=\"387\"><span class=\"hover:entity-accent entity-underline inline cursor-pointer align-baseline\"><span class=\"whitespace-normal\">Comporta<\/span><\/span> est\u00e1 localizada na regi\u00e3o do <span class=\"hover:entity-accent entity-underline inline cursor-pointer align-baseline\"><span class=\"whitespace-normal\">Alentejo<\/span><\/span>, cerca de 120 km ao sul de <span class=\"hover:entity-accent entity-underline inline cursor-pointer align-baseline\"><span class=\"whitespace-normal\">Lisboa<\/span><\/span>. A \u00e1rea pertence ao munic\u00edpio de Alc\u00e1cer do Sal e fica pr\u00f3xima ao Estu\u00e1rio do Sado, um dos ambientes naturais mais protegidos de Portugal, conhecido por sua rica biodiversidade e golfinhos residentes. <\/p><p data-start=\"389\" data-end=\"702\">Uma das raz\u00f5es pelas quais a Comporta se tornou t\u00e3o atraente \u00e9 o contraste entre a sua proximidade com Lisboa e a sensa\u00e7\u00e3o de fuga completa ao chegar. Ao contr\u00e1rio de muitos destinos costeiros, a regi\u00e3o evitou o desenvolvimento em grande escala gra\u00e7as a regulamenta\u00e7\u00f5es de constru\u00e7\u00e3o rigorosas e fortes prote\u00e7\u00f5es ambientais. <\/p><p data-start=\"704\" data-end=\"956\" data-is-last-node=\"\" data-is-only-node=\"\">Como resultado, as paisagens permanecem amplamente intocadas, com florestas de pinheiros, campos de arroz, dunas e longas praias desertas definindo a identidade da \u00e1rea. Para muitos compradores, esse equil\u00edbrio entre acessibilidade e privacidade \u00e9 exatamente o que torna a Comporta t\u00e3o especial. <\/p><\/div><\/div><\/div><\/div><\/div><\/div><\/section><\/div>\t\t\t\t\t\t\t\t<\/div>\n\t\t\t\t\t<\/div>\n\t\t\t\t<\/div>\n\t\t<div class=\"elementor-element elementor-element-c92ca3f e-flex e-con-boxed e-con e-parent\" data-id=\"c92ca3f\" data-element_type=\"container\" data-e-type=\"container\">\n\t\t\t\t\t<div class=\"e-con-inner\">\n\t\t\t\t<div class=\"elementor-element elementor-element-f104ab0 elementor-widget elementor-widget-heading\" data-id=\"f104ab0\" data-element_type=\"widget\" data-e-type=\"widget\" data-widget_type=\"heading.default\">\n\t\t\t\t\t<h2 class=\"elementor-heading-title elementor-size-default\">Por que a Comporta \u00e9 t\u00e3o popular?<\/h2>\t\t\t\t<\/div>\n\t\t\t\t<div class=\"elementor-element elementor-element-3c9947c elementor-widget elementor-widget-text-editor\" data-id=\"3c9947c\" data-element_type=\"widget\" data-e-type=\"widget\" data-widget_type=\"text-editor.default\">\n\t\t\t\t\t\t\t\t\t<p data-start=\"35\" data-end=\"219\"><span class=\"hover:entity-accent entity-underline inline cursor-pointer align-baseline\"><span class=\"whitespace-normal\">Comporta<\/span><\/span> tornou-se um dos destinos de estilo de vida mais desejados de Portugal porque oferece algo cada vez mais raro na Europa: luxo sem excessos.<\/p><p data-start=\"221\" data-end=\"572\">Diferente de destinos mais movimentados, como o <span class=\"hover:entity-accent entity-underline inline cursor-pointer align-baseline\"><span class=\"whitespace-normal\">Algarve<\/span><\/span> ou o centro de <span class=\"hover:entity-accent entity-underline inline cursor-pointer align-baseline\"><span class=\"whitespace-normal\">Lisboa<\/span><\/span>, a Comporta manteve-se com baixa densidade, tranquila e altamente protegida do desenvolvimento excessivo. Esse senso de privacidade e discri\u00e7\u00e3o \u00e9 exatamente o que atrai muitos compradores internacionais, celebridades e propriet\u00e1rios de segundas resid\u00eancias para a regi\u00e3o. <\/p><p data-start=\"574\" data-end=\"929\">Grande parte do apelo da Comporta deve-se tamb\u00e9m ao seu ambiente natural. A \u00e1rea \u00e9 cercada por campos de arroz, pinhais, dunas de areia e longas praias intocadas, criando uma atmosfera relaxada que parece muito diferente dos destinos tradicionais de resorts de luxo. Muitos compradores descrevem-na como uma forma de \u201cluxo descal\u00e7o\u201d, onde a natureza continua a ser a principal atra\u00e7\u00e3o.  <\/p><p data-start=\"931\" data-end=\"1308\" data-is-last-node=\"\" data-is-only-node=\"\">Ao longo dos anos, a Comporta tamb\u00e9m desenvolveu a sua pr\u00f3pria identidade arquitet\u00f4nica, frequentemente referida internacionalmente como o \u201cestilo Comporta\u201d. Vilas caiadas de branco, telhados de palha, materiais naturais e conceitos fortes de integra\u00e7\u00e3o entre interior e exterior tornaram-se parte da est\u00e9tica de assinatura da regi\u00e3o. Hoje, esse estilo influencia projetos de arquitetura e design de interiores muito al\u00e9m de Portugal.  <\/p>\t\t\t\t\t\t\t\t<\/div>\n\t\t\t\t<div class=\"elementor-element elementor-element-9bf6b6e elementor-widget elementor-widget-image\" data-id=\"9bf6b6e\" data-element_type=\"widget\" data-e-type=\"widget\" data-widget_type=\"image.default\">\n\t\t\t\t\t\t\t\t\t\t\t\t\t\t\t<img fetchpriority=\"high\" decoding=\"async\" width=\"800\" height=\"560\" src=\"https:\/\/www.portugalresidencyadvisors.com\/wp-content\/uploads\/2025\/09\/comporta2-portugal-residency-advisors-1024x717.jpg\" class=\"attachment-large size-large wp-image-26069\" alt=\"Comporta beach, Portugal\" srcset=\"https:\/\/www.portugalresidencyadvisors.com\/wp-content\/uploads\/2025\/09\/comporta2-portugal-residency-advisors-1024x717.jpg 1024w, https:\/\/www.portugalresidencyadvisors.com\/wp-content\/uploads\/2025\/09\/comporta2-portugal-residency-advisors-300x210.jpg 300w, https:\/\/www.portugalresidencyadvisors.com\/wp-content\/uploads\/2025\/09\/comporta2-portugal-residency-advisors-768x538.jpg 768w, https:\/\/www.portugalresidencyadvisors.com\/wp-content\/uploads\/2025\/09\/comporta2-portugal-residency-advisors-1536x1076.jpg 1536w, https:\/\/www.portugalresidencyadvisors.com\/wp-content\/uploads\/2025\/09\/comporta2-portugal-residency-advisors.jpg 1904w\" sizes=\"(max-width: 800px) 100vw, 800px\" \/>\t\t\t\t\t\t\t\t\t\t\t\t\t\t\t<\/div>\n\t\t\t\t\t<\/div>\n\t\t\t\t<\/div>\n\t\t<div class=\"elementor-element elementor-element-3f8c8ee e-flex e-con-boxed e-con e-parent\" data-id=\"3f8c8ee\" data-element_type=\"container\" data-e-type=\"container\">\n\t\t\t\t\t<div class=\"e-con-inner\">\n\t\t\t\t<div class=\"elementor-element elementor-element-4b8fa05 elementor-widget elementor-widget-heading\" data-id=\"4b8fa05\" data-element_type=\"widget\" data-e-type=\"widget\" data-widget_type=\"heading.default\">\n\t\t\t\t\t<h2 class=\"elementor-heading-title elementor-size-default\">Praias de Comporta<\/h2>\t\t\t\t<\/div>\n\t\t\t\t<div class=\"elementor-element elementor-element-6533ba3 elementor-widget elementor-widget-text-editor\" data-id=\"6533ba3\" data-element_type=\"widget\" data-e-type=\"widget\" data-widget_type=\"text-editor.default\">\n\t\t\t\t\t\t\t\t\t<p data-start=\"24\" data-end=\"251\">Uma das maiores atra\u00e7\u00f5es da <span class=\"hover:entity-accent entity-underline inline cursor-pointer align-baseline\"><span class=\"whitespace-normal\">Comporta<\/span><\/span> \u00e9 o seu litoral. Em compara\u00e7\u00e3o com muitos outros destinos de praia europeus, as praias da Comporta permanecem notavelmente intocadas, de baixa densidade e naturalmente preservadas. <\/p><h3 data-section-id=\"1cdlvh7\" data-start=\"253\" data-end=\"294\"><span class=\"hover:entity-accent entity-underline inline cursor-pointer align-baseline\"><span class=\"whitespace-normal\">Praia da Comporta<\/span><\/span><\/h3><p data-start=\"295\" data-end=\"561\">A Praia da Comporta \u00e9 uma das praias mais conhecidas da zona gra\u00e7as ao seu f\u00e1cil acesso, restaurantes de praia e ambiente descontra\u00eddo. Mesmo durante os meses de ver\u00e3o, a praia ainda parece espa\u00e7osa em compara\u00e7\u00e3o com outros destinos costeiros populares no sul da Europa. <\/p><h3 data-section-id=\"1dieohn\" data-start=\"563\" data-end=\"604\"><span class=\"hover:entity-accent entity-underline inline cursor-pointer align-baseline\"><span class=\"whitespace-normal\">Praia do Carvalhal<\/span><\/span><\/h3><p data-start=\"605\" data-end=\"835\">A Praia do Carvalhal oferece um ambiente mais calmo e descontra\u00eddo, atraindo visitantes que procuram um ritmo mais lento e estadias mais longas. A \u00e1rea tamb\u00e9m desenvolveu um forte cen\u00e1rio gastron\u00f4mico, com v\u00e1rios restaurantes de praia conhecidos nas proximidades. <\/p><h3 data-section-id=\"mahxp7\" data-start=\"837\" data-end=\"878\"><span class=\"hover:entity-accent entity-underline inline cursor-pointer align-baseline\"><span class=\"whitespace-normal\">Praia do Pego<\/span><\/span><\/h3><p data-start=\"879\" data-end=\"1080\">A Praia do Pego \u00e9 frequentemente considerada uma das praias mais bonitas de Portugal. Conhecida pelos seus extensos areais, \u00e1guas limpas e menor aglomera\u00e7\u00e3o, tem ganho um reconhecimento internacional crescente nos \u00faltimos anos. <\/p><p data-start=\"1082\" data-end=\"1220\" data-is-last-node=\"\" data-is-only-node=\"\">Estas praias s\u00e3o uma das principais raz\u00f5es pelas quais a Comporta \u00e9 frequentemente comparada a alguns dos destinos de estilo de vida costeiro mais exclusivos do mundo.<\/p>\t\t\t\t\t\t\t\t<\/div>\n\t\t\t\t\t<\/div>\n\t\t\t\t<\/div>\n\t\t<div class=\"elementor-element elementor-element-83130df e-flex e-con-boxed e-con e-parent\" data-id=\"83130df\" data-element_type=\"container\" data-e-type=\"container\">\n\t\t\t\t\t<div class=\"e-con-inner\">\n\t\t\t\t<div class=\"elementor-element elementor-element-647cb8b elementor-widget elementor-widget-heading\" data-id=\"647cb8b\" data-element_type=\"widget\" data-e-type=\"widget\" data-widget_type=\"heading.default\">\n\t\t\t\t\t<h2 class=\"elementor-heading-title elementor-size-default\">Estilo de vida na Comporta<\/h2>\t\t\t\t<\/div>\n\t\t\t\t<div class=\"elementor-element elementor-element-bff061b elementor-widget elementor-widget-text-editor\" data-id=\"bff061b\" data-element_type=\"widget\" data-e-type=\"widget\" data-widget_type=\"text-editor.default\">\n\t\t\t\t\t\t\t\t\t<p data-start=\"26\" data-end=\"189\">A vida na <span class=\"hover:entity-accent entity-underline inline cursor-pointer align-baseline\"><span class=\"whitespace-normal\">Comporta<\/span><\/span> move-se a um ritmo mais lento e relaxado, que \u00e9 exatamente o que atrai muitas pessoas para a regi\u00e3o em primeiro lugar.<\/p><p data-start=\"191\" data-end=\"525\">O dia a dia gira frequentemente em torno de rotinas simples: passeios matinais na praia, longos almo\u00e7os ao ar livre, tardes rodeadas pela natureza e noites passadas com amigos e fam\u00edlia. Ao contr\u00e1rio de destinos de resorts mais lotados, a Comporta manteve uma atmosfera calma e discreta que muitos compradores internacionais consideram cada vez mais valiosa. <\/p><p data-start=\"527\" data-end=\"847\">A gastronomia tamb\u00e9m desempenha um papel importante no estilo de vida local. A regi\u00e3o \u00e9 conhecida pelo marisco fresco, pratos tradicionais de arroz e excelentes vinhos locais. Restaurantes como o <a href=\"https:\/\/www.restaurantesal.pt\/\" target=\"_blank\" rel=\"noopener\">Sal<\/a> e o <a href=\"https:\/\/www.cavalarica.com\/\" target=\"_blank\" rel=\"noopener\">Cavalari\u00e7a<\/a> ajudaram a colocar a Comporta no mapa culin\u00e1rio internacional, combinando tradi\u00e7\u00f5es locais com uma experi\u00eancia gastron\u00f4mica mais contempor\u00e2nea.  <\/p><p data-start=\"849\" data-end=\"1114\" data-is-last-node=\"\" data-is-only-node=\"\">Nos \u00faltimos anos, a Comporta tamb\u00e9m se desenvolveu como um destino focado no bem-estar. Retiros de ioga, resorts de spa boutique e atividades ao ar livre tornaram-se cada vez mais comuns, atraindo compradores e visitantes que procuram um estilo de vida mais saud\u00e1vel e orientado para a natureza. <\/p>\t\t\t\t\t\t\t\t<\/div>\n\t\t\t\t\t<\/div>\n\t\t\t\t<\/div>\n\t\t<div class=\"elementor-element elementor-element-4a005e9 e-flex e-con-boxed e-con e-parent\" data-id=\"4a005e9\" data-element_type=\"container\" data-e-type=\"container\">\n\t\t\t\t\t<div class=\"e-con-inner\">\n\t\t\t\t<div class=\"elementor-element elementor-element-e219e68 elementor-widget elementor-widget-heading\" data-id=\"e219e68\" data-element_type=\"widget\" data-e-type=\"widget\" data-widget_type=\"heading.default\">\n\t\t\t\t\t<h2 class=\"elementor-heading-title elementor-size-default\">Perfil de Mercado e Pre\u00e7os de Im\u00f3veis na Comporta\n\n<\/h2>\t\t\t\t<\/div>\n\t\t\t\t<div class=\"elementor-element elementor-element-26cf37e elementor-widget elementor-widget-text-editor\" data-id=\"26cf37e\" data-element_type=\"widget\" data-e-type=\"widget\" data-widget_type=\"text-editor.default\">\n\t\t\t\t\t\t\t\t\t<div class=\"elementor-element elementor-element-5a055be elementor-widget elementor-widget-text-editor\" data-id=\"5a055be\" data-element_type=\"widget\" data-e-type=\"widget\" data-widget_type=\"text-editor.default\"><p>A Comporta tem um mercado imobili\u00e1rio em ascens\u00e3o por um bom motivo.<\/p><p>Os valores dos im\u00f3veis sobem a par da crescente procura por este tesouro \u00e0 beira-mar. No entanto, n\u00e3o deixe que isto o desanime, pois os pre\u00e7os permanecem razo\u00e1veis em compara\u00e7\u00e3o com outros pa\u00edses europeus, mesmo com a grande procura. <\/p><p>Para ajud\u00e1-lo a compreender o mercado:<\/p><ul><li>O <strong>pre\u00e7o m\u00e9dio de venda por metro quadrado<\/strong> em Portugal \u00e9 de cerca de 2.735,00 \u20ac.<\/li><li>Na regi\u00e3o da Comporta, este pre\u00e7o aumenta significativamente para <strong>6.834,00 \u20ac por metro quadrado<\/strong>, tornando-a uma das \u00e1reas mais exclusivas para o imobili\u00e1rio de luxo.<\/li><\/ul><\/div><div class=\"elementor-element elementor-element-554a1fd elementor-widget elementor-widget-text-editor\" data-id=\"554a1fd\" data-element_type=\"widget\" data-e-type=\"widget\" data-widget_type=\"text-editor.default\"><p>Aqui, o mercado de luxo proporciona exclusividade sem os pre\u00e7os ostensivos habitualmente encontrados em locais como a Riviera Francesa ou a Toscana. Embora n\u00e3o seja propriamente barato, comprar uma casa na Comporta apresenta excelentes possibilidades tanto para retorno de investimento como para prazer pessoal. <\/p><\/div>\t\t\t\t\t\t\t\t<\/div>\n\t\t\t\t\t<\/div>\n\t\t\t\t<\/div>\n\t\t<div class=\"elementor-element elementor-element-7bb4c9f9 banner e-flex e-con-boxed e-con e-parent\" data-id=\"7bb4c9f9\" data-element_type=\"container\" data-e-type=\"container\" data-settings=\"{&quot;background_background&quot;:&quot;classic&quot;}\">\n\t\t\t\t\t<div class=\"e-con-inner\">\n\t\t\t\t<div class=\"elementor-element elementor-element-3fa5a658 hwhite elementor-widget elementor-widget-heading\" data-id=\"3fa5a658\" data-element_type=\"widget\" data-e-type=\"widget\" data-settings=\"{&quot;_animation&quot;:&quot;none&quot;,&quot;_animation_delay&quot;:900}\" data-widget_type=\"heading.default\">\n\t\t\t\t\t<h2 class=\"elementor-heading-title elementor-size-default\">Entre em contato conosco<\/h2>\t\t\t\t<\/div>\n\t\t\t\t<div class=\"elementor-element elementor-element-7cbe9611 elementor-widget elementor-widget-text-editor\" data-id=\"7cbe9611\" data-element_type=\"widget\" data-e-type=\"widget\" data-widget_type=\"text-editor.default\">\n\t\t\t\t\t\t\t\t\t<p>A Portugal Residency Advisors\u00ae j\u00e1 ajudou centenas de fam\u00edlias e investidores internacionais a obter resid\u00eancia, cidadania e investimentos em Portugal. Entre em contato com um especialista hoje e descubra como podemos te ajudar a iniciar a tua jornada para Portugal. <\/p>\t\t\t\t\t\t\t\t<\/div>\n\t\t\t\t<div class=\"elementor-element elementor-element-3434371f elementor-align-center button-link-black elementor-widget elementor-widget-button\" data-id=\"3434371f\" data-element_type=\"widget\" data-e-type=\"widget\" data-widget_type=\"button.default\">\n\t\t\t\t\t\t\t\t\t\t<a class=\"elementor-button elementor-button-link elementor-size-md\" href=\"#onpage-contact-form\">\n\t\t\t\t\t\t<span class=\"elementor-button-content-wrapper\">\n\t\t\t\t\t\t\t\t\t<span class=\"elementor-button-text\">Comece agora<\/span>\n\t\t\t\t\t<\/span>\n\t\t\t\t\t<\/a>\n\t\t\t\t\t\t\t\t<\/div>\n\t\t\t\t\t<\/div>\n\t\t\t\t<\/div>\n\t\t<div class=\"elementor-element elementor-element-56b591c e-flex e-con-boxed e-con e-parent\" data-id=\"56b591c\" data-element_type=\"container\" data-e-type=\"container\">\n\t\t\t\t\t<div class=\"e-con-inner\">\n\t\t\t\t<div class=\"elementor-element elementor-element-333fa72 elementor-widget elementor-widget-heading\" data-id=\"333fa72\" data-element_type=\"widget\" data-e-type=\"widget\" data-widget_type=\"heading.default\">\n\t\t\t\t\t<h2 class=\"elementor-heading-title elementor-size-default\">Comprar Im\u00f3veis na Comporta: Explorando Diferentes Tipos\n<\/h2>\t\t\t\t<\/div>\n\t\t\t\t<div class=\"elementor-element elementor-element-904f4e9 elementor-widget elementor-widget-text-editor\" data-id=\"904f4e9\" data-element_type=\"widget\" data-e-type=\"widget\" data-widget_type=\"text-editor.default\">\n\t\t\t\t\t\t\t\t\t<div class=\"elementor-element elementor-element-bbefc37 elementor-widget elementor-widget-text-editor\" data-id=\"bbefc37\" data-element_type=\"widget\" data-e-type=\"widget\" data-widget_type=\"text-editor.default\"><p>Comprar um im\u00f3vel na Comporta apresenta um amplo espectro de casas para satisfazer v\u00e1rios gostos e necessidades. Ir\u00e1 descobrir algo que se adapta ao seu estilo, quer a sua prefer\u00eancia seja por uma grande propriedade ou um pequeno ref\u00fagio r\u00fastico. Vamos explorar abaixo:  <\/p><h4>Vilas e Casas Contempor\u00e2neas<\/h4><p>Muitas das casas recentemente constru\u00eddas na Comporta t\u00eam um aspeto elegante e moderno, com janelas do ch\u00e3o ao teto, linhas simples e \u00e1reas em plano aberto. Geralmente situadas em propriedades de dimens\u00f5es consider\u00e1veis, com muitos espa\u00e7os exteriores para lazer, refei\u00e7\u00f5es ao ar livre e piscina privada. <\/p><h4>Casas Tradicionais Portuguesas<\/h4><p>Se se sente atra\u00eddo por um apelo mais cl\u00e1ssico, a Comporta tem <a href=\"https:\/\/www.portugalresidencyadvisors.com\/pt-br\/casas-campo-portugal\/\" target=\"_blank\" rel=\"noopener\">casas tradicionais portuguesas<\/a> com telhados de terracota, paredes de pedra e pequenos jardins. Estas propriedades s\u00e3o frequentemente remodeladas para integrar conveni\u00eancias contempor\u00e2neas com o charme do velho mundo. <\/p><h4>Propriedades \u00e0 Beira-mar<\/h4><p>Para quem procura o melhor dos dois mundos \u2014 acesso direto \u00e0 praia com vistas panor\u00e2micas sobre o oceano \u2014 estas <a href=\"https:\/\/www.portugalresidencyadvisors.com\/pt-br\/imoveis-frente-mar-portugal\/\" target=\"_blank\" rel=\"noopener\">propriedades \u00e0 beira-mar<\/a> representam o luxo supremo. Embora estas casas se situem no escal\u00e3o mais elevado de pre\u00e7os, a sua localiza\u00e7\u00e3o invulgar faz com que sejam tipicamente consideradas um investimento seguro a longo prazo. <\/p><h4>Ref\u00fagios em Comunidades Rurais<\/h4><p>Nem todas as propriedades na Comporta est\u00e3o viradas para o mar. Muitos compradores escolhem propriedades tranquilas situadas entre quintas do interior ou campos de arroz. Estas op\u00e7\u00f5es proporcionam um ambiente sereno e costumam apresentar grandes terrenos ideais para o seu santu\u00e1rio pessoal.  <\/p><\/div>\t\t\t\t\t\t\t\t<\/div>\n\t\t\t\t\t<\/div>\n\t\t\t\t<\/div>\n\t\t<div class=\"elementor-element elementor-element-8d4878e e-flex e-con-boxed e-con e-parent\" data-id=\"8d4878e\" data-element_type=\"container\" data-e-type=\"container\">\n\t\t\t\t\t<div class=\"e-con-inner\">\n\t\t\t\t<div class=\"elementor-element elementor-element-a0b4202 elementor-widget elementor-widget-heading\" data-id=\"a0b4202\" data-element_type=\"widget\" data-e-type=\"widget\" data-widget_type=\"heading.default\">\n\t\t\t\t\t<h2 class=\"elementor-heading-title elementor-size-default\">Por que Comprar um Im\u00f3vel na Comporta \u00e9 uma Perspetiva de Investimento em Desenvolvimento?<\/h2>\t\t\t\t<\/div>\n\t\t\t\t<div class=\"elementor-element elementor-element-c20a4a5 elementor-widget elementor-widget-text-editor\" data-id=\"c20a4a5\" data-element_type=\"widget\" data-e-type=\"widget\" data-widget_type=\"text-editor.default\">\n\t\t\t\t\t\t\t\t\t<p>Gra\u00e7as \u00e0 exclusividade da Comporta e \u00e0 proximidade com Lisboa, a procura por casas na regi\u00e3o aumentou nos \u00faltimos anos. Esta pequena comunidade \u00e9 um excelente local para propriedades de investimento, conforme notado por indiv\u00edduos de alto patrim\u00f4nio l\u00edquido. <\/p><p>O mercado imobili\u00e1rio total de Portugal tem sido muito forte. Para quem procura criar rendimento passivo, os retornos de aluguel de 7,5 % na <a href=\"https:\/\/www.portugalresidencyadvisors.com\/pt-br\/comprar-imovel-portugal-alentejo\/\" target=\"_blank\" rel=\"noopener\">regi\u00e3o do Alentejo<\/a> \u2014 onde a Comporta est\u00e1 situada \u2014 tornam esta uma alternativa atraente. Dado que o pre\u00e7o m\u00e9dio por metro quadrado na \u00e1rea \u00e9 de 6.834,00 \u20ac, o potencial de desenvolvimento e de grandes retornos \u00e9 not\u00e1vel.  <\/p><p>A crescente popularidade da Comporta tamb\u00e9m resultou num fluxo de hot\u00e9is de luxo, restaurantes e retiros privados que abriram os seus neg\u00f3cios na vizinhan\u00e7a. Este desenvolvimento gera uma comunidade vibrante que alimenta a atra\u00e7\u00e3o do mercado imobili\u00e1rio. Assim, se est\u00e1 a considerar investir na Comporta, pode estar confiante de que a trajet\u00f3ria da \u00e1rea parece robusta.  <\/p>\t\t\t\t\t\t\t\t<\/div>\n\t\t\t\t\t<\/div>\n\t\t\t\t<\/div>\n\t\t<div class=\"elementor-element elementor-element-d931a53 e-flex e-con-boxed e-con e-parent\" data-id=\"d931a53\" data-element_type=\"container\" data-e-type=\"container\">\n\t\t\t\t\t<div class=\"e-con-inner\">\n\t\t\t\t<div class=\"elementor-element elementor-element-efaa2f7 elementor-widget elementor-widget-heading\" data-id=\"efaa2f7\" data-element_type=\"widget\" data-e-type=\"widget\" data-widget_type=\"heading.default\">\n\t\t\t\t\t<h2 class=\"elementor-heading-title elementor-size-default\">Pr\u00f3s e contras de morar na Comporta<\/h2>\t\t\t\t<\/div>\n\t\t\t\t<div class=\"elementor-element elementor-element-bd4ac75 elementor-widget elementor-widget-text-editor\" data-id=\"bd4ac75\" data-element_type=\"widget\" data-e-type=\"widget\" data-widget_type=\"text-editor.default\">\n\t\t\t\t\t\t\t\t\t<h4 data-section-id=\"1l3n95q\" data-start=\"5022\" data-end=\"5036\">Vantagens<\/h4><ul data-start=\"5038\" data-end=\"5140\"><li data-section-id=\"gx5uyc\" data-start=\"5038\" data-end=\"5061\">Privacidade excepcional<\/li><li data-section-id=\"1wnbyd8\" data-start=\"5062\" data-end=\"5088\">Cen\u00e1rio natural \u00fanico<\/li><li data-section-id=\"5elp7\" data-start=\"5089\" data-end=\"5116\">Forte apelo a longo prazo<\/li><li data-section-id=\"1w8i3pv\" data-start=\"5117\" data-end=\"5140\">Proximidade a Lisboa<\/li><\/ul><h4 data-section-id=\"1o5hnx2\" data-start=\"5147\" data-end=\"5161\">Desafios<\/h4><ul data-start=\"5163\" data-end=\"5256\"><li data-section-id=\"11qxlsr\" data-start=\"5163\" data-end=\"5189\">Infraestrutura limitada<\/li><li data-section-id=\"1rr80f3\" data-start=\"5190\" data-end=\"5214\">Pre\u00e7os elevados de im\u00f3veis<\/li><li data-section-id=\"1v6tkr7\" data-start=\"5215\" data-end=\"5256\">Atividade sazonal (mais tranquila no inverno)<\/li><\/ul>\t\t\t\t\t\t\t\t<\/div>\n\t\t\t\t\t<\/div>\n\t\t\t\t<\/div>\n\t\t<div class=\"elementor-element elementor-element-19b280f e-flex e-con-boxed e-con e-parent\" data-id=\"19b280f\" data-element_type=\"container\" data-e-type=\"container\">\n\t\t\t\t\t<div class=\"e-con-inner\">\n\t\t\t\t<div class=\"elementor-element elementor-element-304e006 elementor-widget elementor-widget-heading\" data-id=\"304e006\" data-element_type=\"widget\" data-e-type=\"widget\" data-widget_type=\"heading.default\">\n\t\t\t\t\t<h2 class=\"elementor-heading-title elementor-size-default\">Como a Comporta se compara a outras \u00e1reas<\/h2>\t\t\t\t<\/div>\n\t\t\t\t<div class=\"elementor-element elementor-element-644d87d elementor-widget elementor-widget-text-editor\" data-id=\"644d87d\" data-element_type=\"widget\" data-e-type=\"widget\" data-widget_type=\"text-editor.default\">\n\t\t\t\t\t\t\t\t\t<div class=\"qMYqUG_convSearchResultHighlightRoot\"><section class=\"text-token-text-primary w-full focus:outline-none has-data-writing-block:pointer-events-none [&amp;:has([data-writing-block])&gt;*]:pointer-events-auto [content-visibility:auto] supports-[content-visibility:auto]:[contain-intrinsic-size:auto_100lvh] R6Vx5W_threadScrollVars scroll-mb-[calc(var(--scroll-root-safe-area-inset-bottom,0px)+var(--thread-response-height))] scroll-mt-[calc(var(--header-height)+min(200px,max(70px,20svh)))]\" dir=\"auto\" data-turn-id=\"request-6a17f548-2d60-83eb-9f85-0bb0742c4abd-3\" data-turn-id-container=\"request-6a17f548-2d60-83eb-9f85-0bb0742c4abd-3\" data-testid=\"conversation-turn-106\" data-scroll-anchor=\"false\" data-turn=\"assistant\"><div class=\"text-base my-auto mx-auto pb-10 [--thread-content-margin:var(--thread-content-margin-xs,calc(var(--spacing)*4))] @w-sm\/main:[--thread-content-margin:var(--thread-content-margin-sm,calc(var(--spacing)*6))] @w-lg\/main:[--thread-content-margin:var(--thread-content-margin-lg,calc(var(--spacing)*16))] px-(--thread-content-margin)\"><div class=\"[--thread-content-max-width:40rem] @w-lg\/main:[--thread-content-max-width:48rem] mx-auto max-w-(--thread-content-max-width) flex-1 group\/turn-messages focus-visible:outline-hidden relative flex w-full min-w-0 flex-col agent-turn\"><div class=\"flex max-w-full flex-col gap-4 grow\"><div class=\"min-h-8 text-message relative flex w-full flex-col items-end gap-2 text-start break-words whitespace-normal outline-none keyboard-focused:focus-ring [.text-message+&amp;]:mt-1\" dir=\"auto\" tabindex=\"0\" data-message-author-role=\"assistant\" data-message-id=\"5ebf1138-8475-495c-9690-9861564d14c0\" data-message-model-slug=\"gpt-5-5\" data-turn-start-message=\"true\"><div class=\"flex w-full flex-col gap-1 empty:hidden\"><div class=\"markdown prose dark:prose-invert wrap-break-word w-full light markdown-new-styling\"><p data-start=\"53\" data-end=\"315\">Cada regi\u00e3o de Portugal oferece um estilo de vida diferente, e a <span class=\"hover:entity-accent entity-underline inline cursor-pointer align-baseline\"><span class=\"whitespace-normal\">Comporta<\/span><\/span> posicionou-se de forma muito distinta de destinos mais tradicionais, como o <span class=\"hover:entity-accent entity-underline inline cursor-pointer align-baseline\"><span class=\"whitespace-normal\">Algarve<\/span><\/span> ou <span class=\"hover:entity-accent entity-underline inline cursor-pointer align-baseline\"><span class=\"whitespace-normal\">Lisboa<\/span><\/span>.<\/p><p data-start=\"317\" data-end=\"498\">O <a href=\"https:\/\/www.portugalresidencyadvisors.com\/pt-br\/melhores-lugares-para-morar-portugal-algarve\/\" target=\"_blank\" rel=\"noopener\">Algarve<\/a> \u00e9 geralmente mais desenvolvido e orientado para o turismo, com infraestruturas de resorts maiores, comunidades de golfe e uma atmosfera internacional mais movimentada durante grande parte do ano.<\/p><p data-start=\"500\" data-end=\"673\"><a href=\"https:\/\/www.portugalresidencyadvisors.com\/pt-br\/morar-em-lisboa\/\" target=\"_blank\" rel=\"noopener\">Lisboa<\/a> oferece uma experi\u00eancia completamente diferente, focada na vida urbana, atividade empresarial, cultura, vida noturna e um ritmo di\u00e1rio mais acelerado, t\u00edpico de uma capital europeia.<\/p><p data-start=\"675\" data-end=\"977\" data-is-last-node=\"\" data-is-only-node=\"\">A Comporta, por outro lado, apela a compradores que procuram privacidade, menor densidade, natureza e um estilo de vida de luxo mais discreto. A regi\u00e3o permanece mais calma, menos comercializada e muito mais ligada ao seu ambiente natural, que \u00e9 exatamente o que muitos compradores internacionais procuram hoje.  <\/p><p class=\"p1\">Para uma compara\u00e7\u00e3o mais ampla, explore os <a href=\"https:\/\/www.portugalresidencyadvisors.com\/pt-br\/melhores-lugares-para-morar-portugal\/\"><span class=\"s1\">melhores lugares para morar em Portugal.<\/span><\/a><\/p><\/div><\/div><\/div><\/div><\/div><\/div><\/section><\/div>\t\t\t\t\t\t\t\t<\/div>\n\t\t\t\t\t<\/div>\n\t\t\t\t<\/div>\n\t\t<div class=\"elementor-element elementor-element-18ea951 e-flex e-con-boxed e-con e-parent\" data-id=\"18ea951\" data-element_type=\"container\" data-e-type=\"container\">\n\t\t\t\t\t<div class=\"e-con-inner\">\n\t\t\t\t<div class=\"elementor-element elementor-element-d63cc4c elementor-widget elementor-widget-heading\" data-id=\"d63cc4c\" data-element_type=\"widget\" data-e-type=\"widget\" data-widget_type=\"heading.default\">\n\t\t\t\t\t<h2 class=\"elementor-heading-title elementor-size-default\">Por que trabalhar conosco<\/h2>\t\t\t\t<\/div>\n\t\t\t\t<div class=\"elementor-element elementor-element-07574b2 elementor-widget elementor-widget-text-editor\" data-id=\"07574b2\" data-element_type=\"widget\" data-e-type=\"widget\" data-widget_type=\"text-editor.default\">\n\t\t\t\t\t\t\t\t\t<h4 class=\"p1\">Expertise local<\/h4><p class=\"p1\">Conhecemos Portugal como ningu\u00e9m. Ao focar exclusivamente em um \u00fanico pa\u00eds, oferecemos orienta\u00e7\u00f5es claras e pr\u00e1ticas, baseadas em profundo conhecimento local. <\/p><h4 class=\"p1\">Orienta\u00e7\u00e3o honesta<\/h4><p class=\"p1\">Recomendamos o que realmente \u00e9 melhor para voc\u00ea. Nossa orienta\u00e7\u00e3o \u00e9 baseada em experi\u00eancia real, ajudando clientes a economizar tempo e dinheiro com pre\u00e7os transparentes e justos. <\/p><h4 class=\"p1\">Solu\u00e7\u00e3o completa<\/h4><p class=\"p1\">Um \u00fanico ponto de contato para toda a sua realoca\u00e7\u00e3o. Da escolha do visto certo \u00e0 busca do seu novo lar e \u00e0 adapta\u00e7\u00e3o em Portugal, apoiamos voc\u00ea em cada etapa. <\/p><h4 class=\"p1\">Processo cont\u00ednuo<\/h4><p class=\"p1\">A tecnologia nos ajuda a simplificar o processo e reduzir a burocracia para nossos clientes. Como clientes tamb\u00e9m, entendemos como oferecer uma experi\u00eancia tranquila e eficiente. <\/p><p class=\"p1\"><span class=\"s1\"><a href=\"https:\/\/www.portugalresidencyadvisors.com\/relocation-to-portugal\/\">Descubra 10 Raz\u00f5es para Nos Escolher para a Sua Mudan\u00e7a para Portugal<\/a><\/span><\/p>\t\t\t\t\t\t\t\t<\/div>\n\t\t\t\t\t<\/div>\n\t\t\t\t<\/div>\n\t\t<div class=\"elementor-element elementor-element-4fd5da2 e-flex e-con-boxed e-con e-parent\" data-id=\"4fd5da2\" data-element_type=\"container\" data-e-type=\"container\">\n\t\t\t\t\t<div class=\"e-con-inner\">\n\t\t\t\t<div class=\"elementor-element elementor-element-b20db2f elementor-widget elementor-widget-html\" data-id=\"b20db2f\" data-element_type=\"widget\" data-e-type=\"widget\" data-widget_type=\"html.default\">\n\t\t\t\t\t<script type=\"application\/ld+json\">{\r\n  \"@context\": \"https:\/\/schema.org\/\", \r\n  \"@type\": \"Product\", \r\n  \"name\": \"Portugal Residency Advisors\u00ae\",\r\n  \"image\": \"https:\/\/www.portugalresidencyadvisors.com\/wp-content\/uploads\/2023\/03\/Logotipo-Versao-Principal-01.png\",\r\n  \"aggregateRating\": {\r\n    \"@type\": \"AggregateRating\",\r\n    \"ratingValue\": \"4.9\",\r\n    \"ratingCount\": \"54\",\r\n\t\"worstRating\": \"0\"\t\r\n  }\r\n}\r\n<\/script>\t\t\t\t<\/div>\n\t\t\t\t\t<\/div>\n\t\t\t\t<\/div>\n\t\t<div class=\"elementor-element elementor-element-4ec00cd2 e-flex e-con-boxed e-con e-parent\" data-id=\"4ec00cd2\" data-element_type=\"container\" data-e-type=\"container\">\n\t\t\t\t\t<div class=\"e-con-inner\">\n\t\t\t\t<div class=\"elementor-element elementor-element-6fc4f844 elementor-view-default elementor-widget elementor-widget-icon\" data-id=\"6fc4f844\" data-element_type=\"widget\" data-e-type=\"widget\" data-widget_type=\"icon.default\">\n\t\t\t\t\t\t\t<div class=\"elementor-icon-wrapper\">\n\t\t\t<div class=\"elementor-icon\">\n\t\t\t<svg xmlns=\"http:\/\/www.w3.org\/2000\/svg\" id=\"uuid-bbaa4b9d-eacc-4da7-8f1d-9d529f2f4582\" viewBox=\"0 0 171.03 171.16\"><g id=\"uuid-262094c7-4038-4617-8b78-fa7c3c7887c3\"><path d=\"m95.36,171.16h-19.82v-46.1c0-16.3-13.26-29.57-29.57-29.57H0v-19.82h45.98c27.23,0,49.39,22.15,49.39,49.39v46.1Z\"><\/path><path d=\"m75.67,0h19.82v46.1c0,16.3,13.26,29.57,29.57,29.57h45.98v19.82h-45.98c-27.23,0-49.39-22.15-49.39-49.39V0Z\"><\/path><path d=\"m24.1,161.01l-14.01-14.01,28.94-28.94c3.87-3.87,10.14-3.87,14.01,0h0c3.87,3.87,3.87,10.14,0,14.01l-28.94,28.94Z\"><\/path><path d=\"m146.94,10.15l14.01,14.01-28.94,28.94c-3.87,3.87-10.14,3.87-14.01,0h0c-3.87-3.87-3.87-10.14,0-14.01l28.94-28.94Z\"><\/path><path d=\"m160.95,147l-14.01,14.01-28.94-28.94c-3.87-3.87-3.87-10.14,0-14.01h0c3.87-3.87,10.14-3.87,14.01,0l28.94,28.94Z\"><\/path><path d=\"m10.08,24.16l14.01-14.01,28.94,28.94c3.87,3.87,3.87,10.14,0,14.01h0c-3.87,3.87-10.14,3.87-14.01,0L10.08,24.16Z\"><\/path><\/g><\/svg>\t\t\t<\/div>\n\t\t<\/div>\n\t\t\t\t\t\t<\/div>\n\t\t\t\t<div class=\"elementor-element elementor-element-1cd41a11 elementor-widget elementor-widget-heading\" data-id=\"1cd41a11\" data-element_type=\"widget\" data-e-type=\"widget\" data-widget_type=\"heading.default\">\n\t\t\t\t\t<h2 class=\"elementor-heading-title elementor-size-default\">Suas perguntas respondidas<\/h2>\t\t\t\t<\/div>\n\t\t\t\t<div class=\"elementor-element elementor-element-4f6b0089 faq-content elementor-widget elementor-widget-n-accordion\" data-id=\"4f6b0089\" data-element_type=\"widget\" data-e-type=\"widget\" data-settings=\"{&quot;default_state&quot;:&quot;all_collapsed&quot;,&quot;max_items_expended&quot;:&quot;one&quot;,&quot;n_accordion_animation_duration&quot;:{&quot;unit&quot;:&quot;ms&quot;,&quot;size&quot;:400,&quot;sizes&quot;:[]}}\" data-widget_type=\"nested-accordion.default\">\n\t\t\t\t\t\t\t<div class=\"e-n-accordion\" aria-label=\"Accordion. Open links with Enter or Space, close with Escape, and navigate with Arrow Keys\">\n\t\t\t\t\t\t<details id=\"e-n-accordion-item-1330\" class=\"e-n-accordion-item\" >\n\t\t\t\t<summary class=\"e-n-accordion-item-title\" data-accordion-index=\"1\" tabindex=\"0\" aria-expanded=\"false\" aria-controls=\"e-n-accordion-item-1330\" >\n\t\t\t\t\t<span class='e-n-accordion-item-title-header'><div class=\"e-n-accordion-item-title-text\"> Por que Comporta \u00e9 chamada de Hamptons de Portugal? <\/div><\/span>\n\t\t\t\t\t\t\t<span class='e-n-accordion-item-title-icon'>\n\t\t\t<span class='e-opened' ><svg aria-hidden=\"true\" class=\"e-font-icon-svg e-fas-times\" viewBox=\"0 0 352 512\" xmlns=\"http:\/\/www.w3.org\/2000\/svg\"><path d=\"M242.72 256l100.07-100.07c12.28-12.28 12.28-32.19 0-44.48l-22.24-22.24c-12.28-12.28-32.19-12.28-44.48 0L176 189.28 75.93 89.21c-12.28-12.28-32.19-12.28-44.48 0L9.21 111.45c-12.28 12.28-12.28 32.19 0 44.48L109.28 256 9.21 356.07c-12.28 12.28-12.28 32.19 0 44.48l22.24 22.24c12.28 12.28 32.2 12.28 44.48 0L176 322.72l100.07 100.07c12.28 12.28 32.2 12.28 44.48 0l22.24-22.24c12.28-12.28 12.28-32.19 0-44.48L242.72 256z\"><\/path><\/svg><\/span>\n\t\t\t<span class='e-closed'><svg aria-hidden=\"true\" class=\"e-font-icon-svg e-fas-caret-down\" viewBox=\"0 0 320 512\" xmlns=\"http:\/\/www.w3.org\/2000\/svg\"><path d=\"M31.3 192h257.3c17.8 0 26.7 21.5 14.1 34.1L174.1 354.8c-7.8 7.8-20.5 7.8-28.3 0L17.2 226.1C4.6 213.5 13.5 192 31.3 192z\"><\/path><\/svg><\/span>\n\t\t<\/span>\n\n\t\t\t\t\t\t<\/summary>\n\t\t\t\t<div role=\"region\" aria-labelledby=\"e-n-accordion-item-1330\" class=\"elementor-element elementor-element-495e5dea e-con-full e-flex e-con e-child\" data-id=\"495e5dea\" data-element_type=\"container\" data-e-type=\"container\">\n\t\t\t\t<div class=\"elementor-element elementor-element-59247bda elementor-widget elementor-widget-text-editor\" data-id=\"59247bda\" data-element_type=\"widget\" data-e-type=\"widget\" data-widget_type=\"text-editor.default\">\n\t\t\t\t\t\t\t\t\t<p>Devido ao seu estilo de vida de luxo de baixa densidade, exclusividade e popularidade entre compradores abastados.<\/p>\t\t\t\t\t\t\t\t<\/div>\n\t\t\t\t<\/div>\n\t\t\t\t\t<\/details>\n\t\t\t\t\t\t<details id=\"e-n-accordion-item-1331\" class=\"e-n-accordion-item\" >\n\t\t\t\t<summary class=\"e-n-accordion-item-title\" data-accordion-index=\"2\" tabindex=\"-1\" aria-expanded=\"false\" aria-controls=\"e-n-accordion-item-1331\" >\n\t\t\t\t\t<span class='e-n-accordion-item-title-header'><div class=\"e-n-accordion-item-title-text\"> A Comporta \u00e9 cara? <\/div><\/span>\n\t\t\t\t\t\t\t<span class='e-n-accordion-item-title-icon'>\n\t\t\t<span class='e-opened' ><svg aria-hidden=\"true\" class=\"e-font-icon-svg e-fas-times\" viewBox=\"0 0 352 512\" xmlns=\"http:\/\/www.w3.org\/2000\/svg\"><path d=\"M242.72 256l100.07-100.07c12.28-12.28 12.28-32.19 0-44.48l-22.24-22.24c-12.28-12.28-32.19-12.28-44.48 0L176 189.28 75.93 89.21c-12.28-12.28-32.19-12.28-44.48 0L9.21 111.45c-12.28 12.28-12.28 32.19 0 44.48L109.28 256 9.21 356.07c-12.28 12.28-12.28 32.19 0 44.48l22.24 22.24c12.28 12.28 32.2 12.28 44.48 0L176 322.72l100.07 100.07c12.28 12.28 32.2 12.28 44.48 0l22.24-22.24c12.28-12.28 12.28-32.19 0-44.48L242.72 256z\"><\/path><\/svg><\/span>\n\t\t\t<span class='e-closed'><svg aria-hidden=\"true\" class=\"e-font-icon-svg e-fas-caret-down\" viewBox=\"0 0 320 512\" xmlns=\"http:\/\/www.w3.org\/2000\/svg\"><path d=\"M31.3 192h257.3c17.8 0 26.7 21.5 14.1 34.1L174.1 354.8c-7.8 7.8-20.5 7.8-28.3 0L17.2 226.1C4.6 213.5 13.5 192 31.3 192z\"><\/path><\/svg><\/span>\n\t\t<\/span>\n\n\t\t\t\t\t\t<\/summary>\n\t\t\t\t<div role=\"region\" aria-labelledby=\"e-n-accordion-item-1331\" class=\"elementor-element elementor-element-7b78b26c e-con-full e-flex e-con e-child\" data-id=\"7b78b26c\" data-element_type=\"container\" data-e-type=\"container\">\n\t\t\t\t<div class=\"elementor-element elementor-element-3902c0f elementor-widget elementor-widget-text-editor\" data-id=\"3902c0f\" data-element_type=\"widget\" data-e-type=\"widget\" data-widget_type=\"text-editor.default\">\n\t\t\t\t\t\t\t\t\t<p data-start=\"6841\" data-end=\"6897\">Sim \u2014 os custos de propriedade e estilo de vida s\u00e3o considerados premium.<\/p>\t\t\t\t\t\t\t\t<\/div>\n\t\t\t\t<\/div>\n\t\t\t\t\t<\/details>\n\t\t\t\t\t\t<details id=\"e-n-accordion-item-1332\" class=\"e-n-accordion-item\" >\n\t\t\t\t<summary class=\"e-n-accordion-item-title\" data-accordion-index=\"3\" tabindex=\"-1\" aria-expanded=\"false\" aria-controls=\"e-n-accordion-item-1332\" >\n\t\t\t\t\t<span class='e-n-accordion-item-title-header'><div class=\"e-n-accordion-item-title-text\"> Estrangeiros podem comprar propriedades em Comporta? <\/div><\/span>\n\t\t\t\t\t\t\t<span class='e-n-accordion-item-title-icon'>\n\t\t\t<span class='e-opened' ><svg aria-hidden=\"true\" class=\"e-font-icon-svg e-fas-times\" viewBox=\"0 0 352 512\" xmlns=\"http:\/\/www.w3.org\/2000\/svg\"><path d=\"M242.72 256l100.07-100.07c12.28-12.28 12.28-32.19 0-44.48l-22.24-22.24c-12.28-12.28-32.19-12.28-44.48 0L176 189.28 75.93 89.21c-12.28-12.28-32.19-12.28-44.48 0L9.21 111.45c-12.28 12.28-12.28 32.19 0 44.48L109.28 256 9.21 356.07c-12.28 12.28-12.28 32.19 0 44.48l22.24 22.24c12.28 12.28 32.2 12.28 44.48 0L176 322.72l100.07 100.07c12.28 12.28 32.2 12.28 44.48 0l22.24-22.24c12.28-12.28 12.28-32.19 0-44.48L242.72 256z\"><\/path><\/svg><\/span>\n\t\t\t<span class='e-closed'><svg aria-hidden=\"true\" class=\"e-font-icon-svg e-fas-caret-down\" viewBox=\"0 0 320 512\" xmlns=\"http:\/\/www.w3.org\/2000\/svg\"><path d=\"M31.3 192h257.3c17.8 0 26.7 21.5 14.1 34.1L174.1 354.8c-7.8 7.8-20.5 7.8-28.3 0L17.2 226.1C4.6 213.5 13.5 192 31.3 192z\"><\/path><\/svg><\/span>\n\t\t<\/span>\n\n\t\t\t\t\t\t<\/summary>\n\t\t\t\t<div role=\"region\" aria-labelledby=\"e-n-accordion-item-1332\" class=\"elementor-element elementor-element-a5c6fb e-con-full e-flex e-con e-child\" data-id=\"a5c6fb\" data-element_type=\"container\" data-e-type=\"container\">\n\t\t\t\t<div class=\"elementor-element elementor-element-53d70187 elementor-widget elementor-widget-text-editor\" data-id=\"53d70187\" data-element_type=\"widget\" data-e-type=\"widget\" data-widget_type=\"text-editor.default\">\n\t\t\t\t\t\t\t\t\t<p>Sim, n\u00e3o h\u00e1 restri\u00e7\u00f5es para compradores estrangeiros em Portugal.<\/p>\t\t\t\t\t\t\t\t<\/div>\n\t\t\t\t<\/div>\n\t\t\t\t\t<\/details>\n\t\t\t\t\t\t<details id=\"e-n-accordion-item-1333\" class=\"e-n-accordion-item\" >\n\t\t\t\t<summary class=\"e-n-accordion-item-title\" data-accordion-index=\"4\" tabindex=\"-1\" aria-expanded=\"false\" aria-controls=\"e-n-accordion-item-1333\" >\n\t\t\t\t\t<span class='e-n-accordion-item-title-header'><div class=\"e-n-accordion-item-title-text\"> A Comporta \u00e9 boa para investimento? <\/div><\/span>\n\t\t\t\t\t\t\t<span class='e-n-accordion-item-title-icon'>\n\t\t\t<span class='e-opened' ><svg aria-hidden=\"true\" class=\"e-font-icon-svg e-fas-times\" viewBox=\"0 0 352 512\" xmlns=\"http:\/\/www.w3.org\/2000\/svg\"><path d=\"M242.72 256l100.07-100.07c12.28-12.28 12.28-32.19 0-44.48l-22.24-22.24c-12.28-12.28-32.19-12.28-44.48 0L176 189.28 75.93 89.21c-12.28-12.28-32.19-12.28-44.48 0L9.21 111.45c-12.28 12.28-12.28 32.19 0 44.48L109.28 256 9.21 356.07c-12.28 12.28-12.28 32.19 0 44.48l22.24 22.24c12.28 12.28 32.2 12.28 44.48 0L176 322.72l100.07 100.07c12.28 12.28 32.2 12.28 44.48 0l22.24-22.24c12.28-12.28 12.28-32.19 0-44.48L242.72 256z\"><\/path><\/svg><\/span>\n\t\t\t<span class='e-closed'><svg aria-hidden=\"true\" class=\"e-font-icon-svg e-fas-caret-down\" viewBox=\"0 0 320 512\" xmlns=\"http:\/\/www.w3.org\/2000\/svg\"><path d=\"M31.3 192h257.3c17.8 0 26.7 21.5 14.1 34.1L174.1 354.8c-7.8 7.8-20.5 7.8-28.3 0L17.2 226.1C4.6 213.5 13.5 192 31.3 192z\"><\/path><\/svg><\/span>\n\t\t<\/span>\n\n\t\t\t\t\t\t<\/summary>\n\t\t\t\t<div role=\"region\" aria-labelledby=\"e-n-accordion-item-1333\" class=\"elementor-element elementor-element-7c364fed e-con-full e-flex e-con e-child\" data-id=\"7c364fed\" data-element_type=\"container\" data-e-type=\"container\">\n\t\t\t\t<div class=\"elementor-element elementor-element-1d5119b1 elementor-widget elementor-widget-text-editor\" data-id=\"1d5119b1\" data-element_type=\"widget\" data-e-type=\"widget\" data-widget_type=\"text-editor.default\">\n\t\t\t\t\t\t\t\t\t<p>Pode ser, particularmente para investimentos de longo prazo focados em estilo de vida<\/p>\t\t\t\t\t\t\t\t<\/div>\n\t\t\t\t<\/div>\n\t\t\t\t\t<\/details>\n\t\t\t\t\t\t<details id=\"e-n-accordion-item-1334\" class=\"e-n-accordion-item\" >\n\t\t\t\t<summary class=\"e-n-accordion-item-title\" data-accordion-index=\"5\" tabindex=\"-1\" aria-expanded=\"false\" aria-controls=\"e-n-accordion-item-1334\" >\n\t\t\t\t\t<span class='e-n-accordion-item-title-header'><div class=\"e-n-accordion-item-title-text\"> Por que a Comporta \u00e9 um local atraente para investimento imobili\u00e1rio? <\/div><\/span>\n\t\t\t\t\t\t\t<span class='e-n-accordion-item-title-icon'>\n\t\t\t<span class='e-opened' ><svg aria-hidden=\"true\" class=\"e-font-icon-svg e-fas-times\" viewBox=\"0 0 352 512\" xmlns=\"http:\/\/www.w3.org\/2000\/svg\"><path d=\"M242.72 256l100.07-100.07c12.28-12.28 12.28-32.19 0-44.48l-22.24-22.24c-12.28-12.28-32.19-12.28-44.48 0L176 189.28 75.93 89.21c-12.28-12.28-32.19-12.28-44.48 0L9.21 111.45c-12.28 12.28-12.28 32.19 0 44.48L109.28 256 9.21 356.07c-12.28 12.28-12.28 32.19 0 44.48l22.24 22.24c12.28 12.28 32.2 12.28 44.48 0L176 322.72l100.07 100.07c12.28 12.28 32.2 12.28 44.48 0l22.24-22.24c12.28-12.28 12.28-32.19 0-44.48L242.72 256z\"><\/path><\/svg><\/span>\n\t\t\t<span class='e-closed'><svg aria-hidden=\"true\" class=\"e-font-icon-svg e-fas-caret-down\" viewBox=\"0 0 320 512\" xmlns=\"http:\/\/www.w3.org\/2000\/svg\"><path d=\"M31.3 192h257.3c17.8 0 26.7 21.5 14.1 34.1L174.1 354.8c-7.8 7.8-20.5 7.8-28.3 0L17.2 226.1C4.6 213.5 13.5 192 31.3 192z\"><\/path><\/svg><\/span>\n\t\t<\/span>\n\n\t\t\t\t\t\t<\/summary>\n\t\t\t\t<div role=\"region\" aria-labelledby=\"e-n-accordion-item-1334\" class=\"elementor-element elementor-element-78f80e7 e-con-full e-flex e-con e-child\" data-id=\"78f80e7\" data-element_type=\"container\" data-e-type=\"container\">\n\t\t\t\t<div class=\"elementor-element elementor-element-6aa4c20 elementor-widget elementor-widget-text-editor\" data-id=\"6aa4c20\" data-element_type=\"widget\" data-e-type=\"widget\" data-widget_type=\"text-editor.default\">\n\t\t\t\t\t\t\t\t\t<p>A Comporta oferece uma combina\u00e7\u00e3o \u00fanica de praias imaculadas, imobili\u00e1rio de luxo e um estilo de vida relaxado. Tornou-se um ponto de refer\u00eancia para indiv\u00edduos de alto patrim\u00f4nio l\u00edquido e investidores que procuram exclusividade, beleza natural e valoriza\u00e7\u00e3o imobili\u00e1ria a longo prazo. <\/p>\t\t\t\t\t\t\t\t<\/div>\n\t\t\t\t<\/div>\n\t\t\t\t\t<\/details>\n\t\t\t\t\t\t<details id=\"e-n-accordion-item-1335\" class=\"e-n-accordion-item\" >\n\t\t\t\t<summary class=\"e-n-accordion-item-title\" data-accordion-index=\"6\" tabindex=\"-1\" aria-expanded=\"false\" aria-controls=\"e-n-accordion-item-1335\" >\n\t\t\t\t\t<span class='e-n-accordion-item-title-header'><div class=\"e-n-accordion-item-title-text\"> Quais s\u00e3o os pre\u00e7os m\u00e9dios dos im\u00f3veis na Comporta? <\/div><\/span>\n\t\t\t\t\t\t\t<span class='e-n-accordion-item-title-icon'>\n\t\t\t<span class='e-opened' ><svg aria-hidden=\"true\" class=\"e-font-icon-svg e-fas-times\" viewBox=\"0 0 352 512\" xmlns=\"http:\/\/www.w3.org\/2000\/svg\"><path d=\"M242.72 256l100.07-100.07c12.28-12.28 12.28-32.19 0-44.48l-22.24-22.24c-12.28-12.28-32.19-12.28-44.48 0L176 189.28 75.93 89.21c-12.28-12.28-32.19-12.28-44.48 0L9.21 111.45c-12.28 12.28-12.28 32.19 0 44.48L109.28 256 9.21 356.07c-12.28 12.28-12.28 32.19 0 44.48l22.24 22.24c12.28 12.28 32.2 12.28 44.48 0L176 322.72l100.07 100.07c12.28 12.28 32.2 12.28 44.48 0l22.24-22.24c12.28-12.28 12.28-32.19 0-44.48L242.72 256z\"><\/path><\/svg><\/span>\n\t\t\t<span class='e-closed'><svg aria-hidden=\"true\" class=\"e-font-icon-svg e-fas-caret-down\" viewBox=\"0 0 320 512\" xmlns=\"http:\/\/www.w3.org\/2000\/svg\"><path d=\"M31.3 192h257.3c17.8 0 26.7 21.5 14.1 34.1L174.1 354.8c-7.8 7.8-20.5 7.8-28.3 0L17.2 226.1C4.6 213.5 13.5 192 31.3 192z\"><\/path><\/svg><\/span>\n\t\t<\/span>\n\n\t\t\t\t\t\t<\/summary>\n\t\t\t\t<div role=\"region\" aria-labelledby=\"e-n-accordion-item-1335\" class=\"elementor-element elementor-element-5a7650e e-con-full e-flex e-con e-child\" data-id=\"5a7650e\" data-element_type=\"container\" data-e-type=\"container\">\n\t\t\t\t<div class=\"elementor-element elementor-element-414b2be elementor-widget elementor-widget-text-editor\" data-id=\"414b2be\" data-element_type=\"widget\" data-e-type=\"widget\" data-widget_type=\"text-editor.default\">\n\t\t\t\t\t\t\t\t\t<p>Os pre\u00e7os dos im\u00f3veis na Comporta ainda s\u00e3o mais baixos em compara\u00e7\u00e3o com outros destinos de luxo europeus. O pre\u00e7o m\u00e9dio por metro quadrado na regi\u00e3o da Comporta \u00e9 de cerca de <strong data-start=\"676\" data-end=\"686\">6.834 \u20ac<\/strong>, o que representa um excelente valor para o imobili\u00e1rio de luxo. <\/p>\t\t\t\t\t\t\t\t<\/div>\n\t\t\t\t<\/div>\n\t\t\t\t\t<\/details>\n\t\t\t\t\t\t<details id=\"e-n-accordion-item-1336\" class=\"e-n-accordion-item\" >\n\t\t\t\t<summary class=\"e-n-accordion-item-title\" data-accordion-index=\"7\" tabindex=\"-1\" aria-expanded=\"false\" aria-controls=\"e-n-accordion-item-1336\" >\n\t\t\t\t\t<span class='e-n-accordion-item-title-header'><div class=\"e-n-accordion-item-title-text\"> Quais s\u00e3o os rendimentos de aluguel esperados na Comporta? <\/div><\/span>\n\t\t\t\t\t\t\t<span class='e-n-accordion-item-title-icon'>\n\t\t\t<span class='e-opened' ><svg aria-hidden=\"true\" class=\"e-font-icon-svg e-fas-times\" viewBox=\"0 0 352 512\" xmlns=\"http:\/\/www.w3.org\/2000\/svg\"><path d=\"M242.72 256l100.07-100.07c12.28-12.28 12.28-32.19 0-44.48l-22.24-22.24c-12.28-12.28-32.19-12.28-44.48 0L176 189.28 75.93 89.21c-12.28-12.28-32.19-12.28-44.48 0L9.21 111.45c-12.28 12.28-12.28 32.19 0 44.48L109.28 256 9.21 356.07c-12.28 12.28-12.28 32.19 0 44.48l22.24 22.24c12.28 12.28 32.2 12.28 44.48 0L176 322.72l100.07 100.07c12.28 12.28 32.2 12.28 44.48 0l22.24-22.24c12.28-12.28 12.28-32.19 0-44.48L242.72 256z\"><\/path><\/svg><\/span>\n\t\t\t<span class='e-closed'><svg aria-hidden=\"true\" class=\"e-font-icon-svg e-fas-caret-down\" viewBox=\"0 0 320 512\" xmlns=\"http:\/\/www.w3.org\/2000\/svg\"><path d=\"M31.3 192h257.3c17.8 0 26.7 21.5 14.1 34.1L174.1 354.8c-7.8 7.8-20.5 7.8-28.3 0L17.2 226.1C4.6 213.5 13.5 192 31.3 192z\"><\/path><\/svg><\/span>\n\t\t<\/span>\n\n\t\t\t\t\t\t<\/summary>\n\t\t\t\t<div role=\"region\" aria-labelledby=\"e-n-accordion-item-1336\" class=\"elementor-element elementor-element-affd7f1 e-con-full e-flex e-con e-child\" data-id=\"affd7f1\" data-element_type=\"container\" data-e-type=\"container\">\n\t\t\t\t<div class=\"elementor-element elementor-element-e50a0e4 elementor-widget elementor-widget-text-editor\" data-id=\"e50a0e4\" data-element_type=\"widget\" data-e-type=\"widget\" data-widget_type=\"text-editor.default\">\n\t\t\t\t\t\t\t\t\t<p>O rendimento de aluguel na Comporta \u00e9 de cerca de 7,5 %, tornando-a um investimento lucrativo para quem procura rendimento passivo atrav\u00e9s de alugu\u00e9is de f\u00e9rias ou loca\u00e7\u00e3o de longo prazo.<\/p>\t\t\t\t\t\t\t\t<\/div>\n\t\t\t\t<\/div>\n\t\t\t\t\t<\/details>\n\t\t\t\t\t\t<details id=\"e-n-accordion-item-1337\" class=\"e-n-accordion-item\" >\n\t\t\t\t<summary class=\"e-n-accordion-item-title\" data-accordion-index=\"8\" tabindex=\"-1\" aria-expanded=\"false\" aria-controls=\"e-n-accordion-item-1337\" >\n\t\t\t\t\t<span class='e-n-accordion-item-title-header'><div class=\"e-n-accordion-item-title-text\"> Como posso encontrar as melhores ofertas de im\u00f3veis na Comporta? <\/div><\/span>\n\t\t\t\t\t\t\t<span class='e-n-accordion-item-title-icon'>\n\t\t\t<span class='e-opened' ><svg aria-hidden=\"true\" class=\"e-font-icon-svg e-fas-times\" viewBox=\"0 0 352 512\" xmlns=\"http:\/\/www.w3.org\/2000\/svg\"><path d=\"M242.72 256l100.07-100.07c12.28-12.28 12.28-32.19 0-44.48l-22.24-22.24c-12.28-12.28-32.19-12.28-44.48 0L176 189.28 75.93 89.21c-12.28-12.28-32.19-12.28-44.48 0L9.21 111.45c-12.28 12.28-12.28 32.19 0 44.48L109.28 256 9.21 356.07c-12.28 12.28-12.28 32.19 0 44.48l22.24 22.24c12.28 12.28 32.2 12.28 44.48 0L176 322.72l100.07 100.07c12.28 12.28 32.2 12.28 44.48 0l22.24-22.24c12.28-12.28 12.28-32.19 0-44.48L242.72 256z\"><\/path><\/svg><\/span>\n\t\t\t<span class='e-closed'><svg aria-hidden=\"true\" class=\"e-font-icon-svg e-fas-caret-down\" viewBox=\"0 0 320 512\" xmlns=\"http:\/\/www.w3.org\/2000\/svg\"><path d=\"M31.3 192h257.3c17.8 0 26.7 21.5 14.1 34.1L174.1 354.8c-7.8 7.8-20.5 7.8-28.3 0L17.2 226.1C4.6 213.5 13.5 192 31.3 192z\"><\/path><\/svg><\/span>\n\t\t<\/span>\n\n\t\t\t\t\t\t<\/summary>\n\t\t\t\t<div role=\"region\" aria-labelledby=\"e-n-accordion-item-1337\" class=\"elementor-element elementor-element-643315d e-con-full e-flex e-con e-child\" data-id=\"643315d\" data-element_type=\"container\" data-e-type=\"container\">\n\t\t\t\t<div class=\"elementor-element elementor-element-185df40 elementor-widget elementor-widget-text-editor\" data-id=\"185df40\" data-element_type=\"widget\" data-e-type=\"widget\" data-widget_type=\"text-editor.default\">\n\t\t\t\t\t\t\t\t\t<p>Trabalhar com um agente imobili\u00e1rio local que compreenda o mercado \u00e9 a melhor forma de encontrar listagens exclusivas e oportunidades fora do mercado.<\/p>\t\t\t\t\t\t\t\t<\/div>\n\t\t\t\t<\/div>\n\t\t\t\t\t<\/details>\n\t\t\t\t\t<\/div>\n\t\t\t\t\t<script type=\"application\/ld+json\">{\"@context\":\"https:\\\/\\\/schema.org\",\"@type\":\"FAQPage\",\"mainEntity\":[{\"@type\":\"Question\",\"name\":\"Por que Comporta \\u00e9 chamada de Hamptons de Portugal?\",\"acceptedAnswer\":{\"@type\":\"Answer\",\"text\":\"Devido ao seu estilo de vida de luxo de baixa densidade, exclusividade e popularidade entre compradores abastados.\"}},{\"@type\":\"Question\",\"name\":\"A Comporta \\u00e9 cara?\",\"acceptedAnswer\":{\"@type\":\"Answer\",\"text\":\"Sim \\u2014 os custos de propriedade e estilo de vida s\\u00e3o considerados premium.\"}},{\"@type\":\"Question\",\"name\":\"Estrangeiros podem comprar propriedades em Comporta?\",\"acceptedAnswer\":{\"@type\":\"Answer\",\"text\":\"Sim, n\\u00e3o h\\u00e1 restri\\u00e7\\u00f5es para compradores estrangeiros em Portugal.\"}},{\"@type\":\"Question\",\"name\":\"A Comporta \\u00e9 boa para investimento?\",\"acceptedAnswer\":{\"@type\":\"Answer\",\"text\":\"Pode ser, particularmente para investimentos de longo prazo focados em estilo de vida\"}},{\"@type\":\"Question\",\"name\":\"Por que a Comporta \\u00e9 um local atraente para investimento imobili\\u00e1rio?\",\"acceptedAnswer\":{\"@type\":\"Answer\",\"text\":\"A Comporta oferece uma combina\\u00e7\\u00e3o \\u00fanica de praias imaculadas, imobili\\u00e1rio de luxo e um estilo de vida relaxado. Tornou-se um ponto de refer\\u00eancia para indiv\\u00edduos de alto patrim\\u00f4nio l\\u00edquido e investidores que procuram exclusividade, beleza natural e valoriza\\u00e7\\u00e3o imobili\\u00e1ria a longo prazo.\"}},{\"@type\":\"Question\",\"name\":\"Quais s\\u00e3o os pre\\u00e7os m\\u00e9dios dos im\\u00f3veis na Comporta?\",\"acceptedAnswer\":{\"@type\":\"Answer\",\"text\":\"Os pre\\u00e7os dos im\\u00f3veis na Comporta ainda s\\u00e3o mais baixos em compara\\u00e7\\u00e3o com outros destinos de luxo europeus. O pre\\u00e7o m\\u00e9dio por metro quadrado na regi\\u00e3o da Comporta \\u00e9 de cerca de 6.834 \\u20ac, o que representa um excelente valor para o imobili\\u00e1rio de luxo.\"}},{\"@type\":\"Question\",\"name\":\"Quais s\\u00e3o os rendimentos de aluguel esperados na Comporta?\",\"acceptedAnswer\":{\"@type\":\"Answer\",\"text\":\"O rendimento de aluguel na Comporta \\u00e9 de cerca de 7,5 %, tornando-a um investimento lucrativo para quem procura rendimento passivo atrav\\u00e9s de alugu\\u00e9is de f\\u00e9rias ou loca\\u00e7\\u00e3o de longo prazo.\"}},{\"@type\":\"Question\",\"name\":\"Como posso encontrar as melhores ofertas de im\\u00f3veis na Comporta?\",\"acceptedAnswer\":{\"@type\":\"Answer\",\"text\":\"Trabalhar com um agente imobili\\u00e1rio local que compreenda o mercado \\u00e9 a melhor forma de encontrar listagens exclusivas e oportunidades fora do mercado.\"}}]}<\/script>\n\t\t\t\t\t\t\t<\/div>\n\t\t\t\t\t<\/div>\n\t\t\t\t<\/div>\n\t\t<div class=\"elementor-element elementor-element-9e58b71 e-flex e-con-boxed e-con e-parent\" data-id=\"9e58b71\" data-element_type=\"container\" data-e-type=\"container\">\n\t\t\t\t\t<div class=\"e-con-inner\">\n\t\t\t\t<div class=\"elementor-element elementor-element-fd492da elementor-widget elementor-widget-text-editor\" data-id=\"fd492da\" data-element_type=\"widget\" data-e-type=\"widget\" data-widget_type=\"text-editor.default\">\n\t\t\t\t\t\t\t\t\t<p data-start=\"6144\" data-end=\"6230\"><em>A Comporta representa uma combina\u00e7\u00e3o rara de privacidade, natureza e luxo discreto. N\u00e3o \u00e9 um destino de mercado de massa \u2014 e \u00e9 precisamente por isso que continua a atrair compradores exigentes de todo o mundo. Para a pessoa certa, a Comporta oferece algo cada vez mais dif\u00edcil de encontrar na Europa: espa\u00e7o, calma e valor a longo prazo.  <\/em><\/p>\t\t\t\t\t\t\t\t<\/div>\n\t\t\t\t\t<\/div>\n\t\t\t\t<\/div>\n\t\t\t\t<\/div>\n\t\t","protected":false},"excerpt":{"rendered":"<p>A Comporta tornou-se, discretamente, um dos destinos costeiros mais exclusivos da Europa. Frequentemente chamada de \u201cHamptons de Portugal\u201d, esta regi\u00e3o de baixa densidade e voltada para a natureza atrai compradores internacionais, criativos e indiv\u00edduos de alto patrim\u00f4nio l\u00edquido que buscam algo cada vez mais raro: privacidade, espa\u00e7o e luxo discreto. Localizada a apenas 1,5 hora [&hellip;]<\/p>\n","protected":false},"author":16,"featured_media":26066,"comment_status":"closed","ping_status":"open","sticky":false,"template":"","format":"standard","meta":{"_angie_page":false,"_jet_sm_ready_style":"","_jet_sm_style":"","_jet_sm_controls_values":"","_jet_sm_fonts_collection":"","_jet_sm_fonts_links":"","page_builder":"","footnotes":""},"categories":[124,300],"tags":[],"class_list":["post-30966","post","type-post","status-publish","format-standard","has-post-thumbnail","hentry","category-mudanca","category-lugares-para-morar"],"yoast_head":"<!-- This site is optimized with the Yoast SEO plugin v28.3 - https:\/\/yoast.com\/product\/yoast-seo-wordpress\/ -->\n<title>Comporta, Portugal: um guia completo para os \u201cHamptons de Portugal\u201d (2026)<\/title>\n<meta name=\"description\" content=\"Descubra Comporta Portugal em 2026. Explore estilo de vida, im\u00f3veis, praias e por que \u00e9 um dos destinos costeiros mais exclusivos da Europa.\" \/>\n<meta name=\"robots\" content=\"index, follow, max-snippet:-1, max-image-preview:large, max-video-preview:-1\" \/>\n<link rel=\"canonical\" href=\"https:\/\/www.portugalresidencyadvisors.com\/pt-br\/morar-em-comporta\/\" \/>\n<meta property=\"og:locale\" content=\"pt_BR\" \/>\n<meta property=\"og:type\" content=\"article\" \/>\n<meta property=\"og:title\" content=\"Comporta, Portugal: um guia completo para os \u201cHamptons de Portugal\u201d (2026)\" \/>\n<meta property=\"og:description\" content=\"Descubra Comporta Portugal em 2026. Explore estilo de vida, im\u00f3veis, praias e por que \u00e9 um dos destinos costeiros mais exclusivos da Europa.\" \/>\n<meta property=\"og:url\" content=\"https:\/\/www.portugalresidencyadvisors.com\/pt-br\/morar-em-comporta\/\" \/>\n<meta property=\"og:site_name\" content=\"Portugal Residency Advisors\" \/>\n<meta property=\"article:publisher\" content=\"https:\/\/www.facebook.com\/portugalresidencyadvisors\" \/>\n<meta property=\"article:published_time\" content=\"2025-11-06T18:26:00+00:00\" \/>\n<meta property=\"article:modified_time\" content=\"2026-05-28T20:14:12+00:00\" \/>\n<meta property=\"og:image\" content=\"https:\/\/www.portugalresidencyadvisors.com\/wp-content\/uploads\/2025\/09\/comporta1-portugal-residency-advisors.webp\" \/>\n\t<meta property=\"og:image:width\" content=\"1920\" \/>\n\t<meta property=\"og:image:height\" content=\"1240\" \/>\n\t<meta property=\"og:image:type\" content=\"image\/jpeg\" \/>\n<meta name=\"author\" content=\"Katarzyna Znyk\" \/>\n<meta name=\"twitter:card\" content=\"summary_large_image\" \/>\n<meta name=\"twitter:creator\" content=\"@ptadvresidency\" \/>\n<meta name=\"twitter:site\" content=\"@ptadvresidency\" \/>\n<meta name=\"twitter:label1\" content=\"Escrito por\" \/>\n\t<meta name=\"twitter:data1\" content=\"Katarzyna Znyk\" \/>\n\t<meta name=\"twitter:label2\" content=\"Est. tempo de leitura\" \/>\n\t<meta name=\"twitter:data2\" content=\"12 minutos\" \/>\n<script type=\"application\/ld+json\" class=\"yoast-schema-graph\">{\"@context\":\"https:\\\/\\\/schema.org\",\"@graph\":[{\"@type\":\"Article\",\"@id\":\"https:\\\/\\\/www.portugalresidencyadvisors.com\\\/pt-br\\\/morar-em-comporta\\\/#article\",\"isPartOf\":{\"@id\":\"https:\\\/\\\/www.portugalresidencyadvisors.com\\\/pt-br\\\/morar-em-comporta\\\/\"},\"author\":{\"name\":\"Katarzyna Znyk\",\"@id\":\"https:\\\/\\\/www.portugalresidencyadvisors.com\\\/pt-br\\\/#\\\/schema\\\/person\\\/fc994ae73aae8a193d408540e7cb7eca\"},\"headline\":\"Comporta, Portugal: um guia completo para os \u201cHamptons de Portugal\u201d (2026)\",\"datePublished\":\"2025-11-06T18:26:00+00:00\",\"dateModified\":\"2026-05-28T20:14:12+00:00\",\"mainEntityOfPage\":{\"@id\":\"https:\\\/\\\/www.portugalresidencyadvisors.com\\\/pt-br\\\/morar-em-comporta\\\/\"},\"wordCount\":2479,\"publisher\":{\"@id\":\"https:\\\/\\\/www.portugalresidencyadvisors.com\\\/pt-br\\\/#organization\"},\"image\":{\"@id\":\"https:\\\/\\\/www.portugalresidencyadvisors.com\\\/pt-br\\\/morar-em-comporta\\\/#primaryimage\"},\"thumbnailUrl\":\"https:\\\/\\\/www.portugalresidencyadvisors.com\\\/wp-content\\\/uploads\\\/2025\\\/09\\\/comporta1-portugal-residency-advisors.webp\",\"articleSection\":[\"Mudan\u00e7a\",\"Lugares para morar\"],\"inLanguage\":\"pt-BR\"},{\"@type\":\"WebPage\",\"@id\":\"https:\\\/\\\/www.portugalresidencyadvisors.com\\\/pt-br\\\/morar-em-comporta\\\/\",\"url\":\"https:\\\/\\\/www.portugalresidencyadvisors.com\\\/pt-br\\\/morar-em-comporta\\\/\",\"name\":\"Comporta, Portugal: um guia completo para os \u201cHamptons de Portugal\u201d (2026)\",\"isPartOf\":{\"@id\":\"https:\\\/\\\/www.portugalresidencyadvisors.com\\\/pt-br\\\/#website\"},\"primaryImageOfPage\":{\"@id\":\"https:\\\/\\\/www.portugalresidencyadvisors.com\\\/pt-br\\\/morar-em-comporta\\\/#primaryimage\"},\"image\":{\"@id\":\"https:\\\/\\\/www.portugalresidencyadvisors.com\\\/pt-br\\\/morar-em-comporta\\\/#primaryimage\"},\"thumbnailUrl\":\"https:\\\/\\\/www.portugalresidencyadvisors.com\\\/wp-content\\\/uploads\\\/2025\\\/09\\\/comporta1-portugal-residency-advisors.webp\",\"datePublished\":\"2025-11-06T18:26:00+00:00\",\"dateModified\":\"2026-05-28T20:14:12+00:00\",\"description\":\"Descubra Comporta Portugal em 2026. Explore estilo de vida, im\u00f3veis, praias e por que \u00e9 um dos destinos costeiros mais exclusivos da Europa.\",\"breadcrumb\":{\"@id\":\"https:\\\/\\\/www.portugalresidencyadvisors.com\\\/pt-br\\\/morar-em-comporta\\\/#breadcrumb\"},\"inLanguage\":\"pt-BR\",\"potentialAction\":[{\"@type\":\"ReadAction\",\"target\":[\"https:\\\/\\\/www.portugalresidencyadvisors.com\\\/pt-br\\\/morar-em-comporta\\\/\"]}]},{\"@type\":\"ImageObject\",\"inLanguage\":\"pt-BR\",\"@id\":\"https:\\\/\\\/www.portugalresidencyadvisors.com\\\/pt-br\\\/morar-em-comporta\\\/#primaryimage\",\"url\":\"https:\\\/\\\/www.portugalresidencyadvisors.com\\\/wp-content\\\/uploads\\\/2025\\\/09\\\/comporta1-portugal-residency-advisors.webp\",\"contentUrl\":\"https:\\\/\\\/www.portugalresidencyadvisors.com\\\/wp-content\\\/uploads\\\/2025\\\/09\\\/comporta1-portugal-residency-advisors.webp\",\"width\":1920,\"height\":1240,\"caption\":\"Comporta beach, Portugal\"},{\"@type\":\"BreadcrumbList\",\"@id\":\"https:\\\/\\\/www.portugalresidencyadvisors.com\\\/pt-br\\\/morar-em-comporta\\\/#breadcrumb\",\"itemListElement\":[{\"@type\":\"ListItem\",\"position\":1,\"name\":\"Home\",\"item\":\"https:\\\/\\\/www.portugalresidencyadvisors.com\\\/pt-br\\\/\"},{\"@type\":\"ListItem\",\"position\":2,\"name\":\"Comporta, Portugal: um guia completo para os \u201cHamptons de Portugal\u201d (2026)\"}]},{\"@type\":\"WebSite\",\"@id\":\"https:\\\/\\\/www.portugalresidencyadvisors.com\\\/pt-br\\\/#website\",\"url\":\"https:\\\/\\\/www.portugalresidencyadvisors.com\\\/pt-br\\\/\",\"name\":\"Portugal Residency Advisors\",\"description\":\"We help individuals wishing to work, study, retire, invest or moving to Portugal\",\"publisher\":{\"@id\":\"https:\\\/\\\/www.portugalresidencyadvisors.com\\\/pt-br\\\/#organization\"},\"alternateName\":\"Portugal Residency Made Easy\",\"potentialAction\":[{\"@type\":\"SearchAction\",\"target\":{\"@type\":\"EntryPoint\",\"urlTemplate\":\"https:\\\/\\\/www.portugalresidencyadvisors.com\\\/pt-br\\\/?s={search_term_string}\"},\"query-input\":{\"@type\":\"PropertyValueSpecification\",\"valueRequired\":true,\"valueName\":\"search_term_string\"}}],\"inLanguage\":\"pt-BR\"},{\"@type\":\"Organization\",\"@id\":\"https:\\\/\\\/www.portugalresidencyadvisors.com\\\/pt-br\\\/#organization\",\"name\":\"Consultores de resid\u00eancia em Portugal\",\"alternateName\":\"PTADV - Portugal Residency Advisors Unipessoal, Lda\",\"url\":\"https:\\\/\\\/www.portugalresidencyadvisors.com\\\/pt-br\\\/\",\"logo\":{\"@type\":\"ImageObject\",\"inLanguage\":\"pt-BR\",\"@id\":\"https:\\\/\\\/www.portugalresidencyadvisors.com\\\/pt-br\\\/#\\\/schema\\\/logo\\\/image\\\/\",\"url\":\"https:\\\/\\\/www.portugalresidencyadvisors.com\\\/wp-content\\\/uploads\\\/2023\\\/03\\\/Logotipo-Versao-Principal-01.png\",\"contentUrl\":\"https:\\\/\\\/www.portugalresidencyadvisors.com\\\/wp-content\\\/uploads\\\/2023\\\/03\\\/Logotipo-Versao-Principal-01.png\",\"width\":1772,\"height\":1182,\"caption\":\"Consultores de resid\u00eancia em Portugal\"},\"image\":{\"@id\":\"https:\\\/\\\/www.portugalresidencyadvisors.com\\\/pt-br\\\/#\\\/schema\\\/logo\\\/image\\\/\"},\"sameAs\":[\"https:\\\/\\\/www.facebook.com\\\/portugalresidencyadvisors\",\"https:\\\/\\\/x.com\\\/ptadvresidency\",\"https:\\\/\\\/www.linkedin.com\\\/company\\\/portugal-residency-advisors\\\/\"]},{\"@type\":\"Person\",\"@id\":\"https:\\\/\\\/www.portugalresidencyadvisors.com\\\/pt-br\\\/#\\\/schema\\\/person\\\/fc994ae73aae8a193d408540e7cb7eca\",\"name\":\"Katarzyna Znyk\",\"image\":{\"@type\":\"ImageObject\",\"inLanguage\":\"pt-BR\",\"@id\":\"https:\\\/\\\/secure.gravatar.com\\\/avatar\\\/dfe958e9d5ed84270895fb1c2c6841dc29094217115d3e838a10e39b37f235cb?s=96&d=mm&r=g\",\"url\":\"https:\\\/\\\/secure.gravatar.com\\\/avatar\\\/dfe958e9d5ed84270895fb1c2c6841dc29094217115d3e838a10e39b37f235cb?s=96&d=mm&r=g\",\"contentUrl\":\"https:\\\/\\\/secure.gravatar.com\\\/avatar\\\/dfe958e9d5ed84270895fb1c2c6841dc29094217115d3e838a10e39b37f235cb?s=96&d=mm&r=g\",\"caption\":\"Katarzyna Znyk\"},\"url\":\"https:\\\/\\\/www.portugalresidencyadvisors.com\\\/pt-br\\\/author\\\/katarzyna-znyk\\\/\"}]}<\/script>\n<!-- \/ Yoast SEO plugin. -->","yoast_head_json":{"title":"Comporta, Portugal: um guia completo para os \u201cHamptons de Portugal\u201d (2026)","description":"Descubra Comporta Portugal em 2026. Explore estilo de vida, im\u00f3veis, praias e por que \u00e9 um dos destinos costeiros mais exclusivos da Europa.","robots":{"index":"index","follow":"follow","max-snippet":"max-snippet:-1","max-image-preview":"max-image-preview:large","max-video-preview":"max-video-preview:-1"},"canonical":"https:\/\/www.portugalresidencyadvisors.com\/pt-br\/morar-em-comporta\/","og_locale":"pt_BR","og_type":"article","og_title":"Comporta, Portugal: um guia completo para os \u201cHamptons de Portugal\u201d (2026)","og_description":"Descubra Comporta Portugal em 2026. Explore estilo de vida, im\u00f3veis, praias e por que \u00e9 um dos destinos costeiros mais exclusivos da Europa.","og_url":"https:\/\/www.portugalresidencyadvisors.com\/pt-br\/morar-em-comporta\/","og_site_name":"Portugal Residency Advisors","article_publisher":"https:\/\/www.facebook.com\/portugalresidencyadvisors","article_published_time":"2025-11-06T18:26:00+00:00","article_modified_time":"2026-05-28T20:14:12+00:00","og_image":[{"width":1920,"height":1240,"url":"https:\/\/www.portugalresidencyadvisors.com\/wp-content\/uploads\/2025\/09\/comporta1-portugal-residency-advisors.webp","type":"image\/jpeg"}],"author":"Katarzyna Znyk","twitter_card":"summary_large_image","twitter_creator":"@ptadvresidency","twitter_site":"@ptadvresidency","twitter_misc":{"Escrito por":"Katarzyna Znyk","Est. tempo de leitura":"12 minutos"},"schema":{"@context":"https:\/\/schema.org","@graph":[{"@type":"Article","@id":"https:\/\/www.portugalresidencyadvisors.com\/pt-br\/morar-em-comporta\/#article","isPartOf":{"@id":"https:\/\/www.portugalresidencyadvisors.com\/pt-br\/morar-em-comporta\/"},"author":{"name":"Katarzyna Znyk","@id":"https:\/\/www.portugalresidencyadvisors.com\/pt-br\/#\/schema\/person\/fc994ae73aae8a193d408540e7cb7eca"},"headline":"Comporta, Portugal: um guia completo para os \u201cHamptons de Portugal\u201d (2026)","datePublished":"2025-11-06T18:26:00+00:00","dateModified":"2026-05-28T20:14:12+00:00","mainEntityOfPage":{"@id":"https:\/\/www.portugalresidencyadvisors.com\/pt-br\/morar-em-comporta\/"},"wordCount":2479,"publisher":{"@id":"https:\/\/www.portugalresidencyadvisors.com\/pt-br\/#organization"},"image":{"@id":"https:\/\/www.portugalresidencyadvisors.com\/pt-br\/morar-em-comporta\/#primaryimage"},"thumbnailUrl":"https:\/\/www.portugalresidencyadvisors.com\/wp-content\/uploads\/2025\/09\/comporta1-portugal-residency-advisors.webp","articleSection":["Mudan\u00e7a","Lugares para morar"],"inLanguage":"pt-BR"},{"@type":"WebPage","@id":"https:\/\/www.portugalresidencyadvisors.com\/pt-br\/morar-em-comporta\/","url":"https:\/\/www.portugalresidencyadvisors.com\/pt-br\/morar-em-comporta\/","name":"Comporta, Portugal: um guia completo para os \u201cHamptons de Portugal\u201d (2026)","isPartOf":{"@id":"https:\/\/www.portugalresidencyadvisors.com\/pt-br\/#website"},"primaryImageOfPage":{"@id":"https:\/\/www.portugalresidencyadvisors.com\/pt-br\/morar-em-comporta\/#primaryimage"},"image":{"@id":"https:\/\/www.portugalresidencyadvisors.com\/pt-br\/morar-em-comporta\/#primaryimage"},"thumbnailUrl":"https:\/\/www.portugalresidencyadvisors.com\/wp-content\/uploads\/2025\/09\/comporta1-portugal-residency-advisors.webp","datePublished":"2025-11-06T18:26:00+00:00","dateModified":"2026-05-28T20:14:12+00:00","description":"Descubra Comporta Portugal em 2026. Explore estilo de vida, im\u00f3veis, praias e por que \u00e9 um dos destinos costeiros mais exclusivos da Europa.","breadcrumb":{"@id":"https:\/\/www.portugalresidencyadvisors.com\/pt-br\/morar-em-comporta\/#breadcrumb"},"inLanguage":"pt-BR","potentialAction":[{"@type":"ReadAction","target":["https:\/\/www.portugalresidencyadvisors.com\/pt-br\/morar-em-comporta\/"]}]},{"@type":"ImageObject","inLanguage":"pt-BR","@id":"https:\/\/www.portugalresidencyadvisors.com\/pt-br\/morar-em-comporta\/#primaryimage","url":"https:\/\/www.portugalresidencyadvisors.com\/wp-content\/uploads\/2025\/09\/comporta1-portugal-residency-advisors.webp","contentUrl":"https:\/\/www.portugalresidencyadvisors.com\/wp-content\/uploads\/2025\/09\/comporta1-portugal-residency-advisors.webp","width":1920,"height":1240,"caption":"Comporta beach, Portugal"},{"@type":"BreadcrumbList","@id":"https:\/\/www.portugalresidencyadvisors.com\/pt-br\/morar-em-comporta\/#breadcrumb","itemListElement":[{"@type":"ListItem","position":1,"name":"Home","item":"https:\/\/www.portugalresidencyadvisors.com\/pt-br\/"},{"@type":"ListItem","position":2,"name":"Comporta, Portugal: um guia completo para os \u201cHamptons de Portugal\u201d (2026)"}]},{"@type":"WebSite","@id":"https:\/\/www.portugalresidencyadvisors.com\/pt-br\/#website","url":"https:\/\/www.portugalresidencyadvisors.com\/pt-br\/","name":"Portugal Residency Advisors","description":"We help individuals wishing to work, study, retire, invest or moving to Portugal","publisher":{"@id":"https:\/\/www.portugalresidencyadvisors.com\/pt-br\/#organization"},"alternateName":"Portugal Residency Made Easy","potentialAction":[{"@type":"SearchAction","target":{"@type":"EntryPoint","urlTemplate":"https:\/\/www.portugalresidencyadvisors.com\/pt-br\/?s={search_term_string}"},"query-input":{"@type":"PropertyValueSpecification","valueRequired":true,"valueName":"search_term_string"}}],"inLanguage":"pt-BR"},{"@type":"Organization","@id":"https:\/\/www.portugalresidencyadvisors.com\/pt-br\/#organization","name":"Consultores de resid\u00eancia em Portugal","alternateName":"PTADV - Portugal Residency Advisors Unipessoal, Lda","url":"https:\/\/www.portugalresidencyadvisors.com\/pt-br\/","logo":{"@type":"ImageObject","inLanguage":"pt-BR","@id":"https:\/\/www.portugalresidencyadvisors.com\/pt-br\/#\/schema\/logo\/image\/","url":"https:\/\/www.portugalresidencyadvisors.com\/wp-content\/uploads\/2023\/03\/Logotipo-Versao-Principal-01.png","contentUrl":"https:\/\/www.portugalresidencyadvisors.com\/wp-content\/uploads\/2023\/03\/Logotipo-Versao-Principal-01.png","width":1772,"height":1182,"caption":"Consultores de resid\u00eancia em Portugal"},"image":{"@id":"https:\/\/www.portugalresidencyadvisors.com\/pt-br\/#\/schema\/logo\/image\/"},"sameAs":["https:\/\/www.facebook.com\/portugalresidencyadvisors","https:\/\/x.com\/ptadvresidency","https:\/\/www.linkedin.com\/company\/portugal-residency-advisors\/"]},{"@type":"Person","@id":"https:\/\/www.portugalresidencyadvisors.com\/pt-br\/#\/schema\/person\/fc994ae73aae8a193d408540e7cb7eca","name":"Katarzyna Znyk","image":{"@type":"ImageObject","inLanguage":"pt-BR","@id":"https:\/\/secure.gravatar.com\/avatar\/dfe958e9d5ed84270895fb1c2c6841dc29094217115d3e838a10e39b37f235cb?s=96&d=mm&r=g","url":"https:\/\/secure.gravatar.com\/avatar\/dfe958e9d5ed84270895fb1c2c6841dc29094217115d3e838a10e39b37f235cb?s=96&d=mm&r=g","contentUrl":"https:\/\/secure.gravatar.com\/avatar\/dfe958e9d5ed84270895fb1c2c6841dc29094217115d3e838a10e39b37f235cb?s=96&d=mm&r=g","caption":"Katarzyna Znyk"},"url":"https:\/\/www.portugalresidencyadvisors.com\/pt-br\/author\/katarzyna-znyk\/"}]}},"_links":{"self":[{"href":"https:\/\/www.portugalresidencyadvisors.com\/pt-br\/wp-json\/wp\/v2\/posts\/30966","targetHints":{"allow":["GET"]}}],"collection":[{"href":"https:\/\/www.portugalresidencyadvisors.com\/pt-br\/wp-json\/wp\/v2\/posts"}],"about":[{"href":"https:\/\/www.portugalresidencyadvisors.com\/pt-br\/wp-json\/wp\/v2\/types\/post"}],"author":[{"embeddable":true,"href":"https:\/\/www.portugalresidencyadvisors.com\/pt-br\/wp-json\/wp\/v2\/users\/16"}],"replies":[{"embeddable":true,"href":"https:\/\/www.portugalresidencyadvisors.com\/pt-br\/wp-json\/wp\/v2\/comments?post=30966"}],"version-history":[{"count":0,"href":"https:\/\/www.portugalresidencyadvisors.com\/pt-br\/wp-json\/wp\/v2\/posts\/30966\/revisions"}],"wp:featuredmedia":[{"embeddable":true,"href":"https:\/\/www.portugalresidencyadvisors.com\/pt-br\/wp-json\/wp\/v2\/media\/26066"}],"wp:attachment":[{"href":"https:\/\/www.portugalresidencyadvisors.com\/pt-br\/wp-json\/wp\/v2\/media?parent=30966"}],"wp:term":[{"taxonomy":"category","embeddable":true,"href":"https:\/\/www.portugalresidencyadvisors.com\/pt-br\/wp-json\/wp\/v2\/categories?post=30966"},{"taxonomy":"post_tag","embeddable":true,"href":"https:\/\/www.portugalresidencyadvisors.com\/pt-br\/wp-json\/wp\/v2\/tags?post=30966"}],"curies":[{"name":"wp","href":"https:\/\/api.w.org\/{rel}","templated":true}]}}