{"id":22682,"date":"2024-11-30T07:03:53","date_gmt":"2024-11-30T07:03:53","guid":{"rendered":"https:\/\/www.portugalresidencyadvisors.com\/por-que-alugar-uma-casa-em-portugal-esta-se-tornando-tao-dificil-em-2025\/"},"modified":"2026-05-13T19:42:09","modified_gmt":"2026-05-13T19:42:09","slug":"crise-habitacao-portugal","status":"publish","type":"post","link":"https:\/\/www.portugalresidencyadvisors.com\/pt-br\/crise-habitacao-portugal\/","title":{"rendered":"Por que alugar em Portugal est\u00e1 t\u00e3o caro em 2026?"},"content":{"rendered":"\t\t<div data-elementor-type=\"wp-post\" data-elementor-id=\"22682\" class=\"elementor elementor-22682 elementor-14081\" data-elementor-post-type=\"post\">\n\t\t\t\t<div class=\"elementor-element elementor-element-bd12b81 e-flex e-con-boxed e-con e-parent\" data-id=\"bd12b81\" data-element_type=\"container\" data-e-type=\"container\">\n\t\t\t\t\t<div class=\"e-con-inner\">\n\t\t\t\t<div class=\"elementor-element elementor-element-99e8324 elementor-widget elementor-widget-text-editor\" data-id=\"99e8324\" data-element_type=\"widget\" data-e-type=\"widget\" data-widget_type=\"text-editor.default\">\n\t\t\t\t\t\t\t\t\t<p data-start=\"571\" data-end=\"660\">Alugar em Portugal costumava ser relativamente acess\u00edvel. Hoje, a hist\u00f3ria \u00e9 muito diferente. <\/p><p data-start=\"662\" data-end=\"826\">Em 2026, tanto locais quanto expatriados enfrentam a mesma realidade: pre\u00e7os mais altos, menos op\u00e7\u00f5es e competi\u00e7\u00e3o intensa\u2014especialmente em Lisboa, Porto e no Algarve.<\/p><p data-start=\"828\" data-end=\"864\">Ent\u00e3o, o que realmente est\u00e1 impulsionando essa mudan\u00e7a?<\/p>\t\t\t\t\t\t\t\t<\/div>\n\t\t\t\t\t<\/div>\n\t\t\t\t<\/div>\n\t\t<div class=\"elementor-element elementor-element-38654b5 e-flex e-con-boxed e-con e-parent\" data-id=\"38654b5\" data-element_type=\"container\" data-e-type=\"container\">\n\t\t\t\t\t<div class=\"e-con-inner\">\n\t\t\t\t<div class=\"elementor-element elementor-element-1012bc4 elementor-widget elementor-widget-heading\" data-id=\"1012bc4\" data-element_type=\"widget\" data-e-type=\"widget\" data-widget_type=\"heading.default\">\n\t\t\t\t\t<h2 class=\"elementor-heading-title elementor-size-default\">As Verdadeiras Raz\u00f5es Pelas Quais Alugar em Portugal \u00c9 T\u00e3o Caro<\/h2>\t\t\t\t<\/div>\n\t\t\t\t<div class=\"elementor-element elementor-element-fb99997 elementor-widget elementor-widget-text-editor\" data-id=\"fb99997\" data-element_type=\"widget\" data-e-type=\"widget\" data-widget_type=\"text-editor.default\">\n\t\t\t\t\t\t\t\t\t<p>N\u00e3o h\u00e1 apenas uma causa. A situa\u00e7\u00e3o atual \u00e9 resultado de v\u00e1rias tend\u00eancias ocorrendo simultaneamente. <\/p>\t\t\t\t\t\t\t\t<\/div>\n\t\t\t\t<div class=\"elementor-element elementor-element-d42c02e elementor-widget elementor-widget-heading\" data-id=\"d42c02e\" data-element_type=\"widget\" data-e-type=\"widget\" data-widget_type=\"heading.default\">\n\t\t\t\t\t<h3 class=\"elementor-heading-title elementor-size-default\">1. A Procura Aumentou Significativamente<\/h3>\t\t\t\t<\/div>\n\t\t\t\t<div class=\"elementor-element elementor-element-aa36d4f elementor-widget elementor-widget-text-editor\" data-id=\"aa36d4f\" data-element_type=\"widget\" data-e-type=\"widget\" data-widget_type=\"text-editor.default\">\n\t\t\t\t\t\t\t\t\t<p data-start=\"1087\" data-end=\"1151\">Portugal tornou-se um dos principais destinos de reloca\u00e7\u00e3o da Europa.<\/p><ul><li data-start=\"1155\" data-end=\"1163\">Expatriados<\/li><li data-start=\"1166\" data-end=\"1182\">N\u00f3madas digitais<\/li><li data-start=\"1185\" data-end=\"1201\">Trabalhadores remotos<\/li><\/ul><p data-start=\"1203\" data-end=\"1239\">Todos entrando no mesmo mercado de arrendamento.<\/p><p data-start=\"1241\" data-end=\"1338\">Exemplo:<\/p><p data-start=\"1241\" data-end=\"1338\">Um apartamento de dois quartos em Lisboa pode agora receber mais de 10 candidaturas em poucos dias.<\/p><p data-start=\"1340\" data-end=\"1462\">Se est\u00e1 a planear a sua mudan\u00e7a, vale a pena compreender o <strong data-start=\"1399\" data-end=\"1434\"><a class=\"decorated-link\" href=\"https:\/\/www.portugalresidencyadvisors.com\/pt-br\/custo-de-vida-portugal\/\" target=\"_blank\" rel=\"noopener\" data-start=\"1401\" data-end=\"1432\">custo de vida em Portugal<\/a><\/strong> antes de definir o seu or\u00e7amento.<\/p>\t\t\t\t\t\t\t\t<\/div>\n\t\t\t\t<div class=\"elementor-element elementor-element-7bf29ea elementor-widget elementor-widget-heading\" data-id=\"7bf29ea\" data-element_type=\"widget\" data-e-type=\"widget\" data-widget_type=\"heading.default\">\n\t\t\t\t\t<h3 class=\"elementor-heading-title elementor-size-default\">2. Oferta de Habita\u00e7\u00e3o Insuficiente<\/h3>\t\t\t\t<\/div>\n\t\t\t\t<div class=\"elementor-element elementor-element-aecde53 elementor-widget elementor-widget-text-editor\" data-id=\"aecde53\" data-element_type=\"widget\" data-e-type=\"widget\" data-widget_type=\"text-editor.default\">\n\t\t\t\t\t\t\t\t\t<p data-start=\"1503\" data-end=\"1553\">Enquanto a procura aumentou, a oferta n\u00e3o acompanhou.<\/p><p data-start=\"1555\" data-end=\"1587\">Os promotores est\u00e3o a concentrar-se mais em:<\/p><ul><li data-start=\"1590\" data-end=\"1613\">Empreendimentos de luxo<\/li><li data-start=\"1616\" data-end=\"1638\">Compradores internacionais<\/li><\/ul><p data-start=\"1640\" data-end=\"1666\">Isto deixa uma escassez de:<\/p><ul><li data-start=\"1669\" data-end=\"1689\">Arrendamentos acess\u00edveis<\/li><li data-start=\"1692\" data-end=\"1711\">Habita\u00e7\u00e3o de gama m\u00e9dia<\/li><\/ul>\t\t\t\t\t\t\t\t<\/div>\n\t\t\t\t<div class=\"elementor-element elementor-element-1dfaa7b elementor-widget elementor-widget-heading\" data-id=\"1dfaa7b\" data-element_type=\"widget\" data-e-type=\"widget\" data-widget_type=\"heading.default\">\n\t\t\t\t\t<h3 class=\"elementor-heading-title elementor-size-default\">3. Arrendamentos de Curta Dura\u00e7\u00e3o Ainda Afetam a Oferta<\/h3>\t\t\t\t<\/div>\n\t\t\t\t<div class=\"elementor-element elementor-element-655af9e elementor-widget elementor-widget-text-editor\" data-id=\"655af9e\" data-element_type=\"widget\" data-e-type=\"widget\" data-widget_type=\"text-editor.default\">\n\t\t\t\t\t\t\t\t\t<p data-start=\"147\" data-end=\"224\">Mesmo com novas restri\u00e7\u00f5es, os arrendamentos de curta dura\u00e7\u00e3o continuam a impactar o mercado.<\/p><ul><li data-start=\"228\" data-end=\"264\">Maior rentabilidade para os senhorios<\/li><li data-start=\"267\" data-end=\"304\">Menos incentivo para contratos de longa dura\u00e7\u00e3o<\/li><\/ul><p data-start=\"306\" data-end=\"358\">Resultado: menos propriedades dispon\u00edveis para residentes.<\/p><p data-start=\"360\" data-end=\"571\">Se deseja compreender como este mercado funciona numa perspetiva de investidor, consulte o nosso <strong data-start=\"446\" data-end=\"490\"><a class=\"decorated-link\" href=\"https:\/\/www.portugalresidencyadvisors.com\/pt-br\/aluguer-curta-duracao-portugal\/\" target=\"_blank\" rel=\"noopener\" data-start=\"448\" data-end=\"488\">guia de arrendamento de curta dura\u00e7\u00e3o em Portugal<\/a><\/strong>\u2014explica por que muitos propriet\u00e1rios ainda preferem este modelo apesar de regulamenta\u00e7\u00f5es mais rigorosas.<\/p>\t\t\t\t\t\t\t\t<\/div>\n\t\t\t\t<div class=\"elementor-element elementor-element-96094b5 elementor-widget elementor-widget-heading\" data-id=\"96094b5\" data-element_type=\"widget\" data-e-type=\"widget\" data-widget_type=\"heading.default\">\n\t\t\t\t\t<h3 class=\"elementor-heading-title elementor-size-default\">4. As Leis de Arrendamento Tornam os Senhorios Mais Cautelosos<\/h3>\t\t\t\t<\/div>\n\t\t\t\t<div class=\"elementor-element elementor-element-ddfdd44 elementor-widget elementor-widget-text-editor\" data-id=\"ddfdd44\" data-element_type=\"widget\" data-e-type=\"widget\" data-widget_type=\"text-editor.default\">\n\t\t\t\t\t\t\t\t\t<p data-start=\"2032\" data-end=\"2071\">Portugal tem fortes prote\u00e7\u00f5es para inquilinos.<\/p><p data-start=\"2073\" data-end=\"2111\">Embora positivo em teoria, leva a:<\/p><ul><li data-start=\"2114\" data-end=\"2139\">Senhorios mais cautelosos<\/li><li data-start=\"2142\" data-end=\"2169\">Sele\u00e7\u00e3o de inquilinos mais rigorosa<\/li><li data-start=\"2172\" data-end=\"2222\">Algumas propriedades ficando fora do mercado de longa dura\u00e7\u00e3o<\/li><\/ul>\t\t\t\t\t\t\t\t<\/div>\n\t\t\t\t<div class=\"elementor-element elementor-element-f4aa69a elementor-widget elementor-widget-heading\" data-id=\"f4aa69a\" data-element_type=\"widget\" data-e-type=\"widget\" data-widget_type=\"heading.default\">\n\t\t\t\t\t<h3 class=\"elementor-heading-title elementor-size-default\">5. Os Pre\u00e7os dos Im\u00f3veis Aumentaram<\/h3>\t\t\t\t<\/div>\n\t\t\t\t<div class=\"elementor-element elementor-element-b4be05b elementor-widget elementor-widget-text-editor\" data-id=\"b4be05b\" data-element_type=\"widget\" data-e-type=\"widget\" data-widget_type=\"text-editor.default\">\n\t\t\t\t\t\t\t\t\t<p data-start=\"2268\" data-end=\"2336\">Nos \u00faltimos anos, os pre\u00e7os dos im\u00f3veis aumentaram em todo Portugal.<\/p><p data-start=\"2338\" data-end=\"2365\">Isto impacta diretamente o arrendamento:<\/p><ul data-start=\"2366\" data-end=\"2420\"><li data-section-id=\"1klw4wd\" data-start=\"2366\" data-end=\"2420\"><p data-start=\"2368\" data-end=\"2420\">Pre\u00e7o de compra mais alto \u2192 expectativas de arrendamento mais altas<\/p><\/li><\/ul><p data-start=\"2422\" data-end=\"2516\">Se est\u00e1 a considerar alternativas, consulte <strong data-start=\"2462\" data-end=\"2515\"><a class=\"decorated-link\" href=\"https:\/\/www.portugalresidencyadvisors.com\/pt-br\/comprar-imovel-portugal\/\" target=\"_blank\" rel=\"noopener\" data-start=\"2464\" data-end=\"2513\">comprar propriedade em Portugal.<\/a><\/strong><\/p>\t\t\t\t\t\t\t\t<\/div>\n\t\t\t\t<div class=\"elementor-element elementor-element-d626655 elementor-widget elementor-widget-image\" data-id=\"d626655\" data-element_type=\"widget\" data-e-type=\"widget\" data-widget_type=\"image.default\">\n\t\t\t\t\t\t\t\t\t\t\t\t\t\t\t<img fetchpriority=\"high\" decoding=\"async\" width=\"800\" height=\"574\" src=\"https:\/\/www.portugalresidencyadvisors.com\/wp-content\/uploads\/2023\/04\/cover-couple-happiness-renting-property-portugal-residency-advisors-1024x735.jpg\" class=\"attachment-large size-large wp-image-20023\" alt=\"cover couple happiness renting property portugal residency advisors scaled\" srcset=\"https:\/\/www.portugalresidencyadvisors.com\/wp-content\/uploads\/2023\/04\/cover-couple-happiness-renting-property-portugal-residency-advisors-1024x735.jpg 1024w, https:\/\/www.portugalresidencyadvisors.com\/wp-content\/uploads\/2023\/04\/cover-couple-happiness-renting-property-portugal-residency-advisors-300x215.jpg 300w, https:\/\/www.portugalresidencyadvisors.com\/wp-content\/uploads\/2023\/04\/cover-couple-happiness-renting-property-portugal-residency-advisors-768x552.jpg 768w, https:\/\/www.portugalresidencyadvisors.com\/wp-content\/uploads\/2023\/04\/cover-couple-happiness-renting-property-portugal-residency-advisors-1536x1103.jpg 1536w, https:\/\/www.portugalresidencyadvisors.com\/wp-content\/uploads\/2023\/04\/cover-couple-happiness-renting-property-portugal-residency-advisors-2048x1471.jpg 2048w\" sizes=\"(max-width: 800px) 100vw, 800px\" \/>\t\t\t\t\t\t\t\t\t\t\t\t\t\t\t<\/div>\n\t\t\t\t\t<\/div>\n\t\t\t\t<\/div>\n\t\t<div class=\"elementor-element elementor-element-bbf2216 e-flex e-con-boxed e-con e-parent\" data-id=\"bbf2216\" data-element_type=\"container\" data-e-type=\"container\">\n\t\t\t\t\t<div class=\"e-con-inner\">\n\t\t\t\t<div class=\"elementor-element elementor-element-147ff72 elementor-widget elementor-widget-heading\" data-id=\"147ff72\" data-element_type=\"widget\" data-e-type=\"widget\" data-widget_type=\"heading.default\">\n\t\t\t\t\t<h2 class=\"elementor-heading-title elementor-size-default\">Qu\u00e3o Caro \u00c9 Alugar em Portugal Hoje?<\/h2>\t\t\t\t<\/div>\n\t\t\t\t<div class=\"elementor-element elementor-element-2f40ef1 elementor-widget elementor-widget-text-editor\" data-id=\"2f40ef1\" data-element_type=\"widget\" data-e-type=\"widget\" data-widget_type=\"text-editor.default\">\n\t\t\t\t\t\t\t\t\t<p data-start=\"2571\" data-end=\"2616\">Os pre\u00e7os de arrendamento variam significativamente por localiza\u00e7\u00e3o.<\/p><ul><li data-start=\"2620\" data-end=\"2658\">Lisboa: pre\u00e7os mais altos, at\u00e9 20 \u20ac\/m\u00b2<\/li><li data-start=\"2661\" data-end=\"2695\">Porto: ligeiramente mais baixo mas a aumentar<\/li><li data-start=\"2698\" data-end=\"2730\">Algarve: flutua\u00e7\u00f5es sazonais<\/li><li data-start=\"2733\" data-end=\"2766\">Cidades menores: mais acess\u00edvel<\/li><\/ul><p data-start=\"2768\" data-end=\"2841\">Para uma an\u00e1lise detalhada, consulte <a class=\"decorated-link\" href=\"https:\/\/www.portugalresidencyadvisors.com\/pt-br\/custo-quarto-portugal\/\" target=\"_blank\" rel=\"noopener\" data-start=\"2802\" data-end=\"2838\">custo de alugar um quarto em Portugal<\/a>.<\/p>\t\t\t\t\t\t\t\t<\/div>\n\t\t\t\t\t<\/div>\n\t\t\t\t<\/div>\n\t\t<div class=\"elementor-element elementor-element-b4fe74f e-flex e-con-boxed e-con e-parent\" data-id=\"b4fe74f\" data-element_type=\"container\" data-e-type=\"container\">\n\t\t\t\t\t<div class=\"e-con-inner\">\n\t\t\t\t<div class=\"elementor-element elementor-element-ad1dfdf elementor-widget elementor-widget-heading\" data-id=\"ad1dfdf\" data-element_type=\"widget\" data-e-type=\"widget\" data-widget_type=\"heading.default\">\n\t\t\t\t\t<h2 class=\"elementor-heading-title elementor-size-default\">Por Que Parece T\u00e3o Competitivo<\/h2>\t\t\t\t<\/div>\n\t\t\t\t<div class=\"elementor-element elementor-element-3018adc elementor-widget elementor-widget-text-editor\" data-id=\"3018adc\" data-element_type=\"widget\" data-e-type=\"widget\" data-widget_type=\"text-editor.default\">\n\t\t\t\t\t\t\t\t\t<p data-start=\"2880\" data-end=\"2935\">Al\u00e9m do pre\u00e7o, o maior problema em 2026 \u00e9 a competi\u00e7\u00e3o.<\/p><h4 data-section-id=\"12zp3f6\" data-start=\"2937\" data-end=\"2971\">O que os inquilinos est\u00e3o a experienciar:<\/h4><ul><li data-start=\"2975\" data-end=\"3009\">M\u00faltiplos candidatos por propriedade<\/li><li data-start=\"3012\" data-end=\"3039\">Prazos de decis\u00e3o mais r\u00e1pidos<\/li><li data-start=\"3042\" data-end=\"3067\">Pagamentos iniciais mais altos<\/li><\/ul><p data-start=\"3069\" data-end=\"3132\">Em muitos casos, as propriedades s\u00e3o arrendadas em 24\u201348 horas.<\/p>\t\t\t\t\t\t\t\t<\/div>\n\t\t\t\t\t<\/div>\n\t\t\t\t<\/div>\n\t\t<div class=\"elementor-element elementor-element-0cc4aca e-flex e-con-boxed e-con e-parent\" data-id=\"0cc4aca\" data-element_type=\"container\" data-e-type=\"container\">\n\t\t\t\t\t<div class=\"e-con-inner\">\n\t\t\t\t<div class=\"elementor-element elementor-element-3ac8b6e elementor-widget elementor-widget-heading\" data-id=\"3ac8b6e\" data-element_type=\"widget\" data-e-type=\"widget\" data-widget_type=\"heading.default\">\n\t\t\t\t\t<h2 class=\"elementor-heading-title elementor-size-default\">O Que Deve Saber Antes de Alugar em Portugal<\/h2>\t\t\t\t<\/div>\n\t\t\t\t<div class=\"elementor-element elementor-element-f03bb7e elementor-widget elementor-widget-text-editor\" data-id=\"f03bb7e\" data-element_type=\"widget\" data-e-type=\"widget\" data-widget_type=\"text-editor.default\">\n\t\t\t\t\t\t\t\t\t<p data-start=\"736\" data-end=\"807\">Se est\u00e1 a entrar no mercado de arrendamento em 2026, a prepara\u00e7\u00e3o \u00e9 essencial.<\/p><p data-start=\"809\" data-end=\"920\">O processo \u00e9 competitivo, e estar preparado pode fazer a diferen\u00e7a entre garantir uma propriedade\u2014ou perd\u00ea-la.<\/p><p data-start=\"922\" data-end=\"949\">A maioria dos senhorios espera:<\/p><ul><li data-start=\"952\" data-end=\"969\">Comprovativo de rendimentos<\/li><li data-start=\"972\" data-end=\"1004\">Extratos banc\u00e1rios ou declara\u00e7\u00f5es fiscais<\/li><li data-start=\"1007\" data-end=\"1023\">Identifica\u00e7\u00e3o<\/li><\/ul><p data-start=\"1025\" data-end=\"1082\">Deve tamb\u00e9m estar preparado para custos iniciais, tipicamente:<\/p><ul><li data-start=\"1085\" data-end=\"1102\">1\u20132 meses de renda<\/li><li data-start=\"1105\" data-end=\"1125\">1\u20132 meses de cau\u00e7\u00e3o<\/li><\/ul><p data-start=\"1127\" data-end=\"1176\">No total, isto pode significar 3\u20134 meses adiantados<\/p><p data-start=\"1178\" data-end=\"1247\">O timing \u00e9 cr\u00edtico. Em muitos casos, as propriedades s\u00e3o arrendadas em poucos dias. <\/p><p data-start=\"1249\" data-end=\"1331\">Para uma an\u00e1lise completa passo a passo, consulte o nosso <a class=\"decorated-link\" href=\"https:\/\/www.portugalresidencyadvisors.com\/pt-br\/alugar-imovel-portugal\/\" target=\"_blank\" rel=\"noopener\" data-start=\"1298\" data-end=\"1328\">guia de arrendamento em Portugal<\/a>.<\/p>\t\t\t\t\t\t\t\t<\/div>\n\t\t\t\t\t<\/div>\n\t\t\t\t<\/div>\n\t\t<div class=\"elementor-element elementor-element-66258335 banner e-flex e-con-boxed e-con e-parent\" data-id=\"66258335\" data-element_type=\"container\" data-e-type=\"container\" data-settings=\"{&quot;background_background&quot;:&quot;classic&quot;}\">\n\t\t\t\t\t<div class=\"e-con-inner\">\n\t\t\t\t<div class=\"elementor-element elementor-element-1b43ddc2 hwhite elementor-widget elementor-widget-heading\" data-id=\"1b43ddc2\" data-element_type=\"widget\" data-e-type=\"widget\" data-settings=\"{&quot;_animation&quot;:&quot;none&quot;,&quot;_animation_delay&quot;:900}\" data-widget_type=\"heading.default\">\n\t\t\t\t\t<h2 class=\"elementor-heading-title elementor-size-default\">Entre em contato com um especialista em propriedades de Portugal<\/h2>\t\t\t\t<\/div>\n\t\t\t\t<div class=\"elementor-element elementor-element-66d7fb94 elementor-widget elementor-widget-text-editor\" data-id=\"66d7fb94\" data-element_type=\"widget\" data-e-type=\"widget\" data-widget_type=\"text-editor.default\">\n\t\t\t\t\t\t\t\t\t<p data-pm-slice=\"1 1 []\">A Portugal Residency Advisors\u00ae auxiliou in\u00fameros investidores internacionais a investir com sucesso em Portugal. Descubra como nossa solu\u00e7\u00e3o confi\u00e1vel e completa torna sua jornada de investimento inteligente e simples. <\/p>\t\t\t\t\t\t\t\t<\/div>\n\t\t\t\t<div class=\"elementor-element elementor-element-aa0c120 elementor-align-center button-link-black elementor-widget elementor-widget-button\" data-id=\"aa0c120\" data-element_type=\"widget\" data-e-type=\"widget\" data-widget_type=\"button.default\">\n\t\t\t\t\t\t\t\t\t\t<a class=\"elementor-button elementor-button-link elementor-size-md\" href=\"#onpage-contact-form\">\n\t\t\t\t\t\t<span class=\"elementor-button-content-wrapper\">\n\t\t\t\t\t\t\t\t\t<span class=\"elementor-button-text\">Comece agora<\/span>\n\t\t\t\t\t<\/span>\n\t\t\t\t\t<\/a>\n\t\t\t\t\t\t\t\t<\/div>\n\t\t\t\t\t<\/div>\n\t\t\t\t<\/div>\n\t\t<div class=\"elementor-element elementor-element-37d7e05 e-flex e-con-boxed e-con e-parent\" data-id=\"37d7e05\" data-element_type=\"container\" data-e-type=\"container\">\n\t\t\t\t\t<div class=\"e-con-inner\">\n\t\t\t\t<div class=\"elementor-element elementor-element-0d35a6a elementor-widget elementor-widget-heading\" data-id=\"0d35a6a\" data-element_type=\"widget\" data-e-type=\"widget\" data-widget_type=\"heading.default\">\n\t\t\t\t\t<h2 class=\"elementor-heading-title elementor-size-default\">Dicas para Encontrar um Arrendamento em Portugal em 2026<\/h2>\t\t\t\t<\/div>\n\t\t\t\t<div class=\"elementor-element elementor-element-55727e2 elementor-widget elementor-widget-text-editor\" data-id=\"55727e2\" data-element_type=\"widget\" data-e-type=\"widget\" data-widget_type=\"text-editor.default\">\n\t\t\t\t\t\t\t\t\t<p data-start=\"1385\" data-end=\"1448\">No mercado atual, rapidez e flexibilidade s\u00e3o mais importantes do que nunca.<\/p><p data-start=\"1450\" data-end=\"1477\">Algumas estrat\u00e9gias pr\u00e1ticas:<\/p><ul><li data-start=\"1480\" data-end=\"1533\">Tenha todos os documentos prontos antes de come\u00e7ar a procurar<\/li><li data-start=\"1536\" data-end=\"1565\">Responda rapidamente aos an\u00fancios<\/li><li data-start=\"1568\" data-end=\"1597\">Mantenha-se flex\u00edvel quanto \u00e0 localiza\u00e7\u00e3o<\/li><li data-start=\"1600\" data-end=\"1631\">Considere alojamento partilhado<\/li><li data-start=\"1634\" data-end=\"1677\">Ofere\u00e7a prazos de contrato mais longos quando poss\u00edvel<\/li><\/ul><p data-start=\"1679\" data-end=\"1791\">Exemplo:<\/p><p data-start=\"1679\" data-end=\"1791\">Viver apenas 20\u201330 minutos fora de Lisboa pode reduzir significativamente os custos e aumentar a disponibilidade.<\/p><p data-start=\"1793\" data-end=\"1888\">Pode tamb\u00e9m explorar os <a class=\"decorated-link\" href=\"https:\/\/www.portugalresidencyadvisors.com\/pt-br\/melhores-lugares-para-morar-portugal\/\" target=\"_blank\" rel=\"noopener\" data-start=\"1816\" data-end=\"1852\">melhores lugares para viver em Portugal<\/a> para alternativas mais acess\u00edveis.<\/p>\t\t\t\t\t\t\t\t<\/div>\n\t\t\t\t\t<\/div>\n\t\t\t\t<\/div>\n\t\t<div class=\"elementor-element elementor-element-2d4a6f2 e-flex e-con-boxed e-con e-parent\" data-id=\"2d4a6f2\" data-element_type=\"container\" data-e-type=\"container\">\n\t\t\t\t\t<div class=\"e-con-inner\">\n\t\t\t\t<div class=\"elementor-element elementor-element-fa6ded5 elementor-widget elementor-widget-heading\" data-id=\"fa6ded5\" data-element_type=\"widget\" data-e-type=\"widget\" data-widget_type=\"heading.default\">\n\t\t\t\t\t<h2 class=\"elementor-heading-title elementor-size-default\">Como podemos ajudar voc\u00ea<\/h2>\t\t\t\t<\/div>\n\t\t\t\t<div class=\"elementor-element elementor-element-720678b elementor-widget elementor-widget-text-editor\" data-id=\"720678b\" data-element_type=\"widget\" data-e-type=\"widget\" data-widget_type=\"text-editor.default\">\n\t\t\t\t\t\t\t\t\t<h4 class=\"p1\">Expertise local<\/h4><p class=\"p1\">Conhecemos Portugal como ningu\u00e9m. Ao focar exclusivamente em um \u00fanico pa\u00eds, oferecemos orienta\u00e7\u00f5es claras e pr\u00e1ticas, baseadas em profundo conhecimento local. <\/p><h4 class=\"p1\">Orienta\u00e7\u00e3o honesta<\/h4><p class=\"p1\">Recomendamos o que realmente \u00e9 melhor para voc\u00ea. Nossa orienta\u00e7\u00e3o \u00e9 baseada em experi\u00eancia real, ajudando clientes a economizar tempo e dinheiro com pre\u00e7os transparentes e justos. <\/p><h4 class=\"p1\">Solu\u00e7\u00e3o completa<\/h4><p class=\"p1\">Um \u00fanico ponto de contato para toda a sua realoca\u00e7\u00e3o. Da escolha do visto certo \u00e0 busca do seu novo lar e \u00e0 adapta\u00e7\u00e3o em Portugal, apoiamos voc\u00ea em cada etapa. <\/p><h4 class=\"p1\">Processo cont\u00ednuo<\/h4><p class=\"p1\">A tecnologia nos ajuda a simplificar o processo e reduzir a burocracia para nossos clientes. Como clientes tamb\u00e9m, entendemos como oferecer uma experi\u00eancia tranquila e eficiente. <\/p><p class=\"p1\"><span class=\"s1\"><a href=\"https:\/\/www.portugalresidencyadvisors.com\/relocation-to-portugal\/\">Descubra 10 Raz\u00f5es para Nos Escolher para a Sua Mudan\u00e7a para Portugal<\/a><\/span><\/p>\t\t\t\t\t\t\t\t<\/div>\n\t\t\t\t\t<\/div>\n\t\t\t\t<\/div>\n\t\t<div class=\"elementor-element elementor-element-7b8f05b e-flex e-con-boxed e-con e-parent\" data-id=\"7b8f05b\" data-element_type=\"container\" data-e-type=\"container\">\n\t\t\t\t\t<div class=\"e-con-inner\">\n\t\t\t\t<div class=\"elementor-element elementor-element-5c984e2 elementor-widget elementor-widget-html\" data-id=\"5c984e2\" data-element_type=\"widget\" data-e-type=\"widget\" data-widget_type=\"html.default\">\n\t\t\t\t\t<script type=\"application\/ld+json\">{\r\n  \"@context\": \"https:\/\/schema.org\/\", \r\n  \"@type\": \"Product\", \r\n  \"name\": \"Portugal Residency Advisors\u00ae\",\r\n  \"image\": \"https:\/\/www.portugalresidencyadvisors.com\/wp-content\/uploads\/2023\/03\/Logotipo-Versao-Principal-01.png\",\r\n  \"aggregateRating\": {\r\n    \"@type\": \"AggregateRating\",\r\n    \"ratingValue\": \"4.9\",\r\n    \"ratingCount\": \"50\",\r\n\t\"worstRating\": \"0\"\t\r\n  }\r\n}\r\n<\/script>\t\t\t\t<\/div>\n\t\t\t\t\t<\/div>\n\t\t\t\t<\/div>\n\t\t<div class=\"elementor-element elementor-element-114118f0 e-flex e-con-boxed e-con e-parent\" data-id=\"114118f0\" data-element_type=\"container\" data-e-type=\"container\">\n\t\t\t\t\t<div class=\"e-con-inner\">\n\t\t\t\t<div class=\"elementor-element elementor-element-2da0a1e2 elementor-view-default elementor-widget elementor-widget-icon\" data-id=\"2da0a1e2\" data-element_type=\"widget\" data-e-type=\"widget\" data-widget_type=\"icon.default\">\n\t\t\t\t\t\t\t<div class=\"elementor-icon-wrapper\">\n\t\t\t<div class=\"elementor-icon\">\n\t\t\t<svg xmlns=\"http:\/\/www.w3.org\/2000\/svg\" id=\"uuid-bbaa4b9d-eacc-4da7-8f1d-9d529f2f4582\" viewBox=\"0 0 171.03 171.16\"><g id=\"uuid-262094c7-4038-4617-8b78-fa7c3c7887c3\"><path d=\"m95.36,171.16h-19.82v-46.1c0-16.3-13.26-29.57-29.57-29.57H0v-19.82h45.98c27.23,0,49.39,22.15,49.39,49.39v46.1Z\"><\/path><path d=\"m75.67,0h19.82v46.1c0,16.3,13.26,29.57,29.57,29.57h45.98v19.82h-45.98c-27.23,0-49.39-22.15-49.39-49.39V0Z\"><\/path><path d=\"m24.1,161.01l-14.01-14.01,28.94-28.94c3.87-3.87,10.14-3.87,14.01,0h0c3.87,3.87,3.87,10.14,0,14.01l-28.94,28.94Z\"><\/path><path d=\"m146.94,10.15l14.01,14.01-28.94,28.94c-3.87,3.87-10.14,3.87-14.01,0h0c-3.87-3.87-3.87-10.14,0-14.01l28.94-28.94Z\"><\/path><path d=\"m160.95,147l-14.01,14.01-28.94-28.94c-3.87-3.87-3.87-10.14,0-14.01h0c3.87-3.87,10.14-3.87,14.01,0l28.94,28.94Z\"><\/path><path d=\"m10.08,24.16l14.01-14.01,28.94,28.94c3.87,3.87,3.87,10.14,0,14.01h0c-3.87,3.87-10.14,3.87-14.01,0L10.08,24.16Z\"><\/path><\/g><\/svg>\t\t\t<\/div>\n\t\t<\/div>\n\t\t\t\t\t\t<\/div>\n\t\t\t\t<div class=\"elementor-element elementor-element-24ef0388 elementor-widget elementor-widget-heading\" data-id=\"24ef0388\" data-element_type=\"widget\" data-e-type=\"widget\" data-widget_type=\"heading.default\">\n\t\t\t\t\t<h2 class=\"elementor-heading-title elementor-size-default\">Suas perguntas respondidas<\/h2>\t\t\t\t<\/div>\n\t\t\t\t<div class=\"elementor-element elementor-element-4d228216 faq-content elementor-widget elementor-widget-n-accordion\" data-id=\"4d228216\" data-element_type=\"widget\" data-e-type=\"widget\" data-settings=\"{&quot;default_state&quot;:&quot;all_collapsed&quot;,&quot;max_items_expended&quot;:&quot;one&quot;,&quot;n_accordion_animation_duration&quot;:{&quot;unit&quot;:&quot;ms&quot;,&quot;size&quot;:400,&quot;sizes&quot;:[]}}\" data-widget_type=\"nested-accordion.default\">\n\t\t\t\t\t\t\t<div class=\"e-n-accordion\" aria-label=\"Accordion. Open links with Enter or Space, close with Escape, and navigate with Arrow Keys\">\n\t\t\t\t\t\t<details id=\"e-n-accordion-item-1290\" class=\"e-n-accordion-item\" >\n\t\t\t\t<summary class=\"e-n-accordion-item-title\" data-accordion-index=\"1\" tabindex=\"0\" aria-expanded=\"false\" aria-controls=\"e-n-accordion-item-1290\" >\n\t\t\t\t\t<span class='e-n-accordion-item-title-header'><div class=\"e-n-accordion-item-title-text\"> Por que alugar em Portugal est\u00e1 t\u00e3o caro agora? <\/div><\/span>\n\t\t\t\t\t\t\t<span class='e-n-accordion-item-title-icon'>\n\t\t\t<span class='e-opened' ><svg aria-hidden=\"true\" class=\"e-font-icon-svg e-fas-times\" viewBox=\"0 0 352 512\" xmlns=\"http:\/\/www.w3.org\/2000\/svg\"><path d=\"M242.72 256l100.07-100.07c12.28-12.28 12.28-32.19 0-44.48l-22.24-22.24c-12.28-12.28-32.19-12.28-44.48 0L176 189.28 75.93 89.21c-12.28-12.28-32.19-12.28-44.48 0L9.21 111.45c-12.28 12.28-12.28 32.19 0 44.48L109.28 256 9.21 356.07c-12.28 12.28-12.28 32.19 0 44.48l22.24 22.24c12.28 12.28 32.2 12.28 44.48 0L176 322.72l100.07 100.07c12.28 12.28 32.2 12.28 44.48 0l22.24-22.24c12.28-12.28 12.28-32.19 0-44.48L242.72 256z\"><\/path><\/svg><\/span>\n\t\t\t<span class='e-closed'><svg aria-hidden=\"true\" class=\"e-font-icon-svg e-fas-caret-down\" viewBox=\"0 0 320 512\" xmlns=\"http:\/\/www.w3.org\/2000\/svg\"><path d=\"M31.3 192h257.3c17.8 0 26.7 21.5 14.1 34.1L174.1 354.8c-7.8 7.8-20.5 7.8-28.3 0L17.2 226.1C4.6 213.5 13.5 192 31.3 192z\"><\/path><\/svg><\/span>\n\t\t<\/span>\n\n\t\t\t\t\t\t<\/summary>\n\t\t\t\t<div role=\"region\" aria-labelledby=\"e-n-accordion-item-1290\" class=\"elementor-element elementor-element-8f8ada9 e-con-full e-flex e-con e-child\" data-id=\"8f8ada9\" data-element_type=\"container\" data-e-type=\"container\">\n\t\t\t\t<div class=\"elementor-element elementor-element-24e6f589 elementor-widget elementor-widget-text-editor\" data-id=\"24e6f589\" data-element_type=\"widget\" data-e-type=\"widget\" data-widget_type=\"text-editor.default\">\n\t\t\t\t\t\t\t\t\t<p>A alta procura de expatriados, a oferta limitada de habita\u00e7\u00e3o e o aumento dos pre\u00e7os dos im\u00f3veis elevaram significativamente os custos de arrendamento.<\/p>\t\t\t\t\t\t\t\t<\/div>\n\t\t\t\t<\/div>\n\t\t\t\t\t<\/details>\n\t\t\t\t\t\t<details id=\"e-n-accordion-item-1291\" class=\"e-n-accordion-item\" >\n\t\t\t\t<summary class=\"e-n-accordion-item-title\" data-accordion-index=\"2\" tabindex=\"-1\" aria-expanded=\"false\" aria-controls=\"e-n-accordion-item-1291\" >\n\t\t\t\t\t<span class='e-n-accordion-item-title-header'><div class=\"e-n-accordion-item-title-text\"> \u00c9 dif\u00edcil alugar em Portugal em 2026? <\/div><\/span>\n\t\t\t\t\t\t\t<span class='e-n-accordion-item-title-icon'>\n\t\t\t<span class='e-opened' ><svg aria-hidden=\"true\" class=\"e-font-icon-svg e-fas-times\" viewBox=\"0 0 352 512\" xmlns=\"http:\/\/www.w3.org\/2000\/svg\"><path d=\"M242.72 256l100.07-100.07c12.28-12.28 12.28-32.19 0-44.48l-22.24-22.24c-12.28-12.28-32.19-12.28-44.48 0L176 189.28 75.93 89.21c-12.28-12.28-32.19-12.28-44.48 0L9.21 111.45c-12.28 12.28-12.28 32.19 0 44.48L109.28 256 9.21 356.07c-12.28 12.28-12.28 32.19 0 44.48l22.24 22.24c12.28 12.28 32.2 12.28 44.48 0L176 322.72l100.07 100.07c12.28 12.28 32.2 12.28 44.48 0l22.24-22.24c12.28-12.28 12.28-32.19 0-44.48L242.72 256z\"><\/path><\/svg><\/span>\n\t\t\t<span class='e-closed'><svg aria-hidden=\"true\" class=\"e-font-icon-svg e-fas-caret-down\" viewBox=\"0 0 320 512\" xmlns=\"http:\/\/www.w3.org\/2000\/svg\"><path d=\"M31.3 192h257.3c17.8 0 26.7 21.5 14.1 34.1L174.1 354.8c-7.8 7.8-20.5 7.8-28.3 0L17.2 226.1C4.6 213.5 13.5 192 31.3 192z\"><\/path><\/svg><\/span>\n\t\t<\/span>\n\n\t\t\t\t\t\t<\/summary>\n\t\t\t\t<div role=\"region\" aria-labelledby=\"e-n-accordion-item-1291\" class=\"elementor-element elementor-element-160798c4 e-con-full e-flex e-con e-child\" data-id=\"160798c4\" data-element_type=\"container\" data-e-type=\"container\">\n\t\t\t\t<div class=\"elementor-element elementor-element-159eccf7 elementor-widget elementor-widget-text-editor\" data-id=\"159eccf7\" data-element_type=\"widget\" data-e-type=\"widget\" data-widget_type=\"text-editor.default\">\n\t\t\t\t\t\t\t\t\t<p>Sim. O mercado \u00e9 muito competitivo, especialmente em Lisboa e Porto, com m\u00faltiplos candidatos para cada propriedade.<\/p>\t\t\t\t\t\t\t\t<\/div>\n\t\t\t\t<\/div>\n\t\t\t\t\t<\/details>\n\t\t\t\t\t\t<details id=\"e-n-accordion-item-1292\" class=\"e-n-accordion-item\" >\n\t\t\t\t<summary class=\"e-n-accordion-item-title\" data-accordion-index=\"3\" tabindex=\"-1\" aria-expanded=\"false\" aria-controls=\"e-n-accordion-item-1292\" >\n\t\t\t\t\t<span class='e-n-accordion-item-title-header'><div class=\"e-n-accordion-item-title-text\"> Qual \u00e9 a renda m\u00e9dia em Portugal? <\/div><\/span>\n\t\t\t\t\t\t\t<span class='e-n-accordion-item-title-icon'>\n\t\t\t<span class='e-opened' ><svg aria-hidden=\"true\" class=\"e-font-icon-svg e-fas-times\" viewBox=\"0 0 352 512\" xmlns=\"http:\/\/www.w3.org\/2000\/svg\"><path d=\"M242.72 256l100.07-100.07c12.28-12.28 12.28-32.19 0-44.48l-22.24-22.24c-12.28-12.28-32.19-12.28-44.48 0L176 189.28 75.93 89.21c-12.28-12.28-32.19-12.28-44.48 0L9.21 111.45c-12.28 12.28-12.28 32.19 0 44.48L109.28 256 9.21 356.07c-12.28 12.28-12.28 32.19 0 44.48l22.24 22.24c12.28 12.28 32.2 12.28 44.48 0L176 322.72l100.07 100.07c12.28 12.28 32.2 12.28 44.48 0l22.24-22.24c12.28-12.28 12.28-32.19 0-44.48L242.72 256z\"><\/path><\/svg><\/span>\n\t\t\t<span class='e-closed'><svg aria-hidden=\"true\" class=\"e-font-icon-svg e-fas-caret-down\" viewBox=\"0 0 320 512\" xmlns=\"http:\/\/www.w3.org\/2000\/svg\"><path d=\"M31.3 192h257.3c17.8 0 26.7 21.5 14.1 34.1L174.1 354.8c-7.8 7.8-20.5 7.8-28.3 0L17.2 226.1C4.6 213.5 13.5 192 31.3 192z\"><\/path><\/svg><\/span>\n\t\t<\/span>\n\n\t\t\t\t\t\t<\/summary>\n\t\t\t\t<div role=\"region\" aria-labelledby=\"e-n-accordion-item-1292\" class=\"elementor-element elementor-element-51cbbf9d e-con-full e-flex e-con e-child\" data-id=\"51cbbf9d\" data-element_type=\"container\" data-e-type=\"container\">\n\t\t\t\t<div class=\"elementor-element elementor-element-39235fa9 elementor-widget elementor-widget-text-editor\" data-id=\"39235fa9\" data-element_type=\"widget\" data-e-type=\"widget\" data-widget_type=\"text-editor.default\">\n\t\t\t\t\t\t\t\t\t<p>Varia por cidade, mas alugar um quarto custa tipicamente 300\u2013700 \u20ac, enquanto apartamentos s\u00e3o significativamente mais caros.<\/p>\t\t\t\t\t\t\t\t<\/div>\n\t\t\t\t<\/div>\n\t\t\t\t\t<\/details>\n\t\t\t\t\t\t<details id=\"e-n-accordion-item-1293\" class=\"e-n-accordion-item\" >\n\t\t\t\t<summary class=\"e-n-accordion-item-title\" data-accordion-index=\"4\" tabindex=\"-1\" aria-expanded=\"false\" aria-controls=\"e-n-accordion-item-1293\" >\n\t\t\t\t\t<span class='e-n-accordion-item-title-header'><div class=\"e-n-accordion-item-title-text\"> Como posso encontrar um arrendamento mais rapidamente em Portugal? <\/div><\/span>\n\t\t\t\t\t\t\t<span class='e-n-accordion-item-title-icon'>\n\t\t\t<span class='e-opened' ><svg aria-hidden=\"true\" class=\"e-font-icon-svg e-fas-times\" viewBox=\"0 0 352 512\" xmlns=\"http:\/\/www.w3.org\/2000\/svg\"><path d=\"M242.72 256l100.07-100.07c12.28-12.28 12.28-32.19 0-44.48l-22.24-22.24c-12.28-12.28-32.19-12.28-44.48 0L176 189.28 75.93 89.21c-12.28-12.28-32.19-12.28-44.48 0L9.21 111.45c-12.28 12.28-12.28 32.19 0 44.48L109.28 256 9.21 356.07c-12.28 12.28-12.28 32.19 0 44.48l22.24 22.24c12.28 12.28 32.2 12.28 44.48 0L176 322.72l100.07 100.07c12.28 12.28 32.2 12.28 44.48 0l22.24-22.24c12.28-12.28 12.28-32.19 0-44.48L242.72 256z\"><\/path><\/svg><\/span>\n\t\t\t<span class='e-closed'><svg aria-hidden=\"true\" class=\"e-font-icon-svg e-fas-caret-down\" viewBox=\"0 0 320 512\" xmlns=\"http:\/\/www.w3.org\/2000\/svg\"><path d=\"M31.3 192h257.3c17.8 0 26.7 21.5 14.1 34.1L174.1 354.8c-7.8 7.8-20.5 7.8-28.3 0L17.2 226.1C4.6 213.5 13.5 192 31.3 192z\"><\/path><\/svg><\/span>\n\t\t<\/span>\n\n\t\t\t\t\t\t<\/summary>\n\t\t\t\t<div role=\"region\" aria-labelledby=\"e-n-accordion-item-1293\" class=\"elementor-element elementor-element-a7dbd67 e-con-full e-flex e-con e-child\" data-id=\"a7dbd67\" data-element_type=\"container\" data-e-type=\"container\">\n\t\t\t\t<div class=\"elementor-element elementor-element-6ea8523e elementor-widget elementor-widget-text-editor\" data-id=\"6ea8523e\" data-element_type=\"widget\" data-e-type=\"widget\" data-widget_type=\"text-editor.default\">\n\t\t\t\t\t\t\t\t\t<p>Prepare os documentos com anteced\u00eancia, aja rapidamente e mantenha-se flex\u00edvel quanto \u00e0 localiza\u00e7\u00e3o para melhorar as suas hip\u00f3teses.<\/p>\t\t\t\t\t\t\t\t<\/div>\n\t\t\t\t<\/div>\n\t\t\t\t\t<\/details>\n\t\t\t\t\t\t<details id=\"e-n-accordion-item-1294\" class=\"e-n-accordion-item\" >\n\t\t\t\t<summary class=\"e-n-accordion-item-title\" data-accordion-index=\"5\" tabindex=\"-1\" aria-expanded=\"false\" aria-controls=\"e-n-accordion-item-1294\" >\n\t\t\t\t\t<span class='e-n-accordion-item-title-header'><div class=\"e-n-accordion-item-title-text\"> Espera-se que os pre\u00e7os de arrendamento baixem em Portugal? <\/div><\/span>\n\t\t\t\t\t\t\t<span class='e-n-accordion-item-title-icon'>\n\t\t\t<span class='e-opened' ><svg aria-hidden=\"true\" class=\"e-font-icon-svg e-fas-times\" viewBox=\"0 0 352 512\" xmlns=\"http:\/\/www.w3.org\/2000\/svg\"><path d=\"M242.72 256l100.07-100.07c12.28-12.28 12.28-32.19 0-44.48l-22.24-22.24c-12.28-12.28-32.19-12.28-44.48 0L176 189.28 75.93 89.21c-12.28-12.28-32.19-12.28-44.48 0L9.21 111.45c-12.28 12.28-12.28 32.19 0 44.48L109.28 256 9.21 356.07c-12.28 12.28-12.28 32.19 0 44.48l22.24 22.24c12.28 12.28 32.2 12.28 44.48 0L176 322.72l100.07 100.07c12.28 12.28 32.2 12.28 44.48 0l22.24-22.24c12.28-12.28 12.28-32.19 0-44.48L242.72 256z\"><\/path><\/svg><\/span>\n\t\t\t<span class='e-closed'><svg aria-hidden=\"true\" class=\"e-font-icon-svg e-fas-caret-down\" viewBox=\"0 0 320 512\" xmlns=\"http:\/\/www.w3.org\/2000\/svg\"><path d=\"M31.3 192h257.3c17.8 0 26.7 21.5 14.1 34.1L174.1 354.8c-7.8 7.8-20.5 7.8-28.3 0L17.2 226.1C4.6 213.5 13.5 192 31.3 192z\"><\/path><\/svg><\/span>\n\t\t<\/span>\n\n\t\t\t\t\t\t<\/summary>\n\t\t\t\t<div role=\"region\" aria-labelledby=\"e-n-accordion-item-1294\" class=\"elementor-element elementor-element-2cdc8b4 e-con-full e-flex e-con e-child\" data-id=\"2cdc8b4\" data-element_type=\"container\" data-e-type=\"container\">\n\t\t\t\t<div class=\"elementor-element elementor-element-16dceb68 elementor-widget elementor-widget-text-editor\" data-id=\"16dceb68\" data-element_type=\"widget\" data-e-type=\"widget\" data-widget_type=\"text-editor.default\">\n\t\t\t\t\t\t\t\t\t<p>N\u00e3o a curto prazo. Embora novas pol\u00edticas possam ajudar, a procura permanece forte em todo o pa\u00eds. <\/p>\t\t\t\t\t\t\t\t<\/div>\n\t\t\t\t<\/div>\n\t\t\t\t\t<\/details>\n\t\t\t\t\t<\/div>\n\t\t\t\t\t<script type=\"application\/ld+json\">{\"@context\":\"https:\\\/\\\/schema.org\",\"@type\":\"FAQPage\",\"mainEntity\":[{\"@type\":\"Question\",\"name\":\"Por que alugar em Portugal est\\u00e1 t\\u00e3o caro agora?\",\"acceptedAnswer\":{\"@type\":\"Answer\",\"text\":\"A alta procura de expatriados, a oferta limitada de habita\\u00e7\\u00e3o e o aumento dos pre\\u00e7os dos im\\u00f3veis elevaram significativamente os custos de arrendamento.\"}},{\"@type\":\"Question\",\"name\":\"\\u00c9 dif\\u00edcil alugar em Portugal em 2026?\",\"acceptedAnswer\":{\"@type\":\"Answer\",\"text\":\"Sim. O mercado \\u00e9 muito competitivo, especialmente em Lisboa e Porto, com m\\u00faltiplos candidatos para cada propriedade.\"}},{\"@type\":\"Question\",\"name\":\"Qual \\u00e9 a renda m\\u00e9dia em Portugal?\",\"acceptedAnswer\":{\"@type\":\"Answer\",\"text\":\"Varia por cidade, mas alugar um quarto custa tipicamente 300\\u2013700 \\u20ac, enquanto apartamentos s\\u00e3o significativamente mais caros.\"}},{\"@type\":\"Question\",\"name\":\"Como posso encontrar um arrendamento mais rapidamente em Portugal?\",\"acceptedAnswer\":{\"@type\":\"Answer\",\"text\":\"Prepare os documentos com anteced\\u00eancia, aja rapidamente e mantenha-se flex\\u00edvel quanto \\u00e0 localiza\\u00e7\\u00e3o para melhorar as suas hip\\u00f3teses.\"}},{\"@type\":\"Question\",\"name\":\"Espera-se que os pre\\u00e7os de arrendamento baixem em Portugal?\",\"acceptedAnswer\":{\"@type\":\"Answer\",\"text\":\"N\\u00e3o a curto prazo. Embora novas pol\\u00edticas possam ajudar, a procura permanece forte em todo o pa\\u00eds.\"}}]}<\/script>\n\t\t\t\t\t\t\t<\/div>\n\t\t\t\t\t<\/div>\n\t\t\t\t<\/div>\n\t\t<div class=\"elementor-element elementor-element-4f5ef38 e-flex e-con-boxed e-con e-parent\" data-id=\"4f5ef38\" data-element_type=\"container\" data-e-type=\"container\">\n\t\t\t\t\t<div class=\"e-con-inner\">\n\t\t\t\t<div class=\"elementor-element elementor-element-a702c03 elementor-widget elementor-widget-text-editor\" data-id=\"a702c03\" data-element_type=\"widget\" data-e-type=\"widget\" data-widget_type=\"text-editor.default\">\n\t\t\t\t\t\t\t\t\t<p data-start=\"4317\" data-end=\"4398\"><em>Alugar em Portugal \u00e9 mais caro em 2026 porque a procura ultrapassou a oferta. Com mais pessoas a mudarem-se para o pa\u00eds e habita\u00e7\u00e3o limitada dispon\u00edvel, os pre\u00e7os aumentaram e a competi\u00e7\u00e3o intensificou-se. Para os inquilinos, a chave \u00e9 simples: esteja preparado, aja rapidamente e mantenha-se flex\u00edvel.  <\/em><\/p>\t\t\t\t\t\t\t\t<\/div>\n\t\t\t\t\t<\/div>\n\t\t\t\t<\/div>\n\t\t\t\t<\/div>\n\t\t","protected":false},"excerpt":{"rendered":"<p>Alugar em Portugal costumava ser relativamente acess\u00edvel. Hoje, a hist\u00f3ria \u00e9 muito diferente. Em 2026, tanto locais quanto expatriados enfrentam a mesma realidade: pre\u00e7os mais altos, menos op\u00e7\u00f5es e competi\u00e7\u00e3o intensa\u2014especialmente em Lisboa, Porto e no Algarve. Ent\u00e3o, o que realmente est\u00e1 impulsionando essa mudan\u00e7a? As Verdadeiras Raz\u00f5es Pelas Quais Alugar em Portugal \u00c9 T\u00e3o [&hellip;]<\/p>\n","protected":false},"author":19,"featured_media":49751,"comment_status":"closed","ping_status":"open","sticky":false,"template":"","format":"standard","meta":{"_angie_page":false,"_jet_sm_ready_style":"","_jet_sm_style":"","_jet_sm_controls_values":"","_jet_sm_fonts_collection":"","_jet_sm_fonts_links":"","page_builder":"","footnotes":""},"categories":[119,259],"tags":[],"class_list":["post-22682","post","type-post","status-publish","format-standard","has-post-thumbnail","hentry","category-imobiliario","category-alugar"],"yoast_head":"<!-- This site is optimized with the Yoast SEO plugin v28.3 - https:\/\/yoast.com\/product\/yoast-seo-wordpress\/ -->\n<title>Por que alugar em Portugal est\u00e1 t\u00e3o caro em 2026?<\/title>\n<meta name=\"description\" content=\"Por que alugar em Portugal est\u00e1 t\u00e3o caro em 2026? Descubra os verdadeiros motivos por tr\u00e1s do aumento dos alugu\u00e9is e como garantir um im\u00f3vel no mercado atual.\" \/>\n<meta name=\"robots\" content=\"index, follow, max-snippet:-1, max-image-preview:large, max-video-preview:-1\" \/>\n<link rel=\"canonical\" href=\"https:\/\/www.portugalresidencyadvisors.com\/pt-br\/crise-habitacao-portugal\/\" \/>\n<meta property=\"og:locale\" content=\"pt_BR\" \/>\n<meta property=\"og:type\" content=\"article\" \/>\n<meta property=\"og:title\" content=\"Por que alugar em Portugal est\u00e1 t\u00e3o caro em 2026?\" \/>\n<meta property=\"og:description\" content=\"Por que alugar em Portugal est\u00e1 t\u00e3o caro em 2026? Descubra os verdadeiros motivos por tr\u00e1s do aumento dos alugu\u00e9is e como garantir um im\u00f3vel no mercado atual.\" \/>\n<meta property=\"og:url\" content=\"https:\/\/www.portugalresidencyadvisors.com\/pt-br\/crise-habitacao-portugal\/\" \/>\n<meta property=\"og:site_name\" content=\"Portugal Residency Advisors\" \/>\n<meta property=\"article:publisher\" content=\"https:\/\/www.facebook.com\/portugalresidencyadvisors\" \/>\n<meta property=\"article:published_time\" content=\"2024-11-30T07:03:53+00:00\" \/>\n<meta property=\"article:modified_time\" content=\"2026-05-13T19:42:09+00:00\" \/>\n<meta property=\"og:image\" content=\"https:\/\/www.portugalresidencyadvisors.com\/wp-content\/uploads\/2024\/11\/renting-portugal-residency-advisors-1.webp\" \/>\n\t<meta property=\"og:image:width\" content=\"1920\" \/>\n\t<meta property=\"og:image:height\" content=\"1280\" \/>\n\t<meta property=\"og:image:type\" content=\"image\/jpeg\" \/>\n<meta name=\"author\" content=\"Daniela Sabrosa\" \/>\n<meta name=\"twitter:card\" content=\"summary_large_image\" \/>\n<meta name=\"twitter:creator\" content=\"@ptadvresidency\" \/>\n<meta name=\"twitter:site\" content=\"@ptadvresidency\" \/>\n<meta name=\"twitter:label1\" content=\"Escrito por\" \/>\n\t<meta name=\"twitter:data1\" content=\"Daniela Sabrosa\" \/>\n\t<meta name=\"twitter:label2\" content=\"Est. tempo de leitura\" \/>\n\t<meta name=\"twitter:data2\" content=\"6 minutos\" \/>\n<script type=\"application\/ld+json\" class=\"yoast-schema-graph\">{\"@context\":\"https:\\\/\\\/schema.org\",\"@graph\":[{\"@type\":\"Article\",\"@id\":\"https:\\\/\\\/www.portugalresidencyadvisors.com\\\/pt-br\\\/crise-habitacao-portugal\\\/#article\",\"isPartOf\":{\"@id\":\"https:\\\/\\\/www.portugalresidencyadvisors.com\\\/pt-br\\\/crise-habitacao-portugal\\\/\"},\"author\":{\"name\":\"Daniela Sabrosa\",\"@id\":\"https:\\\/\\\/www.portugalresidencyadvisors.com\\\/pt-br\\\/#\\\/schema\\\/person\\\/0668352f89eaf03c510fcea5d53e83f6\"},\"headline\":\"Por que alugar em Portugal est\u00e1 t\u00e3o caro em 2026?\",\"datePublished\":\"2024-11-30T07:03:53+00:00\",\"dateModified\":\"2026-05-13T19:42:09+00:00\",\"mainEntityOfPage\":{\"@id\":\"https:\\\/\\\/www.portugalresidencyadvisors.com\\\/pt-br\\\/crise-habitacao-portugal\\\/\"},\"wordCount\":1161,\"publisher\":{\"@id\":\"https:\\\/\\\/www.portugalresidencyadvisors.com\\\/pt-br\\\/#organization\"},\"image\":{\"@id\":\"https:\\\/\\\/www.portugalresidencyadvisors.com\\\/pt-br\\\/crise-habitacao-portugal\\\/#primaryimage\"},\"thumbnailUrl\":\"https:\\\/\\\/www.portugalresidencyadvisors.com\\\/wp-content\\\/uploads\\\/2024\\\/11\\\/renting-portugal-residency-advisors-1.webp\",\"articleSection\":[\"Imobili\u00e1rio\",\"Alugar\"],\"inLanguage\":\"pt-BR\"},{\"@type\":\"WebPage\",\"@id\":\"https:\\\/\\\/www.portugalresidencyadvisors.com\\\/pt-br\\\/crise-habitacao-portugal\\\/\",\"url\":\"https:\\\/\\\/www.portugalresidencyadvisors.com\\\/pt-br\\\/crise-habitacao-portugal\\\/\",\"name\":\"Por que alugar em Portugal est\u00e1 t\u00e3o caro em 2026?\",\"isPartOf\":{\"@id\":\"https:\\\/\\\/www.portugalresidencyadvisors.com\\\/pt-br\\\/#website\"},\"primaryImageOfPage\":{\"@id\":\"https:\\\/\\\/www.portugalresidencyadvisors.com\\\/pt-br\\\/crise-habitacao-portugal\\\/#primaryimage\"},\"image\":{\"@id\":\"https:\\\/\\\/www.portugalresidencyadvisors.com\\\/pt-br\\\/crise-habitacao-portugal\\\/#primaryimage\"},\"thumbnailUrl\":\"https:\\\/\\\/www.portugalresidencyadvisors.com\\\/wp-content\\\/uploads\\\/2024\\\/11\\\/renting-portugal-residency-advisors-1.webp\",\"datePublished\":\"2024-11-30T07:03:53+00:00\",\"dateModified\":\"2026-05-13T19:42:09+00:00\",\"description\":\"Por que alugar em Portugal est\u00e1 t\u00e3o caro em 2026? Descubra os verdadeiros motivos por tr\u00e1s do aumento dos alugu\u00e9is e como garantir um im\u00f3vel no mercado atual.\",\"breadcrumb\":{\"@id\":\"https:\\\/\\\/www.portugalresidencyadvisors.com\\\/pt-br\\\/crise-habitacao-portugal\\\/#breadcrumb\"},\"inLanguage\":\"pt-BR\",\"potentialAction\":[{\"@type\":\"ReadAction\",\"target\":[\"https:\\\/\\\/www.portugalresidencyadvisors.com\\\/pt-br\\\/crise-habitacao-portugal\\\/\"]}]},{\"@type\":\"ImageObject\",\"inLanguage\":\"pt-BR\",\"@id\":\"https:\\\/\\\/www.portugalresidencyadvisors.com\\\/pt-br\\\/crise-habitacao-portugal\\\/#primaryimage\",\"url\":\"https:\\\/\\\/www.portugalresidencyadvisors.com\\\/wp-content\\\/uploads\\\/2024\\\/11\\\/renting-portugal-residency-advisors-1.webp\",\"contentUrl\":\"https:\\\/\\\/www.portugalresidencyadvisors.com\\\/wp-content\\\/uploads\\\/2024\\\/11\\\/renting-portugal-residency-advisors-1.webp\",\"width\":1920,\"height\":1280,\"caption\":\"empty house\"},{\"@type\":\"BreadcrumbList\",\"@id\":\"https:\\\/\\\/www.portugalresidencyadvisors.com\\\/pt-br\\\/crise-habitacao-portugal\\\/#breadcrumb\",\"itemListElement\":[{\"@type\":\"ListItem\",\"position\":1,\"name\":\"Home\",\"item\":\"https:\\\/\\\/www.portugalresidencyadvisors.com\\\/pt-br\\\/\"},{\"@type\":\"ListItem\",\"position\":2,\"name\":\"Por que alugar em Portugal est\u00e1 t\u00e3o caro em 2026?\"}]},{\"@type\":\"WebSite\",\"@id\":\"https:\\\/\\\/www.portugalresidencyadvisors.com\\\/pt-br\\\/#website\",\"url\":\"https:\\\/\\\/www.portugalresidencyadvisors.com\\\/pt-br\\\/\",\"name\":\"Portugal Residency Advisors\",\"description\":\"We help individuals wishing to work, study, retire, invest or moving to Portugal\",\"publisher\":{\"@id\":\"https:\\\/\\\/www.portugalresidencyadvisors.com\\\/pt-br\\\/#organization\"},\"alternateName\":\"Portugal Residency Made Easy\",\"potentialAction\":[{\"@type\":\"SearchAction\",\"target\":{\"@type\":\"EntryPoint\",\"urlTemplate\":\"https:\\\/\\\/www.portugalresidencyadvisors.com\\\/pt-br\\\/?s={search_term_string}\"},\"query-input\":{\"@type\":\"PropertyValueSpecification\",\"valueRequired\":true,\"valueName\":\"search_term_string\"}}],\"inLanguage\":\"pt-BR\"},{\"@type\":\"Organization\",\"@id\":\"https:\\\/\\\/www.portugalresidencyadvisors.com\\\/pt-br\\\/#organization\",\"name\":\"Consultores de resid\u00eancia em Portugal\",\"alternateName\":\"PTADV - Portugal Residency Advisors Unipessoal, Lda\",\"url\":\"https:\\\/\\\/www.portugalresidencyadvisors.com\\\/pt-br\\\/\",\"logo\":{\"@type\":\"ImageObject\",\"inLanguage\":\"pt-BR\",\"@id\":\"https:\\\/\\\/www.portugalresidencyadvisors.com\\\/pt-br\\\/#\\\/schema\\\/logo\\\/image\\\/\",\"url\":\"https:\\\/\\\/www.portugalresidencyadvisors.com\\\/wp-content\\\/uploads\\\/2023\\\/03\\\/Logotipo-Versao-Principal-01.png\",\"contentUrl\":\"https:\\\/\\\/www.portugalresidencyadvisors.com\\\/wp-content\\\/uploads\\\/2023\\\/03\\\/Logotipo-Versao-Principal-01.png\",\"width\":1772,\"height\":1182,\"caption\":\"Consultores de resid\u00eancia em Portugal\"},\"image\":{\"@id\":\"https:\\\/\\\/www.portugalresidencyadvisors.com\\\/pt-br\\\/#\\\/schema\\\/logo\\\/image\\\/\"},\"sameAs\":[\"https:\\\/\\\/www.facebook.com\\\/portugalresidencyadvisors\",\"https:\\\/\\\/x.com\\\/ptadvresidency\",\"https:\\\/\\\/www.linkedin.com\\\/company\\\/portugal-residency-advisors\\\/\"]},{\"@type\":\"Person\",\"@id\":\"https:\\\/\\\/www.portugalresidencyadvisors.com\\\/pt-br\\\/#\\\/schema\\\/person\\\/0668352f89eaf03c510fcea5d53e83f6\",\"name\":\"Daniela Sabrosa\",\"image\":{\"@type\":\"ImageObject\",\"inLanguage\":\"pt-BR\",\"@id\":\"https:\\\/\\\/secure.gravatar.com\\\/avatar\\\/f9a5c0ad54866d614a98c78d8067dd6829fd555622669199003f5e587ae596fc?s=96&d=mm&r=g\",\"url\":\"https:\\\/\\\/secure.gravatar.com\\\/avatar\\\/f9a5c0ad54866d614a98c78d8067dd6829fd555622669199003f5e587ae596fc?s=96&d=mm&r=g\",\"contentUrl\":\"https:\\\/\\\/secure.gravatar.com\\\/avatar\\\/f9a5c0ad54866d614a98c78d8067dd6829fd555622669199003f5e587ae596fc?s=96&d=mm&r=g\",\"caption\":\"Daniela Sabrosa\"},\"url\":\"https:\\\/\\\/www.portugalresidencyadvisors.com\\\/pt-br\\\/author\\\/daniela-sabrosa\\\/\"}]}<\/script>\n<!-- \/ Yoast SEO plugin. -->","yoast_head_json":{"title":"Por que alugar em Portugal est\u00e1 t\u00e3o caro em 2026?","description":"Por que alugar em Portugal est\u00e1 t\u00e3o caro em 2026? Descubra os verdadeiros motivos por tr\u00e1s do aumento dos alugu\u00e9is e como garantir um im\u00f3vel no mercado atual.","robots":{"index":"index","follow":"follow","max-snippet":"max-snippet:-1","max-image-preview":"max-image-preview:large","max-video-preview":"max-video-preview:-1"},"canonical":"https:\/\/www.portugalresidencyadvisors.com\/pt-br\/crise-habitacao-portugal\/","og_locale":"pt_BR","og_type":"article","og_title":"Por que alugar em Portugal est\u00e1 t\u00e3o caro em 2026?","og_description":"Por que alugar em Portugal est\u00e1 t\u00e3o caro em 2026? Descubra os verdadeiros motivos por tr\u00e1s do aumento dos alugu\u00e9is e como garantir um im\u00f3vel no mercado atual.","og_url":"https:\/\/www.portugalresidencyadvisors.com\/pt-br\/crise-habitacao-portugal\/","og_site_name":"Portugal Residency Advisors","article_publisher":"https:\/\/www.facebook.com\/portugalresidencyadvisors","article_published_time":"2024-11-30T07:03:53+00:00","article_modified_time":"2026-05-13T19:42:09+00:00","og_image":[{"width":1920,"height":1280,"url":"https:\/\/www.portugalresidencyadvisors.com\/wp-content\/uploads\/2024\/11\/renting-portugal-residency-advisors-1.webp","type":"image\/jpeg"}],"author":"Daniela Sabrosa","twitter_card":"summary_large_image","twitter_creator":"@ptadvresidency","twitter_site":"@ptadvresidency","twitter_misc":{"Escrito por":"Daniela Sabrosa","Est. tempo de leitura":"6 minutos"},"schema":{"@context":"https:\/\/schema.org","@graph":[{"@type":"Article","@id":"https:\/\/www.portugalresidencyadvisors.com\/pt-br\/crise-habitacao-portugal\/#article","isPartOf":{"@id":"https:\/\/www.portugalresidencyadvisors.com\/pt-br\/crise-habitacao-portugal\/"},"author":{"name":"Daniela Sabrosa","@id":"https:\/\/www.portugalresidencyadvisors.com\/pt-br\/#\/schema\/person\/0668352f89eaf03c510fcea5d53e83f6"},"headline":"Por que alugar em Portugal est\u00e1 t\u00e3o caro em 2026?","datePublished":"2024-11-30T07:03:53+00:00","dateModified":"2026-05-13T19:42:09+00:00","mainEntityOfPage":{"@id":"https:\/\/www.portugalresidencyadvisors.com\/pt-br\/crise-habitacao-portugal\/"},"wordCount":1161,"publisher":{"@id":"https:\/\/www.portugalresidencyadvisors.com\/pt-br\/#organization"},"image":{"@id":"https:\/\/www.portugalresidencyadvisors.com\/pt-br\/crise-habitacao-portugal\/#primaryimage"},"thumbnailUrl":"https:\/\/www.portugalresidencyadvisors.com\/wp-content\/uploads\/2024\/11\/renting-portugal-residency-advisors-1.webp","articleSection":["Imobili\u00e1rio","Alugar"],"inLanguage":"pt-BR"},{"@type":"WebPage","@id":"https:\/\/www.portugalresidencyadvisors.com\/pt-br\/crise-habitacao-portugal\/","url":"https:\/\/www.portugalresidencyadvisors.com\/pt-br\/crise-habitacao-portugal\/","name":"Por que alugar em Portugal est\u00e1 t\u00e3o caro em 2026?","isPartOf":{"@id":"https:\/\/www.portugalresidencyadvisors.com\/pt-br\/#website"},"primaryImageOfPage":{"@id":"https:\/\/www.portugalresidencyadvisors.com\/pt-br\/crise-habitacao-portugal\/#primaryimage"},"image":{"@id":"https:\/\/www.portugalresidencyadvisors.com\/pt-br\/crise-habitacao-portugal\/#primaryimage"},"thumbnailUrl":"https:\/\/www.portugalresidencyadvisors.com\/wp-content\/uploads\/2024\/11\/renting-portugal-residency-advisors-1.webp","datePublished":"2024-11-30T07:03:53+00:00","dateModified":"2026-05-13T19:42:09+00:00","description":"Por que alugar em Portugal est\u00e1 t\u00e3o caro em 2026? Descubra os verdadeiros motivos por tr\u00e1s do aumento dos alugu\u00e9is e como garantir um im\u00f3vel no mercado atual.","breadcrumb":{"@id":"https:\/\/www.portugalresidencyadvisors.com\/pt-br\/crise-habitacao-portugal\/#breadcrumb"},"inLanguage":"pt-BR","potentialAction":[{"@type":"ReadAction","target":["https:\/\/www.portugalresidencyadvisors.com\/pt-br\/crise-habitacao-portugal\/"]}]},{"@type":"ImageObject","inLanguage":"pt-BR","@id":"https:\/\/www.portugalresidencyadvisors.com\/pt-br\/crise-habitacao-portugal\/#primaryimage","url":"https:\/\/www.portugalresidencyadvisors.com\/wp-content\/uploads\/2024\/11\/renting-portugal-residency-advisors-1.webp","contentUrl":"https:\/\/www.portugalresidencyadvisors.com\/wp-content\/uploads\/2024\/11\/renting-portugal-residency-advisors-1.webp","width":1920,"height":1280,"caption":"empty house"},{"@type":"BreadcrumbList","@id":"https:\/\/www.portugalresidencyadvisors.com\/pt-br\/crise-habitacao-portugal\/#breadcrumb","itemListElement":[{"@type":"ListItem","position":1,"name":"Home","item":"https:\/\/www.portugalresidencyadvisors.com\/pt-br\/"},{"@type":"ListItem","position":2,"name":"Por que alugar em Portugal est\u00e1 t\u00e3o caro em 2026?"}]},{"@type":"WebSite","@id":"https:\/\/www.portugalresidencyadvisors.com\/pt-br\/#website","url":"https:\/\/www.portugalresidencyadvisors.com\/pt-br\/","name":"Portugal Residency Advisors","description":"We help individuals wishing to work, study, retire, invest or moving to Portugal","publisher":{"@id":"https:\/\/www.portugalresidencyadvisors.com\/pt-br\/#organization"},"alternateName":"Portugal Residency Made Easy","potentialAction":[{"@type":"SearchAction","target":{"@type":"EntryPoint","urlTemplate":"https:\/\/www.portugalresidencyadvisors.com\/pt-br\/?s={search_term_string}"},"query-input":{"@type":"PropertyValueSpecification","valueRequired":true,"valueName":"search_term_string"}}],"inLanguage":"pt-BR"},{"@type":"Organization","@id":"https:\/\/www.portugalresidencyadvisors.com\/pt-br\/#organization","name":"Consultores de resid\u00eancia em Portugal","alternateName":"PTADV - Portugal Residency Advisors Unipessoal, Lda","url":"https:\/\/www.portugalresidencyadvisors.com\/pt-br\/","logo":{"@type":"ImageObject","inLanguage":"pt-BR","@id":"https:\/\/www.portugalresidencyadvisors.com\/pt-br\/#\/schema\/logo\/image\/","url":"https:\/\/www.portugalresidencyadvisors.com\/wp-content\/uploads\/2023\/03\/Logotipo-Versao-Principal-01.png","contentUrl":"https:\/\/www.portugalresidencyadvisors.com\/wp-content\/uploads\/2023\/03\/Logotipo-Versao-Principal-01.png","width":1772,"height":1182,"caption":"Consultores de resid\u00eancia em Portugal"},"image":{"@id":"https:\/\/www.portugalresidencyadvisors.com\/pt-br\/#\/schema\/logo\/image\/"},"sameAs":["https:\/\/www.facebook.com\/portugalresidencyadvisors","https:\/\/x.com\/ptadvresidency","https:\/\/www.linkedin.com\/company\/portugal-residency-advisors\/"]},{"@type":"Person","@id":"https:\/\/www.portugalresidencyadvisors.com\/pt-br\/#\/schema\/person\/0668352f89eaf03c510fcea5d53e83f6","name":"Daniela Sabrosa","image":{"@type":"ImageObject","inLanguage":"pt-BR","@id":"https:\/\/secure.gravatar.com\/avatar\/f9a5c0ad54866d614a98c78d8067dd6829fd555622669199003f5e587ae596fc?s=96&d=mm&r=g","url":"https:\/\/secure.gravatar.com\/avatar\/f9a5c0ad54866d614a98c78d8067dd6829fd555622669199003f5e587ae596fc?s=96&d=mm&r=g","contentUrl":"https:\/\/secure.gravatar.com\/avatar\/f9a5c0ad54866d614a98c78d8067dd6829fd555622669199003f5e587ae596fc?s=96&d=mm&r=g","caption":"Daniela Sabrosa"},"url":"https:\/\/www.portugalresidencyadvisors.com\/pt-br\/author\/daniela-sabrosa\/"}]}},"_links":{"self":[{"href":"https:\/\/www.portugalresidencyadvisors.com\/pt-br\/wp-json\/wp\/v2\/posts\/22682","targetHints":{"allow":["GET"]}}],"collection":[{"href":"https:\/\/www.portugalresidencyadvisors.com\/pt-br\/wp-json\/wp\/v2\/posts"}],"about":[{"href":"https:\/\/www.portugalresidencyadvisors.com\/pt-br\/wp-json\/wp\/v2\/types\/post"}],"author":[{"embeddable":true,"href":"https:\/\/www.portugalresidencyadvisors.com\/pt-br\/wp-json\/wp\/v2\/users\/19"}],"replies":[{"embeddable":true,"href":"https:\/\/www.portugalresidencyadvisors.com\/pt-br\/wp-json\/wp\/v2\/comments?post=22682"}],"version-history":[{"count":0,"href":"https:\/\/www.portugalresidencyadvisors.com\/pt-br\/wp-json\/wp\/v2\/posts\/22682\/revisions"}],"wp:featuredmedia":[{"embeddable":true,"href":"https:\/\/www.portugalresidencyadvisors.com\/pt-br\/wp-json\/wp\/v2\/media\/49751"}],"wp:attachment":[{"href":"https:\/\/www.portugalresidencyadvisors.com\/pt-br\/wp-json\/wp\/v2\/media?parent=22682"}],"wp:term":[{"taxonomy":"category","embeddable":true,"href":"https:\/\/www.portugalresidencyadvisors.com\/pt-br\/wp-json\/wp\/v2\/categories?post=22682"},{"taxonomy":"post_tag","embeddable":true,"href":"https:\/\/www.portugalresidencyadvisors.com\/pt-br\/wp-json\/wp\/v2\/tags?post=22682"}],"curies":[{"name":"wp","href":"https:\/\/api.w.org\/{rel}","templated":true}]}}