{"id":20776,"date":"2023-11-29T01:12:13","date_gmt":"2023-11-29T01:12:13","guid":{"rendered":"https:\/\/www.portugalresidencyadvisors.com\/imposto-sobre-as-sociedades-irc-em-portugal-guia-especializado\/"},"modified":"2026-07-28T16:42:43","modified_gmt":"2026-07-28T16:42:43","slug":"impostos-em-portugal-imposto-sociedades","status":"publish","type":"post","link":"https:\/\/www.portugalresidencyadvisors.com\/pt-br\/impostos-em-portugal-imposto-sociedades\/","title":{"rendered":"Imposto sobre o rendimento das pessoas coletivas (IRC) em Portugal: guia para expatriados"},"content":{"rendered":"\t\t<div data-elementor-type=\"wp-post\" data-elementor-id=\"20776\" class=\"elementor elementor-20776 elementor-8861\" data-elementor-post-type=\"post\">\n\t\t\t\t<div class=\"elementor-element elementor-element-0373d99 e-flex e-con-boxed e-con e-parent\" data-id=\"0373d99\" data-element_type=\"container\" data-e-type=\"container\">\n\t\t\t\t\t<div class=\"e-con-inner\">\n\t\t\t\t<div class=\"elementor-element elementor-element-b3bbcdd elementor-widget elementor-widget-text-editor\" data-id=\"b3bbcdd\" data-element_type=\"widget\" data-e-type=\"widget\" data-widget_type=\"text-editor.default\">\n\t\t\t\t\t\t\t\t\t<p>Se voc\u00ea est\u00e1 pensando em abrir uma empresa em Portugal, entender como funciona o imposto sobre as sociedades (IRC) \u00e9 um dos primeiros passos para tomar decis\u00f5es inteligentes. O sistema tribut\u00e1rio de Portugal \u00e9 estruturado, favor\u00e1vel aos investidores e oferece diversos incentivos para novos neg\u00f3cios \u2014 mas pode parecer um pouco t\u00e9cnico se voc\u00ea n\u00e3o estiver familiarizado com ele.  <\/p>\n<p>Este guia oferece uma vis\u00e3o geral clara e direta do IRC para que voc\u00ea saiba o que esperar, quais benef\u00edcios pode aproveitar e como manter a conformidade desde o primeiro dia.<\/p>\t\t\t\t\t\t\t\t<\/div>\n\t\t\t\t\t<\/div>\n\t\t\t\t<\/div>\n\t\t<div class=\"elementor-element elementor-element-35f8254 e-flex e-con-boxed e-con e-parent\" data-id=\"35f8254\" data-element_type=\"container\" data-e-type=\"container\">\n\t\t\t\t\t<div class=\"e-con-inner\">\n\t\t\t\t<div class=\"elementor-element elementor-element-0332642 elementor-widget elementor-widget-heading\" data-id=\"0332642\" data-element_type=\"widget\" data-e-type=\"widget\" data-widget_type=\"heading.default\">\n\t\t\t\t\t<h2 class=\"elementor-heading-title elementor-size-default\">Quem paga imposto sobre as sociedades em Portugal?<\/h2>\t\t\t\t<\/div>\n\t\t\t\t<div class=\"elementor-element elementor-element-8fd9e81 elementor-widget elementor-widget-text-editor\" data-id=\"8fd9e81\" data-element_type=\"widget\" data-e-type=\"widget\" data-widget_type=\"text-editor.default\">\n\t\t\t\t\t\t\t\t\t<p>As empresas que s\u00e3o residentes fiscais em Portugal est\u00e3o sujeitas ao imposto sobre as sociedades sobre sua renda mundial. Uma empresa \u00e9 considerada residente se sua sede registrada ou local de administra\u00e7\u00e3o efetiva estiver localizado em Portugal.  <\/p>\n<p>Por outro lado, as empresas n\u00e3o residentes s\u00e3o tributadas apenas sobre a renda obtida em Portugal, geralmente por meio de reten\u00e7\u00e3o na fonte. As taxas exatas de reten\u00e7\u00e3o podem variar com base em quaisquer tratados de dupla tributa\u00e7\u00e3o em vigor. <\/p>\t\t\t\t\t\t\t\t<\/div>\n\t\t\t\t\t<\/div>\n\t\t\t\t<\/div>\n\t\t<div class=\"elementor-element elementor-element-5765e32 e-flex e-con-boxed e-con e-parent\" data-id=\"5765e32\" data-element_type=\"container\" data-e-type=\"container\">\n\t\t\t\t\t<div class=\"e-con-inner\">\n\t\t\t\t<div class=\"elementor-element elementor-element-2d6f521 elementor-widget elementor-widget-heading\" data-id=\"2d6f521\" data-element_type=\"widget\" data-e-type=\"widget\" data-widget_type=\"heading.default\">\n\t\t\t\t\t<h2 class=\"elementor-heading-title elementor-size-default\">Al\u00edquota do imposto sobre as sociedades em Portugal<\/h2>\t\t\t\t<\/div>\n\t\t\t\t<div class=\"elementor-element elementor-element-d169ba4 elementor-widget elementor-widget-text-editor\" data-id=\"d169ba4\" data-element_type=\"widget\" data-e-type=\"widget\" data-widget_type=\"text-editor.default\">\n\t\t\t\t\t\t\t\t\t<p data-start=\"43\" data-end=\"518\">Portugal aplica uma estrutura escalonada de imposto sobre as sociedades <a href=\"https:\/\/www2.gov.pt\/cidadaos-europeus-viajar-viver-e-fazer-negocios-em-portugal\/impostos-para-atividades-economicas-em-portugal\/imposto-sobre-o-rendimento-das-pessoas-coletivas-irc-em-portugal\" target=\"_blank\" rel=\"noopener\">(IRC)<\/a>. A al\u00edquota geral \u00e9 de <strong data-start=\"127\" data-end=\"134\">20%<\/strong> para empresas que ganham mais de <strong data-start=\"167\" data-end=\"178\">\u20ac50.000<\/strong> em lucros tribut\u00e1veis, enquanto empresas menores se beneficiam de uma <strong data-start=\"239\" data-end=\"259\">al\u00edquota reduzida de 16%<\/strong> sobre lucros at\u00e9 esse limite.  <\/p>\n<p data-start=\"43\" data-end=\"518\">Al\u00e9m disso, empresas maiores podem enfrentar uma sobretaxa estadual (derrama estadual), que se aplica a lucros acima de \u20ac1,5 milh\u00e3o e varia de 3% a 9%, potencialmente elevando a al\u00edquota efetiva total acima de 30%.<\/p>\n<p data-start=\"520\" data-end=\"889\" data-is-last-node=\"\" data-is-only-node=\"\">A maioria das empresas tamb\u00e9m est\u00e1 sujeita a uma sobretaxa municipal (derrama municipal) de at\u00e9 1,5%, dependendo do munic\u00edpio onde a empresa est\u00e1 estabelecida. Para aquelas que optam por operar nas regi\u00f5es da Madeira ou dos A\u00e7ores, aplicam-se al\u00edquotas significativamente mais baixas \u2014 algumas chegando a 8,75% \u2014 tornando essas \u00e1reas op\u00e7\u00f5es atraentes para planejamento tribut\u00e1rio estrat\u00e9gico. <\/p>\t\t\t\t\t\t\t\t<\/div>\n\t\t\t\t<div class=\"elementor-element elementor-element-efdcd0a elementor-widget elementor-widget-image\" data-id=\"efdcd0a\" data-element_type=\"widget\" data-e-type=\"widget\" data-widget_type=\"image.default\">\n\t\t\t\t\t\t\t\t\t\t\t\t\t\t\t<img fetchpriority=\"high\" decoding=\"async\" width=\"800\" height=\"534\" src=\"https:\/\/www.portugalresidencyadvisors.com\/wp-content\/uploads\/2025\/11\/tax-break-portugal-residency-advisors-1024x683.jpg\" class=\"attachment-large size-large wp-image-30794\" alt=\"Tax Advisory\" srcset=\"https:\/\/www.portugalresidencyadvisors.com\/wp-content\/uploads\/2025\/11\/tax-break-portugal-residency-advisors-1024x683.jpg 1024w, https:\/\/www.portugalresidencyadvisors.com\/wp-content\/uploads\/2025\/11\/tax-break-portugal-residency-advisors-300x200.jpg 300w, https:\/\/www.portugalresidencyadvisors.com\/wp-content\/uploads\/2025\/11\/tax-break-portugal-residency-advisors-768x512.jpg 768w, https:\/\/www.portugalresidencyadvisors.com\/wp-content\/uploads\/2025\/11\/tax-break-portugal-residency-advisors-1536x1024.jpg 1536w, https:\/\/www.portugalresidencyadvisors.com\/wp-content\/uploads\/2025\/11\/tax-break-portugal-residency-advisors.jpg 1920w\" sizes=\"(max-width: 800px) 100vw, 800px\" \/>\t\t\t\t\t\t\t\t\t\t\t\t\t\t\t<\/div>\n\t\t\t\t\t<\/div>\n\t\t\t\t<\/div>\n\t\t<div class=\"elementor-element elementor-element-837a954 e-flex e-con-boxed e-con e-parent\" data-id=\"837a954\" data-element_type=\"container\" data-e-type=\"container\">\n\t\t\t\t\t<div class=\"e-con-inner\">\n\t\t\t\t<div class=\"elementor-element elementor-element-2a0fd08 elementor-widget elementor-widget-heading\" data-id=\"2a0fd08\" data-element_type=\"widget\" data-e-type=\"widget\" data-widget_type=\"heading.default\">\n\t\t\t\t\t<h2 class=\"elementor-heading-title elementor-size-default\">Como pagar o imposto sobre as sociedades em Portugal<\/h2>\t\t\t\t<\/div>\n\t\t\t\t<div class=\"elementor-element elementor-element-b19f50a elementor-widget elementor-widget-text-editor\" data-id=\"b19f50a\" data-element_type=\"widget\" data-e-type=\"widget\" data-widget_type=\"text-editor.default\">\n\t\t\t\t\t\t\t\t\t<p data-start=\"54\" data-end=\"314\">As empresas em Portugal pagam o imposto sobre as sociedades atrav\u00e9s do <a href=\"https:\/\/info.portaldasfinancas.gov.pt\/pt\/at\/Pages\/default-0.aspx\" target=\"_blank\" rel=\"noopener\">Portal das Finan\u00e7as<\/a>, a plataforma online da Autoridade Tribut\u00e1ria portuguesa. Antes de qualquer coisa, toda empresa deve obter um n\u00famero de identifica\u00e7\u00e3o fiscal (NIPC) e se registrar para o imposto sobre as sociedades (IRC). <\/p>\n<p data-start=\"316\" data-end=\"578\">O ano fiscal em Portugal geralmente segue o ano civil, de 1\u00ba de janeiro a 31 de dezembro, embora as empresas possam solicitar aprova\u00e7\u00e3o para usar um per\u00edodo cont\u00e1bil diferente. A declara\u00e7\u00e3o anual do imposto sobre as sociedades deve ser apresentada at\u00e9 31 de maio do ano seguinte. <\/p>\n<p data-start=\"580\" data-end=\"883\" data-is-last-node=\"\" data-is-only-node=\"\">Portugal utiliza um sistema de pagamento conforme o rendimento para o imposto sobre as sociedades, o que significa que as empresas devem fazer pagamentos antecipados durante o ano. Para a maioria das empresas, essas parcelas vencem em julho, setembro e 15 de dezembro, com cada pagamento tipicamente igual a um ter\u00e7o da conta de impostos do ano anterior. <\/p>\t\t\t\t\t\t\t\t<\/div>\n\t\t\t\t<div class=\"elementor-element elementor-element-f1e18fc elementor-widget elementor-widget-heading\" data-id=\"f1e18fc\" data-element_type=\"widget\" data-e-type=\"widget\" data-widget_type=\"heading.default\">\n\t\t\t\t\t<h3 class=\"elementor-heading-title elementor-size-default\">C\u00e1lculo do imposto sobre as sociedades<\/h3>\t\t\t\t<\/div>\n\t\t\t\t<div class=\"elementor-element elementor-element-71e1cd1 elementor-widget elementor-widget-text-editor\" data-id=\"71e1cd1\" data-element_type=\"widget\" data-e-type=\"widget\" data-widget_type=\"text-editor.default\">\n\t\t\t\t\t\t\t\t\t<p data-start=\"93\" data-end=\"240\">Digamos que sua empresa tenha um faturamento de \u20ac3.000.000 e opere com uma margem de lucro de 15%. Isso lhe d\u00e1 um lucro tribut\u00e1vel de \u20ac450.000. <\/p>\n<p data-start=\"242\" data-end=\"282\">Aplicando as al\u00edquotas do imposto sobre as sociedades de Portugal:<\/p>\n<ul>\n<li data-start=\"286\" data-end=\"324\">Primeiros \u20ac50.000 \u00d7 16% = \u20ac8.000<\/li>\n<li data-start=\"327\" data-end=\"369\">Restantes \u20ac400.000 \u00d7 20% = \u20ac80.000<\/li>\n<li data-start=\"327\" data-end=\"369\">Total de imposto sobre as sociedades devido: \u20ac88.000<\/li>\n<\/ul>\t\t\t\t\t\t\t\t<\/div>\n\t\t\t\t\t<\/div>\n\t\t\t\t<\/div>\n\t\t<div class=\"elementor-element elementor-element-61ba4f4 e-flex e-con-boxed e-con e-parent\" data-id=\"61ba4f4\" data-element_type=\"container\" data-e-type=\"container\">\n\t\t\t\t\t<div class=\"e-con-inner\">\n\t\t\t\t<div class=\"elementor-element elementor-element-c2256ff elementor-widget elementor-widget-heading\" data-id=\"c2256ff\" data-element_type=\"widget\" data-e-type=\"widget\" data-widget_type=\"heading.default\">\n\t\t\t\t\t<h2 class=\"elementor-heading-title elementor-size-default\">Contribui\u00e7\u00e3o patronal para a seguridade social<\/h2>\t\t\t\t<\/div>\n\t\t\t\t<div class=\"elementor-element elementor-element-8ee8aa8 elementor-widget elementor-widget-text-editor\" data-id=\"8ee8aa8\" data-element_type=\"widget\" data-e-type=\"widget\" data-widget_type=\"text-editor.default\">\n\t\t\t\t\t\t\t\t\t<p data-start=\"110\" data-end=\"460\">Para <a href=\"https:\/\/www.portugalresidencyadvisors.com\/pt-br\/abrir-empresa-portugal\/\" target=\"_blank\" rel=\"noopener\">abrir uma empresa em Portugal<\/a>, voc\u00ea deve saber que os empregadores s\u00e3o obrigados a pagar uma contribui\u00e7\u00e3o significativa ao <a href=\"https:\/\/www.seg-social.pt\/ptss\/pssd\/home?dswid=9856\" target=\"_blank\" rel=\"noopener\">sistema de seguridade social<\/a> para cada funcion\u00e1rio. A al\u00edquota padr\u00e3o da contribui\u00e7\u00e3o patronal para a seguridade social \u00e9 de <strong data-start=\"242\" data-end=\"285\">23,75%<\/strong> do sal\u00e1rio mensal bruto do funcion\u00e1rio. Esta contribui\u00e7\u00e3o cobre v\u00e1rias \u00e1reas, incluindo pens\u00e3o, desemprego, doen\u00e7a, benef\u00edcios parentais e prote\u00e7\u00e3o contra acidentes de trabalho.  <\/p>\n<p data-start=\"462\" data-end=\"633\">Os funcion\u00e1rios tamb\u00e9m contribuem, mas a uma al\u00edquota menor de <strong data-start=\"512\" data-end=\"519\">11%<\/strong>, que \u00e9 deduzida diretamente de seu sal\u00e1rio. Juntos, esses pagamentos financiam o sistema de prote\u00e7\u00e3o social de Portugal. <\/p>\t\t\t\t\t\t\t\t<\/div>\n\t\t\t\t\t<\/div>\n\t\t\t\t<\/div>\n\t\t<div class=\"elementor-element elementor-element-2faa0cc e-flex e-con-boxed e-con e-parent\" data-id=\"2faa0cc\" data-element_type=\"container\" data-e-type=\"container\">\n\t\t\t\t\t<div class=\"e-con-inner\">\n\t\t\t\t<div class=\"elementor-element elementor-element-f1bf78d elementor-widget elementor-widget-heading\" data-id=\"f1bf78d\" data-element_type=\"widget\" data-e-type=\"widget\" data-widget_type=\"heading.default\">\n\t\t\t\t\t<h2 class=\"elementor-heading-title elementor-size-default\">Impostos sobre bens e servi\u00e7os (IVA) em Portugal<\/h2>\t\t\t\t<\/div>\n\t\t\t\t<div class=\"elementor-element elementor-element-3e26c7a elementor-widget elementor-widget-text-editor\" data-id=\"3e26c7a\" data-element_type=\"widget\" data-e-type=\"widget\" data-widget_type=\"text-editor.default\">\n\t\t\t\t\t\t\t\t\t<p data-start=\"94\" data-end=\"274\">Portugal aplica o Imposto sobre Valor Agregado <a href=\"https:\/\/www2.gov.pt\/cidadaos-europeus-viajar-viver-e-fazer-negocios-em-portugal\/impostos-para-atividades-economicas-em-portugal\/imposto-sobre-valor-acrescentado-iva-em-portugal\" target=\"_blank\" rel=\"noopener\">(IVA)<\/a>, conhecido localmente como IVA, sobre a maioria dos bens e servi\u00e7os vendidos no pa\u00eds. O sistema segue as regras do IVA da UE e inclui tr\u00eas al\u00edquotas principais: <\/p>\n<ul>\n<li data-start=\"278\" data-end=\"339\"><strong data-start=\"278\" data-end=\"299\">Al\u00edquota padr\u00e3o de 23%<\/strong> \u2013 aplicada \u00e0 maioria dos bens e servi\u00e7os.<\/li>\n<li data-start=\"342\" data-end=\"459\"><strong data-start=\"342\" data-end=\"367\">Al\u00edquota intermedi\u00e1ria de 13%<\/strong> \u2013 usada para certos produtos aliment\u00edcios, restaurantes, itens agr\u00edcolas e servi\u00e7os culturais.<\/li>\n<li data-start=\"462\" data-end=\"600\"><strong data-start=\"462\" data-end=\"481\">Al\u00edquota reduzida de 6%<\/strong> \u2013 para bens essenciais como itens aliment\u00edcios b\u00e1sicos, jornais, livros, suprimentos m\u00e9dicos e alguns servi\u00e7os de transporte.<\/li>\n<\/ul>\n<p data-start=\"602\" data-end=\"710\">As Regi\u00f5es Aut\u00f4nomas se beneficiam de IVA mais baixo: tanto a Madeira quanto os A\u00e7ores aplicam al\u00edquotas regionais reduzidas.<\/p>\n<p data-start=\"712\" data-end=\"989\">As empresas registradas para o IVA devem cobrar a al\u00edquota apropriada nas vendas, enviar declara\u00e7\u00f5es peri\u00f3dicas de IVA (mensais ou trimestrais) e pagar qualquer IVA devido \u00e0 Autoridade Tribut\u00e1ria portuguesa. As empresas tamb\u00e9m podem deduzir o IVA de entrada pago sobre despesas comerciais, desde que esses custos sejam eleg\u00edveis. <\/p>\t\t\t\t\t\t\t\t<\/div>\n\t\t\t\t<div class=\"elementor-element elementor-element-a72e2fe elementor-widget elementor-widget-image\" data-id=\"a72e2fe\" data-element_type=\"widget\" data-e-type=\"widget\" data-widget_type=\"image.default\">\n\t\t\t\t\t\t\t\t\t\t\t\t\t\t\t<img decoding=\"async\" width=\"800\" height=\"534\" src=\"https:\/\/www.portugalresidencyadvisors.com\/wp-content\/uploads\/2023\/04\/people-d1-working-visa-portugal-residency-advisors-1024x683.jpg\" class=\"attachment-large size-large wp-image-20006\" alt=\"people d1 working visa portugal residency advisors scaled\" srcset=\"https:\/\/www.portugalresidencyadvisors.com\/wp-content\/uploads\/2023\/04\/people-d1-working-visa-portugal-residency-advisors-1024x683.jpg 1024w, https:\/\/www.portugalresidencyadvisors.com\/wp-content\/uploads\/2023\/04\/people-d1-working-visa-portugal-residency-advisors-300x200.jpg 300w, https:\/\/www.portugalresidencyadvisors.com\/wp-content\/uploads\/2023\/04\/people-d1-working-visa-portugal-residency-advisors-768x512.jpg 768w, https:\/\/www.portugalresidencyadvisors.com\/wp-content\/uploads\/2023\/04\/people-d1-working-visa-portugal-residency-advisors-1536x1024.jpg 1536w, https:\/\/www.portugalresidencyadvisors.com\/wp-content\/uploads\/2023\/04\/people-d1-working-visa-portugal-residency-advisors-2048x1365.jpg 2048w\" sizes=\"(max-width: 800px) 100vw, 800px\" \/>\t\t\t\t\t\t\t\t\t\t\t\t\t\t\t<\/div>\n\t\t\t\t\t<\/div>\n\t\t\t\t<\/div>\n\t\t<div class=\"elementor-element elementor-element-a1e6e2e e-flex e-con-boxed e-con e-parent\" data-id=\"a1e6e2e\" data-element_type=\"container\" data-e-type=\"container\">\n\t\t\t\t\t<div class=\"e-con-inner\">\n\t\t\t\t<div class=\"elementor-element elementor-element-31dd7f2 elementor-widget elementor-widget-heading\" data-id=\"31dd7f2\" data-element_type=\"widget\" data-e-type=\"widget\" data-widget_type=\"heading.default\">\n\t\t\t\t\t<h2 class=\"elementor-heading-title elementor-size-default\">Por que escolher trabalhar conosco<\/h2>\t\t\t\t<\/div>\n\t\t\t\t<div class=\"elementor-element elementor-element-4b1eb1b elementor-widget elementor-widget-text-editor\" data-id=\"4b1eb1b\" data-element_type=\"widget\" data-e-type=\"widget\" data-widget_type=\"text-editor.default\">\n\t\t\t\t\t\t\t\t\t<div class=\"elementor-element elementor-element-679560d elementor-widget elementor-widget-heading\" data-id=\"679560d\" data-element_type=\"widget\" data-widget_type=\"heading.default\">\n<h4 class=\"p1\">Expertise local<\/h4>\n<p class=\"p1\">Conhecemos Portugal. Devido ao nosso extenso conhecimento local, acreditamos que concentrar nossos servi\u00e7os em um \u00fanico pa\u00eds de destino \u00e9 a melhor maneira de fornecer a voc\u00ea as informa\u00e7\u00f5es mais completas e \u00fateis. <\/p>\n<h4 class=\"p1\">Orienta\u00e7\u00e3o honesta<\/h4>\n<p class=\"p1\">Recomendamos o que \u00e9 melhor para voc\u00ea com base em uma extensa experi\u00eancia de processo que economiza tempo e dinheiro para os clientes. Nossa precifica\u00e7\u00e3o \u00e9 clara e competitiva, e n\u00e3o vendemos servi\u00e7os que nos rendam mais dinheiro. <\/p>\n<h4 class=\"p1\">Solu\u00e7\u00e3o completa<\/h4>\n<p class=\"p1\">Um \u00fanico canal de comunica\u00e7\u00e3o para todo o processo. Fornecemos um servi\u00e7o abrangente que cobre todos os aspectos de sua mudan\u00e7a, desde a identifica\u00e7\u00e3o do visto de resid\u00eancia ideal at\u00e9 encontrar sua nova casa ou ajud\u00e1-lo a se estabelecer. <\/p>\n<h4 class=\"p1\">Processo cont\u00ednuo<\/h4>\n<p class=\"p1\">A tecnologia desempenha um papel muito importante em nossa empresa. Minimizamos o envolvimento de nossos clientes com a burocracia. Somos clientes n\u00f3s mesmos e sabemos como atend\u00ea-lo.  <\/p>\n<\/div>\t\t\t\t\t\t\t\t<\/div>\n\t\t\t\t\t<\/div>\n\t\t\t\t<\/div>\n\t\t<div class=\"elementor-element elementor-element-5e2eea78 e-flex e-con-boxed e-con e-parent\" data-id=\"5e2eea78\" data-element_type=\"container\" data-e-type=\"container\">\n\t\t\t\t\t<div class=\"e-con-inner\">\n\t\t\t\t<div class=\"elementor-element elementor-element-27b29d94 elementor-widget elementor-widget-heading\" data-id=\"27b29d94\" data-element_type=\"widget\" data-e-type=\"widget\" data-widget_type=\"heading.default\">\n\t\t\t\t\t<h2 class=\"elementor-heading-title elementor-size-default\">Perguntas frequentes<\/h2>\t\t\t\t<\/div>\n\t\t\t\t<div class=\"elementor-element elementor-element-316b23d9 elementor-widget elementor-widget-n-accordion\" data-id=\"316b23d9\" data-element_type=\"widget\" data-e-type=\"widget\" data-settings=\"{&quot;default_state&quot;:&quot;all_collapsed&quot;,&quot;max_items_expended&quot;:&quot;one&quot;,&quot;n_accordion_animation_duration&quot;:{&quot;unit&quot;:&quot;ms&quot;,&quot;size&quot;:400,&quot;sizes&quot;:[]}}\" data-widget_type=\"nested-accordion.default\">\n\t\t\t\t\t\t\t<div class=\"e-n-accordion\" aria-label=\"Accordion. Open links with Enter or Space, close with Escape, and navigate with Arrow Keys\">\n\t\t\t\t\t\t<details id=\"e-n-accordion-item-8290\" class=\"e-n-accordion-item\" >\n\t\t\t\t<summary class=\"e-n-accordion-item-title\" data-accordion-index=\"1\" tabindex=\"0\" aria-expanded=\"false\" aria-controls=\"e-n-accordion-item-8290\" >\n\t\t\t\t\t<span class='e-n-accordion-item-title-header'><div class=\"e-n-accordion-item-title-text\"> Qual \u00e9 a taxa de imposto corporativo em Portugal? <\/div><\/span>\n\t\t\t\t\t\t\t<span class='e-n-accordion-item-title-icon'>\n\t\t\t<span class='e-opened' ><svg aria-hidden=\"true\" class=\"e-font-icon-svg e-fas-times\" viewBox=\"0 0 352 512\" xmlns=\"http:\/\/www.w3.org\/2000\/svg\"><path d=\"M242.72 256l100.07-100.07c12.28-12.28 12.28-32.19 0-44.48l-22.24-22.24c-12.28-12.28-32.19-12.28-44.48 0L176 189.28 75.93 89.21c-12.28-12.28-32.19-12.28-44.48 0L9.21 111.45c-12.28 12.28-12.28 32.19 0 44.48L109.28 256 9.21 356.07c-12.28 12.28-12.28 32.19 0 44.48l22.24 22.24c12.28 12.28 32.2 12.28 44.48 0L176 322.72l100.07 100.07c12.28 12.28 32.2 12.28 44.48 0l22.24-22.24c12.28-12.28 12.28-32.19 0-44.48L242.72 256z\"><\/path><\/svg><\/span>\n\t\t\t<span class='e-closed'><svg aria-hidden=\"true\" class=\"e-font-icon-svg e-fas-caret-down\" viewBox=\"0 0 320 512\" xmlns=\"http:\/\/www.w3.org\/2000\/svg\"><path d=\"M31.3 192h257.3c17.8 0 26.7 21.5 14.1 34.1L174.1 354.8c-7.8 7.8-20.5 7.8-28.3 0L17.2 226.1C4.6 213.5 13.5 192 31.3 192z\"><\/path><\/svg><\/span>\n\t\t<\/span>\n\n\t\t\t\t\t\t<\/summary>\n\t\t\t\t<div role=\"region\" aria-labelledby=\"e-n-accordion-item-8290\" class=\"elementor-element elementor-element-72d50605 e-con-full e-flex e-con e-child\" data-id=\"72d50605\" data-element_type=\"container\" data-e-type=\"container\">\n\t\t\t\t<div class=\"elementor-element elementor-element-12b5af7d elementor-widget elementor-widget-text-editor\" data-id=\"12b5af7d\" data-element_type=\"widget\" data-e-type=\"widget\" data-widget_type=\"text-editor.default\">\n\t\t\t\t\t\t\t\t\t<p data-start=\"63\" data-end=\"315\">A taxa padr\u00e3o de imposto corporativo em Portugal \u00e9 de 21% sobre os lucros tribut\u00e1veis. Esta taxa est\u00e1 ligeiramente abaixo da m\u00e9dia da UE. <\/p><p data-start=\"317\" data-end=\"541\"> <\/p>\t\t\t\t\t\t\t\t<\/div>\n\t\t\t\t<\/div>\n\t\t\t\t\t<\/details>\n\t\t\t\t\t\t<details id=\"e-n-accordion-item-8291\" class=\"e-n-accordion-item\" >\n\t\t\t\t<summary class=\"e-n-accordion-item-title\" data-accordion-index=\"2\" tabindex=\"-1\" aria-expanded=\"false\" aria-controls=\"e-n-accordion-item-8291\" >\n\t\t\t\t\t<span class='e-n-accordion-item-title-header'><div class=\"e-n-accordion-item-title-text\"> Quem \u00e9 obrigado a pagar imposto corporativo em Portugal? <\/div><\/span>\n\t\t\t\t\t\t\t<span class='e-n-accordion-item-title-icon'>\n\t\t\t<span class='e-opened' ><svg aria-hidden=\"true\" class=\"e-font-icon-svg e-fas-times\" viewBox=\"0 0 352 512\" xmlns=\"http:\/\/www.w3.org\/2000\/svg\"><path d=\"M242.72 256l100.07-100.07c12.28-12.28 12.28-32.19 0-44.48l-22.24-22.24c-12.28-12.28-32.19-12.28-44.48 0L176 189.28 75.93 89.21c-12.28-12.28-32.19-12.28-44.48 0L9.21 111.45c-12.28 12.28-12.28 32.19 0 44.48L109.28 256 9.21 356.07c-12.28 12.28-12.28 32.19 0 44.48l22.24 22.24c12.28 12.28 32.2 12.28 44.48 0L176 322.72l100.07 100.07c12.28 12.28 32.2 12.28 44.48 0l22.24-22.24c12.28-12.28 12.28-32.19 0-44.48L242.72 256z\"><\/path><\/svg><\/span>\n\t\t\t<span class='e-closed'><svg aria-hidden=\"true\" class=\"e-font-icon-svg e-fas-caret-down\" viewBox=\"0 0 320 512\" xmlns=\"http:\/\/www.w3.org\/2000\/svg\"><path d=\"M31.3 192h257.3c17.8 0 26.7 21.5 14.1 34.1L174.1 354.8c-7.8 7.8-20.5 7.8-28.3 0L17.2 226.1C4.6 213.5 13.5 192 31.3 192z\"><\/path><\/svg><\/span>\n\t\t<\/span>\n\n\t\t\t\t\t\t<\/summary>\n\t\t\t\t<div role=\"region\" aria-labelledby=\"e-n-accordion-item-8291\" class=\"elementor-element elementor-element-7e428276 e-con-full e-flex e-con e-child\" data-id=\"7e428276\" data-element_type=\"container\" data-e-type=\"container\">\n\t\t\t\t<div class=\"elementor-element elementor-element-4cc17de0 elementor-widget elementor-widget-text-editor\" data-id=\"4cc17de0\" data-element_type=\"widget\" data-e-type=\"widget\" data-widget_type=\"text-editor.default\">\n\t\t\t\t\t\t\t\t\t<p>O imposto corporativo geralmente se aplica a empresas incorporadas. Trabalhadores aut\u00f4nomos e parcerias pagam imposto de renda pessoal em vez disso. <\/p>\t\t\t\t\t\t\t\t<\/div>\n\t\t\t\t<\/div>\n\t\t\t\t\t<\/details>\n\t\t\t\t\t\t<details id=\"e-n-accordion-item-8292\" class=\"e-n-accordion-item\" >\n\t\t\t\t<summary class=\"e-n-accordion-item-title\" data-accordion-index=\"3\" tabindex=\"-1\" aria-expanded=\"false\" aria-controls=\"e-n-accordion-item-8292\" >\n\t\t\t\t\t<span class='e-n-accordion-item-title-header'><div class=\"e-n-accordion-item-title-text\"> Qual \u00e9 o limite para registro de IVA em Portugal? <\/div><\/span>\n\t\t\t\t\t\t\t<span class='e-n-accordion-item-title-icon'>\n\t\t\t<span class='e-opened' ><svg aria-hidden=\"true\" class=\"e-font-icon-svg e-fas-times\" viewBox=\"0 0 352 512\" xmlns=\"http:\/\/www.w3.org\/2000\/svg\"><path d=\"M242.72 256l100.07-100.07c12.28-12.28 12.28-32.19 0-44.48l-22.24-22.24c-12.28-12.28-32.19-12.28-44.48 0L176 189.28 75.93 89.21c-12.28-12.28-32.19-12.28-44.48 0L9.21 111.45c-12.28 12.28-12.28 32.19 0 44.48L109.28 256 9.21 356.07c-12.28 12.28-12.28 32.19 0 44.48l22.24 22.24c12.28 12.28 32.2 12.28 44.48 0L176 322.72l100.07 100.07c12.28 12.28 32.2 12.28 44.48 0l22.24-22.24c12.28-12.28 12.28-32.19 0-44.48L242.72 256z\"><\/path><\/svg><\/span>\n\t\t\t<span class='e-closed'><svg aria-hidden=\"true\" class=\"e-font-icon-svg e-fas-caret-down\" viewBox=\"0 0 320 512\" xmlns=\"http:\/\/www.w3.org\/2000\/svg\"><path d=\"M31.3 192h257.3c17.8 0 26.7 21.5 14.1 34.1L174.1 354.8c-7.8 7.8-20.5 7.8-28.3 0L17.2 226.1C4.6 213.5 13.5 192 31.3 192z\"><\/path><\/svg><\/span>\n\t\t<\/span>\n\n\t\t\t\t\t\t<\/summary>\n\t\t\t\t<div role=\"region\" aria-labelledby=\"e-n-accordion-item-8292\" class=\"elementor-element elementor-element-5fdcf529 e-con-full e-flex e-con e-child\" data-id=\"5fdcf529\" data-element_type=\"container\" data-e-type=\"container\">\n\t\t\t\t<div class=\"elementor-element elementor-element-50d76f51 elementor-widget elementor-widget-text-editor\" data-id=\"50d76f51\" data-element_type=\"widget\" data-e-type=\"widget\" data-widget_type=\"text-editor.default\">\n\t\t\t\t\t\t\t\t\t<p>Se o faturamento do seu neg\u00f3cio exceder \u20ac14.500 por ano, voc\u00ea deve se registrar para o IVA. Este limite aumentar\u00e1 para \u20ac15.000 em 2025. <\/p>\t\t\t\t\t\t\t\t<\/div>\n\t\t\t\t<\/div>\n\t\t\t\t\t<\/details>\n\t\t\t\t\t\t<details id=\"e-n-accordion-item-8293\" class=\"e-n-accordion-item\" >\n\t\t\t\t<summary class=\"e-n-accordion-item-title\" data-accordion-index=\"4\" tabindex=\"-1\" aria-expanded=\"false\" aria-controls=\"e-n-accordion-item-8293\" >\n\t\t\t\t\t<span class='e-n-accordion-item-title-header'><div class=\"e-n-accordion-item-title-text\"> Existem sobretaxas adicionais sobre o imposto corporativo? <\/div><\/span>\n\t\t\t\t\t\t\t<span class='e-n-accordion-item-title-icon'>\n\t\t\t<span class='e-opened' ><svg aria-hidden=\"true\" class=\"e-font-icon-svg e-fas-times\" viewBox=\"0 0 352 512\" xmlns=\"http:\/\/www.w3.org\/2000\/svg\"><path d=\"M242.72 256l100.07-100.07c12.28-12.28 12.28-32.19 0-44.48l-22.24-22.24c-12.28-12.28-32.19-12.28-44.48 0L176 189.28 75.93 89.21c-12.28-12.28-32.19-12.28-44.48 0L9.21 111.45c-12.28 12.28-12.28 32.19 0 44.48L109.28 256 9.21 356.07c-12.28 12.28-12.28 32.19 0 44.48l22.24 22.24c12.28 12.28 32.2 12.28 44.48 0L176 322.72l100.07 100.07c12.28 12.28 32.2 12.28 44.48 0l22.24-22.24c12.28-12.28 12.28-32.19 0-44.48L242.72 256z\"><\/path><\/svg><\/span>\n\t\t\t<span class='e-closed'><svg aria-hidden=\"true\" class=\"e-font-icon-svg e-fas-caret-down\" viewBox=\"0 0 320 512\" xmlns=\"http:\/\/www.w3.org\/2000\/svg\"><path d=\"M31.3 192h257.3c17.8 0 26.7 21.5 14.1 34.1L174.1 354.8c-7.8 7.8-20.5 7.8-28.3 0L17.2 226.1C4.6 213.5 13.5 192 31.3 192z\"><\/path><\/svg><\/span>\n\t\t<\/span>\n\n\t\t\t\t\t\t<\/summary>\n\t\t\t\t<div role=\"region\" aria-labelledby=\"e-n-accordion-item-8293\" class=\"elementor-element elementor-element-275a89 e-con-full e-flex e-con e-child\" data-id=\"275a89\" data-element_type=\"container\" data-e-type=\"container\">\n\t\t\t\t<div class=\"elementor-element elementor-element-25a03bc4 elementor-widget elementor-widget-text-editor\" data-id=\"25a03bc4\" data-element_type=\"widget\" data-e-type=\"widget\" data-widget_type=\"text-editor.default\">\n\t\t\t\t\t\t\t\t\t<p>Sim, as empresas podem enfrentar sobretaxas, incluindo:<\/p><ul><li>At\u00e9 1,5% de sobretaxa local (Derrama)<\/li><li>3% de sobretaxa estadual sobre lucros entre \u20ac1,5 milh\u00e3o e \u20ac7,5 milh\u00f5es<\/li><li>5% de sobretaxa sobre lucros entre \u20ac7,5 milh\u00f5es e \u20ac35 milh\u00f5es<\/li><li>9% de sobretaxa sobre lucros acima de \u20ac35 milh\u00f5es<\/li><\/ul>\t\t\t\t\t\t\t\t<\/div>\n\t\t\t\t<\/div>\n\t\t\t\t\t<\/details>\n\t\t\t\t\t\t<details id=\"e-n-accordion-item-8294\" class=\"e-n-accordion-item\" >\n\t\t\t\t<summary class=\"e-n-accordion-item-title\" data-accordion-index=\"5\" tabindex=\"-1\" aria-expanded=\"false\" aria-controls=\"e-n-accordion-item-8294\" >\n\t\t\t\t\t<span class='e-n-accordion-item-title-header'><div class=\"e-n-accordion-item-title-text\"> Que dedu\u00e7\u00f5es as empresas podem fazer antes de calcular os lucros tribut\u00e1veis? <\/div><\/span>\n\t\t\t\t\t\t\t<span class='e-n-accordion-item-title-icon'>\n\t\t\t<span class='e-opened' ><svg aria-hidden=\"true\" class=\"e-font-icon-svg e-fas-times\" viewBox=\"0 0 352 512\" xmlns=\"http:\/\/www.w3.org\/2000\/svg\"><path d=\"M242.72 256l100.07-100.07c12.28-12.28 12.28-32.19 0-44.48l-22.24-22.24c-12.28-12.28-32.19-12.28-44.48 0L176 189.28 75.93 89.21c-12.28-12.28-32.19-12.28-44.48 0L9.21 111.45c-12.28 12.28-12.28 32.19 0 44.48L109.28 256 9.21 356.07c-12.28 12.28-12.28 32.19 0 44.48l22.24 22.24c12.28 12.28 32.2 12.28 44.48 0L176 322.72l100.07 100.07c12.28 12.28 32.2 12.28 44.48 0l22.24-22.24c12.28-12.28 12.28-32.19 0-44.48L242.72 256z\"><\/path><\/svg><\/span>\n\t\t\t<span class='e-closed'><svg aria-hidden=\"true\" class=\"e-font-icon-svg e-fas-caret-down\" viewBox=\"0 0 320 512\" xmlns=\"http:\/\/www.w3.org\/2000\/svg\"><path d=\"M31.3 192h257.3c17.8 0 26.7 21.5 14.1 34.1L174.1 354.8c-7.8 7.8-20.5 7.8-28.3 0L17.2 226.1C4.6 213.5 13.5 192 31.3 192z\"><\/path><\/svg><\/span>\n\t\t<\/span>\n\n\t\t\t\t\t\t<\/summary>\n\t\t\t\t<div role=\"region\" aria-labelledby=\"e-n-accordion-item-8294\" class=\"elementor-element elementor-element-b3b524b e-con-full e-flex e-con e-child\" data-id=\"b3b524b\" data-element_type=\"container\" data-e-type=\"container\">\n\t\t\t\t<div class=\"elementor-element elementor-element-2daff5a elementor-widget elementor-widget-text-editor\" data-id=\"2daff5a\" data-element_type=\"widget\" data-e-type=\"widget\" data-widget_type=\"text-editor.default\">\n\t\t\t\t\t\t\t\t\t<p>As empresas podem deduzir uma variedade de despesas, incluindo custos de m\u00e3o de obra, custos de fabrica\u00e7\u00e3o, marketing, custos administrativos e deprecia\u00e7\u00e3o.<\/p>\t\t\t\t\t\t\t\t<\/div>\n\t\t\t\t<\/div>\n\t\t\t\t\t<\/details>\n\t\t\t\t\t\t<details id=\"e-n-accordion-item-8295\" class=\"e-n-accordion-item\" >\n\t\t\t\t<summary class=\"e-n-accordion-item-title\" data-accordion-index=\"6\" tabindex=\"-1\" aria-expanded=\"false\" aria-controls=\"e-n-accordion-item-8295\" >\n\t\t\t\t\t<span class='e-n-accordion-item-title-header'><div class=\"e-n-accordion-item-title-text\"> Qual \u00e9 o imposto corporativo reduzido? <\/div><\/span>\n\t\t\t\t\t\t\t<span class='e-n-accordion-item-title-icon'>\n\t\t\t<span class='e-opened' ><svg aria-hidden=\"true\" class=\"e-font-icon-svg e-fas-times\" viewBox=\"0 0 352 512\" xmlns=\"http:\/\/www.w3.org\/2000\/svg\"><path d=\"M242.72 256l100.07-100.07c12.28-12.28 12.28-32.19 0-44.48l-22.24-22.24c-12.28-12.28-32.19-12.28-44.48 0L176 189.28 75.93 89.21c-12.28-12.28-32.19-12.28-44.48 0L9.21 111.45c-12.28 12.28-12.28 32.19 0 44.48L109.28 256 9.21 356.07c-12.28 12.28-12.28 32.19 0 44.48l22.24 22.24c12.28 12.28 32.2 12.28 44.48 0L176 322.72l100.07 100.07c12.28 12.28 32.2 12.28 44.48 0l22.24-22.24c12.28-12.28 12.28-32.19 0-44.48L242.72 256z\"><\/path><\/svg><\/span>\n\t\t\t<span class='e-closed'><svg aria-hidden=\"true\" class=\"e-font-icon-svg e-fas-caret-down\" viewBox=\"0 0 320 512\" xmlns=\"http:\/\/www.w3.org\/2000\/svg\"><path d=\"M31.3 192h257.3c17.8 0 26.7 21.5 14.1 34.1L174.1 354.8c-7.8 7.8-20.5 7.8-28.3 0L17.2 226.1C4.6 213.5 13.5 192 31.3 192z\"><\/path><\/svg><\/span>\n\t\t<\/span>\n\n\t\t\t\t\t\t<\/summary>\n\t\t\t\t<div role=\"region\" aria-labelledby=\"e-n-accordion-item-8295\" class=\"elementor-element elementor-element-f67e6c9 e-con-full e-flex e-con e-child\" data-id=\"f67e6c9\" data-element_type=\"container\" data-e-type=\"container\">\n\t\t\t\t<div class=\"elementor-element elementor-element-3047017 elementor-widget elementor-widget-text-editor\" data-id=\"3047017\" data-element_type=\"widget\" data-e-type=\"widget\" data-widget_type=\"text-editor.default\">\n\t\t\t\t\t\t\t\t\t<p>As empresas podem deduzir uma variedade de despesas, incluindo custos de m\u00e3o de obra, custos de fabrica\u00e7\u00e3o, marketing, custos administrativos e deprecia\u00e7\u00e3o.<\/p>\t\t\t\t\t\t\t\t<\/div>\n\t\t\t\t<\/div>\n\t\t\t\t\t<\/details>\n\t\t\t\t\t\t<details id=\"e-n-accordion-item-8296\" class=\"e-n-accordion-item\" >\n\t\t\t\t<summary class=\"e-n-accordion-item-title\" data-accordion-index=\"7\" tabindex=\"-1\" aria-expanded=\"false\" aria-controls=\"e-n-accordion-item-8296\" >\n\t\t\t\t\t<span class='e-n-accordion-item-title-header'><div class=\"e-n-accordion-item-title-text\"> Qual \u00e9 o novo regime para startups introduzido em 2024? <\/div><\/span>\n\t\t\t\t\t\t\t<span class='e-n-accordion-item-title-icon'>\n\t\t\t<span class='e-opened' ><svg aria-hidden=\"true\" class=\"e-font-icon-svg e-fas-times\" viewBox=\"0 0 352 512\" xmlns=\"http:\/\/www.w3.org\/2000\/svg\"><path d=\"M242.72 256l100.07-100.07c12.28-12.28 12.28-32.19 0-44.48l-22.24-22.24c-12.28-12.28-32.19-12.28-44.48 0L176 189.28 75.93 89.21c-12.28-12.28-32.19-12.28-44.48 0L9.21 111.45c-12.28 12.28-12.28 32.19 0 44.48L109.28 256 9.21 356.07c-12.28 12.28-12.28 32.19 0 44.48l22.24 22.24c12.28 12.28 32.2 12.28 44.48 0L176 322.72l100.07 100.07c12.28 12.28 32.2 12.28 44.48 0l22.24-22.24c12.28-12.28 12.28-32.19 0-44.48L242.72 256z\"><\/path><\/svg><\/span>\n\t\t\t<span class='e-closed'><svg aria-hidden=\"true\" class=\"e-font-icon-svg e-fas-caret-down\" viewBox=\"0 0 320 512\" xmlns=\"http:\/\/www.w3.org\/2000\/svg\"><path d=\"M31.3 192h257.3c17.8 0 26.7 21.5 14.1 34.1L174.1 354.8c-7.8 7.8-20.5 7.8-28.3 0L17.2 226.1C4.6 213.5 13.5 192 31.3 192z\"><\/path><\/svg><\/span>\n\t\t<\/span>\n\n\t\t\t\t\t\t<\/summary>\n\t\t\t\t<div role=\"region\" aria-labelledby=\"e-n-accordion-item-8296\" class=\"elementor-element elementor-element-f9eae56 e-con-full e-flex e-con e-child\" data-id=\"f9eae56\" data-element_type=\"container\" data-e-type=\"container\">\n\t\t\t\t<div class=\"elementor-element elementor-element-298a3ed elementor-widget elementor-widget-text-editor\" data-id=\"298a3ed\" data-element_type=\"widget\" data-e-type=\"widget\" data-widget_type=\"text-editor.default\">\n\t\t\t\t\t\t\t\t\t<p>Startups consideradas \u201cinovadoras\u201d podem pagar uma al\u00edquota reduzida de imposto sobre as sociedades de 12% sobre os primeiros \u20ac50.000 de lucro, desde que tenham recebido financiamento de capital de risco ou investimento do Banco Portugu\u00eas de Fomento.<\/p>\t\t\t\t\t\t\t\t<\/div>\n\t\t\t\t<\/div>\n\t\t\t\t\t<\/details>\n\t\t\t\t\t\t<details id=\"e-n-accordion-item-8297\" class=\"e-n-accordion-item\" >\n\t\t\t\t<summary class=\"e-n-accordion-item-title\" data-accordion-index=\"8\" tabindex=\"-1\" aria-expanded=\"false\" aria-controls=\"e-n-accordion-item-8297\" >\n\t\t\t\t\t<span class='e-n-accordion-item-title-header'><div class=\"e-n-accordion-item-title-text\"> Com que frequ\u00eancia preciso preencher a declara\u00e7\u00e3o de imposto corporativo em Portugal? <\/div><\/span>\n\t\t\t\t\t\t\t<span class='e-n-accordion-item-title-icon'>\n\t\t\t<span class='e-opened' ><svg aria-hidden=\"true\" class=\"e-font-icon-svg e-fas-times\" viewBox=\"0 0 352 512\" xmlns=\"http:\/\/www.w3.org\/2000\/svg\"><path d=\"M242.72 256l100.07-100.07c12.28-12.28 12.28-32.19 0-44.48l-22.24-22.24c-12.28-12.28-32.19-12.28-44.48 0L176 189.28 75.93 89.21c-12.28-12.28-32.19-12.28-44.48 0L9.21 111.45c-12.28 12.28-12.28 32.19 0 44.48L109.28 256 9.21 356.07c-12.28 12.28-12.28 32.19 0 44.48l22.24 22.24c12.28 12.28 32.2 12.28 44.48 0L176 322.72l100.07 100.07c12.28 12.28 32.2 12.28 44.48 0l22.24-22.24c12.28-12.28 12.28-32.19 0-44.48L242.72 256z\"><\/path><\/svg><\/span>\n\t\t\t<span class='e-closed'><svg aria-hidden=\"true\" class=\"e-font-icon-svg e-fas-caret-down\" viewBox=\"0 0 320 512\" xmlns=\"http:\/\/www.w3.org\/2000\/svg\"><path d=\"M31.3 192h257.3c17.8 0 26.7 21.5 14.1 34.1L174.1 354.8c-7.8 7.8-20.5 7.8-28.3 0L17.2 226.1C4.6 213.5 13.5 192 31.3 192z\"><\/path><\/svg><\/span>\n\t\t<\/span>\n\n\t\t\t\t\t\t<\/summary>\n\t\t\t\t<div role=\"region\" aria-labelledby=\"e-n-accordion-item-8297\" class=\"elementor-element elementor-element-414bdd9 e-con-full e-flex e-con e-child\" data-id=\"414bdd9\" data-element_type=\"container\" data-e-type=\"container\">\n\t\t\t\t<div class=\"elementor-element elementor-element-326783c elementor-widget elementor-widget-text-editor\" data-id=\"326783c\" data-element_type=\"widget\" data-e-type=\"widget\" data-widget_type=\"text-editor.default\">\n\t\t\t\t\t\t\t\t\t<p>As empresas devem apresentar declara\u00e7\u00f5es de imposto corporativo anualmente, geralmente at\u00e9 o final de maio do ano seguinte.<\/p>\t\t\t\t\t\t\t\t<\/div>\n\t\t\t\t<\/div>\n\t\t\t\t\t<\/details>\n\t\t\t\t\t\t<details id=\"e-n-accordion-item-8298\" class=\"e-n-accordion-item\" >\n\t\t\t\t<summary class=\"e-n-accordion-item-title\" data-accordion-index=\"9\" tabindex=\"-1\" aria-expanded=\"false\" aria-controls=\"e-n-accordion-item-8298\" >\n\t\t\t\t\t<span class='e-n-accordion-item-title-header'><div class=\"e-n-accordion-item-title-text\"> Quais s\u00e3o os cronogramas de pagamento para o imposto corporativo? <\/div><\/span>\n\t\t\t\t\t\t\t<span class='e-n-accordion-item-title-icon'>\n\t\t\t<span class='e-opened' ><svg aria-hidden=\"true\" class=\"e-font-icon-svg e-fas-times\" viewBox=\"0 0 352 512\" xmlns=\"http:\/\/www.w3.org\/2000\/svg\"><path d=\"M242.72 256l100.07-100.07c12.28-12.28 12.28-32.19 0-44.48l-22.24-22.24c-12.28-12.28-32.19-12.28-44.48 0L176 189.28 75.93 89.21c-12.28-12.28-32.19-12.28-44.48 0L9.21 111.45c-12.28 12.28-12.28 32.19 0 44.48L109.28 256 9.21 356.07c-12.28 12.28-12.28 32.19 0 44.48l22.24 22.24c12.28 12.28 32.2 12.28 44.48 0L176 322.72l100.07 100.07c12.28 12.28 32.2 12.28 44.48 0l22.24-22.24c12.28-12.28 12.28-32.19 0-44.48L242.72 256z\"><\/path><\/svg><\/span>\n\t\t\t<span class='e-closed'><svg aria-hidden=\"true\" class=\"e-font-icon-svg e-fas-caret-down\" viewBox=\"0 0 320 512\" xmlns=\"http:\/\/www.w3.org\/2000\/svg\"><path d=\"M31.3 192h257.3c17.8 0 26.7 21.5 14.1 34.1L174.1 354.8c-7.8 7.8-20.5 7.8-28.3 0L17.2 226.1C4.6 213.5 13.5 192 31.3 192z\"><\/path><\/svg><\/span>\n\t\t<\/span>\n\n\t\t\t\t\t\t<\/summary>\n\t\t\t\t<div role=\"region\" aria-labelledby=\"e-n-accordion-item-8298\" class=\"elementor-element elementor-element-552f7c6 e-con-full e-flex e-con e-child\" data-id=\"552f7c6\" data-element_type=\"container\" data-e-type=\"container\">\n\t\t\t\t<div class=\"elementor-element elementor-element-adcaa12 elementor-widget elementor-widget-text-editor\" data-id=\"adcaa12\" data-element_type=\"widget\" data-e-type=\"widget\" data-widget_type=\"text-editor.default\">\n\t\t\t\t\t\t\t\t\t<p>Os pagamentos do imposto sobre as sociedades normalmente s\u00e3o feitos em tr\u00eas parcelas, com vencimento em julho, setembro e dezembro, com base na liquida\u00e7\u00e3o do imposto do ano anterior.<\/p>\t\t\t\t\t\t\t\t<\/div>\n\t\t\t\t<\/div>\n\t\t\t\t\t<\/details>\n\t\t\t\t\t\t<details id=\"e-n-accordion-item-8299\" class=\"e-n-accordion-item\" >\n\t\t\t\t<summary class=\"e-n-accordion-item-title\" data-accordion-index=\"10\" tabindex=\"-1\" aria-expanded=\"false\" aria-controls=\"e-n-accordion-item-8299\" >\n\t\t\t\t\t<span class='e-n-accordion-item-title-header'><div class=\"e-n-accordion-item-title-text\"> Existe um regime fiscal simplificado para pequenas empresas? <\/div><\/span>\n\t\t\t\t\t\t\t<span class='e-n-accordion-item-title-icon'>\n\t\t\t<span class='e-opened' ><svg aria-hidden=\"true\" class=\"e-font-icon-svg e-fas-times\" viewBox=\"0 0 352 512\" xmlns=\"http:\/\/www.w3.org\/2000\/svg\"><path d=\"M242.72 256l100.07-100.07c12.28-12.28 12.28-32.19 0-44.48l-22.24-22.24c-12.28-12.28-32.19-12.28-44.48 0L176 189.28 75.93 89.21c-12.28-12.28-32.19-12.28-44.48 0L9.21 111.45c-12.28 12.28-12.28 32.19 0 44.48L109.28 256 9.21 356.07c-12.28 12.28-12.28 32.19 0 44.48l22.24 22.24c12.28 12.28 32.2 12.28 44.48 0L176 322.72l100.07 100.07c12.28 12.28 32.2 12.28 44.48 0l22.24-22.24c12.28-12.28 12.28-32.19 0-44.48L242.72 256z\"><\/path><\/svg><\/span>\n\t\t\t<span class='e-closed'><svg aria-hidden=\"true\" class=\"e-font-icon-svg e-fas-caret-down\" viewBox=\"0 0 320 512\" xmlns=\"http:\/\/www.w3.org\/2000\/svg\"><path d=\"M31.3 192h257.3c17.8 0 26.7 21.5 14.1 34.1L174.1 354.8c-7.8 7.8-20.5 7.8-28.3 0L17.2 226.1C4.6 213.5 13.5 192 31.3 192z\"><\/path><\/svg><\/span>\n\t\t<\/span>\n\n\t\t\t\t\t\t<\/summary>\n\t\t\t\t<div role=\"region\" aria-labelledby=\"e-n-accordion-item-8299\" class=\"elementor-element elementor-element-5868739 e-con-full e-flex e-con e-child\" data-id=\"5868739\" data-element_type=\"container\" data-e-type=\"container\">\n\t\t\t\t<div class=\"elementor-element elementor-element-1b7d107 elementor-widget elementor-widget-text-editor\" data-id=\"1b7d107\" data-element_type=\"widget\" data-e-type=\"widget\" data-widget_type=\"text-editor.default\">\n\t\t\t\t\t\t\t\t\t<p>Sim, pequenas empresas com faturamento anual abaixo de \u20ac200.000 podem optar por um regime fiscal simplificado, pagando imposto com base no faturamento em vez do lucro.<\/p>\t\t\t\t\t\t\t\t<\/div>\n\t\t\t\t<\/div>\n\t\t\t\t\t<\/details>\n\t\t\t\t\t\t<details id=\"e-n-accordion-item-82910\" class=\"e-n-accordion-item\" >\n\t\t\t\t<summary class=\"e-n-accordion-item-title\" data-accordion-index=\"11\" tabindex=\"-1\" aria-expanded=\"false\" aria-controls=\"e-n-accordion-item-82910\" >\n\t\t\t\t\t<span class='e-n-accordion-item-title-header'><div class=\"e-n-accordion-item-title-text\"> Qual \u00e9 a taxa geral de IVA em Portugal? <\/div><\/span>\n\t\t\t\t\t\t\t<span class='e-n-accordion-item-title-icon'>\n\t\t\t<span class='e-opened' ><svg aria-hidden=\"true\" class=\"e-font-icon-svg e-fas-times\" viewBox=\"0 0 352 512\" xmlns=\"http:\/\/www.w3.org\/2000\/svg\"><path d=\"M242.72 256l100.07-100.07c12.28-12.28 12.28-32.19 0-44.48l-22.24-22.24c-12.28-12.28-32.19-12.28-44.48 0L176 189.28 75.93 89.21c-12.28-12.28-32.19-12.28-44.48 0L9.21 111.45c-12.28 12.28-12.28 32.19 0 44.48L109.28 256 9.21 356.07c-12.28 12.28-12.28 32.19 0 44.48l22.24 22.24c12.28 12.28 32.2 12.28 44.48 0L176 322.72l100.07 100.07c12.28 12.28 32.2 12.28 44.48 0l22.24-22.24c12.28-12.28 12.28-32.19 0-44.48L242.72 256z\"><\/path><\/svg><\/span>\n\t\t\t<span class='e-closed'><svg aria-hidden=\"true\" class=\"e-font-icon-svg e-fas-caret-down\" viewBox=\"0 0 320 512\" xmlns=\"http:\/\/www.w3.org\/2000\/svg\"><path d=\"M31.3 192h257.3c17.8 0 26.7 21.5 14.1 34.1L174.1 354.8c-7.8 7.8-20.5 7.8-28.3 0L17.2 226.1C4.6 213.5 13.5 192 31.3 192z\"><\/path><\/svg><\/span>\n\t\t<\/span>\n\n\t\t\t\t\t\t<\/summary>\n\t\t\t\t<div role=\"region\" aria-labelledby=\"e-n-accordion-item-82910\" class=\"elementor-element elementor-element-a454920 e-con-full e-flex e-con e-child\" data-id=\"a454920\" data-element_type=\"container\" data-e-type=\"container\">\n\t\t\t\t<div class=\"elementor-element elementor-element-4bb3441 elementor-widget elementor-widget-text-editor\" data-id=\"4bb3441\" data-element_type=\"widget\" data-e-type=\"widget\" data-widget_type=\"text-editor.default\">\n\t\t\t\t\t\t\t\t\t<p>A taxa padr\u00e3o de IVA em Portugal \u00e9 de 23%. Existem taxas reduzidas de 13% para certos bens e 6% para itens essenciais. <\/p>\t\t\t\t\t\t\t\t<\/div>\n\t\t\t\t<\/div>\n\t\t\t\t\t<\/details>\n\t\t\t\t\t\t<details id=\"e-n-accordion-item-82911\" class=\"e-n-accordion-item\" >\n\t\t\t\t<summary class=\"e-n-accordion-item-title\" data-accordion-index=\"12\" tabindex=\"-1\" aria-expanded=\"false\" aria-controls=\"e-n-accordion-item-82911\" >\n\t\t\t\t\t<span class='e-n-accordion-item-title-header'><div class=\"e-n-accordion-item-title-text\"> Existem penalidades por atraso na declara\u00e7\u00e3o fiscal em Portugal? <\/div><\/span>\n\t\t\t\t\t\t\t<span class='e-n-accordion-item-title-icon'>\n\t\t\t<span class='e-opened' ><svg aria-hidden=\"true\" class=\"e-font-icon-svg e-fas-times\" viewBox=\"0 0 352 512\" xmlns=\"http:\/\/www.w3.org\/2000\/svg\"><path d=\"M242.72 256l100.07-100.07c12.28-12.28 12.28-32.19 0-44.48l-22.24-22.24c-12.28-12.28-32.19-12.28-44.48 0L176 189.28 75.93 89.21c-12.28-12.28-32.19-12.28-44.48 0L9.21 111.45c-12.28 12.28-12.28 32.19 0 44.48L109.28 256 9.21 356.07c-12.28 12.28-12.28 32.19 0 44.48l22.24 22.24c12.28 12.28 32.2 12.28 44.48 0L176 322.72l100.07 100.07c12.28 12.28 32.2 12.28 44.48 0l22.24-22.24c12.28-12.28 12.28-32.19 0-44.48L242.72 256z\"><\/path><\/svg><\/span>\n\t\t\t<span class='e-closed'><svg aria-hidden=\"true\" class=\"e-font-icon-svg e-fas-caret-down\" viewBox=\"0 0 320 512\" xmlns=\"http:\/\/www.w3.org\/2000\/svg\"><path d=\"M31.3 192h257.3c17.8 0 26.7 21.5 14.1 34.1L174.1 354.8c-7.8 7.8-20.5 7.8-28.3 0L17.2 226.1C4.6 213.5 13.5 192 31.3 192z\"><\/path><\/svg><\/span>\n\t\t<\/span>\n\n\t\t\t\t\t\t<\/summary>\n\t\t\t\t<div role=\"region\" aria-labelledby=\"e-n-accordion-item-82911\" class=\"elementor-element elementor-element-1b73411 e-con-full e-flex e-con e-child\" data-id=\"1b73411\" data-element_type=\"container\" data-e-type=\"container\">\n\t\t\t\t<div class=\"elementor-element elementor-element-16cad38 elementor-widget elementor-widget-text-editor\" data-id=\"16cad38\" data-element_type=\"widget\" data-e-type=\"widget\" data-widget_type=\"text-editor.default\">\n\t\t\t\t\t\t\t\t\t<p>Sim, existem penalidades significativas por atraso na declara\u00e7\u00e3o fiscal, incluindo juros di\u00e1rios e multas variando de \u20ac45.000 a \u20ac165.000, dependendo da natureza do atraso.<\/p>\t\t\t\t\t\t\t\t<\/div>\n\t\t\t\t<\/div>\n\t\t\t\t\t<\/details>\n\t\t\t\t\t\t<details id=\"e-n-accordion-item-82912\" class=\"e-n-accordion-item\" >\n\t\t\t\t<summary class=\"e-n-accordion-item-title\" data-accordion-index=\"13\" tabindex=\"-1\" aria-expanded=\"false\" aria-controls=\"e-n-accordion-item-82912\" >\n\t\t\t\t\t<span class='e-n-accordion-item-title-header'><div class=\"e-n-accordion-item-title-text\"> Como o sistema de imposto corporativo trata empresas n\u00e3o residentes? <\/div><\/span>\n\t\t\t\t\t\t\t<span class='e-n-accordion-item-title-icon'>\n\t\t\t<span class='e-opened' ><svg aria-hidden=\"true\" class=\"e-font-icon-svg e-fas-times\" viewBox=\"0 0 352 512\" xmlns=\"http:\/\/www.w3.org\/2000\/svg\"><path d=\"M242.72 256l100.07-100.07c12.28-12.28 12.28-32.19 0-44.48l-22.24-22.24c-12.28-12.28-32.19-12.28-44.48 0L176 189.28 75.93 89.21c-12.28-12.28-32.19-12.28-44.48 0L9.21 111.45c-12.28 12.28-12.28 32.19 0 44.48L109.28 256 9.21 356.07c-12.28 12.28-12.28 32.19 0 44.48l22.24 22.24c12.28 12.28 32.2 12.28 44.48 0L176 322.72l100.07 100.07c12.28 12.28 32.2 12.28 44.48 0l22.24-22.24c12.28-12.28 12.28-32.19 0-44.48L242.72 256z\"><\/path><\/svg><\/span>\n\t\t\t<span class='e-closed'><svg aria-hidden=\"true\" class=\"e-font-icon-svg e-fas-caret-down\" viewBox=\"0 0 320 512\" xmlns=\"http:\/\/www.w3.org\/2000\/svg\"><path d=\"M31.3 192h257.3c17.8 0 26.7 21.5 14.1 34.1L174.1 354.8c-7.8 7.8-20.5 7.8-28.3 0L17.2 226.1C4.6 213.5 13.5 192 31.3 192z\"><\/path><\/svg><\/span>\n\t\t<\/span>\n\n\t\t\t\t\t\t<\/summary>\n\t\t\t\t<div role=\"region\" aria-labelledby=\"e-n-accordion-item-82912\" class=\"elementor-element elementor-element-1386cad e-con-full e-flex e-con e-child\" data-id=\"1386cad\" data-element_type=\"container\" data-e-type=\"container\">\n\t\t\t\t<div class=\"elementor-element elementor-element-662ce22 elementor-widget elementor-widget-text-editor\" data-id=\"662ce22\" data-element_type=\"widget\" data-e-type=\"widget\" data-widget_type=\"text-editor.default\">\n\t\t\t\t\t\t\t\t\t<p>Empresas n\u00e3o residentes s\u00e3o tributadas sobre sua renda portuguesa que n\u00e3o est\u00e1 sujeita ao imposto de renda pessoal.<\/p>\t\t\t\t\t\t\t\t<\/div>\n\t\t\t\t<\/div>\n\t\t\t\t\t<\/details>\n\t\t\t\t\t\t<details id=\"e-n-accordion-item-82913\" class=\"e-n-accordion-item\" >\n\t\t\t\t<summary class=\"e-n-accordion-item-title\" data-accordion-index=\"14\" tabindex=\"-1\" aria-expanded=\"false\" aria-controls=\"e-n-accordion-item-82913\" >\n\t\t\t\t\t<span class='e-n-accordion-item-title-header'><div class=\"e-n-accordion-item-title-text\"> As empresas podem se beneficiar de cr\u00e9ditos fiscais corporativos em Portugal? <\/div><\/span>\n\t\t\t\t\t\t\t<span class='e-n-accordion-item-title-icon'>\n\t\t\t<span class='e-opened' ><svg aria-hidden=\"true\" class=\"e-font-icon-svg e-fas-times\" viewBox=\"0 0 352 512\" xmlns=\"http:\/\/www.w3.org\/2000\/svg\"><path d=\"M242.72 256l100.07-100.07c12.28-12.28 12.28-32.19 0-44.48l-22.24-22.24c-12.28-12.28-32.19-12.28-44.48 0L176 189.28 75.93 89.21c-12.28-12.28-32.19-12.28-44.48 0L9.21 111.45c-12.28 12.28-12.28 32.19 0 44.48L109.28 256 9.21 356.07c-12.28 12.28-12.28 32.19 0 44.48l22.24 22.24c12.28 12.28 32.2 12.28 44.48 0L176 322.72l100.07 100.07c12.28 12.28 32.2 12.28 44.48 0l22.24-22.24c12.28-12.28 12.28-32.19 0-44.48L242.72 256z\"><\/path><\/svg><\/span>\n\t\t\t<span class='e-closed'><svg aria-hidden=\"true\" class=\"e-font-icon-svg e-fas-caret-down\" viewBox=\"0 0 320 512\" xmlns=\"http:\/\/www.w3.org\/2000\/svg\"><path d=\"M31.3 192h257.3c17.8 0 26.7 21.5 14.1 34.1L174.1 354.8c-7.8 7.8-20.5 7.8-28.3 0L17.2 226.1C4.6 213.5 13.5 192 31.3 192z\"><\/path><\/svg><\/span>\n\t\t<\/span>\n\n\t\t\t\t\t\t<\/summary>\n\t\t\t\t<div role=\"region\" aria-labelledby=\"e-n-accordion-item-82913\" class=\"elementor-element elementor-element-837228a e-con-full e-flex e-con e-child\" data-id=\"837228a\" data-element_type=\"container\" data-e-type=\"container\">\n\t\t\t\t<div class=\"elementor-element elementor-element-e6a9854 elementor-widget elementor-widget-text-editor\" data-id=\"e6a9854\" data-element_type=\"widget\" data-e-type=\"widget\" data-widget_type=\"text-editor.default\">\n\t\t\t\t\t\t\t\t\t<p>Sim, as empresas podem acessar cr\u00e9ditos fiscais corporativos, incluindo dedu\u00e7\u00f5es para dupla tributa\u00e7\u00e3o internacional e incentivos fiscais.<\/p>\t\t\t\t\t\t\t\t<\/div>\n\t\t\t\t<\/div>\n\t\t\t\t\t<\/details>\n\t\t\t\t\t\t<details id=\"e-n-accordion-item-82914\" class=\"e-n-accordion-item\" >\n\t\t\t\t<summary class=\"e-n-accordion-item-title\" data-accordion-index=\"15\" tabindex=\"-1\" aria-expanded=\"false\" aria-controls=\"e-n-accordion-item-82914\" >\n\t\t\t\t\t<span class='e-n-accordion-item-title-header'><div class=\"e-n-accordion-item-title-text\"> Quais s\u00e3o as implica\u00e7\u00f5es fiscais para ganhos de capital em a\u00e7\u00f5es em Portugal? <\/div><\/span>\n\t\t\t\t\t\t\t<span class='e-n-accordion-item-title-icon'>\n\t\t\t<span class='e-opened' ><svg aria-hidden=\"true\" class=\"e-font-icon-svg e-fas-times\" viewBox=\"0 0 352 512\" xmlns=\"http:\/\/www.w3.org\/2000\/svg\"><path d=\"M242.72 256l100.07-100.07c12.28-12.28 12.28-32.19 0-44.48l-22.24-22.24c-12.28-12.28-32.19-12.28-44.48 0L176 189.28 75.93 89.21c-12.28-12.28-32.19-12.28-44.48 0L9.21 111.45c-12.28 12.28-12.28 32.19 0 44.48L109.28 256 9.21 356.07c-12.28 12.28-12.28 32.19 0 44.48l22.24 22.24c12.28 12.28 32.2 12.28 44.48 0L176 322.72l100.07 100.07c12.28 12.28 32.2 12.28 44.48 0l22.24-22.24c12.28-12.28 12.28-32.19 0-44.48L242.72 256z\"><\/path><\/svg><\/span>\n\t\t\t<span class='e-closed'><svg aria-hidden=\"true\" class=\"e-font-icon-svg e-fas-caret-down\" viewBox=\"0 0 320 512\" xmlns=\"http:\/\/www.w3.org\/2000\/svg\"><path d=\"M31.3 192h257.3c17.8 0 26.7 21.5 14.1 34.1L174.1 354.8c-7.8 7.8-20.5 7.8-28.3 0L17.2 226.1C4.6 213.5 13.5 192 31.3 192z\"><\/path><\/svg><\/span>\n\t\t<\/span>\n\n\t\t\t\t\t\t<\/summary>\n\t\t\t\t<div role=\"region\" aria-labelledby=\"e-n-accordion-item-82914\" class=\"elementor-element elementor-element-dd58e3c e-con-full e-flex e-con e-child\" data-id=\"dd58e3c\" data-element_type=\"container\" data-e-type=\"container\">\n\t\t\t\t<div class=\"elementor-element elementor-element-305c33a elementor-widget elementor-widget-text-editor\" data-id=\"305c33a\" data-element_type=\"widget\" data-e-type=\"widget\" data-widget_type=\"text-editor.default\">\n\t\t\t\t\t\t\t\t\t<p>Os ganhos de capital de transfer\u00eancias de a\u00e7\u00f5es podem ser isentos de imposto corporativo sob condi\u00e7\u00f5es espec\u00edficas, como manter as a\u00e7\u00f5es por pelo menos um ano e atender a certos limites de propriedade.<\/p>\t\t\t\t\t\t\t\t<\/div>\n\t\t\t\t<\/div>\n\t\t\t\t\t<\/details>\n\t\t\t\t\t\t<details id=\"e-n-accordion-item-82915\" class=\"e-n-accordion-item\" >\n\t\t\t\t<summary class=\"e-n-accordion-item-title\" data-accordion-index=\"16\" tabindex=\"-1\" aria-expanded=\"false\" aria-controls=\"e-n-accordion-item-82915\" >\n\t\t\t\t\t<span class='e-n-accordion-item-title-header'><div class=\"e-n-accordion-item-title-text\"> Qual \u00e9 o ano fiscal para empresas em Portugal? <\/div><\/span>\n\t\t\t\t\t\t\t<span class='e-n-accordion-item-title-icon'>\n\t\t\t<span class='e-opened' ><svg aria-hidden=\"true\" class=\"e-font-icon-svg e-fas-times\" viewBox=\"0 0 352 512\" xmlns=\"http:\/\/www.w3.org\/2000\/svg\"><path d=\"M242.72 256l100.07-100.07c12.28-12.28 12.28-32.19 0-44.48l-22.24-22.24c-12.28-12.28-32.19-12.28-44.48 0L176 189.28 75.93 89.21c-12.28-12.28-32.19-12.28-44.48 0L9.21 111.45c-12.28 12.28-12.28 32.19 0 44.48L109.28 256 9.21 356.07c-12.28 12.28-12.28 32.19 0 44.48l22.24 22.24c12.28 12.28 32.2 12.28 44.48 0L176 322.72l100.07 100.07c12.28 12.28 32.2 12.28 44.48 0l22.24-22.24c12.28-12.28 12.28-32.19 0-44.48L242.72 256z\"><\/path><\/svg><\/span>\n\t\t\t<span class='e-closed'><svg aria-hidden=\"true\" class=\"e-font-icon-svg e-fas-caret-down\" viewBox=\"0 0 320 512\" xmlns=\"http:\/\/www.w3.org\/2000\/svg\"><path d=\"M31.3 192h257.3c17.8 0 26.7 21.5 14.1 34.1L174.1 354.8c-7.8 7.8-20.5 7.8-28.3 0L17.2 226.1C4.6 213.5 13.5 192 31.3 192z\"><\/path><\/svg><\/span>\n\t\t<\/span>\n\n\t\t\t\t\t\t<\/summary>\n\t\t\t\t<div role=\"region\" aria-labelledby=\"e-n-accordion-item-82915\" class=\"elementor-element elementor-element-eeeb49e e-con-full e-flex e-con e-child\" data-id=\"eeeb49e\" data-element_type=\"container\" data-e-type=\"container\">\n\t\t\t\t<div class=\"elementor-element elementor-element-b1e96ec elementor-widget elementor-widget-text-editor\" data-id=\"b1e96ec\" data-element_type=\"widget\" data-e-type=\"widget\" data-widget_type=\"text-editor.default\">\n\t\t\t\t\t\t\t\t\t<p>O ano fiscal corporativo em Portugal vai de 1\u00ba de janeiro a 31 de dezembro. As empresas devem alinhar sua contabilidade e relat\u00f3rios fiscais a este ano civil. <\/p>\t\t\t\t\t\t\t\t<\/div>\n\t\t\t\t<\/div>\n\t\t\t\t\t<\/details>\n\t\t\t\t\t\t<details id=\"e-n-accordion-item-82916\" class=\"e-n-accordion-item\" >\n\t\t\t\t<summary class=\"e-n-accordion-item-title\" data-accordion-index=\"17\" tabindex=\"-1\" aria-expanded=\"false\" aria-controls=\"e-n-accordion-item-82916\" >\n\t\t\t\t\t<span class='e-n-accordion-item-title-header'><div class=\"e-n-accordion-item-title-text\"> Como as empresas enviam suas declara\u00e7\u00f5es fiscais em Portugal? <\/div><\/span>\n\t\t\t\t\t\t\t<span class='e-n-accordion-item-title-icon'>\n\t\t\t<span class='e-opened' ><svg aria-hidden=\"true\" class=\"e-font-icon-svg e-fas-times\" viewBox=\"0 0 352 512\" xmlns=\"http:\/\/www.w3.org\/2000\/svg\"><path d=\"M242.72 256l100.07-100.07c12.28-12.28 12.28-32.19 0-44.48l-22.24-22.24c-12.28-12.28-32.19-12.28-44.48 0L176 189.28 75.93 89.21c-12.28-12.28-32.19-12.28-44.48 0L9.21 111.45c-12.28 12.28-12.28 32.19 0 44.48L109.28 256 9.21 356.07c-12.28 12.28-12.28 32.19 0 44.48l22.24 22.24c12.28 12.28 32.2 12.28 44.48 0L176 322.72l100.07 100.07c12.28 12.28 32.2 12.28 44.48 0l22.24-22.24c12.28-12.28 12.28-32.19 0-44.48L242.72 256z\"><\/path><\/svg><\/span>\n\t\t\t<span class='e-closed'><svg aria-hidden=\"true\" class=\"e-font-icon-svg e-fas-caret-down\" viewBox=\"0 0 320 512\" xmlns=\"http:\/\/www.w3.org\/2000\/svg\"><path d=\"M31.3 192h257.3c17.8 0 26.7 21.5 14.1 34.1L174.1 354.8c-7.8 7.8-20.5 7.8-28.3 0L17.2 226.1C4.6 213.5 13.5 192 31.3 192z\"><\/path><\/svg><\/span>\n\t\t<\/span>\n\n\t\t\t\t\t\t<\/summary>\n\t\t\t\t<div role=\"region\" aria-labelledby=\"e-n-accordion-item-82916\" class=\"elementor-element elementor-element-0e90d5c e-con-full e-flex e-con e-child\" data-id=\"0e90d5c\" data-element_type=\"container\" data-e-type=\"container\">\n\t\t\t\t<div class=\"elementor-element elementor-element-5ee4244 elementor-widget elementor-widget-text-editor\" data-id=\"5ee4244\" data-element_type=\"widget\" data-e-type=\"widget\" data-widget_type=\"text-editor.default\">\n\t\t\t\t\t\t\t\t\t<p>As empresas devem enviar suas declara\u00e7\u00f5es de imposto corporativo online atrav\u00e9s do sistema de autoavalia\u00e7\u00e3o fornecido pela Autoridade Tribut\u00e1ria Portuguesa, garantindo que cumpram o prazo normalmente estabelecido para o final de maio.<\/p>\t\t\t\t\t\t\t\t<\/div>\n\t\t\t\t<\/div>\n\t\t\t\t\t<\/details>\n\t\t\t\t\t\t<details id=\"e-n-accordion-item-82917\" class=\"e-n-accordion-item\" >\n\t\t\t\t<summary class=\"e-n-accordion-item-title\" data-accordion-index=\"18\" tabindex=\"-1\" aria-expanded=\"false\" aria-controls=\"e-n-accordion-item-82917\" >\n\t\t\t\t\t<span class='e-n-accordion-item-title-header'><div class=\"e-n-accordion-item-title-text\"> Existem condi\u00e7\u00f5es para isen\u00e7\u00f5es fiscais relacionadas a fus\u00f5es ou transfer\u00eancias de a\u00e7\u00f5es? <\/div><\/span>\n\t\t\t\t\t\t\t<span class='e-n-accordion-item-title-icon'>\n\t\t\t<span class='e-opened' ><svg aria-hidden=\"true\" class=\"e-font-icon-svg e-fas-times\" viewBox=\"0 0 352 512\" xmlns=\"http:\/\/www.w3.org\/2000\/svg\"><path d=\"M242.72 256l100.07-100.07c12.28-12.28 12.28-32.19 0-44.48l-22.24-22.24c-12.28-12.28-32.19-12.28-44.48 0L176 189.28 75.93 89.21c-12.28-12.28-32.19-12.28-44.48 0L9.21 111.45c-12.28 12.28-12.28 32.19 0 44.48L109.28 256 9.21 356.07c-12.28 12.28-12.28 32.19 0 44.48l22.24 22.24c12.28 12.28 32.2 12.28 44.48 0L176 322.72l100.07 100.07c12.28 12.28 32.2 12.28 44.48 0l22.24-22.24c12.28-12.28 12.28-32.19 0-44.48L242.72 256z\"><\/path><\/svg><\/span>\n\t\t\t<span class='e-closed'><svg aria-hidden=\"true\" class=\"e-font-icon-svg e-fas-caret-down\" viewBox=\"0 0 320 512\" xmlns=\"http:\/\/www.w3.org\/2000\/svg\"><path d=\"M31.3 192h257.3c17.8 0 26.7 21.5 14.1 34.1L174.1 354.8c-7.8 7.8-20.5 7.8-28.3 0L17.2 226.1C4.6 213.5 13.5 192 31.3 192z\"><\/path><\/svg><\/span>\n\t\t<\/span>\n\n\t\t\t\t\t\t<\/summary>\n\t\t\t\t<div role=\"region\" aria-labelledby=\"e-n-accordion-item-82917\" class=\"elementor-element elementor-element-232aa5e e-con-full e-flex e-con e-child\" data-id=\"232aa5e\" data-element_type=\"container\" data-e-type=\"container\">\n\t\t\t\t<div class=\"elementor-element elementor-element-bd7e757 elementor-widget elementor-widget-text-editor\" data-id=\"bd7e757\" data-element_type=\"widget\" data-e-type=\"widget\" data-widget_type=\"text-editor.default\">\n\t\t\t\t\t\t\t\t\t<p>Sim, para isen\u00e7\u00f5es fiscais sobre ganhos de capital durante fus\u00f5es ou transfer\u00eancias de a\u00e7\u00f5es, as a\u00e7\u00f5es devem ser mantidas por pelo menos um ano, e o contribuinte deve possuir pelo menos 10% das a\u00e7\u00f5es ou direitos de voto na entidade transferidora.<\/p>\t\t\t\t\t\t\t\t<\/div>\n\t\t\t\t<\/div>\n\t\t\t\t\t<\/details>\n\t\t\t\t\t\t<details id=\"e-n-accordion-item-82918\" class=\"e-n-accordion-item\" >\n\t\t\t\t<summary class=\"e-n-accordion-item-title\" data-accordion-index=\"19\" tabindex=\"-1\" aria-expanded=\"false\" aria-controls=\"e-n-accordion-item-82918\" >\n\t\t\t\t\t<span class='e-n-accordion-item-title-header'><div class=\"e-n-accordion-item-title-text\"> O que acontece em caso de fraude fiscal em Portugal? <\/div><\/span>\n\t\t\t\t\t\t\t<span class='e-n-accordion-item-title-icon'>\n\t\t\t<span class='e-opened' ><svg aria-hidden=\"true\" class=\"e-font-icon-svg e-fas-times\" viewBox=\"0 0 352 512\" xmlns=\"http:\/\/www.w3.org\/2000\/svg\"><path d=\"M242.72 256l100.07-100.07c12.28-12.28 12.28-32.19 0-44.48l-22.24-22.24c-12.28-12.28-32.19-12.28-44.48 0L176 189.28 75.93 89.21c-12.28-12.28-32.19-12.28-44.48 0L9.21 111.45c-12.28 12.28-12.28 32.19 0 44.48L109.28 256 9.21 356.07c-12.28 12.28-12.28 32.19 0 44.48l22.24 22.24c12.28 12.28 32.2 12.28 44.48 0L176 322.72l100.07 100.07c12.28 12.28 32.2 12.28 44.48 0l22.24-22.24c12.28-12.28 12.28-32.19 0-44.48L242.72 256z\"><\/path><\/svg><\/span>\n\t\t\t<span class='e-closed'><svg aria-hidden=\"true\" class=\"e-font-icon-svg e-fas-caret-down\" viewBox=\"0 0 320 512\" xmlns=\"http:\/\/www.w3.org\/2000\/svg\"><path d=\"M31.3 192h257.3c17.8 0 26.7 21.5 14.1 34.1L174.1 354.8c-7.8 7.8-20.5 7.8-28.3 0L17.2 226.1C4.6 213.5 13.5 192 31.3 192z\"><\/path><\/svg><\/span>\n\t\t<\/span>\n\n\t\t\t\t\t\t<\/summary>\n\t\t\t\t<div role=\"region\" aria-labelledby=\"e-n-accordion-item-82918\" class=\"elementor-element elementor-element-48ee217 e-con-full e-flex e-con e-child\" data-id=\"48ee217\" data-element_type=\"container\" data-e-type=\"container\">\n\t\t\t\t<div class=\"elementor-element elementor-element-6d11a24 elementor-widget elementor-widget-text-editor\" data-id=\"6d11a24\" data-element_type=\"widget\" data-e-type=\"widget\" data-widget_type=\"text-editor.default\">\n\t\t\t\t\t\t\t\t\t<p>Empresas consideradas culpadas de fraude fiscal podem enfrentar penalidades severas, incluindo multas que podem variar de 30% a 100% do imposto devido, com limites dependendo se a ofensa foi deliberada ou devido a neglig\u00eancia.<\/p>\t\t\t\t\t\t\t\t<\/div>\n\t\t\t\t<\/div>\n\t\t\t\t\t<\/details>\n\t\t\t\t\t\t<details id=\"e-n-accordion-item-82919\" class=\"e-n-accordion-item\" >\n\t\t\t\t<summary class=\"e-n-accordion-item-title\" data-accordion-index=\"20\" tabindex=\"-1\" aria-expanded=\"false\" aria-controls=\"e-n-accordion-item-82919\" >\n\t\t\t\t\t<span class='e-n-accordion-item-title-header'><div class=\"e-n-accordion-item-title-text\"> As empresas em Portugal podem transferir preju\u00edzos fiscais? <\/div><\/span>\n\t\t\t\t\t\t\t<span class='e-n-accordion-item-title-icon'>\n\t\t\t<span class='e-opened' ><svg aria-hidden=\"true\" class=\"e-font-icon-svg e-fas-times\" viewBox=\"0 0 352 512\" xmlns=\"http:\/\/www.w3.org\/2000\/svg\"><path d=\"M242.72 256l100.07-100.07c12.28-12.28 12.28-32.19 0-44.48l-22.24-22.24c-12.28-12.28-32.19-12.28-44.48 0L176 189.28 75.93 89.21c-12.28-12.28-32.19-12.28-44.48 0L9.21 111.45c-12.28 12.28-12.28 32.19 0 44.48L109.28 256 9.21 356.07c-12.28 12.28-12.28 32.19 0 44.48l22.24 22.24c12.28 12.28 32.2 12.28 44.48 0L176 322.72l100.07 100.07c12.28 12.28 32.2 12.28 44.48 0l22.24-22.24c12.28-12.28 12.28-32.19 0-44.48L242.72 256z\"><\/path><\/svg><\/span>\n\t\t\t<span class='e-closed'><svg aria-hidden=\"true\" class=\"e-font-icon-svg e-fas-caret-down\" viewBox=\"0 0 320 512\" xmlns=\"http:\/\/www.w3.org\/2000\/svg\"><path d=\"M31.3 192h257.3c17.8 0 26.7 21.5 14.1 34.1L174.1 354.8c-7.8 7.8-20.5 7.8-28.3 0L17.2 226.1C4.6 213.5 13.5 192 31.3 192z\"><\/path><\/svg><\/span>\n\t\t<\/span>\n\n\t\t\t\t\t\t<\/summary>\n\t\t\t\t<div role=\"region\" aria-labelledby=\"e-n-accordion-item-82919\" class=\"elementor-element elementor-element-9d00da1 e-con-full e-flex e-con e-child\" data-id=\"9d00da1\" data-element_type=\"container\" data-e-type=\"container\">\n\t\t\t\t<div class=\"elementor-element elementor-element-3227273 elementor-widget elementor-widget-text-editor\" data-id=\"3227273\" data-element_type=\"widget\" data-e-type=\"widget\" data-widget_type=\"text-editor.default\">\n\t\t\t\t\t\t\t\t\t<p>Sim, as empresas podem transferir preju\u00edzos fiscais para compensar lucros tribut\u00e1veis futuros por at\u00e9 12 anos, o que pode beneficiar significativamente as empresas que buscam se recuperar de um ano com preju\u00edzo.<\/p>\t\t\t\t\t\t\t\t<\/div>\n\t\t\t\t<\/div>\n\t\t\t\t\t<\/details>\n\t\t\t\t\t<\/div>\n\t\t\t\t\t<script type=\"application\/ld+json\">{\"@context\":\"https:\\\/\\\/schema.org\",\"@type\":\"FAQPage\",\"mainEntity\":[{\"@type\":\"Question\",\"name\":\"Qual \\u00e9 a taxa de imposto corporativo em Portugal?\",\"acceptedAnswer\":{\"@type\":\"Answer\",\"text\":\"A taxa padr\\u00e3o de imposto corporativo em Portugal \\u00e9 de 21% sobre os lucros tribut\\u00e1veis. Esta taxa est\\u00e1 ligeiramente abaixo da m\\u00e9dia da UE.\"}},{\"@type\":\"Question\",\"name\":\"Quem \\u00e9 obrigado a pagar imposto corporativo em Portugal?\",\"acceptedAnswer\":{\"@type\":\"Answer\",\"text\":\"O imposto corporativo geralmente se aplica a empresas incorporadas. Trabalhadores aut\\u00f4nomos e parcerias pagam imposto de renda pessoal em vez disso.\"}},{\"@type\":\"Question\",\"name\":\"Qual \\u00e9 o limite para registro de IVA em Portugal?\",\"acceptedAnswer\":{\"@type\":\"Answer\",\"text\":\"Se o faturamento do seu neg\\u00f3cio exceder \\u20ac14.500 por ano, voc\\u00ea deve se registrar para o IVA. Este limite aumentar\\u00e1 para \\u20ac15.000 em 2025.\"}},{\"@type\":\"Question\",\"name\":\"Existem sobretaxas adicionais sobre o imposto corporativo?\",\"acceptedAnswer\":{\"@type\":\"Answer\",\"text\":\"Sim, as empresas podem enfrentar sobretaxas, incluindo:At\\u00e9 1,5% de sobretaxa local (Derrama)3% de sobretaxa estadual sobre lucros entre \\u20ac1,5 milh\\u00e3o e \\u20ac7,5 milh\\u00f5es5% de sobretaxa sobre lucros entre \\u20ac7,5 milh\\u00f5es e \\u20ac35 milh\\u00f5es9% de sobretaxa sobre lucros acima de \\u20ac35 milh\\u00f5es\"}},{\"@type\":\"Question\",\"name\":\"Que dedu\\u00e7\\u00f5es as empresas podem fazer antes de calcular os lucros tribut\\u00e1veis?\",\"acceptedAnswer\":{\"@type\":\"Answer\",\"text\":\"As empresas podem deduzir uma variedade de despesas, incluindo custos de m\\u00e3o de obra, custos de fabrica\\u00e7\\u00e3o, marketing, custos administrativos e deprecia\\u00e7\\u00e3o.\"}},{\"@type\":\"Question\",\"name\":\"Qual \\u00e9 o imposto corporativo reduzido?\",\"acceptedAnswer\":{\"@type\":\"Answer\",\"text\":\"As empresas podem deduzir uma variedade de despesas, incluindo custos de m\\u00e3o de obra, custos de fabrica\\u00e7\\u00e3o, marketing, custos administrativos e deprecia\\u00e7\\u00e3o.\"}},{\"@type\":\"Question\",\"name\":\"Qual \\u00e9 o novo regime para startups introduzido em 2024?\",\"acceptedAnswer\":{\"@type\":\"Answer\",\"text\":\"Startups consideradas \\u201cinovadoras\\u201d podem pagar uma al\\u00edquota reduzida de imposto sobre as sociedades de 12% sobre os primeiros \\u20ac50.000 de lucro, desde que tenham recebido financiamento de capital de risco ou investimento do Banco Portugu\\u00eas de Fomento.\"}},{\"@type\":\"Question\",\"name\":\"Com que frequ\\u00eancia preciso preencher a declara\\u00e7\\u00e3o de imposto corporativo em Portugal?\",\"acceptedAnswer\":{\"@type\":\"Answer\",\"text\":\"As empresas devem apresentar declara\\u00e7\\u00f5es de imposto corporativo anualmente, geralmente at\\u00e9 o final de maio do ano seguinte.\"}},{\"@type\":\"Question\",\"name\":\"Quais s\\u00e3o os cronogramas de pagamento para o imposto corporativo?\",\"acceptedAnswer\":{\"@type\":\"Answer\",\"text\":\"Os pagamentos do imposto sobre as sociedades normalmente s\\u00e3o feitos em tr\\u00eas parcelas, com vencimento em julho, setembro e dezembro, com base na liquida\\u00e7\\u00e3o do imposto do ano anterior.\"}},{\"@type\":\"Question\",\"name\":\"Existe um regime fiscal simplificado para pequenas empresas?\",\"acceptedAnswer\":{\"@type\":\"Answer\",\"text\":\"Sim, pequenas empresas com faturamento anual abaixo de \\u20ac200.000 podem optar por um regime fiscal simplificado, pagando imposto com base no faturamento em vez do lucro.\"}},{\"@type\":\"Question\",\"name\":\"Qual \\u00e9 a taxa geral de IVA em Portugal?\",\"acceptedAnswer\":{\"@type\":\"Answer\",\"text\":\"A taxa padr\\u00e3o de IVA em Portugal \\u00e9 de 23%. Existem taxas reduzidas de 13% para certos bens e 6% para itens essenciais.\"}},{\"@type\":\"Question\",\"name\":\"Existem penalidades por atraso na declara\\u00e7\\u00e3o fiscal em Portugal?\",\"acceptedAnswer\":{\"@type\":\"Answer\",\"text\":\"Sim, existem penalidades significativas por atraso na declara\\u00e7\\u00e3o fiscal, incluindo juros di\\u00e1rios e multas variando de \\u20ac45.000 a \\u20ac165.000, dependendo da natureza do atraso.\"}},{\"@type\":\"Question\",\"name\":\"Como o sistema de imposto corporativo trata empresas n\\u00e3o residentes?\",\"acceptedAnswer\":{\"@type\":\"Answer\",\"text\":\"Empresas n\\u00e3o residentes s\\u00e3o tributadas sobre sua renda portuguesa que n\\u00e3o est\\u00e1 sujeita ao imposto de renda pessoal.\"}},{\"@type\":\"Question\",\"name\":\"As empresas podem se beneficiar de cr\\u00e9ditos fiscais corporativos em Portugal?\",\"acceptedAnswer\":{\"@type\":\"Answer\",\"text\":\"Sim, as empresas podem acessar cr\\u00e9ditos fiscais corporativos, incluindo dedu\\u00e7\\u00f5es para dupla tributa\\u00e7\\u00e3o internacional e incentivos fiscais.\"}},{\"@type\":\"Question\",\"name\":\"Quais s\\u00e3o as implica\\u00e7\\u00f5es fiscais para ganhos de capital em a\\u00e7\\u00f5es em Portugal?\",\"acceptedAnswer\":{\"@type\":\"Answer\",\"text\":\"Os ganhos de capital de transfer\\u00eancias de a\\u00e7\\u00f5es podem ser isentos de imposto corporativo sob condi\\u00e7\\u00f5es espec\\u00edficas, como manter as a\\u00e7\\u00f5es por pelo menos um ano e atender a certos limites de propriedade.\"}},{\"@type\":\"Question\",\"name\":\"Qual \\u00e9 o ano fiscal para empresas em Portugal?\",\"acceptedAnswer\":{\"@type\":\"Answer\",\"text\":\"O ano fiscal corporativo em Portugal vai de 1\\u00ba de janeiro a 31 de dezembro. As empresas devem alinhar sua contabilidade e relat\\u00f3rios fiscais a este ano civil.\"}},{\"@type\":\"Question\",\"name\":\"Como as empresas enviam suas declara\\u00e7\\u00f5es fiscais em Portugal?\",\"acceptedAnswer\":{\"@type\":\"Answer\",\"text\":\"As empresas devem enviar suas declara\\u00e7\\u00f5es de imposto corporativo online atrav\\u00e9s do sistema de autoavalia\\u00e7\\u00e3o fornecido pela Autoridade Tribut\\u00e1ria Portuguesa, garantindo que cumpram o prazo normalmente estabelecido para o final de maio.\"}},{\"@type\":\"Question\",\"name\":\"Existem condi\\u00e7\\u00f5es para isen\\u00e7\\u00f5es fiscais relacionadas a fus\\u00f5es ou transfer\\u00eancias de a\\u00e7\\u00f5es?\",\"acceptedAnswer\":{\"@type\":\"Answer\",\"text\":\"Sim, para isen\\u00e7\\u00f5es fiscais sobre ganhos de capital durante fus\\u00f5es ou transfer\\u00eancias de a\\u00e7\\u00f5es, as a\\u00e7\\u00f5es devem ser mantidas por pelo menos um ano, e o contribuinte deve possuir pelo menos 10% das a\\u00e7\\u00f5es ou direitos de voto na entidade transferidora.\"}},{\"@type\":\"Question\",\"name\":\"O que acontece em caso de fraude fiscal em Portugal?\",\"acceptedAnswer\":{\"@type\":\"Answer\",\"text\":\"Empresas consideradas culpadas de fraude fiscal podem enfrentar penalidades severas, incluindo multas que podem variar de 30% a 100% do imposto devido, com limites dependendo se a ofensa foi deliberada ou devido a neglig\\u00eancia.\"}},{\"@type\":\"Question\",\"name\":\"As empresas em Portugal podem transferir preju\\u00edzos fiscais?\",\"acceptedAnswer\":{\"@type\":\"Answer\",\"text\":\"Sim, as empresas podem transferir preju\\u00edzos fiscais para compensar lucros tribut\\u00e1veis futuros por at\\u00e9 12 anos, o que pode beneficiar significativamente as empresas que buscam se recuperar de um ano com preju\\u00edzo.\"}}]}<\/script>\n\t\t\t\t\t\t\t<\/div>\n\t\t\t\t\t<\/div>\n\t\t\t\t<\/div>\n\t\t\t\t<\/div>\n\t\t","protected":false},"excerpt":{"rendered":"<p>Se voc\u00ea est\u00e1 pensando em abrir uma empresa em Portugal, entender como funciona o imposto sobre as sociedades (IRC) \u00e9 um dos primeiros passos para tomar decis\u00f5es inteligentes. O sistema tribut\u00e1rio de Portugal \u00e9 estruturado, favor\u00e1vel aos investidores e oferece diversos incentivos para novos neg\u00f3cios \u2014 mas pode parecer um pouco t\u00e9cnico se voc\u00ea n\u00e3o [&hellip;]<\/p>\n","protected":false},"author":2,"featured_media":20784,"comment_status":"closed","ping_status":"open","sticky":false,"template":"","format":"standard","meta":{"_angie_page":false,"_jet_sm_ready_style":"","_jet_sm_style":"","_jet_sm_controls_values":"","_jet_sm_fonts_collection":"","_jet_sm_fonts_links":"","page_builder":"","footnotes":""},"categories":[315],"tags":[],"class_list":["post-20776","post","type-post","status-publish","format-standard","has-post-thumbnail","hentry","category-impostos-2"],"yoast_head":"<!-- This site is optimized with the Yoast SEO plugin v28.3 - https:\/\/yoast.com\/product\/yoast-seo-wordpress\/ -->\n<title>Imposto sobre o rendimento das pessoas coletivas (IRC) em Portugal: guia para expatriados<\/title>\n<meta name=\"description\" content=\"Em Portugal, as entidades empresariais s\u00e3o obrigadas a pagar imposto sobre o rendimento das pessoas coletivas sobre seus lucros tribut\u00e1veis a uma taxa uniforme de 20%.\" \/>\n<meta name=\"robots\" content=\"index, follow, max-snippet:-1, max-image-preview:large, max-video-preview:-1\" \/>\n<link rel=\"canonical\" href=\"https:\/\/www.portugalresidencyadvisors.com\/pt-br\/impostos-em-portugal-imposto-sociedades\/\" \/>\n<meta property=\"og:locale\" content=\"pt_BR\" \/>\n<meta property=\"og:type\" content=\"article\" \/>\n<meta property=\"og:title\" content=\"Imposto sobre o rendimento das pessoas coletivas (IRC) em Portugal: guia para expatriados\" \/>\n<meta property=\"og:description\" content=\"Em Portugal, as entidades empresariais s\u00e3o obrigadas a pagar imposto sobre o rendimento das pessoas coletivas sobre seus lucros tribut\u00e1veis a uma taxa uniforme de 20%.\" \/>\n<meta property=\"og:url\" content=\"https:\/\/www.portugalresidencyadvisors.com\/pt-br\/impostos-em-portugal-imposto-sociedades\/\" \/>\n<meta property=\"og:site_name\" content=\"Portugal Residency Advisors\" \/>\n<meta property=\"article:publisher\" content=\"https:\/\/www.facebook.com\/portugalresidencyadvisors\" \/>\n<meta property=\"article:author\" content=\"https:\/\/www.facebook.com\/portugalresidencyadvisors\" \/>\n<meta property=\"article:published_time\" content=\"2023-11-29T01:12:13+00:00\" \/>\n<meta property=\"article:modified_time\" content=\"2026-07-28T16:42:43+00:00\" \/>\n<meta property=\"og:image\" content=\"https:\/\/www.portugalresidencyadvisors.com\/wp-content\/uploads\/2023\/11\/tax-corporate-portugal-residency-advisors.webp\" \/>\n\t<meta property=\"og:image:width\" content=\"1920\" \/>\n\t<meta property=\"og:image:height\" content=\"1278\" \/>\n\t<meta property=\"og:image:type\" content=\"image\/jpeg\" \/>\n<meta name=\"author\" content=\"Pedro Branco\" \/>\n<meta name=\"twitter:card\" content=\"summary_large_image\" \/>\n<meta name=\"twitter:creator\" content=\"@ptadvresidency\" \/>\n<meta name=\"twitter:site\" content=\"@ptadvresidency\" \/>\n<meta name=\"twitter:label1\" content=\"Escrito por\" \/>\n\t<meta name=\"twitter:data1\" content=\"Pedro Branco\" \/>\n\t<meta name=\"twitter:label2\" content=\"Est. tempo de leitura\" \/>\n\t<meta name=\"twitter:data2\" content=\"12 minutos\" \/>\n<script type=\"application\/ld+json\" class=\"yoast-schema-graph\">{\"@context\":\"https:\\\/\\\/schema.org\",\"@graph\":[{\"@type\":\"Article\",\"@id\":\"https:\\\/\\\/www.portugalresidencyadvisors.com\\\/pt-br\\\/impostos-em-portugal-imposto-sociedades\\\/#article\",\"isPartOf\":{\"@id\":\"https:\\\/\\\/www.portugalresidencyadvisors.com\\\/pt-br\\\/impostos-em-portugal-imposto-sociedades\\\/\"},\"author\":{\"name\":\"Pedro Branco\",\"@id\":\"https:\\\/\\\/www.portugalresidencyadvisors.com\\\/pt-br\\\/#\\\/schema\\\/person\\\/618d183a4cb15adb885c5d36be14cc61\"},\"headline\":\"Imposto sobre o rendimento das pessoas coletivas (IRC) em Portugal: guia para expatriados\",\"datePublished\":\"2023-11-29T01:12:13+00:00\",\"dateModified\":\"2026-07-28T16:42:43+00:00\",\"mainEntityOfPage\":{\"@id\":\"https:\\\/\\\/www.portugalresidencyadvisors.com\\\/pt-br\\\/impostos-em-portugal-imposto-sociedades\\\/\"},\"wordCount\":2373,\"publisher\":{\"@id\":\"https:\\\/\\\/www.portugalresidencyadvisors.com\\\/pt-br\\\/#organization\"},\"image\":{\"@id\":\"https:\\\/\\\/www.portugalresidencyadvisors.com\\\/pt-br\\\/impostos-em-portugal-imposto-sociedades\\\/#primaryimage\"},\"thumbnailUrl\":\"https:\\\/\\\/www.portugalresidencyadvisors.com\\\/wp-content\\\/uploads\\\/2023\\\/11\\\/tax-corporate-portugal-residency-advisors.webp\",\"articleSection\":[\"Impostos\"],\"inLanguage\":\"pt-BR\"},{\"@type\":\"WebPage\",\"@id\":\"https:\\\/\\\/www.portugalresidencyadvisors.com\\\/pt-br\\\/impostos-em-portugal-imposto-sociedades\\\/\",\"url\":\"https:\\\/\\\/www.portugalresidencyadvisors.com\\\/pt-br\\\/impostos-em-portugal-imposto-sociedades\\\/\",\"name\":\"Imposto sobre o rendimento das pessoas coletivas (IRC) em Portugal: guia para expatriados\",\"isPartOf\":{\"@id\":\"https:\\\/\\\/www.portugalresidencyadvisors.com\\\/pt-br\\\/#website\"},\"primaryImageOfPage\":{\"@id\":\"https:\\\/\\\/www.portugalresidencyadvisors.com\\\/pt-br\\\/impostos-em-portugal-imposto-sociedades\\\/#primaryimage\"},\"image\":{\"@id\":\"https:\\\/\\\/www.portugalresidencyadvisors.com\\\/pt-br\\\/impostos-em-portugal-imposto-sociedades\\\/#primaryimage\"},\"thumbnailUrl\":\"https:\\\/\\\/www.portugalresidencyadvisors.com\\\/wp-content\\\/uploads\\\/2023\\\/11\\\/tax-corporate-portugal-residency-advisors.webp\",\"datePublished\":\"2023-11-29T01:12:13+00:00\",\"dateModified\":\"2026-07-28T16:42:43+00:00\",\"description\":\"Em Portugal, as entidades empresariais s\u00e3o obrigadas a pagar imposto sobre o rendimento das pessoas coletivas sobre seus lucros tribut\u00e1veis a uma taxa uniforme de 20%.\",\"breadcrumb\":{\"@id\":\"https:\\\/\\\/www.portugalresidencyadvisors.com\\\/pt-br\\\/impostos-em-portugal-imposto-sociedades\\\/#breadcrumb\"},\"inLanguage\":\"pt-BR\",\"potentialAction\":[{\"@type\":\"ReadAction\",\"target\":[\"https:\\\/\\\/www.portugalresidencyadvisors.com\\\/pt-br\\\/impostos-em-portugal-imposto-sociedades\\\/\"]}]},{\"@type\":\"ImageObject\",\"inLanguage\":\"pt-BR\",\"@id\":\"https:\\\/\\\/www.portugalresidencyadvisors.com\\\/pt-br\\\/impostos-em-portugal-imposto-sociedades\\\/#primaryimage\",\"url\":\"https:\\\/\\\/www.portugalresidencyadvisors.com\\\/wp-content\\\/uploads\\\/2023\\\/11\\\/tax-corporate-portugal-residency-advisors.webp\",\"contentUrl\":\"https:\\\/\\\/www.portugalresidencyadvisors.com\\\/wp-content\\\/uploads\\\/2023\\\/11\\\/tax-corporate-portugal-residency-advisors.webp\",\"width\":1920,\"height\":1278,\"caption\":\"business man\"},{\"@type\":\"BreadcrumbList\",\"@id\":\"https:\\\/\\\/www.portugalresidencyadvisors.com\\\/pt-br\\\/impostos-em-portugal-imposto-sociedades\\\/#breadcrumb\",\"itemListElement\":[{\"@type\":\"ListItem\",\"position\":1,\"name\":\"Home\",\"item\":\"https:\\\/\\\/www.portugalresidencyadvisors.com\\\/pt-br\\\/\"},{\"@type\":\"ListItem\",\"position\":2,\"name\":\"Imposto sobre o rendimento das pessoas coletivas (IRC) em Portugal: guia para expatriados\"}]},{\"@type\":\"WebSite\",\"@id\":\"https:\\\/\\\/www.portugalresidencyadvisors.com\\\/pt-br\\\/#website\",\"url\":\"https:\\\/\\\/www.portugalresidencyadvisors.com\\\/pt-br\\\/\",\"name\":\"Portugal Residency Advisors\",\"description\":\"We help individuals wishing to work, study, retire, invest or moving to Portugal\",\"publisher\":{\"@id\":\"https:\\\/\\\/www.portugalresidencyadvisors.com\\\/pt-br\\\/#organization\"},\"alternateName\":\"Portugal Residency Made Easy\",\"potentialAction\":[{\"@type\":\"SearchAction\",\"target\":{\"@type\":\"EntryPoint\",\"urlTemplate\":\"https:\\\/\\\/www.portugalresidencyadvisors.com\\\/pt-br\\\/?s={search_term_string}\"},\"query-input\":{\"@type\":\"PropertyValueSpecification\",\"valueRequired\":true,\"valueName\":\"search_term_string\"}}],\"inLanguage\":\"pt-BR\"},{\"@type\":\"Organization\",\"@id\":\"https:\\\/\\\/www.portugalresidencyadvisors.com\\\/pt-br\\\/#organization\",\"name\":\"Consultores de resid\u00eancia em Portugal\",\"alternateName\":\"PTADV - Portugal Residency Advisors Unipessoal, Lda\",\"url\":\"https:\\\/\\\/www.portugalresidencyadvisors.com\\\/pt-br\\\/\",\"logo\":{\"@type\":\"ImageObject\",\"inLanguage\":\"pt-BR\",\"@id\":\"https:\\\/\\\/www.portugalresidencyadvisors.com\\\/pt-br\\\/#\\\/schema\\\/logo\\\/image\\\/\",\"url\":\"https:\\\/\\\/www.portugalresidencyadvisors.com\\\/wp-content\\\/uploads\\\/2023\\\/03\\\/Logotipo-Versao-Principal-01.png\",\"contentUrl\":\"https:\\\/\\\/www.portugalresidencyadvisors.com\\\/wp-content\\\/uploads\\\/2023\\\/03\\\/Logotipo-Versao-Principal-01.png\",\"width\":1772,\"height\":1182,\"caption\":\"Consultores de resid\u00eancia em Portugal\"},\"image\":{\"@id\":\"https:\\\/\\\/www.portugalresidencyadvisors.com\\\/pt-br\\\/#\\\/schema\\\/logo\\\/image\\\/\"},\"sameAs\":[\"https:\\\/\\\/www.facebook.com\\\/portugalresidencyadvisors\",\"https:\\\/\\\/x.com\\\/ptadvresidency\",\"https:\\\/\\\/www.linkedin.com\\\/company\\\/portugal-residency-advisors\\\/\"]},{\"@type\":\"Person\",\"@id\":\"https:\\\/\\\/www.portugalresidencyadvisors.com\\\/pt-br\\\/#\\\/schema\\\/person\\\/618d183a4cb15adb885c5d36be14cc61\",\"name\":\"Pedro Branco\",\"image\":{\"@type\":\"ImageObject\",\"inLanguage\":\"pt-BR\",\"@id\":\"https:\\\/\\\/secure.gravatar.com\\\/avatar\\\/0072b09f4efcc98f36338d7b46b3e6c09a9c243ff87364a336b65311528c2a6d?s=96&d=mm&r=g\",\"url\":\"https:\\\/\\\/secure.gravatar.com\\\/avatar\\\/0072b09f4efcc98f36338d7b46b3e6c09a9c243ff87364a336b65311528c2a6d?s=96&d=mm&r=g\",\"contentUrl\":\"https:\\\/\\\/secure.gravatar.com\\\/avatar\\\/0072b09f4efcc98f36338d7b46b3e6c09a9c243ff87364a336b65311528c2a6d?s=96&d=mm&r=g\",\"caption\":\"Pedro Branco\"},\"sameAs\":[\"http:\\\/\\\/www.portugalresidencyadvisors.com\",\"https:\\\/\\\/www.facebook.com\\\/portugalresidencyadvisors\",\"https:\\\/\\\/www.instagram.com\\\/portugalresidencyadvisors\\\/\",\"https:\\\/\\\/www.linkedin.com\\\/company\\\/portugal-residency-advisors\\\/\"],\"url\":\"https:\\\/\\\/www.portugalresidencyadvisors.com\\\/pt-br\\\/author\\\/pedrobranco\\\/\"}]}<\/script>\n<!-- \/ Yoast SEO plugin. -->","yoast_head_json":{"title":"Imposto sobre o rendimento das pessoas coletivas (IRC) em Portugal: guia para expatriados","description":"Em Portugal, as entidades empresariais s\u00e3o obrigadas a pagar imposto sobre o rendimento das pessoas coletivas sobre seus lucros tribut\u00e1veis a uma taxa uniforme de 20%.","robots":{"index":"index","follow":"follow","max-snippet":"max-snippet:-1","max-image-preview":"max-image-preview:large","max-video-preview":"max-video-preview:-1"},"canonical":"https:\/\/www.portugalresidencyadvisors.com\/pt-br\/impostos-em-portugal-imposto-sociedades\/","og_locale":"pt_BR","og_type":"article","og_title":"Imposto sobre o rendimento das pessoas coletivas (IRC) em Portugal: guia para expatriados","og_description":"Em Portugal, as entidades empresariais s\u00e3o obrigadas a pagar imposto sobre o rendimento das pessoas coletivas sobre seus lucros tribut\u00e1veis a uma taxa uniforme de 20%.","og_url":"https:\/\/www.portugalresidencyadvisors.com\/pt-br\/impostos-em-portugal-imposto-sociedades\/","og_site_name":"Portugal Residency Advisors","article_publisher":"https:\/\/www.facebook.com\/portugalresidencyadvisors","article_author":"https:\/\/www.facebook.com\/portugalresidencyadvisors","article_published_time":"2023-11-29T01:12:13+00:00","article_modified_time":"2026-07-28T16:42:43+00:00","og_image":[{"width":1920,"height":1278,"url":"https:\/\/www.portugalresidencyadvisors.com\/wp-content\/uploads\/2023\/11\/tax-corporate-portugal-residency-advisors.webp","type":"image\/jpeg"}],"author":"Pedro Branco","twitter_card":"summary_large_image","twitter_creator":"@ptadvresidency","twitter_site":"@ptadvresidency","twitter_misc":{"Escrito por":"Pedro Branco","Est. tempo de leitura":"12 minutos"},"schema":{"@context":"https:\/\/schema.org","@graph":[{"@type":"Article","@id":"https:\/\/www.portugalresidencyadvisors.com\/pt-br\/impostos-em-portugal-imposto-sociedades\/#article","isPartOf":{"@id":"https:\/\/www.portugalresidencyadvisors.com\/pt-br\/impostos-em-portugal-imposto-sociedades\/"},"author":{"name":"Pedro Branco","@id":"https:\/\/www.portugalresidencyadvisors.com\/pt-br\/#\/schema\/person\/618d183a4cb15adb885c5d36be14cc61"},"headline":"Imposto sobre o rendimento das pessoas coletivas (IRC) em Portugal: guia para expatriados","datePublished":"2023-11-29T01:12:13+00:00","dateModified":"2026-07-28T16:42:43+00:00","mainEntityOfPage":{"@id":"https:\/\/www.portugalresidencyadvisors.com\/pt-br\/impostos-em-portugal-imposto-sociedades\/"},"wordCount":2373,"publisher":{"@id":"https:\/\/www.portugalresidencyadvisors.com\/pt-br\/#organization"},"image":{"@id":"https:\/\/www.portugalresidencyadvisors.com\/pt-br\/impostos-em-portugal-imposto-sociedades\/#primaryimage"},"thumbnailUrl":"https:\/\/www.portugalresidencyadvisors.com\/wp-content\/uploads\/2023\/11\/tax-corporate-portugal-residency-advisors.webp","articleSection":["Impostos"],"inLanguage":"pt-BR"},{"@type":"WebPage","@id":"https:\/\/www.portugalresidencyadvisors.com\/pt-br\/impostos-em-portugal-imposto-sociedades\/","url":"https:\/\/www.portugalresidencyadvisors.com\/pt-br\/impostos-em-portugal-imposto-sociedades\/","name":"Imposto sobre o rendimento das pessoas coletivas (IRC) em Portugal: guia para expatriados","isPartOf":{"@id":"https:\/\/www.portugalresidencyadvisors.com\/pt-br\/#website"},"primaryImageOfPage":{"@id":"https:\/\/www.portugalresidencyadvisors.com\/pt-br\/impostos-em-portugal-imposto-sociedades\/#primaryimage"},"image":{"@id":"https:\/\/www.portugalresidencyadvisors.com\/pt-br\/impostos-em-portugal-imposto-sociedades\/#primaryimage"},"thumbnailUrl":"https:\/\/www.portugalresidencyadvisors.com\/wp-content\/uploads\/2023\/11\/tax-corporate-portugal-residency-advisors.webp","datePublished":"2023-11-29T01:12:13+00:00","dateModified":"2026-07-28T16:42:43+00:00","description":"Em Portugal, as entidades empresariais s\u00e3o obrigadas a pagar imposto sobre o rendimento das pessoas coletivas sobre seus lucros tribut\u00e1veis a uma taxa uniforme de 20%.","breadcrumb":{"@id":"https:\/\/www.portugalresidencyadvisors.com\/pt-br\/impostos-em-portugal-imposto-sociedades\/#breadcrumb"},"inLanguage":"pt-BR","potentialAction":[{"@type":"ReadAction","target":["https:\/\/www.portugalresidencyadvisors.com\/pt-br\/impostos-em-portugal-imposto-sociedades\/"]}]},{"@type":"ImageObject","inLanguage":"pt-BR","@id":"https:\/\/www.portugalresidencyadvisors.com\/pt-br\/impostos-em-portugal-imposto-sociedades\/#primaryimage","url":"https:\/\/www.portugalresidencyadvisors.com\/wp-content\/uploads\/2023\/11\/tax-corporate-portugal-residency-advisors.webp","contentUrl":"https:\/\/www.portugalresidencyadvisors.com\/wp-content\/uploads\/2023\/11\/tax-corporate-portugal-residency-advisors.webp","width":1920,"height":1278,"caption":"business man"},{"@type":"BreadcrumbList","@id":"https:\/\/www.portugalresidencyadvisors.com\/pt-br\/impostos-em-portugal-imposto-sociedades\/#breadcrumb","itemListElement":[{"@type":"ListItem","position":1,"name":"Home","item":"https:\/\/www.portugalresidencyadvisors.com\/pt-br\/"},{"@type":"ListItem","position":2,"name":"Imposto sobre o rendimento das pessoas coletivas (IRC) em Portugal: guia para expatriados"}]},{"@type":"WebSite","@id":"https:\/\/www.portugalresidencyadvisors.com\/pt-br\/#website","url":"https:\/\/www.portugalresidencyadvisors.com\/pt-br\/","name":"Portugal Residency Advisors","description":"We help individuals wishing to work, study, retire, invest or moving to Portugal","publisher":{"@id":"https:\/\/www.portugalresidencyadvisors.com\/pt-br\/#organization"},"alternateName":"Portugal Residency Made Easy","potentialAction":[{"@type":"SearchAction","target":{"@type":"EntryPoint","urlTemplate":"https:\/\/www.portugalresidencyadvisors.com\/pt-br\/?s={search_term_string}"},"query-input":{"@type":"PropertyValueSpecification","valueRequired":true,"valueName":"search_term_string"}}],"inLanguage":"pt-BR"},{"@type":"Organization","@id":"https:\/\/www.portugalresidencyadvisors.com\/pt-br\/#organization","name":"Consultores de resid\u00eancia em Portugal","alternateName":"PTADV - Portugal Residency Advisors Unipessoal, Lda","url":"https:\/\/www.portugalresidencyadvisors.com\/pt-br\/","logo":{"@type":"ImageObject","inLanguage":"pt-BR","@id":"https:\/\/www.portugalresidencyadvisors.com\/pt-br\/#\/schema\/logo\/image\/","url":"https:\/\/www.portugalresidencyadvisors.com\/wp-content\/uploads\/2023\/03\/Logotipo-Versao-Principal-01.png","contentUrl":"https:\/\/www.portugalresidencyadvisors.com\/wp-content\/uploads\/2023\/03\/Logotipo-Versao-Principal-01.png","width":1772,"height":1182,"caption":"Consultores de resid\u00eancia em Portugal"},"image":{"@id":"https:\/\/www.portugalresidencyadvisors.com\/pt-br\/#\/schema\/logo\/image\/"},"sameAs":["https:\/\/www.facebook.com\/portugalresidencyadvisors","https:\/\/x.com\/ptadvresidency","https:\/\/www.linkedin.com\/company\/portugal-residency-advisors\/"]},{"@type":"Person","@id":"https:\/\/www.portugalresidencyadvisors.com\/pt-br\/#\/schema\/person\/618d183a4cb15adb885c5d36be14cc61","name":"Pedro Branco","image":{"@type":"ImageObject","inLanguage":"pt-BR","@id":"https:\/\/secure.gravatar.com\/avatar\/0072b09f4efcc98f36338d7b46b3e6c09a9c243ff87364a336b65311528c2a6d?s=96&d=mm&r=g","url":"https:\/\/secure.gravatar.com\/avatar\/0072b09f4efcc98f36338d7b46b3e6c09a9c243ff87364a336b65311528c2a6d?s=96&d=mm&r=g","contentUrl":"https:\/\/secure.gravatar.com\/avatar\/0072b09f4efcc98f36338d7b46b3e6c09a9c243ff87364a336b65311528c2a6d?s=96&d=mm&r=g","caption":"Pedro Branco"},"sameAs":["http:\/\/www.portugalresidencyadvisors.com","https:\/\/www.facebook.com\/portugalresidencyadvisors","https:\/\/www.instagram.com\/portugalresidencyadvisors\/","https:\/\/www.linkedin.com\/company\/portugal-residency-advisors\/"],"url":"https:\/\/www.portugalresidencyadvisors.com\/pt-br\/author\/pedrobranco\/"}]}},"_links":{"self":[{"href":"https:\/\/www.portugalresidencyadvisors.com\/pt-br\/wp-json\/wp\/v2\/posts\/20776","targetHints":{"allow":["GET"]}}],"collection":[{"href":"https:\/\/www.portugalresidencyadvisors.com\/pt-br\/wp-json\/wp\/v2\/posts"}],"about":[{"href":"https:\/\/www.portugalresidencyadvisors.com\/pt-br\/wp-json\/wp\/v2\/types\/post"}],"author":[{"embeddable":true,"href":"https:\/\/www.portugalresidencyadvisors.com\/pt-br\/wp-json\/wp\/v2\/users\/2"}],"replies":[{"embeddable":true,"href":"https:\/\/www.portugalresidencyadvisors.com\/pt-br\/wp-json\/wp\/v2\/comments?post=20776"}],"version-history":[{"count":2,"href":"https:\/\/www.portugalresidencyadvisors.com\/pt-br\/wp-json\/wp\/v2\/posts\/20776\/revisions"}],"predecessor-version":[{"id":60622,"href":"https:\/\/www.portugalresidencyadvisors.com\/pt-br\/wp-json\/wp\/v2\/posts\/20776\/revisions\/60622"}],"wp:featuredmedia":[{"embeddable":true,"href":"https:\/\/www.portugalresidencyadvisors.com\/pt-br\/wp-json\/wp\/v2\/media\/20784"}],"wp:attachment":[{"href":"https:\/\/www.portugalresidencyadvisors.com\/pt-br\/wp-json\/wp\/v2\/media?parent=20776"}],"wp:term":[{"taxonomy":"category","embeddable":true,"href":"https:\/\/www.portugalresidencyadvisors.com\/pt-br\/wp-json\/wp\/v2\/categories?post=20776"},{"taxonomy":"post_tag","embeddable":true,"href":"https:\/\/www.portugalresidencyadvisors.com\/pt-br\/wp-json\/wp\/v2\/tags?post=20776"}],"curies":[{"name":"wp","href":"https:\/\/api.w.org\/{rel}","templated":true}]}}