{"id":19878,"date":"2025-07-05T08:23:36","date_gmt":"2025-07-05T08:23:36","guid":{"rendered":"https:\/\/www.portugalresidencyadvisors.com\/posso-mudar-me-para-portugal-atraves-do-artigo-116\/"},"modified":"2026-05-13T19:23:52","modified_gmt":"2026-05-13T19:23:52","slug":"artigo-116-residencia-ue-portugal","status":"publish","type":"post","link":"https:\/\/www.portugalresidencyadvisors.com\/pt-br\/artigo-116-residencia-ue-portugal\/","title":{"rendered":"Portugal Artigo 116: Resid\u00eancia para Residentes de Longa Dura\u00e7\u00e3o da UE"},"content":{"rendered":"\t\t<div data-elementor-type=\"wp-post\" data-elementor-id=\"19878\" class=\"elementor elementor-19878 elementor-18336\" data-elementor-post-type=\"post\">\n\t\t\t\t<div class=\"elementor-element elementor-element-1f7c75d e-flex e-con-boxed e-con e-parent\" data-id=\"1f7c75d\" data-element_type=\"container\" data-e-type=\"container\">\n\t\t\t\t\t<div class=\"e-con-inner\">\n\t\t\t\t<div class=\"elementor-element elementor-element-112429b elementor-widget elementor-widget-text-editor\" data-id=\"112429b\" data-element_type=\"widget\" data-e-type=\"widget\" data-widget_type=\"text-editor.default\">\n\t\t\t\t\t\t\t\t\t<p data-start=\"317\" data-end=\"501\">Se o(a) senhor(a) for um(a) cidad\u00e3o(\u00e3) n\u00e3o pertencente \u00e0 UE que vive em outro pa\u00eds da UE com estatuto de resid\u00eancia de longa dura\u00e7\u00e3o, talvez j\u00e1 tenha um caminho para se mudar para Portugal sem solicitar um visto tradicional.<\/p><p data-start=\"503\" data-end=\"728\">Nos termos do Artigo 116 da lei de imigra\u00e7\u00e3o de Portugal, determinados nacionais de pa\u00edses terceiros que detenham o estatuto de residente de longa dura\u00e7\u00e3o na UE podem solicitar uma autoriza\u00e7\u00e3o de resid\u00eancia portuguesa sem precisar iniciar o processo de imigra\u00e7\u00e3o do zero.<\/p><p data-start=\"730\" data-end=\"938\">Essa via baseia-se na Diretiva 2003\/109\/CE da UE, que permite que residentes de longa dura\u00e7\u00e3o em um pa\u00eds da UE se mudem e se estabele\u00e7am em outro Estado-membro da UE para fins como trabalho, estudos ou reunifica\u00e7\u00e3o familiar.<\/p><p data-start=\"940\" data-end=\"1070\">Neste guia, explicamos como o Artigo 116 funciona, quem se qualifica e como solicitar resid\u00eancia em Portugal por essa via.<\/p>\t\t\t\t\t\t\t\t<\/div>\n\t\t\t\t\t<\/div>\n\t\t\t\t<\/div>\n\t\t<div class=\"elementor-element elementor-element-0ec2241 e-flex e-con-boxed e-con e-parent\" data-id=\"0ec2241\" data-element_type=\"container\" data-e-type=\"container\">\n\t\t\t\t\t<div class=\"e-con-inner\">\n\t\t\t\t<div class=\"elementor-element elementor-element-9d52723 elementor-widget elementor-widget-heading\" data-id=\"9d52723\" data-element_type=\"widget\" data-e-type=\"widget\" data-widget_type=\"heading.default\">\n\t\t\t\t\t<h2 class=\"elementor-heading-title elementor-size-default\">O que \u00e9 o Artigo 116 em Portugal?<\/h2>\t\t\t\t<\/div>\n\t\t\t\t<div class=\"elementor-element elementor-element-4ad439e elementor-widget elementor-widget-text-editor\" data-id=\"4ad439e\" data-element_type=\"widget\" data-e-type=\"widget\" data-widget_type=\"text-editor.default\">\n\t\t\t\t\t\t\t\t\t<p data-start=\"1113\" data-end=\"1301\">O Artigo 116 \u00e9 uma disposi\u00e7\u00e3o da lei de imigra\u00e7\u00e3o de Portugal que permite que cidad\u00e3os n\u00e3o pertencentes \u00e0 UE que detenham o estatuto de residente de longa dura\u00e7\u00e3o na UE em outro pa\u00eds da UE solicitem resid\u00eancia em Portugal.<\/p><p data-start=\"1303\" data-end=\"1437\">Em vez de solicitar um visto por meio de um consulado portugu\u00eas, os(as) requerentes podem apresentar o pedido de resid\u00eancia diretamente em Portugal.<\/p><h3 data-section-id=\"138xatu\" data-start=\"1439\" data-end=\"1458\">Em termos simples<\/h3><p data-start=\"1460\" data-end=\"1467\">Se o(a) senhor(a):<\/p><ul><li data-start=\"1471\" data-end=\"1495\">for um(a) cidad\u00e3o(\u00e3) n\u00e3o pertencente \u00e0 UE<\/li><li data-start=\"1498\" data-end=\"1532\">residir legalmente em outro pa\u00eds da UE<\/li><li data-start=\"1535\" data-end=\"1572\">detiver o estatuto de residente de longa dura\u00e7\u00e3o na UE<\/li><\/ul><p data-start=\"1574\" data-end=\"1660\">talvez seja poss\u00edvel se mudar para Portugal e solicitar resid\u00eancia nos termos do Artigo 116.<\/p>\t\t\t\t\t\t\t\t<\/div>\n\t\t\t\t\t<\/div>\n\t\t\t\t<\/div>\n\t\t<div class=\"elementor-element elementor-element-594f8ae e-flex e-con-boxed e-con e-parent\" data-id=\"594f8ae\" data-element_type=\"container\" data-e-type=\"container\">\n\t\t\t\t\t<div class=\"e-con-inner\">\n\t\t\t\t<div class=\"elementor-element elementor-element-0441af9 elementor-widget elementor-widget-heading\" data-id=\"0441af9\" data-element_type=\"widget\" data-e-type=\"widget\" data-widget_type=\"heading.default\">\n\t\t\t\t\t<h2 class=\"elementor-heading-title elementor-size-default\">Vis\u00e3o geral da resid\u00eancia pelo Artigo 116<\/h2>\t\t\t\t<\/div>\n\t\t\t\t<div class=\"elementor-element elementor-element-d10b76a elementor-widget elementor-widget-text-editor\" data-id=\"d10b76a\" data-element_type=\"widget\" data-e-type=\"widget\" data-widget_type=\"text-editor.default\">\n\t\t\t\t\t\t\t\t\t<table><thead><tr><th>Caracter\u00edstica<\/th><th>Detalhes<\/th><\/tr><\/thead><tbody><tr><td>Quem pode solicitar<\/td><td>Cidad\u00e3os n\u00e3o pertencentes \u00e0 UE com resid\u00eancia de longa dura\u00e7\u00e3o na UE<\/td><\/tr><tr><td>Visto exigido<\/td><td>N\u00e3o<\/td><\/tr><tr><td>Local de solicita\u00e7\u00e3o<\/td><td>Portugal<\/td><\/tr><tr><td>Base legal<\/td><td>Diretiva 2003\/109\/CE da UE<\/td><\/tr><tr><td>Validade da autoriza\u00e7\u00e3o de resid\u00eancia<\/td><td>At\u00e9 5 anos<\/td><\/tr><\/tbody><\/table>\t\t\t\t\t\t\t\t<\/div>\n\t\t\t\t\t<\/div>\n\t\t\t\t<\/div>\n\t\t<div class=\"elementor-element elementor-element-9cada4e e-flex e-con-boxed e-con e-parent\" data-id=\"9cada4e\" data-element_type=\"container\" data-e-type=\"container\">\n\t\t\t\t\t<div class=\"e-con-inner\">\n\t\t\t\t<div class=\"elementor-element elementor-element-91cf389 elementor-widget elementor-widget-image\" data-id=\"91cf389\" data-element_type=\"widget\" data-e-type=\"widget\" data-widget_type=\"image.default\">\n\t\t\t\t\t\t\t\t\t\t\t\t\t\t\t<img fetchpriority=\"high\" decoding=\"async\" width=\"800\" height=\"531\" src=\"https:\/\/www.portugalresidencyadvisors.com\/wp-content\/uploads\/2025\/12\/place2-portugal-residency-advisors-1024x680.jpg\" class=\"attachment-large size-large wp-image-36786\" alt=\"flight\" srcset=\"https:\/\/www.portugalresidencyadvisors.com\/wp-content\/uploads\/2025\/12\/place2-portugal-residency-advisors-1024x680.jpg 1024w, https:\/\/www.portugalresidencyadvisors.com\/wp-content\/uploads\/2025\/12\/place2-portugal-residency-advisors-300x199.jpg 300w, https:\/\/www.portugalresidencyadvisors.com\/wp-content\/uploads\/2025\/12\/place2-portugal-residency-advisors-768x510.jpg 768w, https:\/\/www.portugalresidencyadvisors.com\/wp-content\/uploads\/2025\/12\/place2-portugal-residency-advisors-1536x1020.jpg 1536w, https:\/\/www.portugalresidencyadvisors.com\/wp-content\/uploads\/2025\/12\/place2-portugal-residency-advisors.jpg 1920w\" sizes=\"(max-width: 800px) 100vw, 800px\" \/>\t\t\t\t\t\t\t\t\t\t\t\t\t\t\t<\/div>\n\t\t\t\t<div class=\"elementor-element elementor-element-753188f elementor-widget elementor-widget-heading\" data-id=\"753188f\" data-element_type=\"widget\" data-e-type=\"widget\" data-widget_type=\"heading.default\">\n\t\t\t\t\t<h2 class=\"elementor-heading-title elementor-size-default\">Quem pode solicitar resid\u00eancia portuguesa nos termos do Artigo 116?<\/h2>\t\t\t\t<\/div>\n\t\t\t\t<div class=\"elementor-element elementor-element-ea050c2 elementor-widget elementor-widget-text-editor\" data-id=\"ea050c2\" data-element_type=\"widget\" data-e-type=\"widget\" data-widget_type=\"text-editor.default\">\n\t\t\t\t\t\t\t\t\t<p data-start=\"2113\" data-end=\"2220\">O Artigo 116 foi concebido especificamente para nacionais de pa\u00edses terceiros j\u00e1 estabelecidos em outro pa\u00eds da UE.<\/p><p data-start=\"2222\" data-end=\"2274\">Para se qualificar, os(as) requerentes devem atender a v\u00e1rias condi\u00e7\u00f5es.<\/p><h3 data-section-id=\"ft3rni\" data-start=\"2276\" data-end=\"2304\">1. Cidad\u00e3o(\u00e3) n\u00e3o pertencente \u00e0 UE\/EEE\/Su\u00ed\u00e7a<\/h3><p data-start=\"2306\" data-end=\"2413\">Essa via est\u00e1 dispon\u00edvel apenas para nacionais de pa\u00edses terceiros, ou seja, pessoas que n\u00e3o sejam cidad\u00e3s de:<\/p><ul><li data-start=\"2417\" data-end=\"2443\">pa\u00edses da Uni\u00e3o Europeia<\/li><li data-start=\"2446\" data-end=\"2454\">Noruega<\/li><li data-start=\"2457\" data-end=\"2466\">Isl\u00e2ndia<\/li><li data-start=\"2469\" data-end=\"2484\">Liechtenstein<\/li><li data-start=\"2487\" data-end=\"2500\">Su\u00ed\u00e7a<\/li><\/ul><p data-start=\"2502\" data-end=\"2608\">Cidad\u00e3os da UE j\u00e1 t\u00eam direitos de livre circula\u00e7\u00e3o e podem se mudar para Portugal sem esse processo.<\/p><h3 data-section-id=\"2l4259\" data-start=\"2610\" data-end=\"2642\">2. Estatuto de residente de longa dura\u00e7\u00e3o na UE<\/h3><p data-start=\"2644\" data-end=\"2736\">Os(as) requerentes devem deter uma autoriza\u00e7\u00e3o de resid\u00eancia de longa dura\u00e7\u00e3o emitida nos termos da Diretiva 2003\/109\/CE da UE. Esse estatuto normalmente \u00e9 concedido ap\u00f3s cinco anos de resid\u00eancia legal em outro pa\u00eds da UE. <\/p><p data-start=\"2835\" data-end=\"2898\">Ele \u00e9 diferente de uma autoriza\u00e7\u00e3o de resid\u00eancia tempor\u00e1ria.<\/p><h3 data-section-id=\"1vr1cqd\" data-start=\"2900\" data-end=\"2941\">3. Resid\u00eancia legal em outro pa\u00eds da UE<\/h3><p data-start=\"2943\" data-end=\"3055\">Os(as) requerentes devem residir legalmente nesse pa\u00eds da UE e estar em conformidade com as normas locais de imigra\u00e7\u00e3o.<\/p><h3 data-section-id=\"19wnd9k\" data-start=\"3057\" data-end=\"3085\">4. Motivo v\u00e1lido para se mudar<\/h3><p data-start=\"3087\" data-end=\"3159\">A mudan\u00e7a para Portugal deve ser respaldada por um prop\u00f3sito leg\u00edtimo, como:<\/p><ul><li data-start=\"3163\" data-end=\"3175\">emprego<\/li><li data-start=\"3178\" data-end=\"3216\">trabalho por conta pr\u00f3pria ou atividade empresarial<\/li><li data-start=\"3219\" data-end=\"3228\">estudos<\/li><li data-start=\"3231\" data-end=\"3253\">reagrupamento familiar<\/li><\/ul><p data-start=\"3255\" data-end=\"3338\">Em geral, s\u00e3o exigidos documentos comprobat\u00f3rios para demonstrar o motivo da mudan\u00e7a.<\/p>\t\t\t\t\t\t\t\t<\/div>\n\t\t\t\t\t<\/div>\n\t\t\t\t<\/div>\n\t\t<div class=\"elementor-element elementor-element-ff14100 e-flex e-con-boxed e-con e-parent\" data-id=\"ff14100\" data-element_type=\"container\" data-e-type=\"container\">\n\t\t\t\t\t<div class=\"e-con-inner\">\n\t\t\t\t<div class=\"elementor-element elementor-element-dc6631e elementor-widget elementor-widget-heading\" data-id=\"dc6631e\" data-element_type=\"widget\" data-e-type=\"widget\" data-widget_type=\"heading.default\">\n\t\t\t\t\t<h2 class=\"elementor-heading-title elementor-size-default\">Benef\u00edcios da resid\u00eancia portuguesa nos termos do Artigo 116<\/h2>\t\t\t\t<\/div>\n\t\t\t\t<div class=\"elementor-element elementor-element-a4136ad elementor-widget elementor-widget-text-editor\" data-id=\"a4136ad\" data-element_type=\"widget\" data-e-type=\"widget\" data-widget_type=\"text-editor.default\">\n\t\t\t\t\t\t\t\t\t<p>Obter resid\u00eancia em Portugal por meio do Artigo 116 d\u00e1 acesso a muitos dos mesmos direitos dispon\u00edveis a outros residentes em Portugal.<\/p><h4 data-section-id=\"67tahx\" data-start=\"3561\" data-end=\"3582\">Direitos de trabalho<\/h4><p>O(a) senhor(a) pode trabalhar para empregadores portugueses sem necessidade de uma autoriza\u00e7\u00e3o de trabalho separada.<\/p><h4 data-section-id=\"rjexkw\" data-start=\"3669\" data-end=\"3711\">Oportunidades de neg\u00f3cios e trabalho aut\u00f4nomo<\/h4><p>Residentes podem <a href=\"https:\/\/www.portugalresidencyadvisors.com\/pt-br\/abrir-empresa-portugal\/\" target=\"_blank\" rel=\"noopener\">abrir empresas<\/a>, trabalhar de forma independente ou prestar servi\u00e7os como freelancer.<\/p><h4 data-section-id=\"1q1eb6b\" data-start=\"3801\" data-end=\"3824\">Acesso \u00e0 educa\u00e7\u00e3o<\/h4><p>Residentes podem se matricular em universidades portuguesas e <a href=\"https:\/\/www.portugalresidencyadvisors.com\/pt-br\/sistema-de-educacao-portugal\/\" target=\"_blank\" rel=\"noopener\">institui\u00e7\u00f5es de ensino<\/a>, muitas vezes nas mesmas condi\u00e7\u00f5es de mensalidade locais.<\/p><h4 data-section-id=\"rk4kqs\" data-start=\"3947\" data-end=\"3971\">Reagrupamento familiar<\/h4><p>O(a) senhor(a) pode trazer <a href=\"https:\/\/www.portugalresidencyadvisors.com\/pt-br\/visto-reagrupamento-familiar-portugal\/\" target=\"_blank\" rel=\"noopener\">familiares eleg\u00edveis para Portugal<\/a> por meio do processo de reunifica\u00e7\u00e3o familiar.<\/p><h4 data-section-id=\"187d8s8\" data-start=\"4070\" data-end=\"4098\">Oportunidades de investimento<\/h4><p>Residentes podem participar de oportunidades de neg\u00f3cios ou investimento em Portugal.<\/p>\t\t\t\t\t\t\t\t<\/div>\n\t\t\t\t\t<\/div>\n\t\t\t\t<\/div>\n\t\t<div class=\"elementor-element elementor-element-7f00e2c4 banner e-flex e-con-boxed e-con e-parent\" data-id=\"7f00e2c4\" data-element_type=\"container\" data-e-type=\"container\" data-settings=\"{&quot;background_background&quot;:&quot;classic&quot;}\">\n\t\t\t\t\t<div class=\"e-con-inner\">\n\t\t\t\t<div class=\"elementor-element elementor-element-424967f0 hwhite elementor-widget elementor-widget-heading\" data-id=\"424967f0\" data-element_type=\"widget\" data-e-type=\"widget\" data-settings=\"{&quot;_animation&quot;:&quot;none&quot;,&quot;_animation_delay&quot;:900}\" data-widget_type=\"heading.default\">\n\t\t\t\t\t<h2 class=\"elementor-heading-title elementor-size-default\">Entre em contato com um especialista em imigra\u00e7\u00e3o para Portugal<\/h2>\t\t\t\t<\/div>\n\t\t\t\t<div class=\"elementor-element elementor-element-7aba7229 elementor-widget elementor-widget-text-editor\" data-id=\"7aba7229\" data-element_type=\"widget\" data-e-type=\"widget\" data-widget_type=\"text-editor.default\">\n\t\t\t\t\t\t\t\t\t<p data-pm-slice=\"1 1 []\">A Portugal Residency Advisors\u00ae tem auxiliado in\u00fameras fam\u00edlias internacionais na realoca\u00e7\u00e3o bem-sucedida para Portugal e na obten\u00e7\u00e3o de resid\u00eancia. Descubra como nossa solu\u00e7\u00e3o confi\u00e1vel e completa torna sua mudan\u00e7a simples e bem-sucedida. <\/p>\t\t\t\t\t\t\t\t<\/div>\n\t\t\t\t<div class=\"elementor-element elementor-element-a302a64 elementor-align-center button-link-black elementor-widget elementor-widget-button\" data-id=\"a302a64\" data-element_type=\"widget\" data-e-type=\"widget\" data-widget_type=\"button.default\">\n\t\t\t\t\t\t\t\t\t\t<a class=\"elementor-button elementor-button-link elementor-size-md\" href=\"#onpage-contact-form\">\n\t\t\t\t\t\t<span class=\"elementor-button-content-wrapper\">\n\t\t\t\t\t\t\t\t\t<span class=\"elementor-button-text\">Comece agora<\/span>\n\t\t\t\t\t<\/span>\n\t\t\t\t\t<\/a>\n\t\t\t\t\t\t\t\t<\/div>\n\t\t\t\t\t<\/div>\n\t\t\t\t<\/div>\n\t\t<div class=\"elementor-element elementor-element-a503209 e-flex e-con-boxed e-con e-parent\" data-id=\"a503209\" data-element_type=\"container\" data-e-type=\"container\">\n\t\t\t\t\t<div class=\"e-con-inner\">\n\t\t\t\t<div class=\"elementor-element elementor-element-27b387e elementor-widget elementor-widget-heading\" data-id=\"27b387e\" data-element_type=\"widget\" data-e-type=\"widget\" data-widget_type=\"heading.default\">\n\t\t\t\t\t<h2 class=\"elementor-heading-title elementor-size-default\">Como solicitar resid\u00eancia nos termos do Artigo 116<\/h2>\t\t\t\t<\/div>\n\t\t\t\t<div class=\"elementor-element elementor-element-b3300d4 elementor-widget elementor-widget-text-editor\" data-id=\"b3300d4\" data-element_type=\"widget\" data-e-type=\"widget\" data-widget_type=\"text-editor.default\">\n\t\t\t\t\t\t\t\t\t<p data-start=\"4236\" data-end=\"4395\">O processo de solicita\u00e7\u00e3o geralmente ocorre em Portugal e envolve a apresenta\u00e7\u00e3o de documentos \u00e0 AIMA (Ag\u00eancia para a Integra\u00e7\u00e3o, Migra\u00e7\u00f5es e Asilo).<\/p><h3 data-section-id=\"1jys1fv\" data-start=\"4397\" data-end=\"4446\">Etapa 1 \u2013 Obter um N\u00famero de Identifica\u00e7\u00e3o Fiscal (NIF) portugu\u00eas<\/h3><p data-start=\"4448\" data-end=\"4561\">Um NIF (<a href=\"https:\/\/www.portugalresidencyadvisors.com\/how-to-get-a-nif-number-for-non-residents\/\" target=\"_blank\" rel=\"noopener\">N\u00famero de Identifica\u00e7\u00e3o Fiscal<\/a>) \u00e9 exigido para a maioria dos procedimentos administrativos em Portugal, incluindo:<\/p><ul><li data-start=\"4565\" data-end=\"4588\">abrir contas banc\u00e1rias<\/li><li data-start=\"4591\" data-end=\"4618\">assinar contratos de aluguel<\/li><li data-start=\"4621\" data-end=\"4648\">tratar de documenta\u00e7\u00e3o oficial<\/li><\/ul><h3 data-section-id=\"fsoa8a\" data-start=\"4650\" data-end=\"4693\">Etapa 2 \u2013 Abrir uma conta banc\u00e1ria em Portugal<\/h3><p data-start=\"4695\" data-end=\"4794\">Em geral, os(as) requerentes <a href=\"https:\/\/www.portugalresidencyadvisors.com\/how-to-open-a-bank-account-in-portugal-for-non-residents\/\" target=\"_blank\" rel=\"noopener\">abrem uma conta banc\u00e1ria local<\/a> para gerir finan\u00e7as e demonstrar v\u00ednculos com Portugal.<\/p><h3 data-section-id=\"1y0kunv\" data-start=\"4796\" data-end=\"4829\">Etapa 3 \u2013 Garantir acomoda\u00e7\u00e3o<\/h3><p data-start=\"4831\" data-end=\"4887\">Os(as) requerentes devem apresentar comprovante de acomoda\u00e7\u00e3o, como:<\/p><ul><li data-start=\"4891\" data-end=\"4909\"><a href=\"https:\/\/www.portugalresidencyadvisors.com\/how-to-rent-an-apartment-in-portugal-without-any-worries\/\" target=\"_blank\" rel=\"noopener\">contrato de aluguel<\/a><\/li><li data-start=\"4912\" data-end=\"4932\">propriedade de im\u00f3vel<\/li><li data-start=\"4935\" data-end=\"4978\">carta-convite ou termo de responsabilidade<\/li><\/ul><h3 data-section-id=\"9alssn\" data-start=\"4980\" data-end=\"5019\">Etapa 4 \u2013 Preparar os documentos exigidos<\/h3><p data-start=\"5021\" data-end=\"5047\">Os documentos t\u00edpicos incluem:<\/p><ul><li data-start=\"5051\" data-end=\"5067\">passaporte v\u00e1lido<\/li><li data-start=\"5070\" data-end=\"5130\">autoriza\u00e7\u00e3o de resid\u00eancia de longa dura\u00e7\u00e3o na UE emitida por outro pa\u00eds da UE<\/li><li data-start=\"5133\" data-end=\"5162\">certid\u00e3o de antecedentes criminais<\/li><li data-start=\"5165\" data-end=\"5201\">comprovante de acomoda\u00e7\u00e3o em Portugal<\/li><li data-start=\"5204\" data-end=\"5271\">documentos comprobat\u00f3rios relacionados a trabalho, estudos ou atividade empresarial<\/li><\/ul><h3 data-section-id=\"kalrx4\" data-start=\"5273\" data-end=\"5312\">Etapa 5 \u2013 Comparecer a um agendamento na AIMA<\/h3><p data-start=\"5314\" data-end=\"5429\">Os(as) requerentes apresentam seus documentos em um agendamento na AIMA, onde s\u00e3o coletados dados biom\u00e9tricos e a documenta\u00e7\u00e3o.<\/p><h3 data-section-id=\"1u03rb1\" data-start=\"5431\" data-end=\"5483\">Etapa 6 \u2013 Receber a autoriza\u00e7\u00e3o de resid\u00eancia portuguesa<\/h3><p data-start=\"5485\" data-end=\"5578\">Se aprovado, o(a) requerente recebe uma autoriza\u00e7\u00e3o de resid\u00eancia portuguesa v\u00e1lida por at\u00e9 cinco anos.<\/p>\t\t\t\t\t\t\t\t<\/div>\n\t\t\t\t<div class=\"elementor-element elementor-element-26bd90c elementor-widget elementor-widget-video\" data-id=\"26bd90c\" data-element_type=\"widget\" data-e-type=\"widget\" data-settings=\"{&quot;youtube_url&quot;:&quot;https:\\\/\\\/www.youtube.com\\\/watch?v=HVoIu4Sskqc&quot;,&quot;video_type&quot;:&quot;youtube&quot;,&quot;controls&quot;:&quot;yes&quot;}\" data-widget_type=\"video.default\">\n\t\t\t\t\t\t\t<div class=\"elementor-wrapper elementor-open-inline\">\n\t\t\t<div class=\"elementor-video\"><\/div>\t\t<\/div>\n\t\t\t\t\t\t<\/div>\n\t\t\t\t<div class=\"elementor-element elementor-element-e85dbc7 elementor-widget elementor-widget-text-editor\" data-id=\"e85dbc7\" data-element_type=\"widget\" data-e-type=\"widget\" data-widget_type=\"text-editor.default\">\n\t\t\t\t\t\t\t\t\t<p>Para mais v\u00eddeos sobre investir ou mudar-se para Portugal, explore nosso canal no YouTube aqui: YouTube Channel Portugal Residency Advisors.<\/p>\t\t\t\t\t\t\t\t<\/div>\n\t\t\t\t\t<\/div>\n\t\t\t\t<\/div>\n\t\t<div class=\"elementor-element elementor-element-6cd5708 e-flex e-con-boxed e-con e-parent\" data-id=\"6cd5708\" data-element_type=\"container\" data-e-type=\"container\">\n\t\t\t\t\t<div class=\"e-con-inner\">\n\t\t\t\t<div class=\"elementor-element elementor-element-0ae4e91 elementor-widget elementor-widget-heading\" data-id=\"0ae4e91\" data-element_type=\"widget\" data-e-type=\"widget\" data-widget_type=\"heading.default\">\n\t\t\t\t\t<h2 class=\"elementor-heading-title elementor-size-default\">Alternativas \u00e0 resid\u00eancia pelo Artigo 116\n<\/h2>\t\t\t\t<\/div>\n\t\t\t\t<div class=\"elementor-element elementor-element-4998dc1 elementor-widget elementor-widget-text-editor\" data-id=\"4998dc1\" data-element_type=\"widget\" data-e-type=\"widget\" data-widget_type=\"text-editor.default\">\n\t\t\t\t\t\t\t\t\t<p data-start=\"5626\" data-end=\"5825\">Embora o Artigo 116 ofere\u00e7a uma via conveniente para determinados(as) requerentes, trata-se de um caminho relativamente espec\u00edfico. Em alguns casos, as pessoas podem preferir solicitar por meio dos vistos padr\u00e3o de resid\u00eancia de Portugal. <\/p><p data-start=\"5827\" data-end=\"5855\">Alternativas comuns incluem:<\/p><h3 data-section-id=\"1hv932\" data-start=\"5857\" data-end=\"5877\">Visto D7 Portugal<\/h3><p data-start=\"5879\" data-end=\"6060\">O <a href=\"https:\/\/www.portugalresidencyadvisors.com\/pt-br\/visto-d7-portugal\/\" target=\"_blank\" rel=\"noopener\">Visto D7 de Portugal<\/a> \u00e9 popular entre aposentados e pessoas com renda passiva. Em geral, os(as) requerentes precisam demonstrar uma renda mensal regular em torno de \u20ac920 ou mais. <\/p><h3 data-section-id=\"sits03\" data-start=\"6062\" data-end=\"6098\">Visto de N\u00f4made Digital de Portugal (D8)<\/h3><p data-start=\"6100\" data-end=\"6254\">O <a href=\"https:\/\/www.portugalresidencyadvisors.com\/portugal-digital-nomad-visa\/\" target=\"_blank\" rel=\"noopener\">Visto de N\u00f4made Digital<\/a> permite que trabalhadores remotos com renda de pelo menos \u20ac3.680 por m\u00eas vivam em Portugal enquanto trabalham para empregadores ou clientes no exterior.<\/p><h3 data-section-id=\"12e1d3s\" data-start=\"6256\" data-end=\"6289\">Visto de empreendedor D2 Portugal<\/h3><p data-start=\"6291\" data-end=\"6393\">O <a href=\"https:\/\/www.portugalresidencyadvisors.com\/pt-br\/visto-d2-portugal\/\" target=\"_blank\" rel=\"noopener\">Visto D2 <\/a>foi concebido para empreendedores que desejam estabelecer ou desenvolver um neg\u00f3cio em Portugal.<\/p><h3 data-section-id=\"1mqmhye\" data-start=\"6395\" data-end=\"6419\">Visto Gold de Portugal<\/h3><p data-start=\"6421\" data-end=\"6524\">O <a href=\"https:\/\/www.portugalresidencyadvisors.com\/pt-br\/golden-visa-portugal\/\" target=\"_blank\" rel=\"noopener\">Golden Visa de Portugal <\/a>concede resid\u00eancia por meio de investimentos qualificados na economia portuguesa.<\/p>\t\t\t\t\t\t\t\t<\/div>\n\t\t\t\t\t<\/div>\n\t\t\t\t<\/div>\n\t\t<div class=\"elementor-element elementor-element-46f4aff e-flex e-con-boxed e-con e-parent\" data-id=\"46f4aff\" data-element_type=\"container\" data-e-type=\"container\">\n\t\t\t\t\t<div class=\"e-con-inner\">\n\t\t\t\t<div class=\"elementor-element elementor-element-1e2dd3a elementor-widget elementor-widget-heading\" data-id=\"1e2dd3a\" data-element_type=\"widget\" data-e-type=\"widget\" data-widget_type=\"heading.default\">\n\t\t\t\t\t<h2 class=\"elementor-heading-title elementor-size-default\">Como podemos ajud\u00e1-lo<\/h2>\t\t\t\t<\/div>\n\t\t\t\t<div class=\"elementor-element elementor-element-0e7de4a elementor-widget elementor-widget-text-editor\" data-id=\"0e7de4a\" data-element_type=\"widget\" data-e-type=\"widget\" data-widget_type=\"text-editor.default\">\n\t\t\t\t\t\t\t\t\t<h4 class=\"p1\">Expertise local<\/h4><p class=\"p1\">Conhecemos Portugal. Devido ao nosso extenso conhecimento local, acreditamos que concentrar nossos servi\u00e7os em um \u00fanico pa\u00eds de destino \u00e9 a melhor maneira de fornecer a voc\u00ea as informa\u00e7\u00f5es mais completas e \u00fateis. <\/p><h4 class=\"p1\">Orienta\u00e7\u00e3o honesta<\/h4><p class=\"p1\">Recomendamos o que \u00e9 melhor para voc\u00ea com base em uma extensa experi\u00eancia de processo que economiza tempo e dinheiro para os clientes. Nossa precifica\u00e7\u00e3o \u00e9 clara e competitiva, e n\u00e3o vendemos servi\u00e7os que nos rendam mais dinheiro. <\/p><h4 class=\"p1\">Solu\u00e7\u00e3o completa<\/h4><p class=\"p1\">Um \u00fanico canal de comunica\u00e7\u00e3o para todo o processo. Fornecemos um servi\u00e7o abrangente que cobre todos os aspectos de sua mudan\u00e7a, desde a identifica\u00e7\u00e3o do visto de resid\u00eancia ideal at\u00e9 encontrar sua nova casa ou ajud\u00e1-lo a se estabelecer. <\/p><h4 class=\"p1\">Processo cont\u00ednuo<\/h4><p class=\"p1\">A tecnologia desempenha um papel muito importante em nossa empresa. Minimizamos o envolvimento de nossos clientes com a burocracia. Somos clientes n\u00f3s mesmos e sabemos como atend\u00ea-lo.  <\/p>\t\t\t\t\t\t\t\t<\/div>\n\t\t\t\t\t<\/div>\n\t\t\t\t<\/div>\n\t\t<div class=\"elementor-element elementor-element-e52b045 e-flex e-con-boxed e-con e-parent\" data-id=\"e52b045\" data-element_type=\"container\" data-e-type=\"container\">\n\t\t\t\t\t<div class=\"e-con-inner\">\n\t\t\t\t<div class=\"elementor-element elementor-element-d3b51f3 elementor-widget elementor-widget-html\" data-id=\"d3b51f3\" data-element_type=\"widget\" data-e-type=\"widget\" data-widget_type=\"html.default\">\n\t\t\t\t\t<script type=\"application\/ld+json\">{\r\n  \"@context\": \"https:\/\/schema.org\/\", \r\n  \"@type\": \"Product\", \r\n  \"name\": \"Portugal Residency Advisors\u00ae\",\r\n  \"image\": \"https:\/\/www.portugalresidencyadvisors.com\/wp-content\/uploads\/2023\/03\/Logotipo-Versao-Principal-01.png\",\r\n  \"aggregateRating\": {\r\n    \"@type\": \"AggregateRating\",\r\n    \"ratingValue\": \"4.9\",\r\n    \"ratingCount\": \"50\",\r\n\t\"worstRating\": \"0\"\t\r\n  }\r\n}\r\n<\/script>\t\t\t\t<\/div>\n\t\t\t\t\t<\/div>\n\t\t\t\t<\/div>\n\t\t<div class=\"elementor-element elementor-element-2d08f8fa e-flex e-con-boxed e-con e-parent\" data-id=\"2d08f8fa\" data-element_type=\"container\" data-e-type=\"container\">\n\t\t\t\t\t<div class=\"e-con-inner\">\n\t\t\t\t<div class=\"elementor-element elementor-element-adb8d3b elementor-view-default elementor-widget elementor-widget-icon\" data-id=\"adb8d3b\" data-element_type=\"widget\" data-e-type=\"widget\" data-widget_type=\"icon.default\">\n\t\t\t\t\t\t\t<div class=\"elementor-icon-wrapper\">\n\t\t\t<div class=\"elementor-icon\">\n\t\t\t<svg xmlns=\"http:\/\/www.w3.org\/2000\/svg\" id=\"uuid-bbaa4b9d-eacc-4da7-8f1d-9d529f2f4582\" viewBox=\"0 0 171.03 171.16\"><g id=\"uuid-262094c7-4038-4617-8b78-fa7c3c7887c3\"><path d=\"m95.36,171.16h-19.82v-46.1c0-16.3-13.26-29.57-29.57-29.57H0v-19.82h45.98c27.23,0,49.39,22.15,49.39,49.39v46.1Z\"><\/path><path d=\"m75.67,0h19.82v46.1c0,16.3,13.26,29.57,29.57,29.57h45.98v19.82h-45.98c-27.23,0-49.39-22.15-49.39-49.39V0Z\"><\/path><path d=\"m24.1,161.01l-14.01-14.01,28.94-28.94c3.87-3.87,10.14-3.87,14.01,0h0c3.87,3.87,3.87,10.14,0,14.01l-28.94,28.94Z\"><\/path><path d=\"m146.94,10.15l14.01,14.01-28.94,28.94c-3.87,3.87-10.14,3.87-14.01,0h0c-3.87-3.87-3.87-10.14,0-14.01l28.94-28.94Z\"><\/path><path d=\"m160.95,147l-14.01,14.01-28.94-28.94c-3.87-3.87-3.87-10.14,0-14.01h0c3.87-3.87,10.14-3.87,14.01,0l28.94,28.94Z\"><\/path><path d=\"m10.08,24.16l14.01-14.01,28.94,28.94c3.87,3.87,3.87,10.14,0,14.01h0c-3.87,3.87-10.14,3.87-14.01,0L10.08,24.16Z\"><\/path><\/g><\/svg>\t\t\t<\/div>\n\t\t<\/div>\n\t\t\t\t\t\t<\/div>\n\t\t\t\t<div class=\"elementor-element elementor-element-7e1e60fe elementor-widget elementor-widget-heading\" data-id=\"7e1e60fe\" data-element_type=\"widget\" data-e-type=\"widget\" data-widget_type=\"heading.default\">\n\t\t\t\t\t<h2 class=\"elementor-heading-title elementor-size-default\">Suas perguntas respondidas<\/h2>\t\t\t\t<\/div>\n\t\t\t\t<div class=\"elementor-element elementor-element-1cca5f83 faq-content elementor-widget elementor-widget-n-accordion\" data-id=\"1cca5f83\" data-element_type=\"widget\" data-e-type=\"widget\" data-settings=\"{&quot;default_state&quot;:&quot;all_collapsed&quot;,&quot;max_items_expended&quot;:&quot;one&quot;,&quot;n_accordion_animation_duration&quot;:{&quot;unit&quot;:&quot;ms&quot;,&quot;size&quot;:400,&quot;sizes&quot;:[]}}\" data-widget_type=\"nested-accordion.default\">\n\t\t\t\t\t\t\t<div class=\"e-n-accordion\" aria-label=\"Accordion. Open links with Enter or Space, close with Escape, and navigate with Arrow Keys\">\n\t\t\t\t\t\t<details id=\"e-n-accordion-item-4830\" class=\"e-n-accordion-item\" >\n\t\t\t\t<summary class=\"e-n-accordion-item-title\" data-accordion-index=\"1\" tabindex=\"0\" aria-expanded=\"false\" aria-controls=\"e-n-accordion-item-4830\" >\n\t\t\t\t\t<span class='e-n-accordion-item-title-header'><div class=\"e-n-accordion-item-title-text\"> O que \u00e9 o Artigo 116 em Portugal? <\/div><\/span>\n\t\t\t\t\t\t\t<span class='e-n-accordion-item-title-icon'>\n\t\t\t<span class='e-opened' ><svg aria-hidden=\"true\" class=\"e-font-icon-svg e-fas-times\" viewBox=\"0 0 352 512\" xmlns=\"http:\/\/www.w3.org\/2000\/svg\"><path d=\"M242.72 256l100.07-100.07c12.28-12.28 12.28-32.19 0-44.48l-22.24-22.24c-12.28-12.28-32.19-12.28-44.48 0L176 189.28 75.93 89.21c-12.28-12.28-32.19-12.28-44.48 0L9.21 111.45c-12.28 12.28-12.28 32.19 0 44.48L109.28 256 9.21 356.07c-12.28 12.28-12.28 32.19 0 44.48l22.24 22.24c12.28 12.28 32.2 12.28 44.48 0L176 322.72l100.07 100.07c12.28 12.28 32.2 12.28 44.48 0l22.24-22.24c12.28-12.28 12.28-32.19 0-44.48L242.72 256z\"><\/path><\/svg><\/span>\n\t\t\t<span class='e-closed'><svg aria-hidden=\"true\" class=\"e-font-icon-svg e-fas-caret-down\" viewBox=\"0 0 320 512\" xmlns=\"http:\/\/www.w3.org\/2000\/svg\"><path d=\"M31.3 192h257.3c17.8 0 26.7 21.5 14.1 34.1L174.1 354.8c-7.8 7.8-20.5 7.8-28.3 0L17.2 226.1C4.6 213.5 13.5 192 31.3 192z\"><\/path><\/svg><\/span>\n\t\t<\/span>\n\n\t\t\t\t\t\t<\/summary>\n\t\t\t\t<div role=\"region\" aria-labelledby=\"e-n-accordion-item-4830\" class=\"elementor-element elementor-element-75a3ccd3 e-con-full e-flex e-con e-child\" data-id=\"75a3ccd3\" data-element_type=\"container\" data-e-type=\"container\">\n\t\t\t\t<div class=\"elementor-element elementor-element-a53a511 elementor-widget elementor-widget-text-editor\" data-id=\"a53a511\" data-element_type=\"widget\" data-e-type=\"widget\" data-widget_type=\"text-editor.default\">\n\t\t\t\t\t\t\t\t\t<p>O Artigo 116 \u00e9 uma disposi\u00e7\u00e3o da lei de imigra\u00e7\u00e3o de Portugal que permite que cidad\u00e3os n\u00e3o pertencentes \u00e0 UE que detenham o estatuto de resid\u00eancia de longa dura\u00e7\u00e3o em outro pa\u00eds da UE solicitem resid\u00eancia em Portugal sem precisar de um visto tradicional.<\/p>\t\t\t\t\t\t\t\t<\/div>\n\t\t\t\t<\/div>\n\t\t\t\t\t<\/details>\n\t\t\t\t\t\t<details id=\"e-n-accordion-item-4831\" class=\"e-n-accordion-item\" >\n\t\t\t\t<summary class=\"e-n-accordion-item-title\" data-accordion-index=\"2\" tabindex=\"-1\" aria-expanded=\"false\" aria-controls=\"e-n-accordion-item-4831\" >\n\t\t\t\t\t<span class='e-n-accordion-item-title-header'><div class=\"e-n-accordion-item-title-text\"> Quem se qualifica para a resid\u00eancia pelo Artigo 116? <\/div><\/span>\n\t\t\t\t\t\t\t<span class='e-n-accordion-item-title-icon'>\n\t\t\t<span class='e-opened' ><svg aria-hidden=\"true\" class=\"e-font-icon-svg e-fas-times\" viewBox=\"0 0 352 512\" xmlns=\"http:\/\/www.w3.org\/2000\/svg\"><path d=\"M242.72 256l100.07-100.07c12.28-12.28 12.28-32.19 0-44.48l-22.24-22.24c-12.28-12.28-32.19-12.28-44.48 0L176 189.28 75.93 89.21c-12.28-12.28-32.19-12.28-44.48 0L9.21 111.45c-12.28 12.28-12.28 32.19 0 44.48L109.28 256 9.21 356.07c-12.28 12.28-12.28 32.19 0 44.48l22.24 22.24c12.28 12.28 32.2 12.28 44.48 0L176 322.72l100.07 100.07c12.28 12.28 32.2 12.28 44.48 0l22.24-22.24c12.28-12.28 12.28-32.19 0-44.48L242.72 256z\"><\/path><\/svg><\/span>\n\t\t\t<span class='e-closed'><svg aria-hidden=\"true\" class=\"e-font-icon-svg e-fas-caret-down\" viewBox=\"0 0 320 512\" xmlns=\"http:\/\/www.w3.org\/2000\/svg\"><path d=\"M31.3 192h257.3c17.8 0 26.7 21.5 14.1 34.1L174.1 354.8c-7.8 7.8-20.5 7.8-28.3 0L17.2 226.1C4.6 213.5 13.5 192 31.3 192z\"><\/path><\/svg><\/span>\n\t\t<\/span>\n\n\t\t\t\t\t\t<\/summary>\n\t\t\t\t<div role=\"region\" aria-labelledby=\"e-n-accordion-item-4831\" class=\"elementor-element elementor-element-307065b0 e-con-full e-flex e-con e-child\" data-id=\"307065b0\" data-element_type=\"container\" data-e-type=\"container\">\n\t\t\t\t<div class=\"elementor-element elementor-element-4cbe4d73 elementor-widget elementor-widget-text-editor\" data-id=\"4cbe4d73\" data-element_type=\"widget\" data-e-type=\"widget\" data-widget_type=\"text-editor.default\">\n\t\t\t\t\t\t\t\t\t<p>Essa via est\u00e1 dispon\u00edvel para nacionais de pa\u00edses terceiros que j\u00e1 detenham o estatuto de residente de longa dura\u00e7\u00e3o na UE nos termos da Diretiva 2003\/109\/CE e residam legalmente em outro pa\u00eds da UE.<\/p>\t\t\t\t\t\t\t\t<\/div>\n\t\t\t\t<\/div>\n\t\t\t\t\t<\/details>\n\t\t\t\t\t\t<details id=\"e-n-accordion-item-4832\" class=\"e-n-accordion-item\" >\n\t\t\t\t<summary class=\"e-n-accordion-item-title\" data-accordion-index=\"3\" tabindex=\"-1\" aria-expanded=\"false\" aria-controls=\"e-n-accordion-item-4832\" >\n\t\t\t\t\t<span class='e-n-accordion-item-title-header'><div class=\"e-n-accordion-item-title-text\"> Preciso de visto para me mudar para Portugal nos termos do Artigo 116? <\/div><\/span>\n\t\t\t\t\t\t\t<span class='e-n-accordion-item-title-icon'>\n\t\t\t<span class='e-opened' ><svg aria-hidden=\"true\" class=\"e-font-icon-svg e-fas-times\" viewBox=\"0 0 352 512\" xmlns=\"http:\/\/www.w3.org\/2000\/svg\"><path d=\"M242.72 256l100.07-100.07c12.28-12.28 12.28-32.19 0-44.48l-22.24-22.24c-12.28-12.28-32.19-12.28-44.48 0L176 189.28 75.93 89.21c-12.28-12.28-32.19-12.28-44.48 0L9.21 111.45c-12.28 12.28-12.28 32.19 0 44.48L109.28 256 9.21 356.07c-12.28 12.28-12.28 32.19 0 44.48l22.24 22.24c12.28 12.28 32.2 12.28 44.48 0L176 322.72l100.07 100.07c12.28 12.28 32.2 12.28 44.48 0l22.24-22.24c12.28-12.28 12.28-32.19 0-44.48L242.72 256z\"><\/path><\/svg><\/span>\n\t\t\t<span class='e-closed'><svg aria-hidden=\"true\" class=\"e-font-icon-svg e-fas-caret-down\" viewBox=\"0 0 320 512\" xmlns=\"http:\/\/www.w3.org\/2000\/svg\"><path d=\"M31.3 192h257.3c17.8 0 26.7 21.5 14.1 34.1L174.1 354.8c-7.8 7.8-20.5 7.8-28.3 0L17.2 226.1C4.6 213.5 13.5 192 31.3 192z\"><\/path><\/svg><\/span>\n\t\t<\/span>\n\n\t\t\t\t\t\t<\/summary>\n\t\t\t\t<div role=\"region\" aria-labelledby=\"e-n-accordion-item-4832\" class=\"elementor-element elementor-element-4031e4b7 e-con-full e-flex e-con e-child\" data-id=\"4031e4b7\" data-element_type=\"container\" data-e-type=\"container\">\n\t\t\t\t<div class=\"elementor-element elementor-element-1768513c elementor-widget elementor-widget-text-editor\" data-id=\"1768513c\" data-element_type=\"widget\" data-e-type=\"widget\" data-widget_type=\"text-editor.default\">\n\t\t\t\t\t\t\t\t\t<p>N\u00e3o. Se o(a) senhor(a) se qualificar nos termos do Artigo 116, poder\u00e1 solicitar uma autoriza\u00e7\u00e3o de resid\u00eancia portuguesa diretamente em Portugal, sem solicitar um visto por meio de um consulado.<\/p>\t\t\t\t\t\t\t\t<\/div>\n\t\t\t\t<\/div>\n\t\t\t\t\t<\/details>\n\t\t\t\t\t\t<details id=\"e-n-accordion-item-4833\" class=\"e-n-accordion-item\" >\n\t\t\t\t<summary class=\"e-n-accordion-item-title\" data-accordion-index=\"4\" tabindex=\"-1\" aria-expanded=\"false\" aria-controls=\"e-n-accordion-item-4833\" >\n\t\t\t\t\t<span class='e-n-accordion-item-title-header'><div class=\"e-n-accordion-item-title-text\"> Posso trabalhar em Portugal com a resid\u00eancia pelo Artigo 116? <\/div><\/span>\n\t\t\t\t\t\t\t<span class='e-n-accordion-item-title-icon'>\n\t\t\t<span class='e-opened' ><svg aria-hidden=\"true\" class=\"e-font-icon-svg e-fas-times\" viewBox=\"0 0 352 512\" xmlns=\"http:\/\/www.w3.org\/2000\/svg\"><path d=\"M242.72 256l100.07-100.07c12.28-12.28 12.28-32.19 0-44.48l-22.24-22.24c-12.28-12.28-32.19-12.28-44.48 0L176 189.28 75.93 89.21c-12.28-12.28-32.19-12.28-44.48 0L9.21 111.45c-12.28 12.28-12.28 32.19 0 44.48L109.28 256 9.21 356.07c-12.28 12.28-12.28 32.19 0 44.48l22.24 22.24c12.28 12.28 32.2 12.28 44.48 0L176 322.72l100.07 100.07c12.28 12.28 32.2 12.28 44.48 0l22.24-22.24c12.28-12.28 12.28-32.19 0-44.48L242.72 256z\"><\/path><\/svg><\/span>\n\t\t\t<span class='e-closed'><svg aria-hidden=\"true\" class=\"e-font-icon-svg e-fas-caret-down\" viewBox=\"0 0 320 512\" xmlns=\"http:\/\/www.w3.org\/2000\/svg\"><path d=\"M31.3 192h257.3c17.8 0 26.7 21.5 14.1 34.1L174.1 354.8c-7.8 7.8-20.5 7.8-28.3 0L17.2 226.1C4.6 213.5 13.5 192 31.3 192z\"><\/path><\/svg><\/span>\n\t\t<\/span>\n\n\t\t\t\t\t\t<\/summary>\n\t\t\t\t<div role=\"region\" aria-labelledby=\"e-n-accordion-item-4833\" class=\"elementor-element elementor-element-67e489b3 e-con-full e-flex e-con e-child\" data-id=\"67e489b3\" data-element_type=\"container\" data-e-type=\"container\">\n\t\t\t\t<div class=\"elementor-element elementor-element-de226b4 elementor-widget elementor-widget-text-editor\" data-id=\"de226b4\" data-element_type=\"widget\" data-e-type=\"widget\" data-widget_type=\"text-editor.default\">\n\t\t\t\t\t\t\t\t\t<p>Sim. Ap\u00f3s a aprova\u00e7\u00e3o da sua autoriza\u00e7\u00e3o de resid\u00eancia portuguesa, o(a) senhor(a) poder\u00e1 trabalhar, abrir uma empresa ou atuar como freelancer em Portugal.<\/p>\t\t\t\t\t\t\t\t<\/div>\n\t\t\t\t<\/div>\n\t\t\t\t\t<\/details>\n\t\t\t\t\t\t<details id=\"e-n-accordion-item-4834\" class=\"e-n-accordion-item\" >\n\t\t\t\t<summary class=\"e-n-accordion-item-title\" data-accordion-index=\"5\" tabindex=\"-1\" aria-expanded=\"false\" aria-controls=\"e-n-accordion-item-4834\" >\n\t\t\t\t\t<span class='e-n-accordion-item-title-header'><div class=\"e-n-accordion-item-title-text\"> Minha fam\u00edlia pode se juntar a mim nos termos do Artigo 116? <\/div><\/span>\n\t\t\t\t\t\t\t<span class='e-n-accordion-item-title-icon'>\n\t\t\t<span class='e-opened' ><svg aria-hidden=\"true\" class=\"e-font-icon-svg e-fas-times\" viewBox=\"0 0 352 512\" xmlns=\"http:\/\/www.w3.org\/2000\/svg\"><path d=\"M242.72 256l100.07-100.07c12.28-12.28 12.28-32.19 0-44.48l-22.24-22.24c-12.28-12.28-32.19-12.28-44.48 0L176 189.28 75.93 89.21c-12.28-12.28-32.19-12.28-44.48 0L9.21 111.45c-12.28 12.28-12.28 32.19 0 44.48L109.28 256 9.21 356.07c-12.28 12.28-12.28 32.19 0 44.48l22.24 22.24c12.28 12.28 32.2 12.28 44.48 0L176 322.72l100.07 100.07c12.28 12.28 32.2 12.28 44.48 0l22.24-22.24c12.28-12.28 12.28-32.19 0-44.48L242.72 256z\"><\/path><\/svg><\/span>\n\t\t\t<span class='e-closed'><svg aria-hidden=\"true\" class=\"e-font-icon-svg e-fas-caret-down\" viewBox=\"0 0 320 512\" xmlns=\"http:\/\/www.w3.org\/2000\/svg\"><path d=\"M31.3 192h257.3c17.8 0 26.7 21.5 14.1 34.1L174.1 354.8c-7.8 7.8-20.5 7.8-28.3 0L17.2 226.1C4.6 213.5 13.5 192 31.3 192z\"><\/path><\/svg><\/span>\n\t\t<\/span>\n\n\t\t\t\t\t\t<\/summary>\n\t\t\t\t<div role=\"region\" aria-labelledby=\"e-n-accordion-item-4834\" class=\"elementor-element elementor-element-43daa08c e-con-full e-flex e-con e-child\" data-id=\"43daa08c\" data-element_type=\"container\" data-e-type=\"container\">\n\t\t\t\t<div class=\"elementor-element elementor-element-3014b3c elementor-widget elementor-widget-text-editor\" data-id=\"3014b3c\" data-element_type=\"widget\" data-e-type=\"widget\" data-widget_type=\"text-editor.default\">\n\t\t\t\t\t\t\t\t\t<p>Sim. Ap\u00f3s obter a resid\u00eancia, familiares eleg\u00edveis podem solicitar por meio do processo de reunifica\u00e7\u00e3o familiar de Portugal.<\/p>\t\t\t\t\t\t\t\t<\/div>\n\t\t\t\t<\/div>\n\t\t\t\t\t<\/details>\n\t\t\t\t\t\t<details id=\"e-n-accordion-item-4835\" class=\"e-n-accordion-item\" >\n\t\t\t\t<summary class=\"e-n-accordion-item-title\" data-accordion-index=\"6\" tabindex=\"-1\" aria-expanded=\"false\" aria-controls=\"e-n-accordion-item-4835\" >\n\t\t\t\t\t<span class='e-n-accordion-item-title-header'><div class=\"e-n-accordion-item-title-text\"> Por quanto tempo \u00e9 v\u00e1lida a autoriza\u00e7\u00e3o de resid\u00eancia emitida nos termos do Artigo 116? <\/div><\/span>\n\t\t\t\t\t\t\t<span class='e-n-accordion-item-title-icon'>\n\t\t\t<span class='e-opened' ><svg aria-hidden=\"true\" class=\"e-font-icon-svg e-fas-times\" viewBox=\"0 0 352 512\" xmlns=\"http:\/\/www.w3.org\/2000\/svg\"><path d=\"M242.72 256l100.07-100.07c12.28-12.28 12.28-32.19 0-44.48l-22.24-22.24c-12.28-12.28-32.19-12.28-44.48 0L176 189.28 75.93 89.21c-12.28-12.28-32.19-12.28-44.48 0L9.21 111.45c-12.28 12.28-12.28 32.19 0 44.48L109.28 256 9.21 356.07c-12.28 12.28-12.28 32.19 0 44.48l22.24 22.24c12.28 12.28 32.2 12.28 44.48 0L176 322.72l100.07 100.07c12.28 12.28 32.2 12.28 44.48 0l22.24-22.24c12.28-12.28 12.28-32.19 0-44.48L242.72 256z\"><\/path><\/svg><\/span>\n\t\t\t<span class='e-closed'><svg aria-hidden=\"true\" class=\"e-font-icon-svg e-fas-caret-down\" viewBox=\"0 0 320 512\" xmlns=\"http:\/\/www.w3.org\/2000\/svg\"><path d=\"M31.3 192h257.3c17.8 0 26.7 21.5 14.1 34.1L174.1 354.8c-7.8 7.8-20.5 7.8-28.3 0L17.2 226.1C4.6 213.5 13.5 192 31.3 192z\"><\/path><\/svg><\/span>\n\t\t<\/span>\n\n\t\t\t\t\t\t<\/summary>\n\t\t\t\t<div role=\"region\" aria-labelledby=\"e-n-accordion-item-4835\" class=\"elementor-element elementor-element-9010af5 e-con-full e-flex e-con e-child\" data-id=\"9010af5\" data-element_type=\"container\" data-e-type=\"container\">\n\t\t\t\t<div class=\"elementor-element elementor-element-49d538b8 elementor-widget elementor-widget-text-editor\" data-id=\"49d538b8\" data-element_type=\"widget\" data-e-type=\"widget\" data-widget_type=\"text-editor.default\">\n\t\t\t\t\t\t\t\t\t<p data-start=\"1370\" data-end=\"1518\">As autoriza\u00e7\u00f5es de resid\u00eancia emitidas nos termos do Artigo 116 normalmente s\u00e3o v\u00e1lidas por at\u00e9 cinco anos, dependendo das circunst\u00e2ncias espec\u00edficas da solicita\u00e7\u00e3o.<\/p>\t\t\t\t\t\t\t\t<\/div>\n\t\t\t\t<\/div>\n\t\t\t\t\t<\/details>\n\t\t\t\t\t<\/div>\n\t\t\t\t\t<script type=\"application\/ld+json\">{\"@context\":\"https:\\\/\\\/schema.org\",\"@type\":\"FAQPage\",\"mainEntity\":[{\"@type\":\"Question\",\"name\":\"O que \\u00e9 o Artigo 116 em Portugal?\",\"acceptedAnswer\":{\"@type\":\"Answer\",\"text\":\"O Artigo 116 \\u00e9 uma disposi\\u00e7\\u00e3o da lei de imigra\\u00e7\\u00e3o de Portugal que permite que cidad\\u00e3os n\\u00e3o pertencentes \\u00e0 UE que detenham o estatuto de resid\\u00eancia de longa dura\\u00e7\\u00e3o em outro pa\\u00eds da UE solicitem resid\\u00eancia em Portugal sem precisar de um visto tradicional.\"}},{\"@type\":\"Question\",\"name\":\"Quem se qualifica para a resid\\u00eancia pelo Artigo 116?\",\"acceptedAnswer\":{\"@type\":\"Answer\",\"text\":\"Essa via est\\u00e1 dispon\\u00edvel para nacionais de pa\\u00edses terceiros que j\\u00e1 detenham o estatuto de residente de longa dura\\u00e7\\u00e3o na UE nos termos da Diretiva 2003\\\/109\\\/CE e residam legalmente em outro pa\\u00eds da UE.\"}},{\"@type\":\"Question\",\"name\":\"Preciso de visto para me mudar para Portugal nos termos do Artigo 116?\",\"acceptedAnswer\":{\"@type\":\"Answer\",\"text\":\"N\\u00e3o. Se o(a) senhor(a) se qualificar nos termos do Artigo 116, poder\\u00e1 solicitar uma autoriza\\u00e7\\u00e3o de resid\\u00eancia portuguesa diretamente em Portugal, sem solicitar um visto por meio de um consulado.\"}},{\"@type\":\"Question\",\"name\":\"Posso trabalhar em Portugal com a resid\\u00eancia pelo Artigo 116?\",\"acceptedAnswer\":{\"@type\":\"Answer\",\"text\":\"Sim. Ap\\u00f3s a aprova\\u00e7\\u00e3o da sua autoriza\\u00e7\\u00e3o de resid\\u00eancia portuguesa, o(a) senhor(a) poder\\u00e1 trabalhar, abrir uma empresa ou atuar como freelancer em Portugal.\"}},{\"@type\":\"Question\",\"name\":\"Minha fam\\u00edlia pode se juntar a mim nos termos do Artigo 116?\",\"acceptedAnswer\":{\"@type\":\"Answer\",\"text\":\"Sim. Ap\\u00f3s obter a resid\\u00eancia, familiares eleg\\u00edveis podem solicitar por meio do processo de reunifica\\u00e7\\u00e3o familiar de Portugal.\"}},{\"@type\":\"Question\",\"name\":\"Por quanto tempo \\u00e9 v\\u00e1lida a autoriza\\u00e7\\u00e3o de resid\\u00eancia emitida nos termos do Artigo 116?\",\"acceptedAnswer\":{\"@type\":\"Answer\",\"text\":\"As autoriza\\u00e7\\u00f5es de resid\\u00eancia emitidas nos termos do Artigo 116 normalmente s\\u00e3o v\\u00e1lidas por at\\u00e9 cinco anos, dependendo das circunst\\u00e2ncias espec\\u00edficas da solicita\\u00e7\\u00e3o.\"}}]}<\/script>\n\t\t\t\t\t\t\t<\/div>\n\t\t\t\t\t<\/div>\n\t\t\t\t<\/div>\n\t\t<div class=\"elementor-element elementor-element-c34371e e-flex e-con-boxed e-con e-parent\" data-id=\"c34371e\" data-element_type=\"container\" data-e-type=\"container\">\n\t\t\t\t\t<div class=\"e-con-inner\">\n\t\t\t\t<div class=\"elementor-element elementor-element-8b458bf elementor-widget elementor-widget-text-editor\" data-id=\"8b458bf\" data-element_type=\"widget\" data-e-type=\"widget\" data-widget_type=\"text-editor.default\">\n\t\t\t\t\t\t\t\t\t<p data-start=\"6549\" data-end=\"6703\">O Artigo 116 oferece uma via \u00fatil para cidad\u00e3os n\u00e3o pertencentes \u00e0 UE que j\u00e1 detenham resid\u00eancia de longa dura\u00e7\u00e3o em outro pa\u00eds da UE e desejem se mudar para Portugal.<\/p><p data-start=\"6705\" data-end=\"6868\">Ao permitir que residentes eleg\u00edveis solicitem diretamente em Portugal, essa disposi\u00e7\u00e3o simplifica o processo de mudan\u00e7a e apoia a mobilidade dentro da Uni\u00e3o Europeia.<\/p>\t\t\t\t\t\t\t\t<\/div>\n\t\t\t\t\t<\/div>\n\t\t\t\t<\/div>\n\t\t\t\t<\/div>\n\t\t","protected":false},"excerpt":{"rendered":"<p>Se o(a) senhor(a) for um(a) cidad\u00e3o(\u00e3) n\u00e3o pertencente \u00e0 UE que vive em outro pa\u00eds da UE com estatuto de resid\u00eancia de longa dura\u00e7\u00e3o, talvez j\u00e1 tenha um caminho para se mudar para Portugal sem solicitar um visto tradicional. Nos termos do Artigo 116 da lei de imigra\u00e7\u00e3o de Portugal, determinados nacionais de pa\u00edses terceiros [&hellip;]<\/p>\n","protected":false},"author":20,"featured_media":19879,"comment_status":"closed","ping_status":"open","sticky":false,"template":"","format":"standard","meta":{"_angie_page":false,"_jet_sm_ready_style":"","_jet_sm_style":"","_jet_sm_controls_values":"","_jet_sm_fonts_collection":"","_jet_sm_fonts_links":"","page_builder":"","footnotes":""},"categories":[83,246],"tags":[],"class_list":["post-19878","post","type-post","status-publish","format-standard","has-post-thumbnail","hentry","category-residencia","category-cidadaos-da-ue"],"yoast_head":"<!-- This site is optimized with the Yoast SEO plugin v28.3 - https:\/\/yoast.com\/product\/yoast-seo-wordpress\/ -->\n<title>Portugal Artigo 116: Resid\u00eancia para Residentes de Longa Dura\u00e7\u00e3o da UE<\/title>\n<meta name=\"description\" content=\"O Artigo 116 permite que cidad\u00e3os n\u00e3o-UE\/EEE\/Su\u00ed\u00e7a com status de residente de longa dura\u00e7\u00e3o se mudem para Portugal.\" \/>\n<meta name=\"robots\" content=\"index, follow, max-snippet:-1, max-image-preview:large, max-video-preview:-1\" \/>\n<link rel=\"canonical\" href=\"https:\/\/www.portugalresidencyadvisors.com\/pt-br\/artigo-116-residencia-ue-portugal\/\" \/>\n<meta property=\"og:locale\" content=\"pt_BR\" \/>\n<meta property=\"og:type\" content=\"article\" \/>\n<meta property=\"og:title\" content=\"Portugal Artigo 116: Resid\u00eancia para Residentes de Longa Dura\u00e7\u00e3o da UE\" \/>\n<meta property=\"og:description\" content=\"O Artigo 116 permite que cidad\u00e3os n\u00e3o-UE\/EEE\/Su\u00ed\u00e7a com status de residente de longa dura\u00e7\u00e3o se mudem para Portugal.\" \/>\n<meta property=\"og:url\" content=\"https:\/\/www.portugalresidencyadvisors.com\/pt-br\/artigo-116-residencia-ue-portugal\/\" \/>\n<meta property=\"og:site_name\" content=\"Portugal Residency Advisors\" \/>\n<meta property=\"article:publisher\" content=\"https:\/\/www.facebook.com\/portugalresidencyadvisors\" \/>\n<meta property=\"article:published_time\" content=\"2025-07-05T08:23:36+00:00\" \/>\n<meta property=\"article:modified_time\" content=\"2026-05-13T19:23:52+00:00\" \/>\n<meta property=\"og:image\" content=\"https:\/\/www.portugalresidencyadvisors.com\/wp-content\/uploads\/2025\/03\/car-packing-portugal-residency-advisors.webp\" \/>\n\t<meta property=\"og:image:width\" content=\"1500\" \/>\n\t<meta property=\"og:image:height\" content=\"1000\" \/>\n\t<meta property=\"og:image:type\" content=\"image\/jpeg\" \/>\n<meta name=\"author\" content=\"Fernanda Souza\" \/>\n<meta name=\"twitter:card\" content=\"summary_large_image\" \/>\n<meta name=\"twitter:creator\" content=\"@ptadvresidency\" \/>\n<meta name=\"twitter:site\" content=\"@ptadvresidency\" \/>\n<meta name=\"twitter:label1\" content=\"Escrito por\" \/>\n\t<meta name=\"twitter:data1\" content=\"Fernanda Souza\" \/>\n\t<meta name=\"twitter:label2\" content=\"Est. tempo de leitura\" \/>\n\t<meta name=\"twitter:data2\" content=\"9 minutos\" \/>\n<script type=\"application\/ld+json\" class=\"yoast-schema-graph\">{\"@context\":\"https:\\\/\\\/schema.org\",\"@graph\":[{\"@type\":\"Article\",\"@id\":\"https:\\\/\\\/www.portugalresidencyadvisors.com\\\/pt-br\\\/artigo-116-residencia-ue-portugal\\\/#article\",\"isPartOf\":{\"@id\":\"https:\\\/\\\/www.portugalresidencyadvisors.com\\\/pt-br\\\/artigo-116-residencia-ue-portugal\\\/\"},\"author\":{\"name\":\"Fernanda Souza\",\"@id\":\"https:\\\/\\\/www.portugalresidencyadvisors.com\\\/pt-br\\\/#\\\/schema\\\/person\\\/6f057f5c0f02227d7edc6b721277167d\"},\"headline\":\"Portugal Artigo 116: Resid\u00eancia para Residentes de Longa Dura\u00e7\u00e3o da UE\",\"datePublished\":\"2025-07-05T08:23:36+00:00\",\"dateModified\":\"2026-05-13T19:23:52+00:00\",\"mainEntityOfPage\":{\"@id\":\"https:\\\/\\\/www.portugalresidencyadvisors.com\\\/pt-br\\\/artigo-116-residencia-ue-portugal\\\/\"},\"wordCount\":1907,\"publisher\":{\"@id\":\"https:\\\/\\\/www.portugalresidencyadvisors.com\\\/pt-br\\\/#organization\"},\"image\":{\"@id\":\"https:\\\/\\\/www.portugalresidencyadvisors.com\\\/pt-br\\\/artigo-116-residencia-ue-portugal\\\/#primaryimage\"},\"thumbnailUrl\":\"https:\\\/\\\/www.portugalresidencyadvisors.com\\\/wp-content\\\/uploads\\\/2025\\\/03\\\/car-packing-portugal-residency-advisors.webp\",\"articleSection\":[\"Vistos\",\"Cidad\u00e3os da UE\"],\"inLanguage\":\"pt-BR\"},{\"@type\":\"WebPage\",\"@id\":\"https:\\\/\\\/www.portugalresidencyadvisors.com\\\/pt-br\\\/artigo-116-residencia-ue-portugal\\\/\",\"url\":\"https:\\\/\\\/www.portugalresidencyadvisors.com\\\/pt-br\\\/artigo-116-residencia-ue-portugal\\\/\",\"name\":\"Portugal Artigo 116: Resid\u00eancia para Residentes de Longa Dura\u00e7\u00e3o da UE\",\"isPartOf\":{\"@id\":\"https:\\\/\\\/www.portugalresidencyadvisors.com\\\/pt-br\\\/#website\"},\"primaryImageOfPage\":{\"@id\":\"https:\\\/\\\/www.portugalresidencyadvisors.com\\\/pt-br\\\/artigo-116-residencia-ue-portugal\\\/#primaryimage\"},\"image\":{\"@id\":\"https:\\\/\\\/www.portugalresidencyadvisors.com\\\/pt-br\\\/artigo-116-residencia-ue-portugal\\\/#primaryimage\"},\"thumbnailUrl\":\"https:\\\/\\\/www.portugalresidencyadvisors.com\\\/wp-content\\\/uploads\\\/2025\\\/03\\\/car-packing-portugal-residency-advisors.webp\",\"datePublished\":\"2025-07-05T08:23:36+00:00\",\"dateModified\":\"2026-05-13T19:23:52+00:00\",\"description\":\"O Artigo 116 permite que cidad\u00e3os n\u00e3o-UE\\\/EEE\\\/Su\u00ed\u00e7a com status de residente de longa dura\u00e7\u00e3o se mudem para Portugal.\",\"breadcrumb\":{\"@id\":\"https:\\\/\\\/www.portugalresidencyadvisors.com\\\/pt-br\\\/artigo-116-residencia-ue-portugal\\\/#breadcrumb\"},\"inLanguage\":\"pt-BR\",\"potentialAction\":[{\"@type\":\"ReadAction\",\"target\":[\"https:\\\/\\\/www.portugalresidencyadvisors.com\\\/pt-br\\\/artigo-116-residencia-ue-portugal\\\/\"]}]},{\"@type\":\"ImageObject\",\"inLanguage\":\"pt-BR\",\"@id\":\"https:\\\/\\\/www.portugalresidencyadvisors.com\\\/pt-br\\\/artigo-116-residencia-ue-portugal\\\/#primaryimage\",\"url\":\"https:\\\/\\\/www.portugalresidencyadvisors.com\\\/wp-content\\\/uploads\\\/2025\\\/03\\\/car-packing-portugal-residency-advisors.webp\",\"contentUrl\":\"https:\\\/\\\/www.portugalresidencyadvisors.com\\\/wp-content\\\/uploads\\\/2025\\\/03\\\/car-packing-portugal-residency-advisors.webp\",\"width\":1500,\"height\":1000,\"caption\":\"Car packing\"},{\"@type\":\"BreadcrumbList\",\"@id\":\"https:\\\/\\\/www.portugalresidencyadvisors.com\\\/pt-br\\\/artigo-116-residencia-ue-portugal\\\/#breadcrumb\",\"itemListElement\":[{\"@type\":\"ListItem\",\"position\":1,\"name\":\"Home\",\"item\":\"https:\\\/\\\/www.portugalresidencyadvisors.com\\\/pt-br\\\/\"},{\"@type\":\"ListItem\",\"position\":2,\"name\":\"Portugal Artigo 116: Resid\u00eancia para Residentes de Longa Dura\u00e7\u00e3o da UE\"}]},{\"@type\":\"WebSite\",\"@id\":\"https:\\\/\\\/www.portugalresidencyadvisors.com\\\/pt-br\\\/#website\",\"url\":\"https:\\\/\\\/www.portugalresidencyadvisors.com\\\/pt-br\\\/\",\"name\":\"Portugal Residency Advisors\",\"description\":\"We help individuals wishing to work, study, retire, invest or moving to Portugal\",\"publisher\":{\"@id\":\"https:\\\/\\\/www.portugalresidencyadvisors.com\\\/pt-br\\\/#organization\"},\"alternateName\":\"Portugal Residency Made Easy\",\"potentialAction\":[{\"@type\":\"SearchAction\",\"target\":{\"@type\":\"EntryPoint\",\"urlTemplate\":\"https:\\\/\\\/www.portugalresidencyadvisors.com\\\/pt-br\\\/?s={search_term_string}\"},\"query-input\":{\"@type\":\"PropertyValueSpecification\",\"valueRequired\":true,\"valueName\":\"search_term_string\"}}],\"inLanguage\":\"pt-BR\"},{\"@type\":\"Organization\",\"@id\":\"https:\\\/\\\/www.portugalresidencyadvisors.com\\\/pt-br\\\/#organization\",\"name\":\"Consultores de resid\u00eancia em Portugal\",\"alternateName\":\"PTADV - Portugal Residency Advisors Unipessoal, Lda\",\"url\":\"https:\\\/\\\/www.portugalresidencyadvisors.com\\\/pt-br\\\/\",\"logo\":{\"@type\":\"ImageObject\",\"inLanguage\":\"pt-BR\",\"@id\":\"https:\\\/\\\/www.portugalresidencyadvisors.com\\\/pt-br\\\/#\\\/schema\\\/logo\\\/image\\\/\",\"url\":\"https:\\\/\\\/www.portugalresidencyadvisors.com\\\/wp-content\\\/uploads\\\/2023\\\/03\\\/Logotipo-Versao-Principal-01.png\",\"contentUrl\":\"https:\\\/\\\/www.portugalresidencyadvisors.com\\\/wp-content\\\/uploads\\\/2023\\\/03\\\/Logotipo-Versao-Principal-01.png\",\"width\":1772,\"height\":1182,\"caption\":\"Consultores de resid\u00eancia em Portugal\"},\"image\":{\"@id\":\"https:\\\/\\\/www.portugalresidencyadvisors.com\\\/pt-br\\\/#\\\/schema\\\/logo\\\/image\\\/\"},\"sameAs\":[\"https:\\\/\\\/www.facebook.com\\\/portugalresidencyadvisors\",\"https:\\\/\\\/x.com\\\/ptadvresidency\",\"https:\\\/\\\/www.linkedin.com\\\/company\\\/portugal-residency-advisors\\\/\"]},{\"@type\":\"Person\",\"@id\":\"https:\\\/\\\/www.portugalresidencyadvisors.com\\\/pt-br\\\/#\\\/schema\\\/person\\\/6f057f5c0f02227d7edc6b721277167d\",\"name\":\"Fernanda Souza\",\"image\":{\"@type\":\"ImageObject\",\"inLanguage\":\"pt-BR\",\"@id\":\"https:\\\/\\\/secure.gravatar.com\\\/avatar\\\/835409893163fcb2461edd0d16e3799fcf6903ed5dead9a5116fd5186837ec53?s=96&d=mm&r=g\",\"url\":\"https:\\\/\\\/secure.gravatar.com\\\/avatar\\\/835409893163fcb2461edd0d16e3799fcf6903ed5dead9a5116fd5186837ec53?s=96&d=mm&r=g\",\"contentUrl\":\"https:\\\/\\\/secure.gravatar.com\\\/avatar\\\/835409893163fcb2461edd0d16e3799fcf6903ed5dead9a5116fd5186837ec53?s=96&d=mm&r=g\",\"caption\":\"Fernanda Souza\"},\"url\":\"https:\\\/\\\/www.portugalresidencyadvisors.com\\\/pt-br\\\/author\\\/fernanda-souza\\\/\"}]}<\/script>\n<!-- \/ Yoast SEO plugin. -->","yoast_head_json":{"title":"Portugal Artigo 116: Resid\u00eancia para Residentes de Longa Dura\u00e7\u00e3o da UE","description":"O Artigo 116 permite que cidad\u00e3os n\u00e3o-UE\/EEE\/Su\u00ed\u00e7a com status de residente de longa dura\u00e7\u00e3o se mudem para Portugal.","robots":{"index":"index","follow":"follow","max-snippet":"max-snippet:-1","max-image-preview":"max-image-preview:large","max-video-preview":"max-video-preview:-1"},"canonical":"https:\/\/www.portugalresidencyadvisors.com\/pt-br\/artigo-116-residencia-ue-portugal\/","og_locale":"pt_BR","og_type":"article","og_title":"Portugal Artigo 116: Resid\u00eancia para Residentes de Longa Dura\u00e7\u00e3o da UE","og_description":"O Artigo 116 permite que cidad\u00e3os n\u00e3o-UE\/EEE\/Su\u00ed\u00e7a com status de residente de longa dura\u00e7\u00e3o se mudem para Portugal.","og_url":"https:\/\/www.portugalresidencyadvisors.com\/pt-br\/artigo-116-residencia-ue-portugal\/","og_site_name":"Portugal Residency Advisors","article_publisher":"https:\/\/www.facebook.com\/portugalresidencyadvisors","article_published_time":"2025-07-05T08:23:36+00:00","article_modified_time":"2026-05-13T19:23:52+00:00","og_image":[{"width":1500,"height":1000,"url":"https:\/\/www.portugalresidencyadvisors.com\/wp-content\/uploads\/2025\/03\/car-packing-portugal-residency-advisors.webp","type":"image\/jpeg"}],"author":"Fernanda Souza","twitter_card":"summary_large_image","twitter_creator":"@ptadvresidency","twitter_site":"@ptadvresidency","twitter_misc":{"Escrito por":"Fernanda Souza","Est. tempo de leitura":"9 minutos"},"schema":{"@context":"https:\/\/schema.org","@graph":[{"@type":"Article","@id":"https:\/\/www.portugalresidencyadvisors.com\/pt-br\/artigo-116-residencia-ue-portugal\/#article","isPartOf":{"@id":"https:\/\/www.portugalresidencyadvisors.com\/pt-br\/artigo-116-residencia-ue-portugal\/"},"author":{"name":"Fernanda Souza","@id":"https:\/\/www.portugalresidencyadvisors.com\/pt-br\/#\/schema\/person\/6f057f5c0f02227d7edc6b721277167d"},"headline":"Portugal Artigo 116: Resid\u00eancia para Residentes de Longa Dura\u00e7\u00e3o da UE","datePublished":"2025-07-05T08:23:36+00:00","dateModified":"2026-05-13T19:23:52+00:00","mainEntityOfPage":{"@id":"https:\/\/www.portugalresidencyadvisors.com\/pt-br\/artigo-116-residencia-ue-portugal\/"},"wordCount":1907,"publisher":{"@id":"https:\/\/www.portugalresidencyadvisors.com\/pt-br\/#organization"},"image":{"@id":"https:\/\/www.portugalresidencyadvisors.com\/pt-br\/artigo-116-residencia-ue-portugal\/#primaryimage"},"thumbnailUrl":"https:\/\/www.portugalresidencyadvisors.com\/wp-content\/uploads\/2025\/03\/car-packing-portugal-residency-advisors.webp","articleSection":["Vistos","Cidad\u00e3os da UE"],"inLanguage":"pt-BR"},{"@type":"WebPage","@id":"https:\/\/www.portugalresidencyadvisors.com\/pt-br\/artigo-116-residencia-ue-portugal\/","url":"https:\/\/www.portugalresidencyadvisors.com\/pt-br\/artigo-116-residencia-ue-portugal\/","name":"Portugal Artigo 116: Resid\u00eancia para Residentes de Longa Dura\u00e7\u00e3o da UE","isPartOf":{"@id":"https:\/\/www.portugalresidencyadvisors.com\/pt-br\/#website"},"primaryImageOfPage":{"@id":"https:\/\/www.portugalresidencyadvisors.com\/pt-br\/artigo-116-residencia-ue-portugal\/#primaryimage"},"image":{"@id":"https:\/\/www.portugalresidencyadvisors.com\/pt-br\/artigo-116-residencia-ue-portugal\/#primaryimage"},"thumbnailUrl":"https:\/\/www.portugalresidencyadvisors.com\/wp-content\/uploads\/2025\/03\/car-packing-portugal-residency-advisors.webp","datePublished":"2025-07-05T08:23:36+00:00","dateModified":"2026-05-13T19:23:52+00:00","description":"O Artigo 116 permite que cidad\u00e3os n\u00e3o-UE\/EEE\/Su\u00ed\u00e7a com status de residente de longa dura\u00e7\u00e3o se mudem para Portugal.","breadcrumb":{"@id":"https:\/\/www.portugalresidencyadvisors.com\/pt-br\/artigo-116-residencia-ue-portugal\/#breadcrumb"},"inLanguage":"pt-BR","potentialAction":[{"@type":"ReadAction","target":["https:\/\/www.portugalresidencyadvisors.com\/pt-br\/artigo-116-residencia-ue-portugal\/"]}]},{"@type":"ImageObject","inLanguage":"pt-BR","@id":"https:\/\/www.portugalresidencyadvisors.com\/pt-br\/artigo-116-residencia-ue-portugal\/#primaryimage","url":"https:\/\/www.portugalresidencyadvisors.com\/wp-content\/uploads\/2025\/03\/car-packing-portugal-residency-advisors.webp","contentUrl":"https:\/\/www.portugalresidencyadvisors.com\/wp-content\/uploads\/2025\/03\/car-packing-portugal-residency-advisors.webp","width":1500,"height":1000,"caption":"Car packing"},{"@type":"BreadcrumbList","@id":"https:\/\/www.portugalresidencyadvisors.com\/pt-br\/artigo-116-residencia-ue-portugal\/#breadcrumb","itemListElement":[{"@type":"ListItem","position":1,"name":"Home","item":"https:\/\/www.portugalresidencyadvisors.com\/pt-br\/"},{"@type":"ListItem","position":2,"name":"Portugal Artigo 116: Resid\u00eancia para Residentes de Longa Dura\u00e7\u00e3o da UE"}]},{"@type":"WebSite","@id":"https:\/\/www.portugalresidencyadvisors.com\/pt-br\/#website","url":"https:\/\/www.portugalresidencyadvisors.com\/pt-br\/","name":"Portugal Residency Advisors","description":"We help individuals wishing to work, study, retire, invest or moving to Portugal","publisher":{"@id":"https:\/\/www.portugalresidencyadvisors.com\/pt-br\/#organization"},"alternateName":"Portugal Residency Made Easy","potentialAction":[{"@type":"SearchAction","target":{"@type":"EntryPoint","urlTemplate":"https:\/\/www.portugalresidencyadvisors.com\/pt-br\/?s={search_term_string}"},"query-input":{"@type":"PropertyValueSpecification","valueRequired":true,"valueName":"search_term_string"}}],"inLanguage":"pt-BR"},{"@type":"Organization","@id":"https:\/\/www.portugalresidencyadvisors.com\/pt-br\/#organization","name":"Consultores de resid\u00eancia em Portugal","alternateName":"PTADV - Portugal Residency Advisors Unipessoal, Lda","url":"https:\/\/www.portugalresidencyadvisors.com\/pt-br\/","logo":{"@type":"ImageObject","inLanguage":"pt-BR","@id":"https:\/\/www.portugalresidencyadvisors.com\/pt-br\/#\/schema\/logo\/image\/","url":"https:\/\/www.portugalresidencyadvisors.com\/wp-content\/uploads\/2023\/03\/Logotipo-Versao-Principal-01.png","contentUrl":"https:\/\/www.portugalresidencyadvisors.com\/wp-content\/uploads\/2023\/03\/Logotipo-Versao-Principal-01.png","width":1772,"height":1182,"caption":"Consultores de resid\u00eancia em Portugal"},"image":{"@id":"https:\/\/www.portugalresidencyadvisors.com\/pt-br\/#\/schema\/logo\/image\/"},"sameAs":["https:\/\/www.facebook.com\/portugalresidencyadvisors","https:\/\/x.com\/ptadvresidency","https:\/\/www.linkedin.com\/company\/portugal-residency-advisors\/"]},{"@type":"Person","@id":"https:\/\/www.portugalresidencyadvisors.com\/pt-br\/#\/schema\/person\/6f057f5c0f02227d7edc6b721277167d","name":"Fernanda Souza","image":{"@type":"ImageObject","inLanguage":"pt-BR","@id":"https:\/\/secure.gravatar.com\/avatar\/835409893163fcb2461edd0d16e3799fcf6903ed5dead9a5116fd5186837ec53?s=96&d=mm&r=g","url":"https:\/\/secure.gravatar.com\/avatar\/835409893163fcb2461edd0d16e3799fcf6903ed5dead9a5116fd5186837ec53?s=96&d=mm&r=g","contentUrl":"https:\/\/secure.gravatar.com\/avatar\/835409893163fcb2461edd0d16e3799fcf6903ed5dead9a5116fd5186837ec53?s=96&d=mm&r=g","caption":"Fernanda Souza"},"url":"https:\/\/www.portugalresidencyadvisors.com\/pt-br\/author\/fernanda-souza\/"}]}},"_links":{"self":[{"href":"https:\/\/www.portugalresidencyadvisors.com\/pt-br\/wp-json\/wp\/v2\/posts\/19878","targetHints":{"allow":["GET"]}}],"collection":[{"href":"https:\/\/www.portugalresidencyadvisors.com\/pt-br\/wp-json\/wp\/v2\/posts"}],"about":[{"href":"https:\/\/www.portugalresidencyadvisors.com\/pt-br\/wp-json\/wp\/v2\/types\/post"}],"author":[{"embeddable":true,"href":"https:\/\/www.portugalresidencyadvisors.com\/pt-br\/wp-json\/wp\/v2\/users\/20"}],"replies":[{"embeddable":true,"href":"https:\/\/www.portugalresidencyadvisors.com\/pt-br\/wp-json\/wp\/v2\/comments?post=19878"}],"version-history":[{"count":0,"href":"https:\/\/www.portugalresidencyadvisors.com\/pt-br\/wp-json\/wp\/v2\/posts\/19878\/revisions"}],"wp:featuredmedia":[{"embeddable":true,"href":"https:\/\/www.portugalresidencyadvisors.com\/pt-br\/wp-json\/wp\/v2\/media\/19879"}],"wp:attachment":[{"href":"https:\/\/www.portugalresidencyadvisors.com\/pt-br\/wp-json\/wp\/v2\/media?parent=19878"}],"wp:term":[{"taxonomy":"category","embeddable":true,"href":"https:\/\/www.portugalresidencyadvisors.com\/pt-br\/wp-json\/wp\/v2\/categories?post=19878"},{"taxonomy":"post_tag","embeddable":true,"href":"https:\/\/www.portugalresidencyadvisors.com\/pt-br\/wp-json\/wp\/v2\/tags?post=19878"}],"curies":[{"name":"wp","href":"https:\/\/api.w.org\/{rel}","templated":true}]}}