{"id":60645,"date":"2026-07-29T11:00:43","date_gmt":"2026-07-29T11:00:43","guid":{"rendered":"https:\/\/www.portugalresidencyadvisors.com\/tarjeta-azul-ue-de-portugal-guia-completa-para-profesionales-cualificados\/"},"modified":"2026-07-30T12:57:36","modified_gmt":"2026-07-30T12:57:36","slug":"tarjeta-azul-ue-de-portugal-guia-completa-para-profesionales-cualificados","status":"publish","type":"post","link":"https:\/\/www.portugalresidencyadvisors.com\/es\/tarjeta-azul-ue-de-portugal-guia-completa-para-profesionales-cualificados\/","title":{"rendered":"Tarjeta Azul UE de Portugal: Gu\u00eda completa para profesionales cualificados"},"content":{"rendered":"\t\t<div data-elementor-type=\"wp-post\" data-elementor-id=\"60645\" class=\"elementor elementor-60645 elementor-59863\" data-elementor-post-type=\"post\">\n\t\t\t\t<div class=\"elementor-element elementor-element-a17c56c e-flex e-con-boxed e-con e-parent\" data-id=\"a17c56c\" data-element_type=\"container\" data-e-type=\"container\">\n\t\t\t\t\t<div class=\"e-con-inner\">\n\t\t\t\t<div class=\"elementor-element elementor-element-6b593eb elementor-widget elementor-widget-text-editor\" data-id=\"6b593eb\" data-element_type=\"widget\" data-e-type=\"widget\" data-widget_type=\"text-editor.default\">\n\t\t\t\t\t\t\t\t\t<p data-id=\"rMQMER\" data-pm-slice=\"1 1 []\">Portugal es uno de los destinos m\u00e1s atractivos de Europa para el talento global. El pa\u00eds se ha convertido en un destino cada vez m\u00e1s atractivo para profesionales altamente cualificados que buscan oportunidades dentro de la Uni\u00f3n Europea, con una fuerte demanda en sectores como la tecnolog\u00eda, la ingenier\u00eda, la sanidad, las finanzas y la investigaci\u00f3n. <\/p><p data-id=\"xf9nSw\">Con la implementaci\u00f3n de la Directiva de la Tarjeta Azul UE (2021\/1883), las nuevas normas de la Tarjeta Azul UE de Portugal han hecho que esta v\u00eda de inmigraci\u00f3n sea mucho m\u00e1s atractiva.<\/p><p data-id=\"atg1xX\">Para muchos profesionales no comunitarios, la Tarjeta Azul UE de Portugal ofrece ahora una de las rutas m\u00e1s r\u00e1pidas y flexibles para vivir y trabajar en Europa, al tiempo que crea un camino hacia la residencia permanente y, finalmente, la ciudadan\u00eda portuguesa.<\/p>\t\t\t\t\t\t\t\t<\/div>\n\t\t\t\t\t<\/div>\n\t\t\t\t<\/div>\n\t\t<div class=\"elementor-element elementor-element-2bdd6b7 e-flex e-con-boxed e-con e-parent\" data-id=\"2bdd6b7\" data-element_type=\"container\" data-e-type=\"container\">\n\t\t\t\t\t<div class=\"e-con-inner\">\n\t\t\t\t<div class=\"elementor-element elementor-element-4d539c1 elementor-widget elementor-widget-heading\" data-id=\"4d539c1\" data-element_type=\"widget\" data-e-type=\"widget\" data-widget_type=\"heading.default\">\n\t\t\t\t\t<h2 class=\"elementor-heading-title elementor-size-default\">\u00bfQu\u00e9 es la Tarjeta Azul UE de Portugal?<\/h2>\t\t\t\t<\/div>\n\t\t\t\t<div class=\"elementor-element elementor-element-cde6d7e elementor-widget elementor-widget-text-editor\" data-id=\"cde6d7e\" data-element_type=\"widget\" data-e-type=\"widget\" data-widget_type=\"text-editor.default\">\n\t\t\t\t\t\t\t\t\t<p data-id=\"VpdkHg\" data-pm-slice=\"1 1 []\">La Tarjeta Azul UE de Portugal es un permiso de residencia para nacionales de terceros pa\u00edses que han obtenido un empleo altamente cualificado en Portugal.<\/p><p data-id=\"BWp1QH\">La Tarjeta Azul ofrece, en comparaci\u00f3n con un permiso de trabajo est\u00e1ndar,<\/p><ul><li>Derechos mejorados de movilidad dentro de la UE.<\/li><li data-id=\"2OuIBd\">Procesos de reagrupaci\u00f3n familiar m\u00e1s r\u00e1pidos.<\/li><li data-id=\"nTrF0H\">Mayor flexibilidad laboral.<\/li><li data-id=\"TuV4a3\">Acceso a derechos de residencia de larga duraci\u00f3n en la UE.<\/li><li data-id=\"fFj363\">Una ruta clara hacia la ciudadan\u00eda portuguesa.<\/li><\/ul><p>El objetivo del programa es simple: atraer talento internacional a sectores donde Europa se enfrenta a escasez de profesionales cualificados.<\/p>\t\t\t\t\t\t\t\t<\/div>\n\t\t\t\t\t<\/div>\n\t\t\t\t<\/div>\n\t\t<div class=\"elementor-element elementor-element-3c9621a e-flex e-con-boxed e-con e-parent\" data-id=\"3c9621a\" data-element_type=\"container\" data-e-type=\"container\">\n\t\t\t\t\t<div class=\"e-con-inner\">\n\t\t\t\t<div class=\"elementor-element elementor-element-b789ec3 elementor-widget elementor-widget-heading\" data-id=\"b789ec3\" data-element_type=\"widget\" data-e-type=\"widget\" data-widget_type=\"heading.default\">\n\t\t\t\t\t<h2 class=\"elementor-heading-title elementor-size-default\">\u00bfQui\u00e9n puede solicitar la Tarjeta Azul UE en Portugal?<\/h2>\t\t\t\t<\/div>\n\t\t\t\t<div class=\"elementor-element elementor-element-53a6057 elementor-widget elementor-widget-text-editor\" data-id=\"53a6057\" data-element_type=\"widget\" data-e-type=\"widget\" data-widget_type=\"text-editor.default\">\n\t\t\t\t\t\t\t\t\t<p data-id=\"A3WkV2\" data-pm-slice=\"1 1 []\">La Tarjeta Azul UE en Portugal est\u00e1 destinada a nacionales de terceros pa\u00edses no pertenecientes a la UE, el EEE ni Suiza que:<\/p><ul><li>Sean residentes legales en Portugal con un visado o permiso de residencia v\u00e1lido.<\/li><li data-id=\"L7dIOx\">Hayan encontrado un empleo en una profesi\u00f3n altamente cualificada.<\/li><li data-id=\"4UUMaI\">Cumplan los requisitos salariales m\u00ednimos<\/li><li data-id=\"peN0R0\">Cumplan las cualificaciones o la experiencia profesional necesarias para el puesto.<\/li><\/ul><p>Los solicitantes que ya posean una Tarjeta Azul UE expedida por otro Estado miembro de la UE tambi\u00e9n pueden transferir su estatus a Portugal tras completar dos a\u00f1os de residencia legal en ese Estado miembro.<\/p><p>Esto crea una importante ventaja de movilidad para los profesionales ya establecidos en otros lugares de Europa.<\/p>\t\t\t\t\t\t\t\t<\/div>\n\t\t\t\t<div class=\"elementor-element elementor-element-8ee44a7 elementor-widget elementor-widget-image\" data-id=\"8ee44a7\" data-element_type=\"widget\" data-e-type=\"widget\" data-widget_type=\"image.default\">\n\t\t\t\t\t\t\t\t\t\t\t\t\t\t\t<img fetchpriority=\"high\" decoding=\"async\" width=\"800\" height=\"534\" src=\"https:\/\/www.portugalresidencyadvisors.com\/wp-content\/uploads\/2023\/04\/man-entrepreneur-working-portugal-residency-advisors-1024x683.jpg\" class=\"attachment-large size-large wp-image-20060\" alt=\"man entrepreneur working portugal residency advisors\" srcset=\"https:\/\/www.portugalresidencyadvisors.com\/wp-content\/uploads\/2023\/04\/man-entrepreneur-working-portugal-residency-advisors-1024x683.jpg 1024w, https:\/\/www.portugalresidencyadvisors.com\/wp-content\/uploads\/2023\/04\/man-entrepreneur-working-portugal-residency-advisors-300x200.jpg 300w, https:\/\/www.portugalresidencyadvisors.com\/wp-content\/uploads\/2023\/04\/man-entrepreneur-working-portugal-residency-advisors-768x512.jpg 768w, https:\/\/www.portugalresidencyadvisors.com\/wp-content\/uploads\/2023\/04\/man-entrepreneur-working-portugal-residency-advisors-1536x1024.jpg 1536w, https:\/\/www.portugalresidencyadvisors.com\/wp-content\/uploads\/2023\/04\/man-entrepreneur-working-portugal-residency-advisors.jpg 1920w\" sizes=\"(max-width: 800px) 100vw, 800px\" \/>\t\t\t\t\t\t\t\t\t\t\t\t\t\t\t<\/div>\n\t\t\t\t\t<\/div>\n\t\t\t\t<\/div>\n\t\t<div class=\"elementor-element elementor-element-dfef312 e-flex e-con-boxed e-con e-parent\" data-id=\"dfef312\" data-element_type=\"container\" data-e-type=\"container\">\n\t\t\t\t\t<div class=\"e-con-inner\">\n\t\t\t\t<div class=\"elementor-element elementor-element-f398200 elementor-widget elementor-widget-heading\" data-id=\"f398200\" data-element_type=\"widget\" data-e-type=\"widget\" data-widget_type=\"heading.default\">\n\t\t\t\t\t<h2 class=\"elementor-heading-title elementor-size-default\">\u00bfQu\u00e9 se considera una profesi\u00f3n altamente cualificada?<\/h2>\t\t\t\t<\/div>\n\t\t\t\t<div class=\"elementor-element elementor-element-1eef89b elementor-widget elementor-widget-text-editor\" data-id=\"1eef89b\" data-element_type=\"widget\" data-e-type=\"widget\" data-widget_type=\"text-editor.default\">\n\t\t\t\t\t\t\t\t\t<p data-id=\"vJCrQ4\" data-pm-slice=\"1 1 []\">La actividad altamente cualificada se entiende generalmente como las actividades de personas que ejercen ocupaciones que requieren conocimientos t\u00e9cnicos avanzados, educaci\u00f3n universitaria o una experiencia profesional considerable.<\/p><p data-id=\"5zilFY\">Algunos ejemplos t\u00edpicos son:<\/p><ul><li>Profesionales de TI y desarrolladores de software<\/li><li data-id=\"C4v1fK\">Ingenieros.<\/li><li data-id=\"6cMLH3\">M\u00e9dicos y profesionales sanitarios.<\/li><li data-id=\"gzgXTN\">Investigadores y acad\u00e9micos.<\/li><li data-id=\"T2Og83\">Analistas financieros.<\/li><li data-id=\"oiH2pm\">Arquitectos.<\/li><li data-id=\"SzR4rc\">Directivos y ejecutivos de alto nivel.<\/li><li data-id=\"BAwWjQ\">Cient\u00edficos de datos y especialistas en IA.<\/li><\/ul><p>El creciente ecosistema tecnol\u00f3gico de Portugal y su sector empresarial internacional han hecho que la Tarjeta Azul UE sea cada vez m\u00e1s popular entre los profesionales que se trasladan desde <a href=\"https:\/\/www.portugalresidencyadvisors.com\/es\/mudarse-a-portugal-desde-eeuu\/\" target=\"_blank\" rel=\"noopener\">Am\u00e9rica del Norte<\/a>, el <a href=\"https:\/\/www.portugalresidencyadvisors.com\/es\/mudarse-a-portugal-desde-reino-unido\/\" target=\"_blank\" rel=\"noopener\">Reino Unido<\/a>, Sud\u00e1frica, Turqu\u00eda y Asia.<\/p>\t\t\t\t\t\t\t\t<\/div>\n\t\t\t\t\t<\/div>\n\t\t\t\t<\/div>\n\t\t<div class=\"elementor-element elementor-element-6b811ce e-flex e-con-boxed e-con e-parent\" data-id=\"6b811ce\" data-element_type=\"container\" data-e-type=\"container\">\n\t\t\t\t\t<div class=\"e-con-inner\">\n\t\t\t\t<div class=\"elementor-element elementor-element-a52724c elementor-widget elementor-widget-heading\" data-id=\"a52724c\" data-element_type=\"widget\" data-e-type=\"widget\" data-widget_type=\"heading.default\">\n\t\t\t\t\t<h2 class=\"elementor-heading-title elementor-size-default\">Requisitos salariales m\u00ednimos para la Tarjeta Azul UE de Portugal<\/h2>\t\t\t\t<\/div>\n\t\t\t\t<div class=\"elementor-element elementor-element-b469116 elementor-widget elementor-widget-text-editor\" data-id=\"b469116\" data-element_type=\"widget\" data-e-type=\"widget\" data-widget_type=\"text-editor.default\">\n\t\t\t\t\t\t\t\t\t<p data-id=\"qWbv52\" data-pm-slice=\"1 1 []\">Uno de los requisitos clave para obtener la Tarjeta Azul UE de Portugal es el umbral salarial.<\/p><p data-id=\"3Gp0nL\">El contrato de trabajo debe proporcionar generalmente un salario bruto anual equivalente a al menos:<\/p><ul><li data-id=\"mQCONS\">1,5 veces el salario bruto anual medio portugu\u00e9s.<\/li><\/ul><p data-id=\"MLuaLC\">Sin embargo, para las profesiones oficialmente reconocidas como afectadas por escasez de mano de obra, el umbral puede reducirse a:<\/p><ul><li data-id=\"o2jMcj\">1,2 veces el salario bruto anual medio portugu\u00e9s.<\/li><\/ul><p data-id=\"v0QAHM\">Estas ocupaciones con escasez se revisan peri\u00f3dicamente y a menudo incluyen profesionales sanitarios, ingenieros y determinados puestos tecnol\u00f3gicos.<\/p><p data-id=\"mClXGh\">Dado que el salario medio cambia anualmente, los solicitantes deben confirmar el umbral aplicable antes de presentar la solicitud.<\/p>\t\t\t\t\t\t\t\t<\/div>\n\t\t\t\t\t<\/div>\n\t\t\t\t<\/div>\n\t\t<div class=\"elementor-element elementor-element-2607c73 e-flex e-con-boxed e-con e-parent\" data-id=\"2607c73\" data-element_type=\"container\" data-e-type=\"container\">\n\t\t\t\t\t<div class=\"e-con-inner\">\n\t\t\t\t<div class=\"elementor-element elementor-element-59c9e9c elementor-widget elementor-widget-heading\" data-id=\"59c9e9c\" data-element_type=\"widget\" data-e-type=\"widget\" data-widget_type=\"heading.default\">\n\t\t\t\t\t<h2 class=\"elementor-heading-title elementor-size-default\">Requisitos del contrato de trabajo<\/h2>\t\t\t\t<\/div>\n\t\t\t\t<div class=\"elementor-element elementor-element-5a763e1 elementor-widget elementor-widget-text-editor\" data-id=\"5a763e1\" data-element_type=\"widget\" data-e-type=\"widget\" data-widget_type=\"text-editor.default\">\n\t\t\t\t\t\t\t\t\t<p data-id=\"ui1vu1\" data-pm-slice=\"1 1 []\">El contrato de trabajo que respalde la solicitud de la Tarjeta Azul UE debe:<\/p><ul><li data-id=\"8sOF4N\">Cubrir una actividad altamente cualificada.<\/li><li data-id=\"kaTPsB\">Tener una duraci\u00f3n m\u00ednima de seis meses.<\/li><li data-id=\"zrmPfB\">Cumplir con la legislaci\u00f3n laboral portuguesa.<\/li><li data-id=\"2xpvHS\">Cumplir el umbral salarial aplicable.<\/li><\/ul><p data-id=\"L5b2ix\">A diferencia de algunas categor\u00edas tradicionales de permisos de trabajo, el r\u00e9gimen de la Tarjeta Azul se centra principalmente en la calidad y el nivel del empleo en lugar de simplemente en la existencia de una oferta de trabajo.<\/p>\t\t\t\t\t\t\t\t<\/div>\n\t\t\t\t\t<\/div>\n\t\t\t\t<\/div>\n\t\t<div class=\"elementor-element elementor-element-2102c2f e-flex e-con-boxed e-con e-parent\" data-id=\"2102c2f\" data-element_type=\"container\" data-e-type=\"container\">\n\t\t\t\t\t<div class=\"e-con-inner\">\n\t\t\t\t<div class=\"elementor-element elementor-element-53c6e94 elementor-widget elementor-widget-heading\" data-id=\"53c6e94\" data-element_type=\"widget\" data-e-type=\"widget\" data-widget_type=\"heading.default\">\n\t\t\t\t\t<h2 class=\"elementor-heading-title elementor-size-default\">Cualificaciones acad\u00e9micas y experiencia profesional<\/h2>\t\t\t\t<\/div>\n\t\t\t\t<div class=\"elementor-element elementor-element-b2dea12 elementor-widget elementor-widget-text-editor\" data-id=\"b2dea12\" data-element_type=\"widget\" data-e-type=\"widget\" data-widget_type=\"text-editor.default\">\n\t\t\t\t\t\t\t\t\t<p data-id=\"uqQn7o\" data-pm-slice=\"1 1 []\">La legislaci\u00f3n actualizada introdujo una mayor flexibilidad en cuanto a las cualificaciones.<\/p><p data-id=\"u8sgo0\">Un t\u00edtulo universitario ya no es obligatorio en todos los casos.<\/p><p data-id=\"bncTrl\">Dependiendo de la profesi\u00f3n, los solicitantes pueden cualificarse sobre la base de:<\/p><ul><li>Educaci\u00f3n superior.<\/li><li data-id=\"EJ4GXq\">Cualificaciones profesionales.<\/li><li data-id=\"rGFFRs\">Experiencia en un sector relevante.<\/li><li data-id=\"HxSs2s\">Competencias t\u00e9cnicas.<\/li><\/ul><p>Sin embargo, las profesiones reguladas como la medicina, el derecho, la enfermer\u00eda o la arquitectura pueden seguir requiriendo el reconocimiento de cualificaciones extranjeras y la inscripci\u00f3n en el organismo profesional portugu\u00e9s correspondiente.<\/p>\t\t\t\t\t\t\t\t<\/div>\n\t\t\t\t\t<\/div>\n\t\t\t\t<\/div>\n\t\t<div class=\"elementor-element elementor-element-667a324 e-flex e-con-boxed e-con e-parent\" data-id=\"667a324\" data-element_type=\"container\" data-e-type=\"container\">\n\t\t\t\t\t<div class=\"e-con-inner\">\n\t\t\t\t<div class=\"elementor-element elementor-element-94898c9 elementor-widget elementor-widget-heading\" data-id=\"94898c9\" data-element_type=\"widget\" data-e-type=\"widget\" data-widget_type=\"heading.default\">\n\t\t\t\t\t<h2 class=\"elementor-heading-title elementor-size-default\">\u00bfPueden los residentes actuales de Portugal cambiar a una Tarjeta Azul UE?<\/h2>\t\t\t\t<\/div>\n\t\t\t\t<div class=\"elementor-element elementor-element-4ec4f38 elementor-widget elementor-widget-text-editor\" data-id=\"4ec4f38\" data-element_type=\"widget\" data-e-type=\"widget\" data-widget_type=\"text-editor.default\">\n\t\t\t\t\t\t\t\t\t<p data-id=\"TF2Jdc\" data-pm-slice=\"1 1 []\">S\u00ed. Si es un nacional de un tercer pa\u00eds que reside en Portugal en otra categor\u00eda de inmigraci\u00f3n y tiene un empleo cualificado, puede cambiar a la Tarjeta Azul UE de Portugal. <\/p><p data-id=\"lXHeYg\">Esto puede ser especialmente cierto para quienes actualmente poseen:<\/p><ul><li>Permisos de residencia para estudiantes<\/li><li data-id=\"D3rfXo\">Permisos de investigaci\u00f3n.<\/li><li data-id=\"LrCtVL\">Otros permisos de residencia relacionados con el trabajo.<\/li><\/ul><p>Como en todos los asuntos de inmigraci\u00f3n, la elegibilidad depende en gran medida de las circunstancias individuales y el estatus legal del solicitante.<\/p>\t\t\t\t\t\t\t\t<\/div>\n\t\t\t\t\t<\/div>\n\t\t\t\t<\/div>\n\t\t<div class=\"elementor-element elementor-element-086c21e e-flex e-con-boxed e-con e-parent\" data-id=\"086c21e\" data-element_type=\"container\" data-e-type=\"container\">\n\t\t\t\t\t<div class=\"e-con-inner\">\n\t\t\t\t<div class=\"elementor-element elementor-element-5b7e38d elementor-widget elementor-widget-heading\" data-id=\"5b7e38d\" data-element_type=\"widget\" data-e-type=\"widget\" data-widget_type=\"heading.default\">\n\t\t\t\t\t<h2 class=\"elementor-heading-title elementor-size-default\">Beneficios de reagrupaci\u00f3n familiar<\/h2>\t\t\t\t<\/div>\n\t\t\t\t<div class=\"elementor-element elementor-element-48cbac6 elementor-widget elementor-widget-text-editor\" data-id=\"48cbac6\" data-element_type=\"widget\" data-e-type=\"widget\" data-widget_type=\"text-editor.default\">\n\t\t\t\t\t\t\t\t\t<p data-id=\"ZDW0eJ\" data-pm-slice=\"1 1 []\">Una de las ventajas m\u00e1s importantes de la Tarjeta Azul UE es su favorable marco de <a href=\"https:\/\/www.portugalresidencyadvisors.com\/es\/visa-reagrupacion-familiar-portugal\/\" target=\"_blank\" rel=\"noopener\">reagrupaci\u00f3n familiar<\/a>.<\/p><p data-id=\"imENdT\">Los miembros de la familia elegibles incluyen:<\/p><ul><li data-id=\"ktuUXf\">C\u00f3nyuges.<\/li><li data-id=\"khIBck\">Parejas registradas.<\/li><li data-id=\"TOMQGf\">Hijos dependientes.<\/li><li data-id=\"YTrEa5\">Situaciones relacionadas con padres dependientes.<\/li><\/ul><p data-id=\"CRoL6I\">Beneficios familiares:<\/p><ul><li>Acceso completo a la educaci\u00f3n.<\/li><li data-id=\"jqfBn8\">Acceso a la atenci\u00f3n sanitaria.<\/li><li data-id=\"RFYkpD\">El derecho a trabajar.<\/li><li data-id=\"7IgGAa\">Acceso a los servicios sociales portugueses.<\/li><\/ul><p>En comparaci\u00f3n con algunas rutas de inmigraci\u00f3n tradicionales, el proceso es generalmente m\u00e1s r\u00e1pido y sencillo.<\/p>\t\t\t\t\t\t\t\t<\/div>\n\t\t\t\t\t<\/div>\n\t\t\t\t<\/div>\n\t\t<div class=\"elementor-element elementor-element-dc8ffcd e-flex e-con-boxed e-con e-parent\" data-id=\"dc8ffcd\" data-element_type=\"container\" data-e-type=\"container\">\n\t\t\t\t\t<div class=\"e-con-inner\">\n\t\t\t\t<div class=\"elementor-element elementor-element-8e73fa3 elementor-widget elementor-widget-heading\" data-id=\"8e73fa3\" data-element_type=\"widget\" data-e-type=\"widget\" data-widget_type=\"heading.default\">\n\t\t\t\t\t<h2 class=\"elementor-heading-title elementor-size-default\">Derechos de movilidad dentro de la Uni\u00f3n Europea<\/h2>\t\t\t\t<\/div>\n\t\t\t\t<div class=\"elementor-element elementor-element-0c716d5 elementor-widget elementor-widget-text-editor\" data-id=\"0c716d5\" data-element_type=\"widget\" data-e-type=\"widget\" data-widget_type=\"text-editor.default\">\n\t\t\t\t\t\t\t\t\t<p data-id=\"Z6D30z\" data-pm-slice=\"1 1 []\">La Tarjeta Azul UE fue dise\u00f1ada como un instrumento de inmigraci\u00f3n europeo en lugar de simplemente un permiso de residencia nacional.<\/p><p data-id=\"5IGqT8\">Tras completar 12 meses de residencia legal en Portugal, los titulares de la Tarjeta Azul pueden trasladarse a otro Estado miembro de la UE y solicitar una nueva Tarjeta Azul all\u00ed bajo procedimientos simplificados.<\/p><p data-id=\"v5Fq6d\">Esta flexibilidad es particularmente atractiva para profesionales multinacionales cuyas carreras pueden implicar movimiento a trav\u00e9s de varias jurisdicciones europeas.<\/p>\t\t\t\t\t\t\t\t<\/div>\n\t\t\t\t\t<\/div>\n\t\t\t\t<\/div>\n\t\t<div class=\"elementor-element elementor-element-2ffc163 e-flex e-con-boxed e-con e-parent\" data-id=\"2ffc163\" data-element_type=\"container\" data-e-type=\"container\">\n\t\t\t\t\t<div class=\"e-con-inner\">\n\t\t\t\t<div class=\"elementor-element elementor-element-6743761 elementor-widget elementor-widget-heading\" data-id=\"6743761\" data-element_type=\"widget\" data-e-type=\"widget\" data-widget_type=\"heading.default\">\n\t\t\t\t\t<h2 class=\"elementor-heading-title elementor-size-default\">Validez y renovaci\u00f3n de la Tarjeta Azul UE de Portugal<\/h2>\t\t\t\t<\/div>\n\t\t\t\t<div class=\"elementor-element elementor-element-9c7b0e6 elementor-widget elementor-widget-text-editor\" data-id=\"9c7b0e6\" data-element_type=\"widget\" data-e-type=\"widget\" data-widget_type=\"text-editor.default\">\n\t\t\t\t\t\t\t\t\t<p data-id=\"iBM6tP\" data-pm-slice=\"1 1 []\">La Tarjeta Azul UE portuguesa inicial se expide generalmente por dos a\u00f1os. Las renovaciones posteriores se conceden normalmente por per\u00edodos de tres a\u00f1os. <\/p><p data-id=\"ReSTcK\">Cuando el contrato de trabajo es inferior a dos a\u00f1os, el permiso de residencia se expide normalmente por la duraci\u00f3n del contrato m\u00e1s tres meses adicionales.<\/p><p data-id=\"QS2EGj\">Las solicitudes de renovaci\u00f3n deben presentarse al menos 30 d\u00edas antes de la expiraci\u00f3n.<\/p>\t\t\t\t\t\t\t\t<\/div>\n\t\t\t\t\t<\/div>\n\t\t\t\t<\/div>\n\t\t<div class=\"elementor-element elementor-element-c514615 e-flex e-con-boxed e-con e-parent\" data-id=\"c514615\" data-element_type=\"container\" data-e-type=\"container\">\n\t\t\t\t\t<div class=\"e-con-inner\">\n\t\t\t\t<div class=\"elementor-element elementor-element-5e8cada elementor-widget elementor-widget-heading\" data-id=\"5e8cada\" data-element_type=\"widget\" data-e-type=\"widget\" data-widget_type=\"heading.default\">\n\t\t\t\t\t<h2 class=\"elementor-heading-title elementor-size-default\">\u00bfPueden los titulares de la Tarjeta Azul cambiar de empleador?<\/h2>\t\t\t\t<\/div>\n\t\t\t\t<div class=\"elementor-element elementor-element-68bc4e7 elementor-widget elementor-widget-text-editor\" data-id=\"68bc4e7\" data-element_type=\"widget\" data-e-type=\"widget\" data-widget_type=\"text-editor.default\">\n\t\t\t\t\t\t\t\t\t<p data-id=\"ZhURXA\" data-pm-slice=\"1 1 []\">Durante los primeros 12 meses, se espera que el titular permanezca empleado en la actividad y con el empleador que respald\u00f3 la solicitud original.<\/p><p data-id=\"iCXjDz\">Despu\u00e9s de este per\u00edodo, cambiar de empleador se vuelve significativamente m\u00e1s f\u00e1cil siempre que el nuevo puesto contin\u00fae cualificando como una actividad altamente cualificada.<\/p><p data-id=\"xOWvF2\">Esto crea una mayor flexibilidad en el mercado laboral que muchos permisos de trabajo tradicionales en toda Europa.<\/p>\t\t\t\t\t\t\t\t<\/div>\n\t\t\t\t\t<\/div>\n\t\t\t\t<\/div>\n\t\t<div class=\"elementor-element elementor-element-51b59a65 banner e-flex e-con-boxed e-con e-parent\" data-id=\"51b59a65\" data-element_type=\"container\" data-e-type=\"container\" data-settings=\"{&quot;background_background&quot;:&quot;classic&quot;}\">\n\t\t\t\t\t<div class=\"e-con-inner\">\n\t\t\t\t<div class=\"elementor-element elementor-element-1fb96b78 hwhite elementor-widget elementor-widget-heading\" data-id=\"1fb96b78\" data-element_type=\"widget\" data-e-type=\"widget\" data-settings=\"{&quot;_animation&quot;:&quot;none&quot;,&quot;_animation_delay&quot;:900}\" data-widget_type=\"heading.default\">\n\t\t\t\t\t<h2 class=\"elementor-heading-title elementor-size-default\">P\u00f3ngase en contacto con un especialista en inmigraci\u00f3n a Portugal<\/h2>\t\t\t\t<\/div>\n\t\t\t\t<div class=\"elementor-element elementor-element-58b33931 elementor-widget elementor-widget-text-editor\" data-id=\"58b33931\" data-element_type=\"widget\" data-e-type=\"widget\" data-widget_type=\"text-editor.default\">\n\t\t\t\t\t\t\t\t\t<p data-pm-slice=\"1 1 []\">Portugal Residency Advisors\u00ae ha ayudado a numerosas familias internacionales a trasladarse con \u00e9xito a Portugal y a obtener la residencia. Descubra c\u00f3mo nuestra soluci\u00f3n integral de confianza simplifica y garantiza el \u00e9xito de su traslado. <\/p>\t\t\t\t\t\t\t\t<\/div>\n\t\t\t\t<div class=\"elementor-element elementor-element-297a0e1a elementor-align-center button-link-black elementor-widget elementor-widget-button\" data-id=\"297a0e1a\" data-element_type=\"widget\" data-e-type=\"widget\" data-widget_type=\"button.default\">\n\t\t\t\t\t\t\t\t\t\t<a class=\"elementor-button elementor-button-link elementor-size-md\" href=\"#onpage-contact-form\">\n\t\t\t\t\t\t<span class=\"elementor-button-content-wrapper\">\n\t\t\t\t\t\t\t\t\t<span class=\"elementor-button-text\">Empieza ahora<\/span>\n\t\t\t\t\t<\/span>\n\t\t\t\t\t<\/a>\n\t\t\t\t\t\t\t\t<\/div>\n\t\t\t\t\t<\/div>\n\t\t\t\t<\/div>\n\t\t<div class=\"elementor-element elementor-element-73e2439 e-flex e-con-boxed e-con e-parent\" data-id=\"73e2439\" data-element_type=\"container\" data-e-type=\"container\">\n\t\t\t\t\t<div class=\"e-con-inner\">\n\t\t\t\t<div class=\"elementor-element elementor-element-33b7ae7 elementor-widget elementor-widget-heading\" data-id=\"33b7ae7\" data-element_type=\"widget\" data-e-type=\"widget\" data-widget_type=\"heading.default\">\n\t\t\t\t\t<h2 class=\"elementor-heading-title elementor-size-default\">Derechos de los titulares de la Tarjeta Azul UE en Portugal<\/h2>\t\t\t\t<\/div>\n\t\t\t\t<div class=\"elementor-element elementor-element-0b88c45 elementor-widget elementor-widget-text-editor\" data-id=\"0b88c45\" data-element_type=\"widget\" data-e-type=\"widget\" data-widget_type=\"text-editor.default\">\n\t\t\t\t\t\t\t\t\t<p data-id=\"uc8sIG\" data-pm-slice=\"1 1 []\">Los titulares de la Tarjeta Azul UE disfrutan de igualdad de trato con los nacionales portugueses en varias \u00e1reas importantes.<\/p><p data-id=\"V8IvMj\">Estos incluyen:<\/p><ul><li data-id=\"4j4t5m\">Condiciones de trabajo.<\/li><li data-id=\"A9efQm\">Protecciones salariales.<\/li><li data-id=\"YbAIXn\">Vacaciones anuales.<\/li><li data-id=\"9No2zh\">Salud y seguridad ocupacional.<\/li><li data-id=\"AOUTAN\">Acceso a la atenci\u00f3n sanitaria.<\/li><li data-id=\"KOptxf\">Educaci\u00f3n p\u00fablica.<\/li><li data-id=\"2LGRwu\">Formaci\u00f3n profesional.<\/li><li data-id=\"Ga5YKI\">Derechos de vivienda.<\/li><li data-id=\"vvCW8w\">Beneficios de la Seguridad Social.<\/li><\/ul><p data-id=\"XcBjRJ\">Los titulares de la Tarjeta Azul tambi\u00e9n se benefician de viajes sin visado por todo el espacio Schengen.<\/p>\t\t\t\t\t\t\t\t<\/div>\n\t\t\t\t\t<\/div>\n\t\t\t\t<\/div>\n\t\t<div class=\"elementor-element elementor-element-018f080 e-flex e-con-boxed e-con e-parent\" data-id=\"018f080\" data-element_type=\"container\" data-e-type=\"container\">\n\t\t\t\t\t<div class=\"e-con-inner\">\n\t\t\t\t<div class=\"elementor-element elementor-element-1bd0be8 elementor-widget elementor-widget-heading\" data-id=\"1bd0be8\" data-element_type=\"widget\" data-e-type=\"widget\" data-widget_type=\"heading.default\">\n\t\t\t\t\t<h2 class=\"elementor-heading-title elementor-size-default\">\u00bfLa Tarjeta Azul UE conduce a la residencia permanente?<\/h2>\t\t\t\t<\/div>\n\t\t\t\t<div class=\"elementor-element elementor-element-1f5a044 elementor-widget elementor-widget-text-editor\" data-id=\"1f5a044\" data-element_type=\"widget\" data-e-type=\"widget\" data-widget_type=\"text-editor.default\">\n\t\t\t\t\t\t\t\t\t<p data-id=\"SdvE5D\" data-pm-slice=\"1 1 []\">S\u00ed. El tiempo pasado con la Tarjeta Azul UE en Portugal cuenta para: el estatus de residencia de larga duraci\u00f3n en la UE. <\/p><ul><li data-id=\"zb8yCK\">Permiso de residencia portugu\u00e9s.<\/li><li data-id=\"FJCdKn\">Plazos de tramitaci\u00f3n de la ciudadan\u00eda portuguesa.<\/li><\/ul><p data-id=\"x5M8Wf\">En el momento de la solicitud, los solicitantes deben cumplir los requisitos legales generales que se apliquen en ese momento, incluidos los requisitos de integraci\u00f3n y de <a href=\"https:\/\/www.portugalresidencyadvisors.com\/es\/ciudadania-portuguesa-examen-ciple\/\" target=\"_blank\" rel=\"noopener\">idioma<\/a>.<\/p><p data-id=\"wvsYr9\">El reciente cambio en la ley de nacionalidad portuguesa ha hecho que la planificaci\u00f3n de inmigraci\u00f3n a largo plazo sea a\u00fan m\u00e1s importante para los profesionales altamente cualificados que se <a href=\"https:\/\/www.portugalresidencyadvisors.com\/es\/mudarse-a-portugal\/\" target=\"_blank\" rel=\"noopener\">trasladan a Portugal<\/a>.<\/p>\t\t\t\t\t\t\t\t<\/div>\n\t\t\t\t\t<\/div>\n\t\t\t\t<\/div>\n\t\t<div class=\"elementor-element elementor-element-8a9b50b e-flex e-con-boxed e-con e-parent\" data-id=\"8a9b50b\" data-element_type=\"container\" data-e-type=\"container\">\n\t\t\t\t\t<div class=\"e-con-inner\">\n\t\t\t\t<div class=\"elementor-element elementor-element-d9ca017 elementor-widget elementor-widget-heading\" data-id=\"d9ca017\" data-element_type=\"widget\" data-e-type=\"widget\" data-widget_type=\"heading.default\">\n\t\t\t\t\t<h2 class=\"elementor-heading-title elementor-size-default\">\u00bfEs la Tarjeta Azul UE de Portugal mejor que el visado D3?<\/h2>\t\t\t\t<\/div>\n\t\t\t\t<div class=\"elementor-element elementor-element-e003777 elementor-widget elementor-widget-text-editor\" data-id=\"e003777\" data-element_type=\"widget\" data-e-type=\"widget\" data-widget_type=\"text-editor.default\">\n\t\t\t\t\t\t\t\t\t<p data-id=\"7WJ8rp\" data-pm-slice=\"1 1 []\">Depende de los objetivos del solicitante. En muchos casos, el visado D3 de Portugal sigue siendo el mecanismo de entrada utilizado por los profesionales altamente cualificados que solicitan desde el extranjero, mientras que el permiso de residencia expedido despu\u00e9s de la llegada puede adoptar la forma de una Tarjeta Azul UE si se cumplen todos los requisitos. <\/p><p data-id=\"VWasi0\">La Tarjeta Azul generalmente ofrece derechos de movilidad en la UE superiores y ventajas a largo plazo m\u00e1s s\u00f3lidas.<\/p><p data-id=\"PMo9cp\">Por esta raz\u00f3n, los solicitantes que consideren un empleo altamente cualificado en Portugal deben analizar cuidadosamente ambas v\u00edas.<\/p><p data-id=\"t34npp\">Tambi\u00e9n puede resultarle \u00fatil consultar nuestras gu\u00edas sobre el <a href=\"https:\/\/www.portugalresidencyadvisors.com\/es\/visa-d3-portugal\/\" target=\"_blank\" rel=\"noopener\">visado D3 de Portugal<\/a>, el <a href=\"https:\/\/www.portugalresidencyadvisors.com\/es\/visa-nomada-digital-portugal-d8\/\" target=\"_blank\" rel=\"noopener\">visado de n\u00f3mada digital de Portugal (D8)<\/a> y el <a href=\"https:\/\/www.portugalresidencyadvisors.com\/es\/residencia-permanente-portugal\/\" target=\"_blank\" rel=\"noopener\">permiso de residencia permanente portugu\u00e9s<\/a> al evaluar la ruta de inmigraci\u00f3n m\u00e1s adecuada.<\/p>\t\t\t\t\t\t\t\t<\/div>\n\t\t\t\t\t<\/div>\n\t\t\t\t<\/div>\n\t\t<div class=\"elementor-element elementor-element-6d4e3af e-flex e-con-boxed e-con e-parent\" data-id=\"6d4e3af\" data-element_type=\"container\" data-e-type=\"container\">\n\t\t\t\t\t<div class=\"e-con-inner\">\n\t\t\t\t<div class=\"elementor-element elementor-element-480ee30 elementor-widget elementor-widget-heading\" data-id=\"480ee30\" data-element_type=\"widget\" data-e-type=\"widget\" data-widget_type=\"heading.default\">\n\t\t\t\t\t<h2 class=\"elementor-heading-title elementor-size-default\">\u00bfC\u00f3mo podemos ayudar?<\/h2>\t\t\t\t<\/div>\n\t\t\t\t<div class=\"elementor-element elementor-element-607d93e elementor-widget elementor-widget-text-editor\" data-id=\"607d93e\" data-element_type=\"widget\" data-e-type=\"widget\" data-widget_type=\"text-editor.default\">\n\t\t\t\t\t\t\t\t\t<h4 class=\"p1\">Experiencia local<\/h4><p class=\"p1\">Conocemos Portugal a fondo. Al centrarnos exclusivamente en un pa\u00eds, ofrecemos una orientaci\u00f3n clara y pr\u00e1ctica basada en un profundo conocimiento local. <\/p><h4 class=\"p1\">Asesoramiento honesto<\/h4><p class=\"p1\">Le recomendamos lo que es realmente mejor para usted. Nuestro asesoramiento se basa en la experiencia real, ayudando a los clientes a ahorrar tiempo y dinero con precios transparentes y justos. <\/p><h4 class=\"p1\">Soluci\u00f3n integral<\/h4><p class=\"p1\">Un \u00fanico punto de contacto para toda su reubicaci\u00f3n. Desde la elecci\u00f3n del visado adecuado hasta la b\u00fasqueda de su nuevo hogar y el establecimiento en Portugal, le apoyamos en cada paso. <\/p><h4 class=\"p1\">Proceso sin complicaciones<\/h4><p class=\"p1\">La tecnolog\u00eda nos ayuda a simplificar el proceso y reducir el papeleo para nuestros clientes. Como clientes que somos, entendemos c\u00f3mo ofrecer una experiencia fluida y eficiente. <\/p><p class=\"p1\"><span class=\"s1\"><a href=\"https:\/\/www.portugalresidencyadvisors.com\/relocation-to-portugal\/\">Descubra 10 razones para elegirnos para su traslado a Portugal<\/a><\/span><\/p>\t\t\t\t\t\t\t\t<\/div>\n\t\t\t\t\t<\/div>\n\t\t\t\t<\/div>\n\t\t<div class=\"elementor-element elementor-element-6954002c e-flex e-con-boxed e-con e-parent\" data-id=\"6954002c\" data-element_type=\"container\" data-e-type=\"container\">\n\t\t\t\t\t<div class=\"e-con-inner\">\n\t\t\t\t<div class=\"elementor-element elementor-element-2fb8827a elementor-view-default elementor-widget elementor-widget-icon\" data-id=\"2fb8827a\" data-element_type=\"widget\" data-e-type=\"widget\" data-widget_type=\"icon.default\">\n\t\t\t\t\t\t\t<div class=\"elementor-icon-wrapper\">\n\t\t\t<div class=\"elementor-icon\">\n\t\t\t<svg xmlns=\"http:\/\/www.w3.org\/2000\/svg\" id=\"uuid-bbaa4b9d-eacc-4da7-8f1d-9d529f2f4582\" viewBox=\"0 0 171.03 171.16\"><g id=\"uuid-262094c7-4038-4617-8b78-fa7c3c7887c3\"><path d=\"m95.36,171.16h-19.82v-46.1c0-16.3-13.26-29.57-29.57-29.57H0v-19.82h45.98c27.23,0,49.39,22.15,49.39,49.39v46.1Z\"><\/path><path d=\"m75.67,0h19.82v46.1c0,16.3,13.26,29.57,29.57,29.57h45.98v19.82h-45.98c-27.23,0-49.39-22.15-49.39-49.39V0Z\"><\/path><path d=\"m24.1,161.01l-14.01-14.01,28.94-28.94c3.87-3.87,10.14-3.87,14.01,0h0c3.87,3.87,3.87,10.14,0,14.01l-28.94,28.94Z\"><\/path><path d=\"m146.94,10.15l14.01,14.01-28.94,28.94c-3.87,3.87-10.14,3.87-14.01,0h0c-3.87-3.87-3.87-10.14,0-14.01l28.94-28.94Z\"><\/path><path d=\"m160.95,147l-14.01,14.01-28.94-28.94c-3.87-3.87-3.87-10.14,0-14.01h0c3.87-3.87,10.14-3.87,14.01,0l28.94,28.94Z\"><\/path><path d=\"m10.08,24.16l14.01-14.01,28.94,28.94c3.87,3.87,3.87,10.14,0,14.01h0c-3.87,3.87-10.14,3.87-14.01,0L10.08,24.16Z\"><\/path><\/g><\/svg>\t\t\t<\/div>\n\t\t<\/div>\n\t\t\t\t\t\t<\/div>\n\t\t\t\t<div class=\"elementor-element elementor-element-6a9fec89 elementor-widget elementor-widget-heading\" data-id=\"6a9fec89\" data-element_type=\"widget\" data-e-type=\"widget\" data-widget_type=\"heading.default\">\n\t\t\t\t\t<h2 class=\"elementor-heading-title elementor-size-default\">Respuestas a sus preguntas<\/h2>\t\t\t\t<\/div>\n\t\t\t\t<div class=\"elementor-element elementor-element-39193fea faq-content elementor-widget elementor-widget-n-accordion\" data-id=\"39193fea\" data-element_type=\"widget\" data-e-type=\"widget\" data-settings=\"{&quot;default_state&quot;:&quot;all_collapsed&quot;,&quot;max_items_expended&quot;:&quot;one&quot;,&quot;n_accordion_animation_duration&quot;:{&quot;unit&quot;:&quot;ms&quot;,&quot;size&quot;:400,&quot;sizes&quot;:[]}}\" data-widget_type=\"nested-accordion.default\">\n\t\t\t\t\t\t\t<div class=\"e-n-accordion\" aria-label=\"Accordion. Open links with Enter or Space, close with Escape, and navigate with Arrow Keys\">\n\t\t\t\t\t\t<details id=\"e-n-accordion-item-9570\" class=\"e-n-accordion-item\" >\n\t\t\t\t<summary class=\"e-n-accordion-item-title\" data-accordion-index=\"1\" tabindex=\"0\" aria-expanded=\"false\" aria-controls=\"e-n-accordion-item-9570\" >\n\t\t\t\t\t<span class='e-n-accordion-item-title-header'><div class=\"e-n-accordion-item-title-text\"> \u00bfEst\u00e1 disponible la Tarjeta Azul UE de Portugal para trabajadores remotos? <\/div><\/span>\n\t\t\t\t\t\t\t<span class='e-n-accordion-item-title-icon'>\n\t\t\t<span class='e-opened' ><svg aria-hidden=\"true\" class=\"e-font-icon-svg e-fas-times\" viewBox=\"0 0 352 512\" xmlns=\"http:\/\/www.w3.org\/2000\/svg\"><path d=\"M242.72 256l100.07-100.07c12.28-12.28 12.28-32.19 0-44.48l-22.24-22.24c-12.28-12.28-32.19-12.28-44.48 0L176 189.28 75.93 89.21c-12.28-12.28-32.19-12.28-44.48 0L9.21 111.45c-12.28 12.28-12.28 32.19 0 44.48L109.28 256 9.21 356.07c-12.28 12.28-12.28 32.19 0 44.48l22.24 22.24c12.28 12.28 32.2 12.28 44.48 0L176 322.72l100.07 100.07c12.28 12.28 32.2 12.28 44.48 0l22.24-22.24c12.28-12.28 12.28-32.19 0-44.48L242.72 256z\"><\/path><\/svg><\/span>\n\t\t\t<span class='e-closed'><svg aria-hidden=\"true\" class=\"e-font-icon-svg e-fas-caret-down\" viewBox=\"0 0 320 512\" xmlns=\"http:\/\/www.w3.org\/2000\/svg\"><path d=\"M31.3 192h257.3c17.8 0 26.7 21.5 14.1 34.1L174.1 354.8c-7.8 7.8-20.5 7.8-28.3 0L17.2 226.1C4.6 213.5 13.5 192 31.3 192z\"><\/path><\/svg><\/span>\n\t\t<\/span>\n\n\t\t\t\t\t\t<\/summary>\n\t\t\t\t<div role=\"region\" aria-labelledby=\"e-n-accordion-item-9570\" class=\"elementor-element elementor-element-697dc424 e-con-full e-flex e-con e-child\" data-id=\"697dc424\" data-element_type=\"container\" data-e-type=\"container\">\n\t\t\t\t<div class=\"elementor-element elementor-element-2234a353 elementor-widget elementor-widget-text-editor\" data-id=\"2234a353\" data-element_type=\"widget\" data-e-type=\"widget\" data-widget_type=\"text-editor.default\">\n\t\t\t\t\t\t\t\t\t<p data-id=\"mOd77m\" data-pm-slice=\"1 1 []\">Generalmente no. La Tarjeta Azul requiere una relaci\u00f3n laboral cualificada con un empleador que ofrezca trabajo altamente cualificado en Portugal. Alternativamente, los acuerdos de trabajo remoto pueden estar cubiertos por las normas del visado de n\u00f3mada digital D8.  <\/p>\t\t\t\t\t\t\t\t<\/div>\n\t\t\t\t<\/div>\n\t\t\t\t\t<\/details>\n\t\t\t\t\t\t<details id=\"e-n-accordion-item-9571\" class=\"e-n-accordion-item\" >\n\t\t\t\t<summary class=\"e-n-accordion-item-title\" data-accordion-index=\"2\" tabindex=\"-1\" aria-expanded=\"false\" aria-controls=\"e-n-accordion-item-9571\" >\n\t\t\t\t\t<span class='e-n-accordion-item-title-header'><div class=\"e-n-accordion-item-title-text\"> \u00bfCu\u00e1l es la duraci\u00f3n m\u00ednima del contrato para una Tarjeta Azul UE? <\/div><\/span>\n\t\t\t\t\t\t\t<span class='e-n-accordion-item-title-icon'>\n\t\t\t<span class='e-opened' ><svg aria-hidden=\"true\" class=\"e-font-icon-svg e-fas-times\" viewBox=\"0 0 352 512\" xmlns=\"http:\/\/www.w3.org\/2000\/svg\"><path d=\"M242.72 256l100.07-100.07c12.28-12.28 12.28-32.19 0-44.48l-22.24-22.24c-12.28-12.28-32.19-12.28-44.48 0L176 189.28 75.93 89.21c-12.28-12.28-32.19-12.28-44.48 0L9.21 111.45c-12.28 12.28-12.28 32.19 0 44.48L109.28 256 9.21 356.07c-12.28 12.28-12.28 32.19 0 44.48l22.24 22.24c12.28 12.28 32.2 12.28 44.48 0L176 322.72l100.07 100.07c12.28 12.28 32.2 12.28 44.48 0l22.24-22.24c12.28-12.28 12.28-32.19 0-44.48L242.72 256z\"><\/path><\/svg><\/span>\n\t\t\t<span class='e-closed'><svg aria-hidden=\"true\" class=\"e-font-icon-svg e-fas-caret-down\" viewBox=\"0 0 320 512\" xmlns=\"http:\/\/www.w3.org\/2000\/svg\"><path d=\"M31.3 192h257.3c17.8 0 26.7 21.5 14.1 34.1L174.1 354.8c-7.8 7.8-20.5 7.8-28.3 0L17.2 226.1C4.6 213.5 13.5 192 31.3 192z\"><\/path><\/svg><\/span>\n\t\t<\/span>\n\n\t\t\t\t\t\t<\/summary>\n\t\t\t\t<div role=\"region\" aria-labelledby=\"e-n-accordion-item-9571\" class=\"elementor-element elementor-element-25358f4c e-con-full e-flex e-con e-child\" data-id=\"25358f4c\" data-element_type=\"container\" data-e-type=\"container\">\n\t\t\t\t<div class=\"elementor-element elementor-element-65413d13 elementor-widget elementor-widget-text-editor\" data-id=\"65413d13\" data-element_type=\"widget\" data-e-type=\"widget\" data-widget_type=\"text-editor.default\">\n\t\t\t\t\t\t\t\t\t<p data-id=\"2LanpX\" data-pm-slice=\"1 1 []\">El contrato de trabajo debe tener normalmente una duraci\u00f3n m\u00ednima de seis meses y satisfacer el umbral salarial aplicable.<\/p>\t\t\t\t\t\t\t\t<\/div>\n\t\t\t\t<\/div>\n\t\t\t\t\t<\/details>\n\t\t\t\t\t\t<details id=\"e-n-accordion-item-9572\" class=\"e-n-accordion-item\" >\n\t\t\t\t<summary class=\"e-n-accordion-item-title\" data-accordion-index=\"3\" tabindex=\"-1\" aria-expanded=\"false\" aria-controls=\"e-n-accordion-item-9572\" >\n\t\t\t\t\t<span class='e-n-accordion-item-title-header'><div class=\"e-n-accordion-item-title-text\"> \u00bfPueden los miembros de la familia trabajar en Portugal bajo reagrupaci\u00f3n familiar? <\/div><\/span>\n\t\t\t\t\t\t\t<span class='e-n-accordion-item-title-icon'>\n\t\t\t<span class='e-opened' ><svg aria-hidden=\"true\" class=\"e-font-icon-svg e-fas-times\" viewBox=\"0 0 352 512\" xmlns=\"http:\/\/www.w3.org\/2000\/svg\"><path d=\"M242.72 256l100.07-100.07c12.28-12.28 12.28-32.19 0-44.48l-22.24-22.24c-12.28-12.28-32.19-12.28-44.48 0L176 189.28 75.93 89.21c-12.28-12.28-32.19-12.28-44.48 0L9.21 111.45c-12.28 12.28-12.28 32.19 0 44.48L109.28 256 9.21 356.07c-12.28 12.28-12.28 32.19 0 44.48l22.24 22.24c12.28 12.28 32.2 12.28 44.48 0L176 322.72l100.07 100.07c12.28 12.28 32.2 12.28 44.48 0l22.24-22.24c12.28-12.28 12.28-32.19 0-44.48L242.72 256z\"><\/path><\/svg><\/span>\n\t\t\t<span class='e-closed'><svg aria-hidden=\"true\" class=\"e-font-icon-svg e-fas-caret-down\" viewBox=\"0 0 320 512\" xmlns=\"http:\/\/www.w3.org\/2000\/svg\"><path d=\"M31.3 192h257.3c17.8 0 26.7 21.5 14.1 34.1L174.1 354.8c-7.8 7.8-20.5 7.8-28.3 0L17.2 226.1C4.6 213.5 13.5 192 31.3 192z\"><\/path><\/svg><\/span>\n\t\t<\/span>\n\n\t\t\t\t\t\t<\/summary>\n\t\t\t\t<div role=\"region\" aria-labelledby=\"e-n-accordion-item-9572\" class=\"elementor-element elementor-element-11ee1538 e-con-full e-flex e-con e-child\" data-id=\"11ee1538\" data-element_type=\"container\" data-e-type=\"container\">\n\t\t\t\t<div class=\"elementor-element elementor-element-7a11c9b3 elementor-widget elementor-widget-text-editor\" data-id=\"7a11c9b3\" data-element_type=\"widget\" data-e-type=\"widget\" data-widget_type=\"text-editor.default\">\n\t\t\t\t\t\t\t\t\t<p data-id=\"X46rJl\" data-pm-slice=\"1 1 []\">S\u00ed. Los c\u00f3nyuges y dependientes elegibles tienen acceso completo al mercado laboral portugu\u00e9s, sin necesidad de un permiso de trabajo independiente. <\/p>\t\t\t\t\t\t\t\t<\/div>\n\t\t\t\t<\/div>\n\t\t\t\t\t<\/details>\n\t\t\t\t\t\t<details id=\"e-n-accordion-item-9573\" class=\"e-n-accordion-item\" >\n\t\t\t\t<summary class=\"e-n-accordion-item-title\" data-accordion-index=\"4\" tabindex=\"-1\" aria-expanded=\"false\" aria-controls=\"e-n-accordion-item-9573\" >\n\t\t\t\t\t<span class='e-n-accordion-item-title-header'><div class=\"e-n-accordion-item-title-text\"> \u00bfPuedo viajar a otro pa\u00eds de la UE con mi Tarjeta Azul UE portuguesa? <\/div><\/span>\n\t\t\t\t\t\t\t<span class='e-n-accordion-item-title-icon'>\n\t\t\t<span class='e-opened' ><svg aria-hidden=\"true\" class=\"e-font-icon-svg e-fas-times\" viewBox=\"0 0 352 512\" xmlns=\"http:\/\/www.w3.org\/2000\/svg\"><path d=\"M242.72 256l100.07-100.07c12.28-12.28 12.28-32.19 0-44.48l-22.24-22.24c-12.28-12.28-32.19-12.28-44.48 0L176 189.28 75.93 89.21c-12.28-12.28-32.19-12.28-44.48 0L9.21 111.45c-12.28 12.28-12.28 32.19 0 44.48L109.28 256 9.21 356.07c-12.28 12.28-12.28 32.19 0 44.48l22.24 22.24c12.28 12.28 32.2 12.28 44.48 0L176 322.72l100.07 100.07c12.28 12.28 32.2 12.28 44.48 0l22.24-22.24c12.28-12.28 12.28-32.19 0-44.48L242.72 256z\"><\/path><\/svg><\/span>\n\t\t\t<span class='e-closed'><svg aria-hidden=\"true\" class=\"e-font-icon-svg e-fas-caret-down\" viewBox=\"0 0 320 512\" xmlns=\"http:\/\/www.w3.org\/2000\/svg\"><path d=\"M31.3 192h257.3c17.8 0 26.7 21.5 14.1 34.1L174.1 354.8c-7.8 7.8-20.5 7.8-28.3 0L17.2 226.1C4.6 213.5 13.5 192 31.3 192z\"><\/path><\/svg><\/span>\n\t\t<\/span>\n\n\t\t\t\t\t\t<\/summary>\n\t\t\t\t<div role=\"region\" aria-labelledby=\"e-n-accordion-item-9573\" class=\"elementor-element elementor-element-66402893 e-con-full e-flex e-con e-child\" data-id=\"66402893\" data-element_type=\"container\" data-e-type=\"container\">\n\t\t\t\t<div class=\"elementor-element elementor-element-7e33a3b0 elementor-widget elementor-widget-text-editor\" data-id=\"7e33a3b0\" data-element_type=\"widget\" data-e-type=\"widget\" data-widget_type=\"text-editor.default\">\n\t\t\t\t\t\t\t\t\t<p data-id=\"mPiUEN\" data-pm-slice=\"1 1 []\">S\u00ed. Tras completar 12 meses de residencia legal en Portugal, los titulares de la Tarjeta Azul pueden trasladarse a otro Estado miembro de la UE participante bajo normas simplificadas. <\/p>\t\t\t\t\t\t\t\t<\/div>\n\t\t\t\t<\/div>\n\t\t\t\t\t<\/details>\n\t\t\t\t\t\t<details id=\"e-n-accordion-item-9574\" class=\"e-n-accordion-item\" >\n\t\t\t\t<summary class=\"e-n-accordion-item-title\" data-accordion-index=\"5\" tabindex=\"-1\" aria-expanded=\"false\" aria-controls=\"e-n-accordion-item-9574\" >\n\t\t\t\t\t<span class='e-n-accordion-item-title-header'><div class=\"e-n-accordion-item-title-text\"> \u00bfEl tiempo bajo la Tarjeta Azul UE cuenta para la ciudadan\u00eda portuguesa? <\/div><\/span>\n\t\t\t\t\t\t\t<span class='e-n-accordion-item-title-icon'>\n\t\t\t<span class='e-opened' ><svg aria-hidden=\"true\" class=\"e-font-icon-svg e-fas-times\" viewBox=\"0 0 352 512\" xmlns=\"http:\/\/www.w3.org\/2000\/svg\"><path d=\"M242.72 256l100.07-100.07c12.28-12.28 12.28-32.19 0-44.48l-22.24-22.24c-12.28-12.28-32.19-12.28-44.48 0L176 189.28 75.93 89.21c-12.28-12.28-32.19-12.28-44.48 0L9.21 111.45c-12.28 12.28-12.28 32.19 0 44.48L109.28 256 9.21 356.07c-12.28 12.28-12.28 32.19 0 44.48l22.24 22.24c12.28 12.28 32.2 12.28 44.48 0L176 322.72l100.07 100.07c12.28 12.28 32.2 12.28 44.48 0l22.24-22.24c12.28-12.28 12.28-32.19 0-44.48L242.72 256z\"><\/path><\/svg><\/span>\n\t\t\t<span class='e-closed'><svg aria-hidden=\"true\" class=\"e-font-icon-svg e-fas-caret-down\" viewBox=\"0 0 320 512\" xmlns=\"http:\/\/www.w3.org\/2000\/svg\"><path d=\"M31.3 192h257.3c17.8 0 26.7 21.5 14.1 34.1L174.1 354.8c-7.8 7.8-20.5 7.8-28.3 0L17.2 226.1C4.6 213.5 13.5 192 31.3 192z\"><\/path><\/svg><\/span>\n\t\t<\/span>\n\n\t\t\t\t\t\t<\/summary>\n\t\t\t\t<div role=\"region\" aria-labelledby=\"e-n-accordion-item-9574\" class=\"elementor-element elementor-element-4d50e7a2 e-con-full e-flex e-con e-child\" data-id=\"4d50e7a2\" data-element_type=\"container\" data-e-type=\"container\">\n\t\t\t\t<div class=\"elementor-element elementor-element-3809be51 elementor-widget elementor-widget-text-editor\" data-id=\"3809be51\" data-element_type=\"widget\" data-e-type=\"widget\" data-widget_type=\"text-editor.default\">\n\t\t\t\t\t\t\t\t\t<p data-id=\"ZkiJFG\" data-pm-slice=\"1 1 []\">S\u00ed. La residencia legal bajo la Tarjeta Azul UE cuenta como residencia para el requisito de residencia para las solicitudes de residencia permanente y ciudadan\u00eda portuguesa. <\/p>\t\t\t\t\t\t\t\t<\/div>\n\t\t\t\t<\/div>\n\t\t\t\t\t<\/details>\n\t\t\t\t\t<\/div>\n\t\t\t\t\t<script type=\"application\/ld+json\">{\"@context\":\"https:\\\/\\\/schema.org\",\"@type\":\"FAQPage\",\"mainEntity\":[{\"@type\":\"Question\",\"name\":\"\\u00bfEst\\u00e1 disponible la Tarjeta Azul UE de Portugal para trabajadores remotos?\",\"acceptedAnswer\":{\"@type\":\"Answer\",\"text\":\"Generalmente no. La Tarjeta Azul requiere una relaci\\u00f3n laboral cualificada con un empleador que ofrezca trabajo altamente cualificado en Portugal. Alternativamente, los acuerdos de trabajo remoto pueden estar cubiertos por las normas del visado de n\\u00f3mada digital D8.\"}},{\"@type\":\"Question\",\"name\":\"\\u00bfCu\\u00e1l es la duraci\\u00f3n m\\u00ednima del contrato para una Tarjeta Azul UE?\",\"acceptedAnswer\":{\"@type\":\"Answer\",\"text\":\"El contrato de trabajo debe tener normalmente una duraci\\u00f3n m\\u00ednima de seis meses y satisfacer el umbral salarial aplicable.\"}},{\"@type\":\"Question\",\"name\":\"\\u00bfPueden los miembros de la familia trabajar en Portugal bajo reagrupaci\\u00f3n familiar?\",\"acceptedAnswer\":{\"@type\":\"Answer\",\"text\":\"S\\u00ed. Los c\\u00f3nyuges y dependientes elegibles tienen acceso completo al mercado laboral portugu\\u00e9s, sin necesidad de un permiso de trabajo independiente.\"}},{\"@type\":\"Question\",\"name\":\"\\u00bfPuedo viajar a otro pa\\u00eds de la UE con mi Tarjeta Azul UE portuguesa?\",\"acceptedAnswer\":{\"@type\":\"Answer\",\"text\":\"S\\u00ed. Tras completar 12 meses de residencia legal en Portugal, los titulares de la Tarjeta Azul pueden trasladarse a otro Estado miembro de la UE participante bajo normas simplificadas.\"}},{\"@type\":\"Question\",\"name\":\"\\u00bfEl tiempo bajo la Tarjeta Azul UE cuenta para la ciudadan\\u00eda portuguesa?\",\"acceptedAnswer\":{\"@type\":\"Answer\",\"text\":\"S\\u00ed. La residencia legal bajo la Tarjeta Azul UE cuenta como residencia para el requisito de residencia para las solicitudes de residencia permanente y ciudadan\\u00eda portuguesa.\"}}]}<\/script>\n\t\t\t\t\t\t\t<\/div>\n\t\t\t\t\t<\/div>\n\t\t\t\t<\/div>\n\t\t\t\t<\/div>\n\t\t","protected":false},"excerpt":{"rendered":"<p>Portugal es uno de los destinos m\u00e1s atractivos de Europa para el talento global. El pa\u00eds se ha convertido en un destino cada vez m\u00e1s atractivo para profesionales altamente cualificados que buscan oportunidades dentro de la Uni\u00f3n Europea, con una fuerte demanda en sectores como la tecnolog\u00eda, la ingenier\u00eda, la sanidad, las finanzas y la [&hellip;]<\/p>\n","protected":false},"author":20,"featured_media":59866,"comment_status":"closed","ping_status":"open","sticky":false,"template":"","format":"standard","meta":{"_angie_page":false,"_jet_sm_ready_style":"","_jet_sm_style":"","_jet_sm_controls_values":"","_jet_sm_fonts_collection":"","_jet_sm_fonts_links":"","page_builder":"","footnotes":""},"categories":[84,251],"tags":[],"class_list":["post-60645","post","type-post","status-publish","format-standard","has-post-thumbnail","hentry","category-residencia","category-otros-visados"],"yoast_head":"<!-- This site is optimized with the Yoast SEO plugin v28.3 - https:\/\/yoast.com\/product\/yoast-seo-wordpress\/ -->\n<title>Tarjeta Azul UE de Portugal: Gu\u00eda completa para profesionales cualificados<\/title>\n<meta name=\"description\" content=\"Descubra c\u00f3mo funciona la Tarjeta Azul UE de Portugal, los requisitos de elegibilidad, los requisitos salariales, los derechos familiares y el camino hacia la residencia permanente.\" \/>\n<meta name=\"robots\" content=\"index, follow, max-snippet:-1, max-image-preview:large, max-video-preview:-1\" \/>\n<link rel=\"canonical\" href=\"https:\/\/www.portugalresidencyadvisors.com\/es\/tarjeta-azul-ue-de-portugal-guia-completa-para-profesionales-cualificados\/\" \/>\n<meta property=\"og:locale\" content=\"es_ES\" \/>\n<meta property=\"og:type\" content=\"article\" \/>\n<meta property=\"og:title\" content=\"Tarjeta Azul UE de Portugal: Gu\u00eda completa para profesionales cualificados\" \/>\n<meta property=\"og:description\" content=\"Descubra c\u00f3mo funciona la Tarjeta Azul UE de Portugal, los requisitos de elegibilidad, los requisitos salariales, los derechos familiares y el camino hacia la residencia permanente.\" \/>\n<meta property=\"og:url\" content=\"https:\/\/www.portugalresidencyadvisors.com\/es\/tarjeta-azul-ue-de-portugal-guia-completa-para-profesionales-cualificados\/\" \/>\n<meta property=\"og:site_name\" content=\"Portugal Residency Advisors\" \/>\n<meta property=\"article:publisher\" content=\"https:\/\/www.facebook.com\/portugalresidencyadvisors\" \/>\n<meta property=\"article:published_time\" content=\"2026-07-29T11:00:43+00:00\" \/>\n<meta property=\"article:modified_time\" content=\"2026-07-30T12:57:36+00:00\" \/>\n<meta property=\"og:image\" content=\"https:\/\/www.portugalresidencyadvisors.com\/wp-content\/uploads\/2026\/07\/eu-blue-card-portugal-residency-advisors.webp\" \/>\n\t<meta property=\"og:image:width\" content=\"1920\" \/>\n\t<meta property=\"og:image:height\" content=\"1303\" \/>\n\t<meta property=\"og:image:type\" content=\"image\/jpeg\" \/>\n<meta name=\"author\" content=\"Fernanda Souza\" \/>\n<meta name=\"twitter:card\" content=\"summary_large_image\" \/>\n<meta name=\"twitter:creator\" content=\"@ptadvresidency\" \/>\n<meta name=\"twitter:site\" content=\"@ptadvresidency\" \/>\n<meta name=\"twitter:label1\" content=\"Escrito por\" \/>\n\t<meta name=\"twitter:data1\" content=\"Fernanda Souza\" \/>\n\t<meta name=\"twitter:label2\" content=\"Tiempo de lectura\" \/>\n\t<meta name=\"twitter:data2\" content=\"11 minutos\" \/>\n<script type=\"application\/ld+json\" class=\"yoast-schema-graph\">{\"@context\":\"https:\\\/\\\/schema.org\",\"@graph\":[{\"@type\":\"Article\",\"@id\":\"https:\\\/\\\/www.portugalresidencyadvisors.com\\\/es\\\/tarjeta-azul-ue-de-portugal-guia-completa-para-profesionales-cualificados\\\/#article\",\"isPartOf\":{\"@id\":\"https:\\\/\\\/www.portugalresidencyadvisors.com\\\/es\\\/tarjeta-azul-ue-de-portugal-guia-completa-para-profesionales-cualificados\\\/\"},\"author\":{\"name\":\"Fernanda Souza\",\"@id\":\"https:\\\/\\\/www.portugalresidencyadvisors.com\\\/es\\\/#\\\/schema\\\/person\\\/6f057f5c0f02227d7edc6b721277167d\"},\"headline\":\"Tarjeta Azul UE de Portugal: Gu\u00eda completa para profesionales cualificados\",\"datePublished\":\"2026-07-29T11:00:43+00:00\",\"dateModified\":\"2026-07-30T12:57:36+00:00\",\"mainEntityOfPage\":{\"@id\":\"https:\\\/\\\/www.portugalresidencyadvisors.com\\\/es\\\/tarjeta-azul-ue-de-portugal-guia-completa-para-profesionales-cualificados\\\/\"},\"wordCount\":2133,\"publisher\":{\"@id\":\"https:\\\/\\\/www.portugalresidencyadvisors.com\\\/es\\\/#organization\"},\"image\":{\"@id\":\"https:\\\/\\\/www.portugalresidencyadvisors.com\\\/es\\\/tarjeta-azul-ue-de-portugal-guia-completa-para-profesionales-cualificados\\\/#primaryimage\"},\"thumbnailUrl\":\"https:\\\/\\\/www.portugalresidencyadvisors.com\\\/wp-content\\\/uploads\\\/2026\\\/07\\\/eu-blue-card-portugal-residency-advisors.webp\",\"articleSection\":[\"Visados\",\"Otros visados\"],\"inLanguage\":\"es\"},{\"@type\":\"WebPage\",\"@id\":\"https:\\\/\\\/www.portugalresidencyadvisors.com\\\/es\\\/tarjeta-azul-ue-de-portugal-guia-completa-para-profesionales-cualificados\\\/\",\"url\":\"https:\\\/\\\/www.portugalresidencyadvisors.com\\\/es\\\/tarjeta-azul-ue-de-portugal-guia-completa-para-profesionales-cualificados\\\/\",\"name\":\"Tarjeta Azul UE de Portugal: Gu\u00eda completa para profesionales cualificados\",\"isPartOf\":{\"@id\":\"https:\\\/\\\/www.portugalresidencyadvisors.com\\\/es\\\/#website\"},\"primaryImageOfPage\":{\"@id\":\"https:\\\/\\\/www.portugalresidencyadvisors.com\\\/es\\\/tarjeta-azul-ue-de-portugal-guia-completa-para-profesionales-cualificados\\\/#primaryimage\"},\"image\":{\"@id\":\"https:\\\/\\\/www.portugalresidencyadvisors.com\\\/es\\\/tarjeta-azul-ue-de-portugal-guia-completa-para-profesionales-cualificados\\\/#primaryimage\"},\"thumbnailUrl\":\"https:\\\/\\\/www.portugalresidencyadvisors.com\\\/wp-content\\\/uploads\\\/2026\\\/07\\\/eu-blue-card-portugal-residency-advisors.webp\",\"datePublished\":\"2026-07-29T11:00:43+00:00\",\"dateModified\":\"2026-07-30T12:57:36+00:00\",\"description\":\"Descubra c\u00f3mo funciona la Tarjeta Azul UE de Portugal, los requisitos de elegibilidad, los requisitos salariales, los derechos familiares y el camino hacia la residencia permanente.\",\"breadcrumb\":{\"@id\":\"https:\\\/\\\/www.portugalresidencyadvisors.com\\\/es\\\/tarjeta-azul-ue-de-portugal-guia-completa-para-profesionales-cualificados\\\/#breadcrumb\"},\"inLanguage\":\"es\",\"potentialAction\":[{\"@type\":\"ReadAction\",\"target\":[\"https:\\\/\\\/www.portugalresidencyadvisors.com\\\/es\\\/tarjeta-azul-ue-de-portugal-guia-completa-para-profesionales-cualificados\\\/\"]}]},{\"@type\":\"ImageObject\",\"inLanguage\":\"es\",\"@id\":\"https:\\\/\\\/www.portugalresidencyadvisors.com\\\/es\\\/tarjeta-azul-ue-de-portugal-guia-completa-para-profesionales-cualificados\\\/#primaryimage\",\"url\":\"https:\\\/\\\/www.portugalresidencyadvisors.com\\\/wp-content\\\/uploads\\\/2026\\\/07\\\/eu-blue-card-portugal-residency-advisors.webp\",\"contentUrl\":\"https:\\\/\\\/www.portugalresidencyadvisors.com\\\/wp-content\\\/uploads\\\/2026\\\/07\\\/eu-blue-card-portugal-residency-advisors.webp\",\"width\":1920,\"height\":1303,\"caption\":\"people\"},{\"@type\":\"BreadcrumbList\",\"@id\":\"https:\\\/\\\/www.portugalresidencyadvisors.com\\\/es\\\/tarjeta-azul-ue-de-portugal-guia-completa-para-profesionales-cualificados\\\/#breadcrumb\",\"itemListElement\":[{\"@type\":\"ListItem\",\"position\":1,\"name\":\"Home\",\"item\":\"https:\\\/\\\/www.portugalresidencyadvisors.com\\\/es\\\/\"},{\"@type\":\"ListItem\",\"position\":2,\"name\":\"Tarjeta Azul UE de Portugal: Gu\u00eda completa para profesionales cualificados\"}]},{\"@type\":\"WebSite\",\"@id\":\"https:\\\/\\\/www.portugalresidencyadvisors.com\\\/es\\\/#website\",\"url\":\"https:\\\/\\\/www.portugalresidencyadvisors.com\\\/es\\\/\",\"name\":\"Portugal Residency Advisors\",\"description\":\"We help individuals wishing to work, study, retire, invest or moving to Portugal\",\"publisher\":{\"@id\":\"https:\\\/\\\/www.portugalresidencyadvisors.com\\\/es\\\/#organization\"},\"alternateName\":\"Portugal Residency Made Easy\",\"potentialAction\":[{\"@type\":\"SearchAction\",\"target\":{\"@type\":\"EntryPoint\",\"urlTemplate\":\"https:\\\/\\\/www.portugalresidencyadvisors.com\\\/es\\\/?s={search_term_string}\"},\"query-input\":{\"@type\":\"PropertyValueSpecification\",\"valueRequired\":true,\"valueName\":\"search_term_string\"}}],\"inLanguage\":\"es\"},{\"@type\":\"Organization\",\"@id\":\"https:\\\/\\\/www.portugalresidencyadvisors.com\\\/es\\\/#organization\",\"name\":\"Asesores de residencia en Portugal\",\"alternateName\":\"PTADV - Portugal Residency Advisors Unipessoal, Lda\",\"url\":\"https:\\\/\\\/www.portugalresidencyadvisors.com\\\/es\\\/\",\"logo\":{\"@type\":\"ImageObject\",\"inLanguage\":\"es\",\"@id\":\"https:\\\/\\\/www.portugalresidencyadvisors.com\\\/es\\\/#\\\/schema\\\/logo\\\/image\\\/\",\"url\":\"https:\\\/\\\/www.portugalresidencyadvisors.com\\\/wp-content\\\/uploads\\\/2023\\\/03\\\/Logotipo-Versao-Principal-01.png\",\"contentUrl\":\"https:\\\/\\\/www.portugalresidencyadvisors.com\\\/wp-content\\\/uploads\\\/2023\\\/03\\\/Logotipo-Versao-Principal-01.png\",\"width\":1772,\"height\":1182,\"caption\":\"Asesores de residencia en Portugal\"},\"image\":{\"@id\":\"https:\\\/\\\/www.portugalresidencyadvisors.com\\\/es\\\/#\\\/schema\\\/logo\\\/image\\\/\"},\"sameAs\":[\"https:\\\/\\\/www.facebook.com\\\/portugalresidencyadvisors\",\"https:\\\/\\\/x.com\\\/ptadvresidency\",\"https:\\\/\\\/www.linkedin.com\\\/company\\\/portugal-residency-advisors\\\/\"]},{\"@type\":\"Person\",\"@id\":\"https:\\\/\\\/www.portugalresidencyadvisors.com\\\/es\\\/#\\\/schema\\\/person\\\/6f057f5c0f02227d7edc6b721277167d\",\"name\":\"Fernanda Souza\",\"image\":{\"@type\":\"ImageObject\",\"inLanguage\":\"es\",\"@id\":\"https:\\\/\\\/secure.gravatar.com\\\/avatar\\\/835409893163fcb2461edd0d16e3799fcf6903ed5dead9a5116fd5186837ec53?s=96&d=mm&r=g\",\"url\":\"https:\\\/\\\/secure.gravatar.com\\\/avatar\\\/835409893163fcb2461edd0d16e3799fcf6903ed5dead9a5116fd5186837ec53?s=96&d=mm&r=g\",\"contentUrl\":\"https:\\\/\\\/secure.gravatar.com\\\/avatar\\\/835409893163fcb2461edd0d16e3799fcf6903ed5dead9a5116fd5186837ec53?s=96&d=mm&r=g\",\"caption\":\"Fernanda Souza\"},\"url\":\"https:\\\/\\\/www.portugalresidencyadvisors.com\\\/es\\\/author\\\/fernanda-souza\\\/\"}]}<\/script>\n<!-- \/ Yoast SEO plugin. -->","yoast_head_json":{"title":"Tarjeta Azul UE de Portugal: Gu\u00eda completa para profesionales cualificados","description":"Descubra c\u00f3mo funciona la Tarjeta Azul UE de Portugal, los requisitos de elegibilidad, los requisitos salariales, los derechos familiares y el camino hacia la residencia permanente.","robots":{"index":"index","follow":"follow","max-snippet":"max-snippet:-1","max-image-preview":"max-image-preview:large","max-video-preview":"max-video-preview:-1"},"canonical":"https:\/\/www.portugalresidencyadvisors.com\/es\/tarjeta-azul-ue-de-portugal-guia-completa-para-profesionales-cualificados\/","og_locale":"es_ES","og_type":"article","og_title":"Tarjeta Azul UE de Portugal: Gu\u00eda completa para profesionales cualificados","og_description":"Descubra c\u00f3mo funciona la Tarjeta Azul UE de Portugal, los requisitos de elegibilidad, los requisitos salariales, los derechos familiares y el camino hacia la residencia permanente.","og_url":"https:\/\/www.portugalresidencyadvisors.com\/es\/tarjeta-azul-ue-de-portugal-guia-completa-para-profesionales-cualificados\/","og_site_name":"Portugal Residency Advisors","article_publisher":"https:\/\/www.facebook.com\/portugalresidencyadvisors","article_published_time":"2026-07-29T11:00:43+00:00","article_modified_time":"2026-07-30T12:57:36+00:00","og_image":[{"width":1920,"height":1303,"url":"https:\/\/www.portugalresidencyadvisors.com\/wp-content\/uploads\/2026\/07\/eu-blue-card-portugal-residency-advisors.webp","type":"image\/jpeg"}],"author":"Fernanda Souza","twitter_card":"summary_large_image","twitter_creator":"@ptadvresidency","twitter_site":"@ptadvresidency","twitter_misc":{"Escrito por":"Fernanda Souza","Tiempo de lectura":"11 minutos"},"schema":{"@context":"https:\/\/schema.org","@graph":[{"@type":"Article","@id":"https:\/\/www.portugalresidencyadvisors.com\/es\/tarjeta-azul-ue-de-portugal-guia-completa-para-profesionales-cualificados\/#article","isPartOf":{"@id":"https:\/\/www.portugalresidencyadvisors.com\/es\/tarjeta-azul-ue-de-portugal-guia-completa-para-profesionales-cualificados\/"},"author":{"name":"Fernanda Souza","@id":"https:\/\/www.portugalresidencyadvisors.com\/es\/#\/schema\/person\/6f057f5c0f02227d7edc6b721277167d"},"headline":"Tarjeta Azul UE de Portugal: Gu\u00eda completa para profesionales cualificados","datePublished":"2026-07-29T11:00:43+00:00","dateModified":"2026-07-30T12:57:36+00:00","mainEntityOfPage":{"@id":"https:\/\/www.portugalresidencyadvisors.com\/es\/tarjeta-azul-ue-de-portugal-guia-completa-para-profesionales-cualificados\/"},"wordCount":2133,"publisher":{"@id":"https:\/\/www.portugalresidencyadvisors.com\/es\/#organization"},"image":{"@id":"https:\/\/www.portugalresidencyadvisors.com\/es\/tarjeta-azul-ue-de-portugal-guia-completa-para-profesionales-cualificados\/#primaryimage"},"thumbnailUrl":"https:\/\/www.portugalresidencyadvisors.com\/wp-content\/uploads\/2026\/07\/eu-blue-card-portugal-residency-advisors.webp","articleSection":["Visados","Otros visados"],"inLanguage":"es"},{"@type":"WebPage","@id":"https:\/\/www.portugalresidencyadvisors.com\/es\/tarjeta-azul-ue-de-portugal-guia-completa-para-profesionales-cualificados\/","url":"https:\/\/www.portugalresidencyadvisors.com\/es\/tarjeta-azul-ue-de-portugal-guia-completa-para-profesionales-cualificados\/","name":"Tarjeta Azul UE de Portugal: Gu\u00eda completa para profesionales cualificados","isPartOf":{"@id":"https:\/\/www.portugalresidencyadvisors.com\/es\/#website"},"primaryImageOfPage":{"@id":"https:\/\/www.portugalresidencyadvisors.com\/es\/tarjeta-azul-ue-de-portugal-guia-completa-para-profesionales-cualificados\/#primaryimage"},"image":{"@id":"https:\/\/www.portugalresidencyadvisors.com\/es\/tarjeta-azul-ue-de-portugal-guia-completa-para-profesionales-cualificados\/#primaryimage"},"thumbnailUrl":"https:\/\/www.portugalresidencyadvisors.com\/wp-content\/uploads\/2026\/07\/eu-blue-card-portugal-residency-advisors.webp","datePublished":"2026-07-29T11:00:43+00:00","dateModified":"2026-07-30T12:57:36+00:00","description":"Descubra c\u00f3mo funciona la Tarjeta Azul UE de Portugal, los requisitos de elegibilidad, los requisitos salariales, los derechos familiares y el camino hacia la residencia permanente.","breadcrumb":{"@id":"https:\/\/www.portugalresidencyadvisors.com\/es\/tarjeta-azul-ue-de-portugal-guia-completa-para-profesionales-cualificados\/#breadcrumb"},"inLanguage":"es","potentialAction":[{"@type":"ReadAction","target":["https:\/\/www.portugalresidencyadvisors.com\/es\/tarjeta-azul-ue-de-portugal-guia-completa-para-profesionales-cualificados\/"]}]},{"@type":"ImageObject","inLanguage":"es","@id":"https:\/\/www.portugalresidencyadvisors.com\/es\/tarjeta-azul-ue-de-portugal-guia-completa-para-profesionales-cualificados\/#primaryimage","url":"https:\/\/www.portugalresidencyadvisors.com\/wp-content\/uploads\/2026\/07\/eu-blue-card-portugal-residency-advisors.webp","contentUrl":"https:\/\/www.portugalresidencyadvisors.com\/wp-content\/uploads\/2026\/07\/eu-blue-card-portugal-residency-advisors.webp","width":1920,"height":1303,"caption":"people"},{"@type":"BreadcrumbList","@id":"https:\/\/www.portugalresidencyadvisors.com\/es\/tarjeta-azul-ue-de-portugal-guia-completa-para-profesionales-cualificados\/#breadcrumb","itemListElement":[{"@type":"ListItem","position":1,"name":"Home","item":"https:\/\/www.portugalresidencyadvisors.com\/es\/"},{"@type":"ListItem","position":2,"name":"Tarjeta Azul UE de Portugal: Gu\u00eda completa para profesionales cualificados"}]},{"@type":"WebSite","@id":"https:\/\/www.portugalresidencyadvisors.com\/es\/#website","url":"https:\/\/www.portugalresidencyadvisors.com\/es\/","name":"Portugal Residency Advisors","description":"We help individuals wishing to work, study, retire, invest or moving to Portugal","publisher":{"@id":"https:\/\/www.portugalresidencyadvisors.com\/es\/#organization"},"alternateName":"Portugal Residency Made Easy","potentialAction":[{"@type":"SearchAction","target":{"@type":"EntryPoint","urlTemplate":"https:\/\/www.portugalresidencyadvisors.com\/es\/?s={search_term_string}"},"query-input":{"@type":"PropertyValueSpecification","valueRequired":true,"valueName":"search_term_string"}}],"inLanguage":"es"},{"@type":"Organization","@id":"https:\/\/www.portugalresidencyadvisors.com\/es\/#organization","name":"Asesores de residencia en Portugal","alternateName":"PTADV - Portugal Residency Advisors Unipessoal, Lda","url":"https:\/\/www.portugalresidencyadvisors.com\/es\/","logo":{"@type":"ImageObject","inLanguage":"es","@id":"https:\/\/www.portugalresidencyadvisors.com\/es\/#\/schema\/logo\/image\/","url":"https:\/\/www.portugalresidencyadvisors.com\/wp-content\/uploads\/2023\/03\/Logotipo-Versao-Principal-01.png","contentUrl":"https:\/\/www.portugalresidencyadvisors.com\/wp-content\/uploads\/2023\/03\/Logotipo-Versao-Principal-01.png","width":1772,"height":1182,"caption":"Asesores de residencia en Portugal"},"image":{"@id":"https:\/\/www.portugalresidencyadvisors.com\/es\/#\/schema\/logo\/image\/"},"sameAs":["https:\/\/www.facebook.com\/portugalresidencyadvisors","https:\/\/x.com\/ptadvresidency","https:\/\/www.linkedin.com\/company\/portugal-residency-advisors\/"]},{"@type":"Person","@id":"https:\/\/www.portugalresidencyadvisors.com\/es\/#\/schema\/person\/6f057f5c0f02227d7edc6b721277167d","name":"Fernanda Souza","image":{"@type":"ImageObject","inLanguage":"es","@id":"https:\/\/secure.gravatar.com\/avatar\/835409893163fcb2461edd0d16e3799fcf6903ed5dead9a5116fd5186837ec53?s=96&d=mm&r=g","url":"https:\/\/secure.gravatar.com\/avatar\/835409893163fcb2461edd0d16e3799fcf6903ed5dead9a5116fd5186837ec53?s=96&d=mm&r=g","contentUrl":"https:\/\/secure.gravatar.com\/avatar\/835409893163fcb2461edd0d16e3799fcf6903ed5dead9a5116fd5186837ec53?s=96&d=mm&r=g","caption":"Fernanda Souza"},"url":"https:\/\/www.portugalresidencyadvisors.com\/es\/author\/fernanda-souza\/"}]}},"_links":{"self":[{"href":"https:\/\/www.portugalresidencyadvisors.com\/es\/wp-json\/wp\/v2\/posts\/60645","targetHints":{"allow":["GET"]}}],"collection":[{"href":"https:\/\/www.portugalresidencyadvisors.com\/es\/wp-json\/wp\/v2\/posts"}],"about":[{"href":"https:\/\/www.portugalresidencyadvisors.com\/es\/wp-json\/wp\/v2\/types\/post"}],"author":[{"embeddable":true,"href":"https:\/\/www.portugalresidencyadvisors.com\/es\/wp-json\/wp\/v2\/users\/20"}],"replies":[{"embeddable":true,"href":"https:\/\/www.portugalresidencyadvisors.com\/es\/wp-json\/wp\/v2\/comments?post=60645"}],"version-history":[{"count":1,"href":"https:\/\/www.portugalresidencyadvisors.com\/es\/wp-json\/wp\/v2\/posts\/60645\/revisions"}],"predecessor-version":[{"id":60646,"href":"https:\/\/www.portugalresidencyadvisors.com\/es\/wp-json\/wp\/v2\/posts\/60645\/revisions\/60646"}],"wp:featuredmedia":[{"embeddable":true,"href":"https:\/\/www.portugalresidencyadvisors.com\/es\/wp-json\/wp\/v2\/media\/59866"}],"wp:attachment":[{"href":"https:\/\/www.portugalresidencyadvisors.com\/es\/wp-json\/wp\/v2\/media?parent=60645"}],"wp:term":[{"taxonomy":"category","embeddable":true,"href":"https:\/\/www.portugalresidencyadvisors.com\/es\/wp-json\/wp\/v2\/categories?post=60645"},{"taxonomy":"post_tag","embeddable":true,"href":"https:\/\/www.portugalresidencyadvisors.com\/es\/wp-json\/wp\/v2\/tags?post=60645"}],"curies":[{"name":"wp","href":"https:\/\/api.w.org\/{rel}","templated":true}]}}