{"id":59436,"date":"2026-06-18T11:00:00","date_gmt":"2026-06-18T11:00:00","guid":{"rendered":"https:\/\/www.portugalresidencyadvisors.com\/guia-2026-del-visado-de-traslado-intraempresarial-ict-de-portugal\/"},"modified":"2026-07-22T22:52:51","modified_gmt":"2026-07-22T22:52:51","slug":"visa-traslado-intraempresarial-ict-portugal","status":"publish","type":"post","link":"https:\/\/www.portugalresidencyadvisors.com\/es\/visa-traslado-intraempresarial-ict-portugal\/","title":{"rendered":"Gu\u00eda 2026 del visado de traslado intraempresarial (ICT) de Portugal"},"content":{"rendered":"\t\t<div data-elementor-type=\"wp-post\" data-elementor-id=\"59436\" class=\"elementor elementor-59436 elementor-52234\" data-elementor-post-type=\"post\">\n\t\t\t\t<div class=\"elementor-element elementor-element-c0da1c0 e-flex e-con-boxed e-con e-parent\" data-id=\"c0da1c0\" data-element_type=\"container\" data-e-type=\"container\">\n\t\t\t\t\t<div class=\"e-con-inner\">\n\t\t\t\t<div class=\"elementor-element elementor-element-14072e0 elementor-widget elementor-widget-text-editor\" data-id=\"14072e0\" data-element_type=\"widget\" data-e-type=\"widget\" data-widget_type=\"text-editor.default\">\n\t\t\t\t\t\t\t\t\t<p data-id=\"3nJYfK\" data-pm-slice=\"1 1 []\">Portugal ha resultado cada vez m\u00e1s atractivo para empresas internacionales que buscan expandir sus operaciones en Europa. El visado de traslado intraempresarial (ICT) de Portugal ofrece una oportunidad legal para que empresas multinacionales trasladen a directivos, especialistas y empleados en pr\u00e1cticas desde una empresa fuera de la Uni\u00f3n Europea a una sucursal, filial o empresa vinculada en Portugal. <\/p><p data-id=\"2I3uk6\">El visado ICT permite a empleados cualificados vivir y trabajar en Portugal, pero tambi\u00e9n satisfacer las necesidades de desarrollo y operativas de su organizaci\u00f3n. El permiso no solo otorga acceso al din\u00e1mico entorno empresarial de Portugal, sino que tambi\u00e9n puede abrir el camino a oportunidades de movilidad dentro de algunos pa\u00edses europeos bajo el marco ICT de la UE. <\/p><p data-id=\"zbogpj\">Esta gu\u00eda cubre los requisitos del visado ICT de Portugal, los criterios de elegibilidad, el proceso de solicitud, los periodos de validez y las principales ventajas para empleadores y empleados trasladados.<\/p>\t\t\t\t\t\t\t\t<\/div>\n\t\t\t\t\t<\/div>\n\t\t\t\t<\/div>\n\t\t<div class=\"elementor-element elementor-element-ea31379 e-flex e-con-boxed e-con e-parent\" data-id=\"ea31379\" data-element_type=\"container\" data-e-type=\"container\">\n\t\t\t\t\t<div class=\"e-con-inner\">\n\t\t\t\t<div class=\"elementor-element elementor-element-6695e1c elementor-widget elementor-widget-heading\" data-id=\"6695e1c\" data-element_type=\"widget\" data-e-type=\"widget\" data-widget_type=\"heading.default\">\n\t\t\t\t\t<h2 class=\"elementor-heading-title elementor-size-default\">Visado ICT de Portugal: todo lo que necesita saber<\/h2>\t\t\t\t<\/div>\n\t\t\t\t<div class=\"elementor-element elementor-element-a1a080d elementor-widget elementor-widget-text-editor\" data-id=\"a1a080d\" data-element_type=\"widget\" data-e-type=\"widget\" data-widget_type=\"text-editor.default\">\n\t\t\t\t\t\t\t\t\t<ul><li><strong>Proceso m\u00e1s sencillo:<\/strong> Desarrollado bajo las normas ICT de la UE para permitir el traslado dentro del mismo grupo empresarial.<\/li><li><strong>Principales ventajas:<\/strong> vivir y trabajar en Portugal, viajar por los pa\u00edses Schengen, reagrupaci\u00f3n familiar.<\/li><li><strong>Requisitos clave:<\/strong> Prueba de empleo en una empresa multinacional, cualificaciones pertinentes, seguro m\u00e9dico, fondos suficientes y antecedentes penales limpios.<\/li><li><strong>Opciones futuras:<\/strong> Puede ser un trampol\u00edn hacia otros permisos de residencia portugueses que ofrecen opciones de residencia a m\u00e1s largo plazo.<\/li><li data-id=\"lN9QAT\" data-pm-slice=\"1 1 []\"><strong>Visado de traslado corporativo:<\/strong> Esta categor\u00eda de visado es para directivos, especialistas y empleados en pr\u00e1cticas de empresas multinacionales que trabajan en Portugal hasta 3 a\u00f1os (1 a\u00f1o para empleados en pr\u00e1cticas).<\/li><\/ul>\t\t\t\t\t\t\t\t<\/div>\n\t\t\t\t\t<\/div>\n\t\t\t\t<\/div>\n\t\t<div class=\"elementor-element elementor-element-f7e0361 e-flex e-con-boxed e-con e-parent\" data-id=\"f7e0361\" data-element_type=\"container\" data-e-type=\"container\">\n\t\t\t\t\t<div class=\"e-con-inner\">\n\t\t\t\t<div class=\"elementor-element elementor-element-2ed1de8 elementor-widget elementor-widget-heading\" data-id=\"2ed1de8\" data-element_type=\"widget\" data-e-type=\"widget\" data-widget_type=\"heading.default\">\n\t\t\t\t\t<h2 class=\"elementor-heading-title elementor-size-default\">\u00bfQu\u00e9 es el visado ICT de Portugal?<\/h2>\t\t\t\t<\/div>\n\t\t\t\t<div class=\"elementor-element elementor-element-dc18b17 elementor-widget elementor-widget-text-editor\" data-id=\"dc18b17\" data-element_type=\"widget\" data-e-type=\"widget\" data-widget_type=\"text-editor.default\">\n\t\t\t\t\t\t\t\t\t<p data-id=\"0mL4UN\" data-pm-slice=\"1 1 []\">El visado de traslado intraempresarial (ICT) de Portugal es un visado de residencia para empleados de empresas multinacionales que son trasladados desde una empresa fuera de la Uni\u00f3n Europea a una sucursal, filial o empresa asociada en Portugal.<\/p><p data-id=\"4Idp0e\">Las solicitudes t\u00edpicas incluyen:<\/p><ul><li data-id=\"4Idp0e\">Directivos de equipos o procesos empresariales<\/li><li data-id=\"4Idp0e\">Expertos con conocimientos t\u00e9cnicos\/especializados<\/li><li data-id=\"4Idp0e\">Programas estructurados de desarrollo profesional para empleados en pr\u00e1cticas<\/li><\/ul><p data-id=\"4Idp0e\">El visado ICT permite a directivos y especialistas residir y trabajar en Portugal hasta tres a\u00f1os, mientras que los empleados en pr\u00e1cticas pueden permanecer un m\u00e1ximo de un a\u00f1o. Esto proporciona una soluci\u00f3n sencilla para empresas internacionales que necesitan trasladar personal clave a Portugal de forma temporal. <\/p>\t\t\t\t\t\t\t\t<\/div>\n\t\t\t\t<div class=\"elementor-element elementor-element-80dcc12 elementor-widget elementor-widget-image\" data-id=\"80dcc12\" data-element_type=\"widget\" data-e-type=\"widget\" data-widget_type=\"image.default\">\n\t\t\t\t\t\t\t\t\t\t\t\t\t\t\t<img fetchpriority=\"high\" decoding=\"async\" width=\"800\" height=\"534\" src=\"https:\/\/www.portugalresidencyadvisors.com\/wp-content\/uploads\/2026\/05\/ict-visa-portuggal-residency-advisors-1024x683.jpg\" class=\"attachment-large size-large wp-image-52241\" alt=\"business man walking\" srcset=\"https:\/\/www.portugalresidencyadvisors.com\/wp-content\/uploads\/2026\/05\/ict-visa-portuggal-residency-advisors-1024x683.jpg 1024w, https:\/\/www.portugalresidencyadvisors.com\/wp-content\/uploads\/2026\/05\/ict-visa-portuggal-residency-advisors-300x200.jpg 300w, https:\/\/www.portugalresidencyadvisors.com\/wp-content\/uploads\/2026\/05\/ict-visa-portuggal-residency-advisors-768x512.jpg 768w, https:\/\/www.portugalresidencyadvisors.com\/wp-content\/uploads\/2026\/05\/ict-visa-portuggal-residency-advisors-1536x1024.jpg 1536w, https:\/\/www.portugalresidencyadvisors.com\/wp-content\/uploads\/2026\/05\/ict-visa-portuggal-residency-advisors.jpg 1920w\" sizes=\"(max-width: 800px) 100vw, 800px\" \/>\t\t\t\t\t\t\t\t\t\t\t\t\t\t\t<\/div>\n\t\t\t\t\t<\/div>\n\t\t\t\t<\/div>\n\t\t<div class=\"elementor-element elementor-element-5c794c2 e-flex e-con-boxed e-con e-parent\" data-id=\"5c794c2\" data-element_type=\"container\" data-e-type=\"container\">\n\t\t\t\t\t<div class=\"e-con-inner\">\n\t\t\t\t<div class=\"elementor-element elementor-element-734ab08 elementor-widget elementor-widget-heading\" data-id=\"734ab08\" data-element_type=\"widget\" data-e-type=\"widget\" data-widget_type=\"heading.default\">\n\t\t\t\t\t<h2 class=\"elementor-heading-title elementor-size-default\">Visado de trabajo de Portugal y visado ICT de Portugal<\/h2>\t\t\t\t<\/div>\n\t\t\t\t<div class=\"elementor-element elementor-element-e852f06 elementor-widget elementor-widget-text-editor\" data-id=\"e852f06\" data-element_type=\"widget\" data-e-type=\"widget\" data-widget_type=\"text-editor.default\">\n\t\t\t\t\t\t\t\t\t<p data-id=\"9EIHed\" data-pm-slice=\"1 1 []\">Ambos permisos permiten a ciudadanos extranjeros trabajar en Portugal, pero con fines diferentes.<\/p><p data-id=\"X1vEB4\">El visado ICT de Portugal est\u00e1 destinado a empleados que ya trabajan para una empresa multinacional y son reubicados a una sucursal, filial o empresa vinculada en Portugal. En otras palabras, el empleado permanece dentro del mismo grupo empresarial y es reubicado internamente a Portugal. <\/p><p data-id=\"qtvZO1\">En cambio, un <a href=\"https:\/\/www.portugalresidencyadvisors.com\/es\/visa-trabajo-portugal\/\" target=\"_blank\" rel=\"noopener\">visado de trabajo portugu\u00e9s<\/a> est\u00e1ndar est\u00e1 dise\u00f1ado para personas que han recibido una oferta de empleo directamente de un empleador portugu\u00e9s. La relaci\u00f3n laboral es con la empresa portuguesa y no mediante traslado interno. <\/p><p data-id=\"cH0l0O\">El visado ICT es una buena opci\u00f3n para directivos, especialistas y empleados en pr\u00e1cticas que son enviados a Portugal por un tiempo limitado. Proporciona una soluci\u00f3n eficiente para empresas internacionales que necesitan trasladar personal clave, pero no pueden contratarlos localmente. <\/p><p data-id=\"iRE3uq\">Para aquellos profesionales que planean construir una carrera a largo plazo en Portugal, el visado de trabajo habitual es normalmente la mejor opci\u00f3n. Es m\u00e1s coherente con las intenciones de establecerse por un periodo m\u00e1s largo y participar en el mercado laboral portugu\u00e9s. <\/p><p data-id=\"SNjuTd\">En \u00faltima instancia, la opci\u00f3n correcta depender\u00e1 de sus circunstancias. Si est\u00e1 siendo trasladado dentro del mismo grupo empresarial, el visado ICT probablemente sea la v\u00eda adecuada. Si est\u00e1 aceptando un nuevo empleo con un empleador en Portugal, normalmente necesitar\u00e1 un visado de trabajo est\u00e1ndar.  <\/p>\t\t\t\t\t\t\t\t<\/div>\n\t\t\t\t<div class=\"elementor-element elementor-element-cdea539 elementor-widget elementor-widget-text-editor\" data-id=\"cdea539\" data-element_type=\"widget\" data-e-type=\"widget\" data-widget_type=\"text-editor.default\">\n\t\t\t\t\t\t\t\t\t<table><thead><tr><th>Caracter\u00edstica<\/th><th>Visado ICT<\/th><th>Visado de trabajo (D1)<\/th><\/tr><\/thead><tbody><tr><td>Finalidad<\/td><td>Traslado dentro de la misma empresa multinacional<\/td><td>Empleo con un empleador portugu\u00e9s<\/td><\/tr><tr><td>Relaci\u00f3n con el empleador<\/td><td>Empleado existente de un grupo empresarial<\/td><td>Nueva contrataci\u00f3n por una empresa portuguesa<\/td><\/tr><tr><td>Oferta de empleo requerida<\/td><td>Acuerdo de traslado interno<\/td><td>Contrato de trabajo portugu\u00e9s<\/td><\/tr><tr><td>Solicitantes elegibles<\/td><td>Directivos, especialistas y empleados en pr\u00e1cticas<\/td><td>Empleados en la mayor\u00eda de profesiones<\/td><\/tr><tr><td>Ventajas de movilidad en la UE<\/td><td>Movilidad limitada en el marco ICT de la UE<\/td><td>Sin derechos espec\u00edficos de movilidad ICT<\/td><\/tr><tr><td>V\u00eda hacia la residencia de larga duraci\u00f3n<\/td><td>Permiso para asignaci\u00f3n temporal<\/td><td>M\u00e1s adecuado para planificar una residencia a largo plazo<\/td><\/tr><tr><td>Duraci\u00f3n m\u00e1xima<\/td><td>Hasta 3 a\u00f1os (1 a\u00f1o para los empleados en pr\u00e1cticas)<\/td><td>Permiso de residencia renovable sin l\u00edmites ICT<\/td><\/tr><\/tbody><\/table>\t\t\t\t\t\t\t\t<\/div>\n\t\t\t\t\t<\/div>\n\t\t\t\t<\/div>\n\t\t<div class=\"elementor-element elementor-element-ed91777 e-flex e-con-boxed e-con e-parent\" data-id=\"ed91777\" data-element_type=\"container\" data-e-type=\"container\">\n\t\t\t\t\t<div class=\"e-con-inner\">\n\t\t\t\t<div class=\"elementor-element elementor-element-c4234a5 elementor-widget elementor-widget-heading\" data-id=\"c4234a5\" data-element_type=\"widget\" data-e-type=\"widget\" data-widget_type=\"heading.default\">\n\t\t\t\t\t<h2 class=\"elementor-heading-title elementor-size-default\">Requisitos del visado ICT de Portugal<\/h2>\t\t\t\t<\/div>\n\t\t\t\t<div class=\"elementor-element elementor-element-b734163 elementor-widget elementor-widget-text-editor\" data-id=\"b734163\" data-element_type=\"widget\" data-e-type=\"widget\" data-widget_type=\"text-editor.default\">\n\t\t\t\t\t\t\t\t\t<p data-id=\"F7lhRF\" data-pm-slice=\"1 1 []\">Los requisitos de elegibilidad para el visado ICT de Portugal suelen ser los siguientes: Trabajar para una empresa multinacional fuera de la UE, el EEE o Suiza.<\/p><ul><li data-id=\"Y330GL\">Ser asignado a una sucursal, filial o empresa vinculada en Portugal del mismo grupo empresarial.<\/li><li data-id=\"Ca8g7W\">Ocupar un puesto como especialista, directivo o empleado en pr\u00e1cticas.<\/li><li data-id=\"9lysbe\">Debe tener al menos tres meses de empleo previo con la empresa o el grupo antes del traslado.<\/li><li data-id=\"SZMzGS\">Aportar pruebas de las cualificaciones pertinentes, la experiencia profesional o las competencias especiales que posee y que son necesarias para el puesto.<\/li><li data-id=\"pUCKLt\">Prueba de medios econ\u00f3micos suficientes para mantenerse durante su estancia en Portugal.<\/li><li data-id=\"VWxQJd\">Tener un <a href=\"https:\/\/www.portugalresidencyadvisors.com\/es\/seguro-viaje-visa-portugal\/\" target=\"_blank\" rel=\"noopener\">seguro m\u00e9dico v\u00e1lido<\/a> para gastos m\u00e9dicos en Portugal.<\/li><li data-id=\"wwv53R\">Certificado de antecedentes penales del pa\u00eds de residencia u origen;<\/li><li data-id=\"wwv53R\"><a href=\"https:\/\/www.portugalresidencyadvisors.com\/es\/prueba-alojamiento-visa-portugal\/\" target=\"_blank\" rel=\"noopener\">Prueba de alojamiento en Portugal<\/a> (p. ej., contrato de alquiler, alojamiento proporcionado por el empleador).<\/li><\/ul><p data-id=\"UGqGc9\">Estos requisitos son un paso importante para poder solicitar el visado ICT de Portugal.<\/p>\t\t\t\t\t\t\t\t<\/div>\n\t\t\t\t\t<\/div>\n\t\t\t\t<\/div>\n\t\t<div class=\"elementor-element elementor-element-5024b06 e-flex e-con-boxed e-con e-parent\" data-id=\"5024b06\" data-element_type=\"container\" data-e-type=\"container\">\n\t\t\t\t\t<div class=\"e-con-inner\">\n\t\t\t\t<div class=\"elementor-element elementor-element-c56d364 elementor-widget elementor-widget-heading\" data-id=\"c56d364\" data-element_type=\"widget\" data-e-type=\"widget\" data-widget_type=\"heading.default\">\n\t\t\t\t\t<h2 class=\"elementor-heading-title elementor-size-default\">Formulario de solicitud del visado ICT de Portugal<\/h2>\t\t\t\t<\/div>\n\t\t\t\t<div class=\"elementor-element elementor-element-92aca15 elementor-widget elementor-widget-text-editor\" data-id=\"92aca15\" data-element_type=\"widget\" data-e-type=\"widget\" data-widget_type=\"text-editor.default\">\n\t\t\t\t\t\t\t\t\t<p data-id=\"YY09pt\" data-pm-slice=\"1 1 []\">Es un proceso bastante sencillo de solicitar y normalmente implicar\u00e1 los siguientes pasos:<\/p>\t\t\t\t\t\t\t\t<\/div>\n\t\t\t\t<div class=\"elementor-element elementor-element-ff8a1b5 elementor-widget elementor-widget-heading\" data-id=\"ff8a1b5\" data-element_type=\"widget\" data-e-type=\"widget\" data-widget_type=\"heading.default\">\n\t\t\t\t\t<h3 class=\"elementor-heading-title elementor-size-default\">1. Re\u00fana los documentos necesarios<\/h3>\t\t\t\t<\/div>\n\t\t\t\t<div class=\"elementor-element elementor-element-8ed2fa6 elementor-widget elementor-widget-text-editor\" data-id=\"8ed2fa6\" data-element_type=\"widget\" data-e-type=\"widget\" data-widget_type=\"text-editor.default\">\n\t\t\t\t\t\t\t\t\t<p data-id=\"YY09pt\" data-pm-slice=\"1 1 []\">Tenga todos sus documentos justificativos listos antes de presentar su solicitud. Los documentos que no est\u00e9n en ingl\u00e9s o portugu\u00e9s pueden requerir traducci\u00f3n, legalizaci\u00f3n o apostilla. <\/p><p data-id=\"3yOuO6\">Requisitos generales:<\/p><ul><li>Pasaporte v\u00e1lido durante al menos tres meses despu\u00e9s de la fecha en que planea salir.<\/li><li data-id=\"ihOJwk\">Solicitud del visado ICT de Portugal. Cumplimentada y firmada. <\/li><li data-id=\"ScNxbn\">Fotograf\u00edas recientes tama\u00f1o pasaporte.<\/li><li data-id=\"s70gyR\">Contrato de trabajo o acuerdo de traslado intraempresarial que indique su puesto, salario y duraci\u00f3n del destino en Portugal.<\/li><li data-id=\"lWLVEP\">Prueba de empleo previo dentro del grupo empresarial, como contratos de trabajo o n\u00f3minas recientes.<\/li><li data-id=\"snQxhz\">Pruebas de cualificaciones profesionales, competencias o experiencia laboral relevante.<\/li><li data-id=\"UpHDKt\">Certificado de antecedentes penales de su pa\u00eds de origen o nacionalidad.<\/li><li data-id=\"LbXof0\">Prueba de alojamiento en Portugal.<\/li><li data-id=\"sCfTT8\">Seguro m\u00e9dico en Portugal que cubra los gastos m\u00e9dicos de forma eficaz.<\/li><li data-id=\"zfXx0Z\">Prueba de fondos, como extractos bancarios o una declaraci\u00f3n jurada de responsabilidad financiera de su empleador.<\/li><\/ul><p data-id=\"h9or5S\">Los requisitos de documentaci\u00f3n son diferentes de un consulado a otro y debe verificar la lista de comprobaci\u00f3n exacta con el consulado portugu\u00e9s donde vaya a presentar la solicitud.<\/p>\t\t\t\t\t\t\t\t<\/div>\n\t\t\t\t<div class=\"elementor-element elementor-element-9da1a94 elementor-widget elementor-widget-heading\" data-id=\"9da1a94\" data-element_type=\"widget\" data-e-type=\"widget\" data-widget_type=\"heading.default\">\n\t\t\t\t\t<h3 class=\"elementor-heading-title elementor-size-default\">2. Presentar la solicitud de visado<\/h3>\t\t\t\t<\/div>\n\t\t\t\t<div class=\"elementor-element elementor-element-e898c61 elementor-widget elementor-widget-text-editor\" data-id=\"e898c61\" data-element_type=\"widget\" data-e-type=\"widget\" data-widget_type=\"text-editor.default\">\n\t\t\t\t\t\t\t\t\t<p data-id=\"6l3Ocz\" data-pm-slice=\"1 1 []\">La solicitud normalmente se presenta a trav\u00e9s del Consulado o la Embajada de Portugal responsable de su zona de residencia. En algunos pa\u00edses, las solicitudes se tramitan a trav\u00e9s de centros de visados de VFS Global. <\/p>\t\t\t\t\t\t\t\t<\/div>\n\t\t\t\t<div class=\"elementor-element elementor-element-d701333 elementor-widget elementor-widget-heading\" data-id=\"d701333\" data-element_type=\"widget\" data-e-type=\"widget\" data-widget_type=\"heading.default\">\n\t\t\t\t\t<h3 class=\"elementor-heading-title elementor-size-default\">3. Espere la decisi\u00f3n<\/h3>\t\t\t\t<\/div>\n\t\t\t\t<div class=\"elementor-element elementor-element-baf5d2d elementor-widget elementor-widget-text-editor\" data-id=\"baf5d2d\" data-element_type=\"widget\" data-e-type=\"widget\" data-widget_type=\"text-editor.default\">\n\t\t\t\t\t\t\t\t\t<p class=\"p1\">Los tiempos de tramitaci\u00f3n de su visado variar\u00e1n, pero la mayor\u00eda de las solicitudes se procesan en un plazo de 30 a 60 d\u00edas. En esta etapa, las autoridades de inmigraci\u00f3n portuguesas revisan el traslado y la documentaci\u00f3n justificativa. <\/p>\t\t\t\t\t\t\t\t<\/div>\n\t\t\t\t<div class=\"elementor-element elementor-element-701b17d elementor-widget elementor-widget-heading\" data-id=\"701b17d\" data-element_type=\"widget\" data-e-type=\"widget\" data-widget_type=\"heading.default\">\n\t\t\t\t\t<h3 class=\"elementor-heading-title elementor-size-default\">4. Explore Portugal<\/h3>\t\t\t\t<\/div>\n\t\t\t\t<div class=\"elementor-element elementor-element-5c5ade0 elementor-widget elementor-widget-text-editor\" data-id=\"5c5ade0\" data-element_type=\"widget\" data-e-type=\"widget\" data-widget_type=\"text-editor.default\">\n\t\t\t\t\t\t\t\t\t<p data-id=\"IngRQb\" data-pm-slice=\"1 1 []\">Si se aprueba la solicitud, se le conceder\u00e1 un visado de residencia de 4 meses y dos entradas en Portugal.<\/p>\t\t\t\t\t\t\t\t<\/div>\n\t\t\t\t<div class=\"elementor-element elementor-element-fa36397 elementor-widget elementor-widget-heading\" data-id=\"fa36397\" data-element_type=\"widget\" data-e-type=\"widget\" data-widget_type=\"heading.default\">\n\t\t\t\t\t<h3 class=\"elementor-heading-title elementor-size-default\">5. Acuda a su cita con AIMA<\/h3>\t\t\t\t<\/div>\n\t\t\t\t<div class=\"elementor-element elementor-element-a233dc8 elementor-widget elementor-widget-text-editor\" data-id=\"a233dc8\" data-element_type=\"widget\" data-e-type=\"widget\" data-widget_type=\"text-editor.default\">\n\t\t\t\t\t\t\t\t\t<p data-id=\"TXv0F5\" data-pm-slice=\"1 1 []\">Una vez en Portugal, debe acudir a una <a href=\"https:\/\/www.portugalresidencyadvisors.com\/es\/cita-biometria-portugal\/\" target=\"_blank\" rel=\"noopener\">cita con AIMA<\/a> para proporcionar datos biom\u00e9tricos y presentar los documentos originales. Tras la aprobaci\u00f3n, se expedir\u00e1 su permiso de residencia por la duraci\u00f3n de la asignaci\u00f3n de traslado. <\/p><p data-id=\"wuSTW1\">Generalmente, a los directivos y especialistas se les concede un permiso v\u00e1lido por un periodo de hasta tres a\u00f1os, y a los empleados en pr\u00e1cticas, hasta un a\u00f1o.<\/p>\t\t\t\t\t\t\t\t<\/div>\n\t\t\t\t\t<\/div>\n\t\t\t\t<\/div>\n\t\t<div class=\"elementor-element elementor-element-3176c9b1 banner e-flex e-con-boxed e-con e-parent\" data-id=\"3176c9b1\" data-element_type=\"container\" data-e-type=\"container\" data-settings=\"{&quot;background_background&quot;:&quot;classic&quot;}\">\n\t\t\t\t\t<div class=\"e-con-inner\">\n\t\t\t\t<div class=\"elementor-element elementor-element-72bd86da hwhite elementor-widget elementor-widget-heading\" data-id=\"72bd86da\" data-element_type=\"widget\" data-e-type=\"widget\" data-settings=\"{&quot;_animation&quot;:&quot;none&quot;,&quot;_animation_delay&quot;:900}\" data-widget_type=\"heading.default\">\n\t\t\t\t\t<h2 class=\"elementor-heading-title elementor-size-default\">P\u00f3ngase en contacto con nosotros<\/h2>\t\t\t\t<\/div>\n\t\t\t\t<div class=\"elementor-element elementor-element-4a81b9fa elementor-widget elementor-widget-text-editor\" data-id=\"4a81b9fa\" data-element_type=\"widget\" data-e-type=\"widget\" data-widget_type=\"text-editor.default\">\n\t\t\t\t\t\t\t\t\t<p>Portugal Residency Advisors\u00ae ha ayudado a cientos de familias e inversores internacionales a obtener la residencia, la ciudadan\u00eda y a realizar inversiones en Portugal. P\u00f3ngase en contacto con un especialista hoy mismo y descubra c\u00f3mo podemos ayudarle a iniciar su viaje a Portugal. <\/p>\t\t\t\t\t\t\t\t<\/div>\n\t\t\t\t<div class=\"elementor-element elementor-element-1a8a80da elementor-align-center button-link-black elementor-widget elementor-widget-button\" data-id=\"1a8a80da\" data-element_type=\"widget\" data-e-type=\"widget\" data-widget_type=\"button.default\">\n\t\t\t\t\t\t\t\t\t\t<a class=\"elementor-button elementor-button-link elementor-size-md\" href=\"#onpage-contact-form\">\n\t\t\t\t\t\t<span class=\"elementor-button-content-wrapper\">\n\t\t\t\t\t\t\t\t\t<span class=\"elementor-button-text\">Empieza ahora<\/span>\n\t\t\t\t\t<\/span>\n\t\t\t\t\t<\/a>\n\t\t\t\t\t\t\t\t<\/div>\n\t\t\t\t\t<\/div>\n\t\t\t\t<\/div>\n\t\t<div class=\"elementor-element elementor-element-fd8d0cb e-flex e-con-boxed e-con e-parent\" data-id=\"fd8d0cb\" data-element_type=\"container\" data-e-type=\"container\">\n\t\t\t\t\t<div class=\"e-con-inner\">\n\t\t\t\t<div class=\"elementor-element elementor-element-b8e6a5f elementor-widget elementor-widget-heading\" data-id=\"b8e6a5f\" data-element_type=\"widget\" data-e-type=\"widget\" data-widget_type=\"heading.default\">\n\t\t\t\t\t<h2 class=\"elementor-heading-title elementor-size-default\">Ventajas del visado ICT de Portugal<\/h2>\t\t\t\t<\/div>\n\t\t\t\t<div class=\"elementor-element elementor-element-f382adb elementor-widget elementor-widget-text-editor\" data-id=\"f382adb\" data-element_type=\"widget\" data-e-type=\"widget\" data-widget_type=\"text-editor.default\">\n\t\t\t\t\t\t\t\t\t<p data-id=\"jD5hiP\" data-pm-slice=\"1 3 []\">Estas son algunas de las ventajas del visado ICT de Portugal para empleados y empresas multinacionales: Trabajar legalmente en Portugal: Trabajar en Portugal legalmente durante la duraci\u00f3n de su asignaci\u00f3n sin un permiso de trabajo independiente.<\/p><ul><li data-id=\"Ir76S7\"><strong>Reagrupaci\u00f3n familiar:<\/strong> Puede traer a su c\u00f3nyuge e hijos a cargo a Portugal y pueden obtener acceso a educaci\u00f3n y asistencia sanitaria.<\/li><li data-id=\"qMDPnc\"><strong>Desarrollo profesional internacional:<\/strong> Experiencia internacional en una de las ubicaciones empresariales m\u00e1s atractivas de Europa.<\/li><li data-id=\"0J9XEq\"><strong>Movilidad europea:<\/strong> En algunos casos, los titulares de permisos ICT pueden ser elegibles para aceptar asignaciones en otros pa\u00edses de la UE bajo el marco ICT de la UE.<\/li><li data-id=\"GHpSeV\"><strong>Alta calidad de vida:<\/strong> Disfrute del excelente clima de Portugal, su seguridad, su sistema sanitario y un coste de vida relativamente bajo en comparaci\u00f3n con muchos otros pa\u00edses de Europa Occidental.<\/li><li data-id=\"smLvje\"><strong>V\u00eda hacia oportunidades futuras:<\/strong> En funci\u00f3n de sus planes a largo plazo, la experiencia y el periodo de residencia en Portugal pueden abrir la puerta a otras opciones de permiso de residencia en el futuro.<\/li><\/ul>\t\t\t\t\t\t\t\t<\/div>\n\t\t\t\t\t<\/div>\n\t\t\t\t<\/div>\n\t\t<div class=\"elementor-element elementor-element-d6a259e e-flex e-con-boxed e-con e-parent\" data-id=\"d6a259e\" data-element_type=\"container\" data-e-type=\"container\">\n\t\t\t\t\t<div class=\"e-con-inner\">\n\t\t\t\t<div class=\"elementor-element elementor-element-c7056fa elementor-widget elementor-widget-heading\" data-id=\"c7056fa\" data-element_type=\"widget\" data-e-type=\"widget\" data-widget_type=\"heading.default\">\n\t\t\t\t\t<h2 class=\"elementor-heading-title elementor-size-default\">Dificultades habituales al solicitar el visado ICT de Portugal<\/h2>\t\t\t\t<\/div>\n\t\t\t\t<div class=\"elementor-element elementor-element-0885aef elementor-widget elementor-widget-text-editor\" data-id=\"0885aef\" data-element_type=\"widget\" data-e-type=\"widget\" data-widget_type=\"text-editor.default\">\n\t\t\t\t\t\t\t\t\t<p data-id=\"Wz6gip\" data-pm-slice=\"1 1 []\">El proceso del visado ICT de Portugal es generalmente sencillo, pero hay un par de cuestiones pr\u00e1cticas a las que podr\u00eda enfrentarse como solicitante.<\/p><h4 data-id=\"PozoV8\">Disponibilidad limitada de citas<\/h4><p data-id=\"PozoV8\">Dependiendo del pa\u00eds desde el que solicite, puede llevar tiempo conseguir una cita en el consulado portugu\u00e9s o en el centro de VFS Global. Es mejor comenzar el proceso con bastante antelaci\u00f3n a la fecha del traslado previsto. <\/p><h4 data-id=\"fcJpfC\">Retrasos en la tramitaci\u00f3n del visado<\/h4><p data-id=\"fcJpfC\">Los consulados pueden tener <a href=\"https:\/\/www.portugalresidencyadvisors.com\/es\/retrasos-citas-vfs-portugal\/\" target=\"_blank\" rel=\"noopener\">tiempos de tramitaci\u00f3n<\/a> muy variables. Una solicitud completa y bien preparada ayudar\u00e1 a evitar retrasos innecesarios. <\/p><h4 data-id=\"cu62uG\">Programaci\u00f3n de la cita con AIMA<\/h4><p data-id=\"c1DBkt\">En algunos casos, los solicitantes reciben su visado antes de obtener una cita con AIMA para el permiso de residencia. Tras llegar a Portugal, es importante supervisar activamente las comunicaciones y hacer seguimiento cuando sea necesario para asegurar su cita. <\/p><h4 data-id=\"MRc9N3\">Limitaciones de viaje durante el proceso del permiso de residencia<\/h4><p data-id=\"QqYQxL\">Hasta que se emita su tarjeta de permiso de residencia, los viajes internacionales pueden ser m\u00e1s complicados. Por este motivo, muchos solicitantes optan por limitar los viajes no esenciales durante este periodo. <\/p><p data-id=\"4zdArR\">Una planificaci\u00f3n mejorada y asegurarse de que toda la documentaci\u00f3n est\u00e9 bien preparada ayudar\u00e1 a reducir considerablemente los retrasos y har\u00e1 que el proceso de reubicaci\u00f3n sea m\u00e1s fluido.<\/p>\t\t\t\t\t\t\t\t<\/div>\n\t\t\t\t\t<\/div>\n\t\t\t\t<\/div>\n\t\t<div class=\"elementor-element elementor-element-475fafc e-flex e-con-boxed e-con e-parent\" data-id=\"475fafc\" data-element_type=\"container\" data-e-type=\"container\">\n\t\t\t\t\t<div class=\"e-con-inner\">\n\t\t\t\t<div class=\"elementor-element elementor-element-313b74b elementor-widget elementor-widget-heading\" data-id=\"313b74b\" data-element_type=\"widget\" data-e-type=\"widget\" data-widget_type=\"heading.default\">\n\t\t\t\t\t<h2 class=\"elementor-heading-title elementor-size-default\">Costes del visado ICT de Portugal<\/h2>\t\t\t\t<\/div>\n\t\t\t\t<div class=\"elementor-element elementor-element-69b302f elementor-widget elementor-widget-text-editor\" data-id=\"69b302f\" data-element_type=\"widget\" data-e-type=\"widget\" data-widget_type=\"text-editor.default\">\n\t\t\t\t\t\t\t\t\t<p data-id=\"ZUn0xH\" data-pm-slice=\"1 1 []\">El coste total para obtener un visado ICT de Portugal depender\u00e1 de su situaci\u00f3n y del pa\u00eds en el que solicite. Los costes habituales son: <\/p><ul><li> <strong>Tasa de solicitud de visado:<\/strong> Normalmente entre 90 y 120 \u20ac, dependiendo de su consulado portugu\u00e9s o centro de visados.<\/li><li data-id=\"6tcru7\"><strong>Tasa de permiso de residencia:<\/strong> Normalmente entre 80 y 150 \u20ac, pagada a AIMA al solicitar un permiso de residencia.<\/li><li data-id=\"lxWUSN\"><strong>Costes de legalizaci\u00f3n y traducci\u00f3n:<\/strong> Los costes dependen del n\u00famero de documentos que deban traducirse, notarizarse o apostillarse. El precio oscila entre 50 y 300 euros. <\/li><li data-id=\"VcbLZZ\"><strong>Ayuda profesional (opcional):<\/strong> Los consultores de inmigraci\u00f3n o abogados pueden ayudar con el proceso de solicitud. Normalmente cobran entre 1.500 y 2.500 \u20ac. <\/li><\/ul><p data-id=\"GpEBeb\">Los solicitantes tambi\u00e9n deben considerar otros costes como viajes, hotel, seguro m\u00e9dico y costes de obtenci\u00f3n de documentos de su pa\u00eds de origen.<\/p>\t\t\t\t\t\t\t\t<\/div>\n\t\t\t\t\t<\/div>\n\t\t\t\t<\/div>\n\t\t<div class=\"elementor-element elementor-element-835207b e-flex e-con-boxed e-con e-parent\" data-id=\"835207b\" data-element_type=\"container\" data-e-type=\"container\">\n\t\t\t\t\t<div class=\"e-con-inner\">\n\t\t\t\t<div class=\"elementor-element elementor-element-29fc17d elementor-widget elementor-widget-heading\" data-id=\"29fc17d\" data-element_type=\"widget\" data-e-type=\"widget\" data-widget_type=\"heading.default\">\n\t\t\t\t\t<h2 class=\"elementor-heading-title elementor-size-default\">C\u00f3mo podemos ayudar<\/h2>\t\t\t\t<\/div>\n\t\t\t\t<div class=\"elementor-element elementor-element-36da934 elementor-widget elementor-widget-text-editor\" data-id=\"36da934\" data-element_type=\"widget\" data-e-type=\"widget\" data-widget_type=\"text-editor.default\">\n\t\t\t\t\t\t\t\t\t<h4 class=\"p1\">Experiencia local<\/h4><p class=\"p1\">Conocemos Portugal a fondo. Al centrarnos exclusivamente en un pa\u00eds, ofrecemos una orientaci\u00f3n clara y pr\u00e1ctica basada en un profundo conocimiento local. <\/p><h4 class=\"p1\">Asesoramiento honesto<\/h4><p class=\"p1\">Le recomendamos lo que es realmente mejor para usted. Nuestro asesoramiento se basa en la experiencia real, ayudando a los clientes a ahorrar tiempo y dinero con precios transparentes y justos. <\/p><h4 class=\"p1\">Soluci\u00f3n integral<\/h4><p class=\"p1\">Un \u00fanico punto de contacto para toda su reubicaci\u00f3n. Desde la elecci\u00f3n del visado adecuado hasta la b\u00fasqueda de su nuevo hogar y el establecimiento en Portugal, le apoyamos en cada paso. <\/p><h4 class=\"p1\">Proceso sin complicaciones<\/h4><p class=\"p1\">La tecnolog\u00eda nos ayuda a simplificar el proceso y reducir el papeleo para nuestros clientes. Como clientes que somos, entendemos c\u00f3mo ofrecer una experiencia fluida y eficiente. <\/p><p class=\"p1\"><span class=\"s1\"><a href=\"https:\/\/www.portugalresidencyadvisors.com\/relocation-to-portugal\/\">Descubra 10 razones para elegirnos para su traslado a Portugal<\/a><\/span><\/p>\t\t\t\t\t\t\t\t<\/div>\n\t\t\t\t\t<\/div>\n\t\t\t\t<\/div>\n\t\t<div class=\"elementor-element elementor-element-507a4aa4 e-flex e-con-boxed e-con e-parent\" data-id=\"507a4aa4\" data-element_type=\"container\" data-e-type=\"container\">\n\t\t\t\t\t<div class=\"e-con-inner\">\n\t\t\t\t<div class=\"elementor-element elementor-element-7b16c2d5 elementor-view-default elementor-widget elementor-widget-icon\" data-id=\"7b16c2d5\" data-element_type=\"widget\" data-e-type=\"widget\" data-widget_type=\"icon.default\">\n\t\t\t\t\t\t\t<div class=\"elementor-icon-wrapper\">\n\t\t\t<div class=\"elementor-icon\">\n\t\t\t<svg xmlns=\"http:\/\/www.w3.org\/2000\/svg\" id=\"uuid-bbaa4b9d-eacc-4da7-8f1d-9d529f2f4582\" viewBox=\"0 0 171.03 171.16\"><g id=\"uuid-262094c7-4038-4617-8b78-fa7c3c7887c3\"><path d=\"m95.36,171.16h-19.82v-46.1c0-16.3-13.26-29.57-29.57-29.57H0v-19.82h45.98c27.23,0,49.39,22.15,49.39,49.39v46.1Z\"><\/path><path d=\"m75.67,0h19.82v46.1c0,16.3,13.26,29.57,29.57,29.57h45.98v19.82h-45.98c-27.23,0-49.39-22.15-49.39-49.39V0Z\"><\/path><path d=\"m24.1,161.01l-14.01-14.01,28.94-28.94c3.87-3.87,10.14-3.87,14.01,0h0c3.87,3.87,3.87,10.14,0,14.01l-28.94,28.94Z\"><\/path><path d=\"m146.94,10.15l14.01,14.01-28.94,28.94c-3.87,3.87-10.14,3.87-14.01,0h0c-3.87-3.87-3.87-10.14,0-14.01l28.94-28.94Z\"><\/path><path d=\"m160.95,147l-14.01,14.01-28.94-28.94c-3.87-3.87-3.87-10.14,0-14.01h0c3.87-3.87,10.14-3.87,14.01,0l28.94,28.94Z\"><\/path><path d=\"m10.08,24.16l14.01-14.01,28.94,28.94c3.87,3.87,3.87,10.14,0,14.01h0c-3.87,3.87-10.14,3.87-14.01,0L10.08,24.16Z\"><\/path><\/g><\/svg>\t\t\t<\/div>\n\t\t<\/div>\n\t\t\t\t\t\t<\/div>\n\t\t\t\t<div class=\"elementor-element elementor-element-1f82dd35 elementor-widget elementor-widget-heading\" data-id=\"1f82dd35\" data-element_type=\"widget\" data-e-type=\"widget\" data-widget_type=\"heading.default\">\n\t\t\t\t\t<h2 class=\"elementor-heading-title elementor-size-default\">Respuestas a sus preguntas<\/h2>\t\t\t\t<\/div>\n\t\t\t\t<div class=\"elementor-element elementor-element-3239e19f faq-content elementor-widget elementor-widget-n-accordion\" data-id=\"3239e19f\" data-element_type=\"widget\" data-e-type=\"widget\" data-settings=\"{&quot;default_state&quot;:&quot;all_collapsed&quot;,&quot;max_items_expended&quot;:&quot;one&quot;,&quot;n_accordion_animation_duration&quot;:{&quot;unit&quot;:&quot;ms&quot;,&quot;size&quot;:400,&quot;sizes&quot;:[]}}\" data-widget_type=\"nested-accordion.default\">\n\t\t\t\t\t\t\t<div class=\"e-n-accordion\" aria-label=\"Accordion. Open links with Enter or Space, close with Escape, and navigate with Arrow Keys\">\n\t\t\t\t\t\t<details id=\"e-n-accordion-item-8420\" class=\"e-n-accordion-item\" >\n\t\t\t\t<summary class=\"e-n-accordion-item-title\" data-accordion-index=\"1\" tabindex=\"0\" aria-expanded=\"false\" aria-controls=\"e-n-accordion-item-8420\" >\n\t\t\t\t\t<span class='e-n-accordion-item-title-header'><div class=\"e-n-accordion-item-title-text\"> \u00bfQu\u00e9 es el visado ICT portugu\u00e9s? <\/div><\/span>\n\t\t\t\t\t\t\t<span class='e-n-accordion-item-title-icon'>\n\t\t\t<span class='e-opened' ><svg aria-hidden=\"true\" class=\"e-font-icon-svg e-fas-times\" viewBox=\"0 0 352 512\" xmlns=\"http:\/\/www.w3.org\/2000\/svg\"><path d=\"M242.72 256l100.07-100.07c12.28-12.28 12.28-32.19 0-44.48l-22.24-22.24c-12.28-12.28-32.19-12.28-44.48 0L176 189.28 75.93 89.21c-12.28-12.28-32.19-12.28-44.48 0L9.21 111.45c-12.28 12.28-12.28 32.19 0 44.48L109.28 256 9.21 356.07c-12.28 12.28-12.28 32.19 0 44.48l22.24 22.24c12.28 12.28 32.2 12.28 44.48 0L176 322.72l100.07 100.07c12.28 12.28 32.2 12.28 44.48 0l22.24-22.24c12.28-12.28 12.28-32.19 0-44.48L242.72 256z\"><\/path><\/svg><\/span>\n\t\t\t<span class='e-closed'><svg aria-hidden=\"true\" class=\"e-font-icon-svg e-fas-caret-down\" viewBox=\"0 0 320 512\" xmlns=\"http:\/\/www.w3.org\/2000\/svg\"><path d=\"M31.3 192h257.3c17.8 0 26.7 21.5 14.1 34.1L174.1 354.8c-7.8 7.8-20.5 7.8-28.3 0L17.2 226.1C4.6 213.5 13.5 192 31.3 192z\"><\/path><\/svg><\/span>\n\t\t<\/span>\n\n\t\t\t\t\t\t<\/summary>\n\t\t\t\t<div role=\"region\" aria-labelledby=\"e-n-accordion-item-8420\" class=\"elementor-element elementor-element-4d2b04cd e-con-full e-flex e-con e-child\" data-id=\"4d2b04cd\" data-element_type=\"container\" data-e-type=\"container\">\n\t\t\t\t<div class=\"elementor-element elementor-element-595bbb4 elementor-widget elementor-widget-text-editor\" data-id=\"595bbb4\" data-element_type=\"widget\" data-e-type=\"widget\" data-widget_type=\"text-editor.default\">\n\t\t\t\t\t\t\t\t\t<p data-id=\"PuhpfR\" data-pm-slice=\"1 1 []\">El visado ICT (traslado intraempresarial) de Portugal permite a las empresas multinacionales trasladar a directivos, especialistas y empleados en pr\u00e1cticas desde una oficina fuera de la UE a una sucursal, filial o empresa asociada en Portugal. Ofrece un medio legal para que los empleados vivan y trabajen en Portugal durante la duraci\u00f3n de su asignaci\u00f3n. <\/p>\t\t\t\t\t\t\t\t<\/div>\n\t\t\t\t<\/div>\n\t\t\t\t\t<\/details>\n\t\t\t\t\t\t<details id=\"e-n-accordion-item-8421\" class=\"e-n-accordion-item\" >\n\t\t\t\t<summary class=\"e-n-accordion-item-title\" data-accordion-index=\"2\" tabindex=\"-1\" aria-expanded=\"false\" aria-controls=\"e-n-accordion-item-8421\" >\n\t\t\t\t\t<span class='e-n-accordion-item-title-header'><div class=\"e-n-accordion-item-title-text\"> \u00bfQui\u00e9n puede solicitar un visado ICT? <\/div><\/span>\n\t\t\t\t\t\t\t<span class='e-n-accordion-item-title-icon'>\n\t\t\t<span class='e-opened' ><svg aria-hidden=\"true\" class=\"e-font-icon-svg e-fas-times\" viewBox=\"0 0 352 512\" xmlns=\"http:\/\/www.w3.org\/2000\/svg\"><path d=\"M242.72 256l100.07-100.07c12.28-12.28 12.28-32.19 0-44.48l-22.24-22.24c-12.28-12.28-32.19-12.28-44.48 0L176 189.28 75.93 89.21c-12.28-12.28-32.19-12.28-44.48 0L9.21 111.45c-12.28 12.28-12.28 32.19 0 44.48L109.28 256 9.21 356.07c-12.28 12.28-12.28 32.19 0 44.48l22.24 22.24c12.28 12.28 32.2 12.28 44.48 0L176 322.72l100.07 100.07c12.28 12.28 32.2 12.28 44.48 0l22.24-22.24c12.28-12.28 12.28-32.19 0-44.48L242.72 256z\"><\/path><\/svg><\/span>\n\t\t\t<span class='e-closed'><svg aria-hidden=\"true\" class=\"e-font-icon-svg e-fas-caret-down\" viewBox=\"0 0 320 512\" xmlns=\"http:\/\/www.w3.org\/2000\/svg\"><path d=\"M31.3 192h257.3c17.8 0 26.7 21.5 14.1 34.1L174.1 354.8c-7.8 7.8-20.5 7.8-28.3 0L17.2 226.1C4.6 213.5 13.5 192 31.3 192z\"><\/path><\/svg><\/span>\n\t\t<\/span>\n\n\t\t\t\t\t\t<\/summary>\n\t\t\t\t<div role=\"region\" aria-labelledby=\"e-n-accordion-item-8421\" class=\"elementor-element elementor-element-87b797 e-con-full e-flex e-con e-child\" data-id=\"87b797\" data-element_type=\"container\" data-e-type=\"container\">\n\t\t\t\t<div class=\"elementor-element elementor-element-46b3a2de elementor-widget elementor-widget-text-editor\" data-id=\"46b3a2de\" data-element_type=\"widget\" data-e-type=\"widget\" data-widget_type=\"text-editor.default\">\n\t\t\t\t\t\t\t\t\t<p data-id=\"dTW589\" data-pm-slice=\"1 1 []\">Debe estar trabajando para una multinacional y ser trasladado a una entidad portuguesa dentro del mismo grupo empresarial. El visado est\u00e1 generalmente disponible para directivos, especialistas con experiencia especial y empleados en pr\u00e1cticas en programas de formaci\u00f3n estructurados. <\/p>\t\t\t\t\t\t\t\t<\/div>\n\t\t\t\t<\/div>\n\t\t\t\t\t<\/details>\n\t\t\t\t\t\t<details id=\"e-n-accordion-item-8422\" class=\"e-n-accordion-item\" >\n\t\t\t\t<summary class=\"e-n-accordion-item-title\" data-accordion-index=\"3\" tabindex=\"-1\" aria-expanded=\"false\" aria-controls=\"e-n-accordion-item-8422\" >\n\t\t\t\t\t<span class='e-n-accordion-item-title-header'><div class=\"e-n-accordion-item-title-text\"> \u00bfCu\u00e1nto dura el visado ICT? <\/div><\/span>\n\t\t\t\t\t\t\t<span class='e-n-accordion-item-title-icon'>\n\t\t\t<span class='e-opened' ><svg aria-hidden=\"true\" class=\"e-font-icon-svg e-fas-times\" viewBox=\"0 0 352 512\" xmlns=\"http:\/\/www.w3.org\/2000\/svg\"><path d=\"M242.72 256l100.07-100.07c12.28-12.28 12.28-32.19 0-44.48l-22.24-22.24c-12.28-12.28-32.19-12.28-44.48 0L176 189.28 75.93 89.21c-12.28-12.28-32.19-12.28-44.48 0L9.21 111.45c-12.28 12.28-12.28 32.19 0 44.48L109.28 256 9.21 356.07c-12.28 12.28-12.28 32.19 0 44.48l22.24 22.24c12.28 12.28 32.2 12.28 44.48 0L176 322.72l100.07 100.07c12.28 12.28 32.2 12.28 44.48 0l22.24-22.24c12.28-12.28 12.28-32.19 0-44.48L242.72 256z\"><\/path><\/svg><\/span>\n\t\t\t<span class='e-closed'><svg aria-hidden=\"true\" class=\"e-font-icon-svg e-fas-caret-down\" viewBox=\"0 0 320 512\" xmlns=\"http:\/\/www.w3.org\/2000\/svg\"><path d=\"M31.3 192h257.3c17.8 0 26.7 21.5 14.1 34.1L174.1 354.8c-7.8 7.8-20.5 7.8-28.3 0L17.2 226.1C4.6 213.5 13.5 192 31.3 192z\"><\/path><\/svg><\/span>\n\t\t<\/span>\n\n\t\t\t\t\t\t<\/summary>\n\t\t\t\t<div role=\"region\" aria-labelledby=\"e-n-accordion-item-8422\" class=\"elementor-element elementor-element-77215fcd e-con-full e-flex e-con e-child\" data-id=\"77215fcd\" data-element_type=\"container\" data-e-type=\"container\">\n\t\t\t\t<div class=\"elementor-element elementor-element-2477fb9d elementor-widget elementor-widget-text-editor\" data-id=\"2477fb9d\" data-element_type=\"widget\" data-e-type=\"widget\" data-widget_type=\"text-editor.default\">\n\t\t\t\t\t\t\t\t\t<p data-id=\"igPwgz\" data-pm-slice=\"1 1 []\">El permiso de residencia ICT se concede normalmente por el periodo de la asignaci\u00f3n. A los directivos y especialistas normalmente se les permite permanecer en Portugal hasta tres a\u00f1os y a los empleados en pr\u00e1cticas hasta un a\u00f1o. <\/p>\t\t\t\t\t\t\t\t<\/div>\n\t\t\t\t<\/div>\n\t\t\t\t\t<\/details>\n\t\t\t\t\t\t<details id=\"e-n-accordion-item-8423\" class=\"e-n-accordion-item\" >\n\t\t\t\t<summary class=\"e-n-accordion-item-title\" data-accordion-index=\"4\" tabindex=\"-1\" aria-expanded=\"false\" aria-controls=\"e-n-accordion-item-8423\" >\n\t\t\t\t\t<span class='e-n-accordion-item-title-header'><div class=\"e-n-accordion-item-title-text\"> \u00bfPueden los familiares reunirse con los titulares de un visado ICT? <\/div><\/span>\n\t\t\t\t\t\t\t<span class='e-n-accordion-item-title-icon'>\n\t\t\t<span class='e-opened' ><svg aria-hidden=\"true\" class=\"e-font-icon-svg e-fas-times\" viewBox=\"0 0 352 512\" xmlns=\"http:\/\/www.w3.org\/2000\/svg\"><path d=\"M242.72 256l100.07-100.07c12.28-12.28 12.28-32.19 0-44.48l-22.24-22.24c-12.28-12.28-32.19-12.28-44.48 0L176 189.28 75.93 89.21c-12.28-12.28-32.19-12.28-44.48 0L9.21 111.45c-12.28 12.28-12.28 32.19 0 44.48L109.28 256 9.21 356.07c-12.28 12.28-12.28 32.19 0 44.48l22.24 22.24c12.28 12.28 32.2 12.28 44.48 0L176 322.72l100.07 100.07c12.28 12.28 32.2 12.28 44.48 0l22.24-22.24c12.28-12.28 12.28-32.19 0-44.48L242.72 256z\"><\/path><\/svg><\/span>\n\t\t\t<span class='e-closed'><svg aria-hidden=\"true\" class=\"e-font-icon-svg e-fas-caret-down\" viewBox=\"0 0 320 512\" xmlns=\"http:\/\/www.w3.org\/2000\/svg\"><path d=\"M31.3 192h257.3c17.8 0 26.7 21.5 14.1 34.1L174.1 354.8c-7.8 7.8-20.5 7.8-28.3 0L17.2 226.1C4.6 213.5 13.5 192 31.3 192z\"><\/path><\/svg><\/span>\n\t\t<\/span>\n\n\t\t\t\t\t\t<\/summary>\n\t\t\t\t<div role=\"region\" aria-labelledby=\"e-n-accordion-item-8423\" class=\"elementor-element elementor-element-19bf8d49 e-con-full e-flex e-con e-child\" data-id=\"19bf8d49\" data-element_type=\"container\" data-e-type=\"container\">\n\t\t\t\t<div class=\"elementor-element elementor-element-6840f5ef elementor-widget elementor-widget-text-editor\" data-id=\"6840f5ef\" data-element_type=\"widget\" data-e-type=\"widget\" data-widget_type=\"text-editor.default\">\n\t\t\t\t\t\t\t\t\t<p data-id=\"PPgeuC\" data-pm-slice=\"1 1 []\">S\u00ed. Los c\u00f3nyuges, los hijos a cargo y algunos familiares dependientes pueden solicitar la reagrupaci\u00f3n familiar. Los familiares pueden residir en Portugal con el solicitante principal y tambi\u00e9n pueden disfrutar de derechos de educaci\u00f3n, asistencia sanitaria y empleo.  <\/p>\t\t\t\t\t\t\t\t<\/div>\n\t\t\t\t<\/div>\n\t\t\t\t\t<\/details>\n\t\t\t\t\t\t<details id=\"e-n-accordion-item-8424\" class=\"e-n-accordion-item\" >\n\t\t\t\t<summary class=\"e-n-accordion-item-title\" data-accordion-index=\"5\" tabindex=\"-1\" aria-expanded=\"false\" aria-controls=\"e-n-accordion-item-8424\" >\n\t\t\t\t\t<span class='e-n-accordion-item-title-header'><div class=\"e-n-accordion-item-title-text\"> \u00bfPuedo cambiar de empleador con un visado ICT? <\/div><\/span>\n\t\t\t\t\t\t\t<span class='e-n-accordion-item-title-icon'>\n\t\t\t<span class='e-opened' ><svg aria-hidden=\"true\" class=\"e-font-icon-svg e-fas-times\" viewBox=\"0 0 352 512\" xmlns=\"http:\/\/www.w3.org\/2000\/svg\"><path d=\"M242.72 256l100.07-100.07c12.28-12.28 12.28-32.19 0-44.48l-22.24-22.24c-12.28-12.28-32.19-12.28-44.48 0L176 189.28 75.93 89.21c-12.28-12.28-32.19-12.28-44.48 0L9.21 111.45c-12.28 12.28-12.28 32.19 0 44.48L109.28 256 9.21 356.07c-12.28 12.28-12.28 32.19 0 44.48l22.24 22.24c12.28 12.28 32.2 12.28 44.48 0L176 322.72l100.07 100.07c12.28 12.28 32.2 12.28 44.48 0l22.24-22.24c12.28-12.28 12.28-32.19 0-44.48L242.72 256z\"><\/path><\/svg><\/span>\n\t\t\t<span class='e-closed'><svg aria-hidden=\"true\" class=\"e-font-icon-svg e-fas-caret-down\" viewBox=\"0 0 320 512\" xmlns=\"http:\/\/www.w3.org\/2000\/svg\"><path d=\"M31.3 192h257.3c17.8 0 26.7 21.5 14.1 34.1L174.1 354.8c-7.8 7.8-20.5 7.8-28.3 0L17.2 226.1C4.6 213.5 13.5 192 31.3 192z\"><\/path><\/svg><\/span>\n\t\t<\/span>\n\n\t\t\t\t\t\t<\/summary>\n\t\t\t\t<div role=\"region\" aria-labelledby=\"e-n-accordion-item-8424\" class=\"elementor-element elementor-element-2d1b0051 e-con-full e-flex e-con e-child\" data-id=\"2d1b0051\" data-element_type=\"container\" data-e-type=\"container\">\n\t\t\t\t<div class=\"elementor-element elementor-element-36c48dd9 elementor-widget elementor-widget-text-editor\" data-id=\"36c48dd9\" data-element_type=\"widget\" data-e-type=\"widget\" data-widget_type=\"text-editor.default\">\n\t\t\t\t\t\t\t\t\t<p data-id=\"12DUS9\" data-pm-slice=\"1 1 []\">No. El visado ICT est\u00e1 vinculado a la empresa multinacional que le traslad\u00f3 a Portugal. Si desea trabajar para un empleador diferente, es posible que deba solicitar un permiso de residencia distinto.  <\/p>\t\t\t\t\t\t\t\t<\/div>\n\t\t\t\t<\/div>\n\t\t\t\t\t<\/details>\n\t\t\t\t\t\t<details id=\"e-n-accordion-item-8425\" class=\"e-n-accordion-item\" >\n\t\t\t\t<summary class=\"e-n-accordion-item-title\" data-accordion-index=\"6\" tabindex=\"-1\" aria-expanded=\"false\" aria-controls=\"e-n-accordion-item-8425\" >\n\t\t\t\t\t<span class='e-n-accordion-item-title-header'><div class=\"e-n-accordion-item-title-text\"> \u00bfPueden los titulares de un visado ICT viajar por Europa? <\/div><\/span>\n\t\t\t\t\t\t\t<span class='e-n-accordion-item-title-icon'>\n\t\t\t<span class='e-opened' ><svg aria-hidden=\"true\" class=\"e-font-icon-svg e-fas-times\" viewBox=\"0 0 352 512\" xmlns=\"http:\/\/www.w3.org\/2000\/svg\"><path d=\"M242.72 256l100.07-100.07c12.28-12.28 12.28-32.19 0-44.48l-22.24-22.24c-12.28-12.28-32.19-12.28-44.48 0L176 189.28 75.93 89.21c-12.28-12.28-32.19-12.28-44.48 0L9.21 111.45c-12.28 12.28-12.28 32.19 0 44.48L109.28 256 9.21 356.07c-12.28 12.28-12.28 32.19 0 44.48l22.24 22.24c12.28 12.28 32.2 12.28 44.48 0L176 322.72l100.07 100.07c12.28 12.28 32.2 12.28 44.48 0l22.24-22.24c12.28-12.28 12.28-32.19 0-44.48L242.72 256z\"><\/path><\/svg><\/span>\n\t\t\t<span class='e-closed'><svg aria-hidden=\"true\" class=\"e-font-icon-svg e-fas-caret-down\" viewBox=\"0 0 320 512\" xmlns=\"http:\/\/www.w3.org\/2000\/svg\"><path d=\"M31.3 192h257.3c17.8 0 26.7 21.5 14.1 34.1L174.1 354.8c-7.8 7.8-20.5 7.8-28.3 0L17.2 226.1C4.6 213.5 13.5 192 31.3 192z\"><\/path><\/svg><\/span>\n\t\t<\/span>\n\n\t\t\t\t\t\t<\/summary>\n\t\t\t\t<div role=\"region\" aria-labelledby=\"e-n-accordion-item-8425\" class=\"elementor-element elementor-element-4b925ed7 e-con-full e-flex e-con e-child\" data-id=\"4b925ed7\" data-element_type=\"container\" data-e-type=\"container\">\n\t\t\t\t<div class=\"elementor-element elementor-element-1c7b856c elementor-widget elementor-widget-text-editor\" data-id=\"1c7b856c\" data-element_type=\"widget\" data-e-type=\"widget\" data-widget_type=\"text-editor.default\">\n\t\t\t\t\t\t\t\t\t<p data-id=\"abMhD1\" data-pm-slice=\"1 1 []\">S\u00ed. Los titulares de un visado ICT pueden viajar por el espacio Schengen para estancias cortas y pueden tener algunos derechos de movilidad en el marco ICT de la UE. <\/p>\t\t\t\t\t\t\t\t<\/div>\n\t\t\t\t<\/div>\n\t\t\t\t\t<\/details>\n\t\t\t\t\t\t<details id=\"e-n-accordion-item-8426\" class=\"e-n-accordion-item\" >\n\t\t\t\t<summary class=\"e-n-accordion-item-title\" data-accordion-index=\"7\" tabindex=\"-1\" aria-expanded=\"false\" aria-controls=\"e-n-accordion-item-8426\" >\n\t\t\t\t\t<span class='e-n-accordion-item-title-header'><div class=\"e-n-accordion-item-title-text\"> \u00bfPuedo obtener la residencia permanente o la ciudadan\u00eda con el visado ICT de Portugal? <\/div><\/span>\n\t\t\t\t\t\t\t<span class='e-n-accordion-item-title-icon'>\n\t\t\t<span class='e-opened' ><svg aria-hidden=\"true\" class=\"e-font-icon-svg e-fas-times\" viewBox=\"0 0 352 512\" xmlns=\"http:\/\/www.w3.org\/2000\/svg\"><path d=\"M242.72 256l100.07-100.07c12.28-12.28 12.28-32.19 0-44.48l-22.24-22.24c-12.28-12.28-32.19-12.28-44.48 0L176 189.28 75.93 89.21c-12.28-12.28-32.19-12.28-44.48 0L9.21 111.45c-12.28 12.28-12.28 32.19 0 44.48L109.28 256 9.21 356.07c-12.28 12.28-12.28 32.19 0 44.48l22.24 22.24c12.28 12.28 32.2 12.28 44.48 0L176 322.72l100.07 100.07c12.28 12.28 32.2 12.28 44.48 0l22.24-22.24c12.28-12.28 12.28-32.19 0-44.48L242.72 256z\"><\/path><\/svg><\/span>\n\t\t\t<span class='e-closed'><svg aria-hidden=\"true\" class=\"e-font-icon-svg e-fas-caret-down\" viewBox=\"0 0 320 512\" xmlns=\"http:\/\/www.w3.org\/2000\/svg\"><path d=\"M31.3 192h257.3c17.8 0 26.7 21.5 14.1 34.1L174.1 354.8c-7.8 7.8-20.5 7.8-28.3 0L17.2 226.1C4.6 213.5 13.5 192 31.3 192z\"><\/path><\/svg><\/span>\n\t\t<\/span>\n\n\t\t\t\t\t\t<\/summary>\n\t\t\t\t<div role=\"region\" aria-labelledby=\"e-n-accordion-item-8426\" class=\"elementor-element elementor-element-787e69d3 e-con-full e-flex e-con e-child\" data-id=\"787e69d3\" data-element_type=\"container\" data-e-type=\"container\">\n\t\t\t\t<div class=\"elementor-element elementor-element-1467f676 elementor-widget elementor-widget-text-editor\" data-id=\"1467f676\" data-element_type=\"widget\" data-e-type=\"widget\" data-widget_type=\"text-editor.default\">\n\t\t\t\t\t\t\t\t\t<p data-id=\"V4uMqY\" data-pm-slice=\"1 1 []\">El permiso ICT es para puestos de trabajo temporales. Pero las personas que decidan quedarse en Portugal pueden solicitar m\u00e1s adelante otros permisos de residencia que pueden conducir a la residencia a largo plazo y, finalmente, a la ciudadan\u00eda portuguesa. <\/p>\t\t\t\t\t\t\t\t<\/div>\n\t\t\t\t<\/div>\n\t\t\t\t\t<\/details>\n\t\t\t\t\t<\/div>\n\t\t\t\t\t<script type=\"application\/ld+json\">{\"@context\":\"https:\\\/\\\/schema.org\",\"@type\":\"FAQPage\",\"mainEntity\":[{\"@type\":\"Question\",\"name\":\"\\u00bfQu\\u00e9 es el visado ICT portugu\\u00e9s?\",\"acceptedAnswer\":{\"@type\":\"Answer\",\"text\":\"El visado ICT (traslado intraempresarial) de Portugal permite a las empresas multinacionales trasladar a directivos, especialistas y empleados en pr\\u00e1cticas desde una oficina fuera de la UE a una sucursal, filial o empresa asociada en Portugal. Ofrece un medio legal para que los empleados vivan y trabajen en Portugal durante la duraci\\u00f3n de su asignaci\\u00f3n.\"}},{\"@type\":\"Question\",\"name\":\"\\u00bfQui\\u00e9n puede solicitar un visado ICT?\",\"acceptedAnswer\":{\"@type\":\"Answer\",\"text\":\"Debe estar trabajando para una multinacional y ser trasladado a una entidad portuguesa dentro del mismo grupo empresarial. El visado est\\u00e1 generalmente disponible para directivos, especialistas con experiencia especial y empleados en pr\\u00e1cticas en programas de formaci\\u00f3n estructurados.\"}},{\"@type\":\"Question\",\"name\":\"\\u00bfCu\\u00e1nto dura el visado ICT?\",\"acceptedAnswer\":{\"@type\":\"Answer\",\"text\":\"El permiso de residencia ICT se concede normalmente por el periodo de la asignaci\\u00f3n. A los directivos y especialistas normalmente se les permite permanecer en Portugal hasta tres a\\u00f1os y a los empleados en pr\\u00e1cticas hasta un a\\u00f1o.\"}},{\"@type\":\"Question\",\"name\":\"\\u00bfPueden los familiares reunirse con los titulares de un visado ICT?\",\"acceptedAnswer\":{\"@type\":\"Answer\",\"text\":\"S\\u00ed. Los c\\u00f3nyuges, los hijos a cargo y algunos familiares dependientes pueden solicitar la reagrupaci\\u00f3n familiar. Los familiares pueden residir en Portugal con el solicitante principal y tambi\\u00e9n pueden disfrutar de derechos de educaci\\u00f3n, asistencia sanitaria y empleo.\"}},{\"@type\":\"Question\",\"name\":\"\\u00bfPuedo cambiar de empleador con un visado ICT?\",\"acceptedAnswer\":{\"@type\":\"Answer\",\"text\":\"No. El visado ICT est\\u00e1 vinculado a la empresa multinacional que le traslad\\u00f3 a Portugal. Si desea trabajar para un empleador diferente, es posible que deba solicitar un permiso de residencia distinto.\"}},{\"@type\":\"Question\",\"name\":\"\\u00bfPueden los titulares de un visado ICT viajar por Europa?\",\"acceptedAnswer\":{\"@type\":\"Answer\",\"text\":\"S\\u00ed. Los titulares de un visado ICT pueden viajar por el espacio Schengen para estancias cortas y pueden tener algunos derechos de movilidad en el marco ICT de la UE.\"}},{\"@type\":\"Question\",\"name\":\"\\u00bfPuedo obtener la residencia permanente o la ciudadan\\u00eda con el visado ICT de Portugal?\",\"acceptedAnswer\":{\"@type\":\"Answer\",\"text\":\"El permiso ICT es para puestos de trabajo temporales. Pero las personas que decidan quedarse en Portugal pueden solicitar m\\u00e1s adelante otros permisos de residencia que pueden conducir a la residencia a largo plazo y, finalmente, a la ciudadan\\u00eda portuguesa.\"}}]}<\/script>\n\t\t\t\t\t\t\t<\/div>\n\t\t\t\t\t<\/div>\n\t\t\t\t<\/div>\n\t\t\t\t<\/div>\n\t\t","protected":false},"excerpt":{"rendered":"<p>Portugal ha resultado cada vez m\u00e1s atractivo para empresas internacionales que buscan expandir sus operaciones en Europa. El visado de traslado intraempresarial (ICT) de Portugal ofrece una oportunidad legal para que empresas multinacionales trasladen a directivos, especialistas y empleados en pr\u00e1cticas desde una empresa fuera de la Uni\u00f3n Europea a una sucursal, filial o empresa [&hellip;]<\/p>\n","protected":false},"author":20,"featured_media":59318,"comment_status":"closed","ping_status":"open","sticky":false,"template":"","format":"standard","meta":{"_angie_page":false,"_jet_sm_ready_style":"","_jet_sm_style":"","_jet_sm_controls_values":"","_jet_sm_fonts_collection":"","_jet_sm_fonts_links":"","page_builder":"","footnotes":""},"categories":[84,251],"tags":[],"class_list":["post-59436","post","type-post","status-publish","format-standard","has-post-thumbnail","hentry","category-residencia","category-otros-visados"],"yoast_head":"<!-- This site is optimized with the Yoast SEO plugin v28.3 - https:\/\/yoast.com\/product\/yoast-seo-wordpress\/ -->\n<title>Gu\u00eda 2026 del visado de traslado intraempresarial (ICT) de Portugal<\/title>\n<meta name=\"description\" content=\"Descubra c\u00f3mo funciona el visado de traslado intraempresarial (ICT) de Portugal, los requisitos de elegibilidad, el proceso de solicitud, la duraci\u00f3n y los derechos de residencia.\" \/>\n<meta name=\"robots\" content=\"index, follow, max-snippet:-1, max-image-preview:large, max-video-preview:-1\" \/>\n<link rel=\"canonical\" href=\"https:\/\/www.portugalresidencyadvisors.com\/es\/visa-traslado-intraempresarial-ict-portugal\/\" \/>\n<meta property=\"og:locale\" content=\"es_ES\" \/>\n<meta property=\"og:type\" content=\"article\" \/>\n<meta property=\"og:title\" content=\"Gu\u00eda 2026 del visado de traslado intraempresarial (ICT) de Portugal\" \/>\n<meta property=\"og:description\" content=\"Descubra c\u00f3mo funciona el visado de traslado intraempresarial (ICT) de Portugal, los requisitos de elegibilidad, el proceso de solicitud, la duraci\u00f3n y los derechos de residencia.\" \/>\n<meta property=\"og:url\" content=\"https:\/\/www.portugalresidencyadvisors.com\/es\/visa-traslado-intraempresarial-ict-portugal\/\" \/>\n<meta property=\"og:site_name\" content=\"Portugal Residency Advisors\" \/>\n<meta property=\"article:publisher\" content=\"https:\/\/www.facebook.com\/portugalresidencyadvisors\" \/>\n<meta property=\"article:published_time\" content=\"2026-06-18T11:00:00+00:00\" \/>\n<meta property=\"article:modified_time\" content=\"2026-07-22T22:52:51+00:00\" \/>\n<meta property=\"og:image\" content=\"https:\/\/www.portugalresidencyadvisors.com\/wp-content\/uploads\/2026\/06\/corporate-transfer-portugal-resiency-advisors.webp\" \/>\n\t<meta property=\"og:image:width\" content=\"1920\" \/>\n\t<meta property=\"og:image:height\" content=\"1280\" \/>\n\t<meta property=\"og:image:type\" content=\"image\/jpeg\" \/>\n<meta name=\"author\" content=\"Fernanda Souza\" \/>\n<meta name=\"twitter:card\" content=\"summary_large_image\" \/>\n<meta name=\"twitter:creator\" content=\"@ptadvresidency\" \/>\n<meta name=\"twitter:site\" content=\"@ptadvresidency\" \/>\n<meta name=\"twitter:label1\" content=\"Escrito por\" \/>\n\t<meta name=\"twitter:data1\" content=\"Fernanda Souza\" \/>\n\t<meta name=\"twitter:label2\" content=\"Tiempo de lectura\" \/>\n\t<meta name=\"twitter:data2\" content=\"14 minutos\" \/>\n<script type=\"application\/ld+json\" class=\"yoast-schema-graph\">{\"@context\":\"https:\\\/\\\/schema.org\",\"@graph\":[{\"@type\":\"Article\",\"@id\":\"https:\\\/\\\/www.portugalresidencyadvisors.com\\\/es\\\/visa-traslado-intraempresarial-ict-portugal\\\/#article\",\"isPartOf\":{\"@id\":\"https:\\\/\\\/www.portugalresidencyadvisors.com\\\/es\\\/visa-traslado-intraempresarial-ict-portugal\\\/\"},\"author\":{\"name\":\"Fernanda Souza\",\"@id\":\"https:\\\/\\\/www.portugalresidencyadvisors.com\\\/es\\\/#\\\/schema\\\/person\\\/6f057f5c0f02227d7edc6b721277167d\"},\"headline\":\"Gu\u00eda 2026 del visado de traslado intraempresarial (ICT) de Portugal\",\"datePublished\":\"2026-06-18T11:00:00+00:00\",\"dateModified\":\"2026-07-22T22:52:51+00:00\",\"mainEntityOfPage\":{\"@id\":\"https:\\\/\\\/www.portugalresidencyadvisors.com\\\/es\\\/visa-traslado-intraempresarial-ict-portugal\\\/\"},\"wordCount\":2770,\"publisher\":{\"@id\":\"https:\\\/\\\/www.portugalresidencyadvisors.com\\\/es\\\/#organization\"},\"image\":{\"@id\":\"https:\\\/\\\/www.portugalresidencyadvisors.com\\\/es\\\/visa-traslado-intraempresarial-ict-portugal\\\/#primaryimage\"},\"thumbnailUrl\":\"https:\\\/\\\/www.portugalresidencyadvisors.com\\\/wp-content\\\/uploads\\\/2026\\\/06\\\/corporate-transfer-portugal-resiency-advisors.webp\",\"articleSection\":[\"Visados\",\"Otros visados\"],\"inLanguage\":\"es\"},{\"@type\":\"WebPage\",\"@id\":\"https:\\\/\\\/www.portugalresidencyadvisors.com\\\/es\\\/visa-traslado-intraempresarial-ict-portugal\\\/\",\"url\":\"https:\\\/\\\/www.portugalresidencyadvisors.com\\\/es\\\/visa-traslado-intraempresarial-ict-portugal\\\/\",\"name\":\"Gu\u00eda 2026 del visado de traslado intraempresarial (ICT) de Portugal\",\"isPartOf\":{\"@id\":\"https:\\\/\\\/www.portugalresidencyadvisors.com\\\/es\\\/#website\"},\"primaryImageOfPage\":{\"@id\":\"https:\\\/\\\/www.portugalresidencyadvisors.com\\\/es\\\/visa-traslado-intraempresarial-ict-portugal\\\/#primaryimage\"},\"image\":{\"@id\":\"https:\\\/\\\/www.portugalresidencyadvisors.com\\\/es\\\/visa-traslado-intraempresarial-ict-portugal\\\/#primaryimage\"},\"thumbnailUrl\":\"https:\\\/\\\/www.portugalresidencyadvisors.com\\\/wp-content\\\/uploads\\\/2026\\\/06\\\/corporate-transfer-portugal-resiency-advisors.webp\",\"datePublished\":\"2026-06-18T11:00:00+00:00\",\"dateModified\":\"2026-07-22T22:52:51+00:00\",\"description\":\"Descubra c\u00f3mo funciona el visado de traslado intraempresarial (ICT) de Portugal, los requisitos de elegibilidad, el proceso de solicitud, la duraci\u00f3n y los derechos de residencia.\",\"breadcrumb\":{\"@id\":\"https:\\\/\\\/www.portugalresidencyadvisors.com\\\/es\\\/visa-traslado-intraempresarial-ict-portugal\\\/#breadcrumb\"},\"inLanguage\":\"es\",\"potentialAction\":[{\"@type\":\"ReadAction\",\"target\":[\"https:\\\/\\\/www.portugalresidencyadvisors.com\\\/es\\\/visa-traslado-intraempresarial-ict-portugal\\\/\"]}]},{\"@type\":\"ImageObject\",\"inLanguage\":\"es\",\"@id\":\"https:\\\/\\\/www.portugalresidencyadvisors.com\\\/es\\\/visa-traslado-intraempresarial-ict-portugal\\\/#primaryimage\",\"url\":\"https:\\\/\\\/www.portugalresidencyadvisors.com\\\/wp-content\\\/uploads\\\/2026\\\/06\\\/corporate-transfer-portugal-resiency-advisors.webp\",\"contentUrl\":\"https:\\\/\\\/www.portugalresidencyadvisors.com\\\/wp-content\\\/uploads\\\/2026\\\/06\\\/corporate-transfer-portugal-resiency-advisors.webp\",\"width\":1920,\"height\":1280,\"caption\":\"corporate transfer\"},{\"@type\":\"BreadcrumbList\",\"@id\":\"https:\\\/\\\/www.portugalresidencyadvisors.com\\\/es\\\/visa-traslado-intraempresarial-ict-portugal\\\/#breadcrumb\",\"itemListElement\":[{\"@type\":\"ListItem\",\"position\":1,\"name\":\"Home\",\"item\":\"https:\\\/\\\/www.portugalresidencyadvisors.com\\\/es\\\/\"},{\"@type\":\"ListItem\",\"position\":2,\"name\":\"Gu\u00eda 2026 del visado de traslado intraempresarial (ICT) de Portugal\"}]},{\"@type\":\"WebSite\",\"@id\":\"https:\\\/\\\/www.portugalresidencyadvisors.com\\\/es\\\/#website\",\"url\":\"https:\\\/\\\/www.portugalresidencyadvisors.com\\\/es\\\/\",\"name\":\"Portugal Residency Advisors\",\"description\":\"We help individuals wishing to work, study, retire, invest or moving to Portugal\",\"publisher\":{\"@id\":\"https:\\\/\\\/www.portugalresidencyadvisors.com\\\/es\\\/#organization\"},\"alternateName\":\"Portugal Residency Made Easy\",\"potentialAction\":[{\"@type\":\"SearchAction\",\"target\":{\"@type\":\"EntryPoint\",\"urlTemplate\":\"https:\\\/\\\/www.portugalresidencyadvisors.com\\\/es\\\/?s={search_term_string}\"},\"query-input\":{\"@type\":\"PropertyValueSpecification\",\"valueRequired\":true,\"valueName\":\"search_term_string\"}}],\"inLanguage\":\"es\"},{\"@type\":\"Organization\",\"@id\":\"https:\\\/\\\/www.portugalresidencyadvisors.com\\\/es\\\/#organization\",\"name\":\"Asesores de residencia en Portugal\",\"alternateName\":\"PTADV - Portugal Residency Advisors Unipessoal, Lda\",\"url\":\"https:\\\/\\\/www.portugalresidencyadvisors.com\\\/es\\\/\",\"logo\":{\"@type\":\"ImageObject\",\"inLanguage\":\"es\",\"@id\":\"https:\\\/\\\/www.portugalresidencyadvisors.com\\\/es\\\/#\\\/schema\\\/logo\\\/image\\\/\",\"url\":\"https:\\\/\\\/www.portugalresidencyadvisors.com\\\/wp-content\\\/uploads\\\/2023\\\/03\\\/Logotipo-Versao-Principal-01.png\",\"contentUrl\":\"https:\\\/\\\/www.portugalresidencyadvisors.com\\\/wp-content\\\/uploads\\\/2023\\\/03\\\/Logotipo-Versao-Principal-01.png\",\"width\":1772,\"height\":1182,\"caption\":\"Asesores de residencia en Portugal\"},\"image\":{\"@id\":\"https:\\\/\\\/www.portugalresidencyadvisors.com\\\/es\\\/#\\\/schema\\\/logo\\\/image\\\/\"},\"sameAs\":[\"https:\\\/\\\/www.facebook.com\\\/portugalresidencyadvisors\",\"https:\\\/\\\/x.com\\\/ptadvresidency\",\"https:\\\/\\\/www.linkedin.com\\\/company\\\/portugal-residency-advisors\\\/\"]},{\"@type\":\"Person\",\"@id\":\"https:\\\/\\\/www.portugalresidencyadvisors.com\\\/es\\\/#\\\/schema\\\/person\\\/6f057f5c0f02227d7edc6b721277167d\",\"name\":\"Fernanda Souza\",\"image\":{\"@type\":\"ImageObject\",\"inLanguage\":\"es\",\"@id\":\"https:\\\/\\\/secure.gravatar.com\\\/avatar\\\/835409893163fcb2461edd0d16e3799fcf6903ed5dead9a5116fd5186837ec53?s=96&d=mm&r=g\",\"url\":\"https:\\\/\\\/secure.gravatar.com\\\/avatar\\\/835409893163fcb2461edd0d16e3799fcf6903ed5dead9a5116fd5186837ec53?s=96&d=mm&r=g\",\"contentUrl\":\"https:\\\/\\\/secure.gravatar.com\\\/avatar\\\/835409893163fcb2461edd0d16e3799fcf6903ed5dead9a5116fd5186837ec53?s=96&d=mm&r=g\",\"caption\":\"Fernanda Souza\"},\"url\":\"https:\\\/\\\/www.portugalresidencyadvisors.com\\\/es\\\/author\\\/fernanda-souza\\\/\"}]}<\/script>\n<!-- \/ Yoast SEO plugin. -->","yoast_head_json":{"title":"Gu\u00eda 2026 del visado de traslado intraempresarial (ICT) de Portugal","description":"Descubra c\u00f3mo funciona el visado de traslado intraempresarial (ICT) de Portugal, los requisitos de elegibilidad, el proceso de solicitud, la duraci\u00f3n y los derechos de residencia.","robots":{"index":"index","follow":"follow","max-snippet":"max-snippet:-1","max-image-preview":"max-image-preview:large","max-video-preview":"max-video-preview:-1"},"canonical":"https:\/\/www.portugalresidencyadvisors.com\/es\/visa-traslado-intraempresarial-ict-portugal\/","og_locale":"es_ES","og_type":"article","og_title":"Gu\u00eda 2026 del visado de traslado intraempresarial (ICT) de Portugal","og_description":"Descubra c\u00f3mo funciona el visado de traslado intraempresarial (ICT) de Portugal, los requisitos de elegibilidad, el proceso de solicitud, la duraci\u00f3n y los derechos de residencia.","og_url":"https:\/\/www.portugalresidencyadvisors.com\/es\/visa-traslado-intraempresarial-ict-portugal\/","og_site_name":"Portugal Residency Advisors","article_publisher":"https:\/\/www.facebook.com\/portugalresidencyadvisors","article_published_time":"2026-06-18T11:00:00+00:00","article_modified_time":"2026-07-22T22:52:51+00:00","og_image":[{"width":1920,"height":1280,"url":"https:\/\/www.portugalresidencyadvisors.com\/wp-content\/uploads\/2026\/06\/corporate-transfer-portugal-resiency-advisors.webp","type":"image\/jpeg"}],"author":"Fernanda Souza","twitter_card":"summary_large_image","twitter_creator":"@ptadvresidency","twitter_site":"@ptadvresidency","twitter_misc":{"Escrito por":"Fernanda Souza","Tiempo de lectura":"14 minutos"},"schema":{"@context":"https:\/\/schema.org","@graph":[{"@type":"Article","@id":"https:\/\/www.portugalresidencyadvisors.com\/es\/visa-traslado-intraempresarial-ict-portugal\/#article","isPartOf":{"@id":"https:\/\/www.portugalresidencyadvisors.com\/es\/visa-traslado-intraempresarial-ict-portugal\/"},"author":{"name":"Fernanda Souza","@id":"https:\/\/www.portugalresidencyadvisors.com\/es\/#\/schema\/person\/6f057f5c0f02227d7edc6b721277167d"},"headline":"Gu\u00eda 2026 del visado de traslado intraempresarial (ICT) de Portugal","datePublished":"2026-06-18T11:00:00+00:00","dateModified":"2026-07-22T22:52:51+00:00","mainEntityOfPage":{"@id":"https:\/\/www.portugalresidencyadvisors.com\/es\/visa-traslado-intraempresarial-ict-portugal\/"},"wordCount":2770,"publisher":{"@id":"https:\/\/www.portugalresidencyadvisors.com\/es\/#organization"},"image":{"@id":"https:\/\/www.portugalresidencyadvisors.com\/es\/visa-traslado-intraempresarial-ict-portugal\/#primaryimage"},"thumbnailUrl":"https:\/\/www.portugalresidencyadvisors.com\/wp-content\/uploads\/2026\/06\/corporate-transfer-portugal-resiency-advisors.webp","articleSection":["Visados","Otros visados"],"inLanguage":"es"},{"@type":"WebPage","@id":"https:\/\/www.portugalresidencyadvisors.com\/es\/visa-traslado-intraempresarial-ict-portugal\/","url":"https:\/\/www.portugalresidencyadvisors.com\/es\/visa-traslado-intraempresarial-ict-portugal\/","name":"Gu\u00eda 2026 del visado de traslado intraempresarial (ICT) de Portugal","isPartOf":{"@id":"https:\/\/www.portugalresidencyadvisors.com\/es\/#website"},"primaryImageOfPage":{"@id":"https:\/\/www.portugalresidencyadvisors.com\/es\/visa-traslado-intraempresarial-ict-portugal\/#primaryimage"},"image":{"@id":"https:\/\/www.portugalresidencyadvisors.com\/es\/visa-traslado-intraempresarial-ict-portugal\/#primaryimage"},"thumbnailUrl":"https:\/\/www.portugalresidencyadvisors.com\/wp-content\/uploads\/2026\/06\/corporate-transfer-portugal-resiency-advisors.webp","datePublished":"2026-06-18T11:00:00+00:00","dateModified":"2026-07-22T22:52:51+00:00","description":"Descubra c\u00f3mo funciona el visado de traslado intraempresarial (ICT) de Portugal, los requisitos de elegibilidad, el proceso de solicitud, la duraci\u00f3n y los derechos de residencia.","breadcrumb":{"@id":"https:\/\/www.portugalresidencyadvisors.com\/es\/visa-traslado-intraempresarial-ict-portugal\/#breadcrumb"},"inLanguage":"es","potentialAction":[{"@type":"ReadAction","target":["https:\/\/www.portugalresidencyadvisors.com\/es\/visa-traslado-intraempresarial-ict-portugal\/"]}]},{"@type":"ImageObject","inLanguage":"es","@id":"https:\/\/www.portugalresidencyadvisors.com\/es\/visa-traslado-intraempresarial-ict-portugal\/#primaryimage","url":"https:\/\/www.portugalresidencyadvisors.com\/wp-content\/uploads\/2026\/06\/corporate-transfer-portugal-resiency-advisors.webp","contentUrl":"https:\/\/www.portugalresidencyadvisors.com\/wp-content\/uploads\/2026\/06\/corporate-transfer-portugal-resiency-advisors.webp","width":1920,"height":1280,"caption":"corporate transfer"},{"@type":"BreadcrumbList","@id":"https:\/\/www.portugalresidencyadvisors.com\/es\/visa-traslado-intraempresarial-ict-portugal\/#breadcrumb","itemListElement":[{"@type":"ListItem","position":1,"name":"Home","item":"https:\/\/www.portugalresidencyadvisors.com\/es\/"},{"@type":"ListItem","position":2,"name":"Gu\u00eda 2026 del visado de traslado intraempresarial (ICT) de Portugal"}]},{"@type":"WebSite","@id":"https:\/\/www.portugalresidencyadvisors.com\/es\/#website","url":"https:\/\/www.portugalresidencyadvisors.com\/es\/","name":"Portugal Residency Advisors","description":"We help individuals wishing to work, study, retire, invest or moving to Portugal","publisher":{"@id":"https:\/\/www.portugalresidencyadvisors.com\/es\/#organization"},"alternateName":"Portugal Residency Made Easy","potentialAction":[{"@type":"SearchAction","target":{"@type":"EntryPoint","urlTemplate":"https:\/\/www.portugalresidencyadvisors.com\/es\/?s={search_term_string}"},"query-input":{"@type":"PropertyValueSpecification","valueRequired":true,"valueName":"search_term_string"}}],"inLanguage":"es"},{"@type":"Organization","@id":"https:\/\/www.portugalresidencyadvisors.com\/es\/#organization","name":"Asesores de residencia en Portugal","alternateName":"PTADV - Portugal Residency Advisors Unipessoal, Lda","url":"https:\/\/www.portugalresidencyadvisors.com\/es\/","logo":{"@type":"ImageObject","inLanguage":"es","@id":"https:\/\/www.portugalresidencyadvisors.com\/es\/#\/schema\/logo\/image\/","url":"https:\/\/www.portugalresidencyadvisors.com\/wp-content\/uploads\/2023\/03\/Logotipo-Versao-Principal-01.png","contentUrl":"https:\/\/www.portugalresidencyadvisors.com\/wp-content\/uploads\/2023\/03\/Logotipo-Versao-Principal-01.png","width":1772,"height":1182,"caption":"Asesores de residencia en Portugal"},"image":{"@id":"https:\/\/www.portugalresidencyadvisors.com\/es\/#\/schema\/logo\/image\/"},"sameAs":["https:\/\/www.facebook.com\/portugalresidencyadvisors","https:\/\/x.com\/ptadvresidency","https:\/\/www.linkedin.com\/company\/portugal-residency-advisors\/"]},{"@type":"Person","@id":"https:\/\/www.portugalresidencyadvisors.com\/es\/#\/schema\/person\/6f057f5c0f02227d7edc6b721277167d","name":"Fernanda Souza","image":{"@type":"ImageObject","inLanguage":"es","@id":"https:\/\/secure.gravatar.com\/avatar\/835409893163fcb2461edd0d16e3799fcf6903ed5dead9a5116fd5186837ec53?s=96&d=mm&r=g","url":"https:\/\/secure.gravatar.com\/avatar\/835409893163fcb2461edd0d16e3799fcf6903ed5dead9a5116fd5186837ec53?s=96&d=mm&r=g","contentUrl":"https:\/\/secure.gravatar.com\/avatar\/835409893163fcb2461edd0d16e3799fcf6903ed5dead9a5116fd5186837ec53?s=96&d=mm&r=g","caption":"Fernanda Souza"},"url":"https:\/\/www.portugalresidencyadvisors.com\/es\/author\/fernanda-souza\/"}]}},"_links":{"self":[{"href":"https:\/\/www.portugalresidencyadvisors.com\/es\/wp-json\/wp\/v2\/posts\/59436","targetHints":{"allow":["GET"]}}],"collection":[{"href":"https:\/\/www.portugalresidencyadvisors.com\/es\/wp-json\/wp\/v2\/posts"}],"about":[{"href":"https:\/\/www.portugalresidencyadvisors.com\/es\/wp-json\/wp\/v2\/types\/post"}],"author":[{"embeddable":true,"href":"https:\/\/www.portugalresidencyadvisors.com\/es\/wp-json\/wp\/v2\/users\/20"}],"replies":[{"embeddable":true,"href":"https:\/\/www.portugalresidencyadvisors.com\/es\/wp-json\/wp\/v2\/comments?post=59436"}],"version-history":[{"count":1,"href":"https:\/\/www.portugalresidencyadvisors.com\/es\/wp-json\/wp\/v2\/posts\/59436\/revisions"}],"predecessor-version":[{"id":60058,"href":"https:\/\/www.portugalresidencyadvisors.com\/es\/wp-json\/wp\/v2\/posts\/59436\/revisions\/60058"}],"wp:featuredmedia":[{"embeddable":true,"href":"https:\/\/www.portugalresidencyadvisors.com\/es\/wp-json\/wp\/v2\/media\/59318"}],"wp:attachment":[{"href":"https:\/\/www.portugalresidencyadvisors.com\/es\/wp-json\/wp\/v2\/media?parent=59436"}],"wp:term":[{"taxonomy":"category","embeddable":true,"href":"https:\/\/www.portugalresidencyadvisors.com\/es\/wp-json\/wp\/v2\/categories?post=59436"},{"taxonomy":"post_tag","embeddable":true,"href":"https:\/\/www.portugalresidencyadvisors.com\/es\/wp-json\/wp\/v2\/tags?post=59436"}],"curies":[{"name":"wp","href":"https:\/\/api.w.org\/{rel}","templated":true}]}}